{"id":1715,"date":"2018-12-14T09:25:42","date_gmt":"2018-12-14T08:25:42","guid":{"rendered":"http:\/\/blogs.hoy.es\/un-extremeno-en-el-artico\/?p=1715"},"modified":"2019-05-14T00:59:47","modified_gmt":"2019-05-13T22:59:47","slug":"proyecto-baikal-ice-skating-2019-principio-de-incertidumbre","status":"publish","type":"post","link":"https:\/\/blogs.hoy.es\/un-extremeno-en-el-artico\/2018\/12\/14\/proyecto-baikal-ice-skating-2019-principio-de-incertidumbre\/","title":{"rendered":"Proyecto &#8216;Baikal Ice Skating&#8217; 2019. Principio de incertidumbre"},"content":{"rendered":"<div id=\"attachment_1716\" style=\"width: 810px\" class=\"wp-caption alignnone\"><a href=\"https:\/\/static-blogs.hoy.es\/wp-content\/uploads\/sites\/119\/2018\/12\/nota-1.jpg\"><img aria-describedby=\"caption-attachment-1716\" loading=\"lazy\" class=\"size-full wp-image-1716\" src=\"https:\/\/static-blogs.hoy.es\/wp-content\/uploads\/sites\/119\/2018\/12\/nota-1.jpg\" alt=\"Callej\u00f3n sin salida, con puertas y ventanas cerradas \" width=\"800\" height=\"600\" srcset=\"https:\/\/static-blogs.hoy.es\/wp-content\/uploads\/sites\/119\/2018\/12\/nota-1.jpg 800w, https:\/\/static-blogs.hoy.es\/wp-content\/uploads\/sites\/119\/2018\/12\/nota-1-300x225.jpg 300w, https:\/\/static-blogs.hoy.es\/wp-content\/uploads\/sites\/119\/2018\/12\/nota-1-768x576.jpg 768w\" sizes=\"(max-width: 800px) 100vw, 800px\" \/><\/a><p id=\"caption-attachment-1716\" class=\"wp-caption-text\"><a href=\"http:\/\/www.fide.com.ar\/la-revista\/170-la-politica-economica-en-un-callejon-sin-salida.html\" rel=\"external nofollow\">Callej\u00f3n sin salida<\/a>, a veces solo vemos puertas y ventanas cerradas, y es porque nuestros pensamientos nos llevan a eso, a un callej\u00f3n sin salida.<\/p><\/div>\n<hr \/>\n<p><strong>Incertidumbre\u00a0<\/strong><\/p>\n<p>Buscado una palabra para definir mi estado de \u00e1nimo de los \u00faltimos meses d\u00ed con este, &#8216;incertidumbre&#8217;, y profundizando encontr\u00e9 este significado, el cual, me hizo centrarme en el bombardeo de mis pensamientos.<\/p>\n<p><em><strong>Se denomina incertidumbre<\/strong> a la\u00a0situaci\u00f3n de desconocimiento que se tiene acerca de lo que suceder\u00e1 en el futuro. La incertidumbre es algo que siempre va a estar presente en la vida de las personas, es una sensaci\u00f3n de<strong>\u00a0<\/strong>inseguridad<strong>,<\/strong> de\u00a0temor, de titubeo, que muchas veces hace que el individuo paralice moment\u00e1neamente alguna actividad, hasta tanto la situaci\u00f3n sea m\u00e1s clara y confiable. <a href=\"https:\/\/conceptodefinicion.de\/incertidumbre\/\" rel=\"external nofollow\">CONCEPTODEFINICION.DE<\/a><\/em><\/p>\n<p>Desde hace algunas semanas mi mente andaba bloqueada, hasta que entend\u00ed, que era parte de un proceso\u00a0necesario en mi pr\u00f3xima aventura. Tomar conciencia y decidir que quer\u00eda hacerlo, dejando a un lado los enga\u00f1os del ego.<\/p>\n<p>Muchos pensamientos y\u00a0emociones se generaban en m\u00ed. Estados de \u00e1nimo que provocaban subidas y bajadas, indecisi\u00f3n, euforia, desconfianza, no vislumbrar el camino adecuado etc.<\/p>\n<p>Incluso me rondaron ideas negativas\u00a0que al principio me llevaban una y otra vez a la casilla de salida, mi peor temor fue siempre que encontrara la excusa perfecta para olvidar mi sue\u00f1o y justificarme ante todo el mundo. Tretas pues de la zona de confort o&#8230; \u00bfser\u00eda m\u00e1s bien del ego?<\/p>\n<p>&nbsp;<\/p>\n<p><strong>\u00a1Entonces!<\/strong><\/p>\n<p>Pero incluso con incertidumbre y titubeando d\u00ed\u00a0el paso. Tom\u00e9 impulso y salt\u00e9 de nuevo al vac\u00edo, algo intenso e inexplicable me dijo&#8230;. S\u00e9 que no tengo todas las herramientas necesarias pero las ir\u00e9 cogiendo por el camino \u00a1En eso s\u00ed tengo experiencia! Al fin y al cabo, es creer en uno<del><\/del> y dejar que los acontecimientos vayan llegando y dejarse fluir con ellos.<\/p>\n<p>&nbsp;<\/p>\n<p><b>\u00bfMe faltan herramientas, o colaboradores?\u00a0<\/b><\/p>\n<p>En una de las muchas reuniones que he tenido sobre este proyecto, la frase m\u00e1s citada ha sido &#8230;&#8221;estoy tratando de subir un nuevo escal\u00f3n y te necesito&#8221;&#8230;<\/p>\n<p>Mis dotes de negociaci\u00f3n y persuasi\u00f3n son m\u00e1s bien escasas, pero lo he ido solucionando por mi firme compromiso, y creyendo en uno, al tener meridianamente claro mi camino y es en el que sigo desde entonces.<\/p>\n<p>Por supuesto que necesito ayuda, esto no se hace solo, ni tampoco quiero, as\u00ed que, con empe\u00f1o y paciencia van poco a poco apareciendo los actores que materializar\u00e1n este sue\u00f1o \u00a1sin necesidad de forzar nada!<\/p>\n<p>&nbsp;<\/p>\n<p><strong>Analizando la &#8216;z<\/strong><strong>ona de confort&#8217;<\/strong><\/p>\n<p>Siempre ocurre lo mismo&#8230;al iniciar un proyecto, no vale solo haber encontrado la inspiraci\u00f3n para\u00a0acometerlo. Al ser algo nuevo, por definici\u00f3n, entra en juego el aprendizaje \u00a1preciada palabra!<\/p>\n<div id=\"attachment_1719\" style=\"width: 330px\" class=\"wp-caption aligncenter\"><a href=\"https:\/\/static-blogs.hoy.es\/wp-content\/uploads\/sites\/119\/2018\/12\/mar.jpg\"><img aria-describedby=\"caption-attachment-1719\" loading=\"lazy\" class=\"size-full wp-image-1719\" src=\"https:\/\/static-blogs.hoy.es\/wp-content\/uploads\/sites\/119\/2018\/12\/mar.jpg\" alt=\"\u00a1Qu\u00e9 buena frase!\" width=\"320\" height=\"320\" srcset=\"https:\/\/static-blogs.hoy.es\/wp-content\/uploads\/sites\/119\/2018\/12\/mar.jpg 320w, https:\/\/static-blogs.hoy.es\/wp-content\/uploads\/sites\/119\/2018\/12\/mar-150x150.jpg 150w, https:\/\/static-blogs.hoy.es\/wp-content\/uploads\/sites\/119\/2018\/12\/mar-300x300.jpg 300w\" sizes=\"(max-width: 320px) 100vw, 320px\" \/><\/a><p id=\"caption-attachment-1719\" class=\"wp-caption-text\">\u00a1Qu\u00e9 buena frase!<\/p><\/div>\n<p>No todo el mundo est\u00e1 dispuesto a pasar esa l\u00ednea y tomarse el tiempo en el aprendizaje y las molestias necesarias, preferimos justificarnos y dejar de intentarlo cuando aparecen los primeros contratiempos o cuando te sensibilizan\u00a0cuestionando tus inquietudes.<\/p>\n<p>Comentarios de amigos<\/p>\n<p>&#8211;<em>\u00a1Lo que quieres hacer es una completa locura, est\u00e1s como una cabra! <\/em><\/p>\n<p><em>-\u00a1A la primera dificultad te dar\u00e1s la vuelta! <\/em><\/p>\n<p><em>-!Esas cosas solo las hacen los que salen en las pel\u00edculas o en documentales! <\/em>Jejejej esta \u00faltima me encanta..<\/p>\n<p>Comentarios de familiares<\/p>\n<p><em>-\u00bfY no te da miedo? \u00a1a m\u00ed me lo dar\u00eda! <\/em><\/p>\n<p><em>-\u00a1No piensas en los que te queremos, sufriremos mientras tanto! <\/em><\/p>\n<p><em>-\u00a1Eres un ego\u00edsta!<\/em><\/p>\n<p>&nbsp;<\/p>\n<p>He aqu\u00ed el juego mental&#8230; Debemos ser precavidos y tener en cuenta el ambiente que te rodea, estar alerta o nos atrapar\u00e1 la<em> autocomplacencia<\/em>, y que en mi opini\u00f3n, es la forma m\u00e1s sutil del ser humano para dejar pasar las oportunidades.<\/p>\n<p><strong>Frases de auto<\/strong><b>complacencia\u00a0<\/b><\/p>\n<p><em>&#8211; No intentarlo por miedo a que salga mal, es como no ver una peli porque sabes que se va a acabar.<\/em><\/p>\n<p><em>&#8211; La auto complacencia es el narc\u00f3tico de los hombres d\u00e9biles. (Harry Stack Sullivan).<\/em><\/p>\n<p>&#8211; Querer sacarte y no encontrar la manera.<\/p>\n<p>&#8211; Soy as\u00ed&#8230;no puedo hacer m\u00e1s nada.<\/p>\n<p>&nbsp;<\/p>\n<p><strong>Y ahora viene lo m\u00e1s gracioso<\/strong><\/p>\n<p>Despu\u00e9s de vencer las dudas en t\u00fa interior, viene\u00a0la gran lucha por haber tenido la ocurrencia\u00a0de contar tu proyecto al mundo entero. Ahora toca\u00a0ir ganando batalla tras batalla, defendi\u00e9ndolo de todo tipo de comentarios bien razonados que te ir\u00e1n poniendo en la palestra para verte en la tesitura, para que dudes y vuelvas donde\u00a0desean que te quedes.<\/p>\n<p>&nbsp;<\/p>\n<p><em><strong>\u00a1Te lo decimos por tu bien!<\/strong><\/em>\u00a0En esta afirmaci\u00f3n hay oculto un mensaje, el miedo de los dem\u00e1s y que no es el tuyo.<\/p>\n<p><a href=\"https:\/\/static-blogs.hoy.es\/wp-content\/uploads\/sites\/119\/2018\/12\/mam\u00e1.jpg\"><img loading=\"lazy\" class=\"size-large wp-image-1724\" src=\"https:\/\/static-blogs.hoy.es\/wp-content\/uploads\/sites\/119\/2018\/12\/mam\u00e1-1024x768.jpg\" alt=\"Con mi admiradora n\u00famero uno.\" width=\"1024\" height=\"768\" srcset=\"https:\/\/static-blogs.hoy.es\/wp-content\/uploads\/sites\/119\/2018\/12\/mam\u00e1-1024x768.jpg 1024w, https:\/\/static-blogs.hoy.es\/wp-content\/uploads\/sites\/119\/2018\/12\/mam\u00e1-300x225.jpg 300w, https:\/\/static-blogs.hoy.es\/wp-content\/uploads\/sites\/119\/2018\/12\/mam\u00e1-768x576.jpg 768w, https:\/\/static-blogs.hoy.es\/wp-content\/uploads\/sites\/119\/2018\/12\/mam\u00e1.jpg 1600w\" sizes=\"(max-width: 1024px) 100vw, 1024px\" \/><\/a><em>Con mi seguidora y admiradora n\u00famero uno, se llama Paquita \u00a1pero yo le llamo mam\u00e1!<\/em><\/p>\n<p>Y despu\u00e9s de demostrar a tus seres queridos, que lo que haces no es por fastidiar ni complicarles la existencia, viene el alivio mutuo. En este momento, es cuando de manera simb\u00f3lica te abren la puerta de la &#8216;jaula&#8217; donde te han cuidado y echas a volar.<\/p>\n<p>&nbsp;<\/p>\n<p><strong>La puntilla<\/strong><\/p>\n<p>Al vivir tus sue\u00f1os te realizas, creces y eres feliz. Vienes cambiado, este \u00faltimo detalle tendr\u00e1 unas connotaciones positivas sobre los dem\u00e1s, de orgullo, admiraci\u00f3n, de haberles vencido y encima regresas\u00a0con tu sue\u00f1o cumplido bajo el brazo \u00a1Pero qu\u00e9 leches! \u00a1Con la tabarra que me disteis&#8230;!<\/p>\n<p>En fin, vence en este juego, o con el tiempo te arrepentir\u00e1s de no haberlo intentado.<\/p>\n<p>&nbsp;<\/p>\n<hr \/>\n<p style=\"text-align: center;\"><em><strong>Para ver m\u00e1s de mis aventuras, pulsa en los links<\/strong><\/em><\/p>\n<p style=\"text-align: center;\"><strong><a href=\"https:\/\/www.facebook.com\/JoseTrejo404\/\" rel=\"external nofollow\">Facebook<\/a><\/strong><\/p>\n<p style=\"text-align: center;\"><em><strong>Para ver m\u00e1s fotos de mis viajes, puedes seguirme en este link<\/strong><\/em><\/p>\n<p style=\"text-align: center;\"><strong><a href=\"https:\/\/www.instagram.com\/josetrejo404\/?hl=es\" rel=\"external nofollow\">Instagram<\/a>\u00a0<\/strong><a href=\"https:\/\/www.google.es\/search?q=%23UnExtreme%C3%B1oEnEl%C3%81rtico&amp;tbm=isch&amp;tbo=u&amp;source=univ&amp;sa=X&amp;ved=0ahUKEwjk4__i8fzYAhUBWxQKHd2fCmUQsAQILQ&amp;biw=1366&amp;bih=637\" rel=\"external nofollow\">#UnExtreme\u00f1oEnEl\u00c1rtico<\/a>\u00a0<a href=\"https:\/\/www.instagram.com\/explore\/tags\/proyectobaikal2019\/?hl=es\" rel=\"external nofollow\">#ProyectoBaikal2019<\/a>\u00a0<a href=\"https:\/\/www.instagram.com\/explore\/tags\/aventurascentrowagen\/?hl=es\" rel=\"external nofollow\">#aventurascentrowagen<\/a><\/p>\n<hr \/>\n<p style=\"text-align: center;\"><strong><span style=\"text-decoration: underline;\">PATROCINADORES<\/span><\/strong><\/p>\n<p style=\"text-align: center;\"><strong><a href=\"https:\/\/www.centrowagen.com\/\" rel=\"external nofollow\">Centrowagen<\/a>,\u00a0<\/strong><strong><a href=\"https:\/\/www.facebook.com\/ExplorerFranquicias\/\" rel=\"external nofollow\">EXPLORER Badajoz\u00a0<\/a>,\u00a0<\/strong><strong><a href=\"https:\/\/agroconecta.es\/\" rel=\"external nofollow\">Agroconecta<\/a>,\u00a0<\/strong><strong><a href=\"https:\/\/tasermiutgreenland.com\/\" rel=\"external nofollow\">Tasermiut South Greenland Expeditions<\/a>,\u00a0<\/strong><strong>Fexme,\u00a0<a href=\"http:\/\/fexme.com\/\" rel=\"external nofollow\">Federaci\u00f3n Extreme\u00f1a de Monta\u00f1a y escalad<\/a>a,\u00a0<\/strong><strong><a href=\"https:\/\/www.decathlon.es\/es\/store-view\/tienda-de-deportes-badajoz-0070079100791\" rel=\"external nofollow\">Decathlon\u00a0<\/a><\/strong><\/p>\n<p style=\"text-align: center;\"><strong>Comunicaci\u00f3n en el proyecto\u00a0<span style=\"text-decoration: underline;\">Un Extreme\u00f1o en el \u00c1rtico,<\/span>\u00a0<\/strong>Sara Viera<\/p>\n","protected":false},"excerpt":{"rendered":"<p>Incertidumbre\u00a0 Buscado una palabra para definir mi estado de \u00e1nimo de los \u00faltimos meses d\u00ed con este, &#8216;incertidumbre&#8217;, y profundizando encontr\u00e9 este significado, el cual, me hizo centrarme en el bombardeo de mis pensamientos. Se denomina incertidumbre a la\u00a0situaci\u00f3n de desconocimiento que se tiene acerca de lo que suceder\u00e1 en el futuro. La incertidumbre es [&hellip;]<\/p>\n","protected":false},"author":142,"featured_media":1724,"comment_status":"open","ping_status":"closed","sticky":false,"template":"","format":"standard","meta":[],"categories":[1],"tags":[690,691,688,692,693,689,241],"_links":{"self":[{"href":"https:\/\/blogs.hoy.es\/un-extremeno-en-el-artico\/wp-json\/wp\/v2\/posts\/1715"}],"collection":[{"href":"https:\/\/blogs.hoy.es\/un-extremeno-en-el-artico\/wp-json\/wp\/v2\/posts"}],"about":[{"href":"https:\/\/blogs.hoy.es\/un-extremeno-en-el-artico\/wp-json\/wp\/v2\/types\/post"}],"author":[{"embeddable":true,"href":"https:\/\/blogs.hoy.es\/un-extremeno-en-el-artico\/wp-json\/wp\/v2\/users\/142"}],"replies":[{"embeddable":true,"href":"https:\/\/blogs.hoy.es\/un-extremeno-en-el-artico\/wp-json\/wp\/v2\/comments?post=1715"}],"version-history":[{"count":22,"href":"https:\/\/blogs.hoy.es\/un-extremeno-en-el-artico\/wp-json\/wp\/v2\/posts\/1715\/revisions"}],"predecessor-version":[{"id":1935,"href":"https:\/\/blogs.hoy.es\/un-extremeno-en-el-artico\/wp-json\/wp\/v2\/posts\/1715\/revisions\/1935"}],"wp:featuredmedia":[{"embeddable":true,"href":"https:\/\/blogs.hoy.es\/un-extremeno-en-el-artico\/wp-json\/wp\/v2\/media\/1724"}],"wp:attachment":[{"href":"https:\/\/blogs.hoy.es\/un-extremeno-en-el-artico\/wp-json\/wp\/v2\/media?parent=1715"}],"wp:term":[{"taxonomy":"category","embeddable":true,"href":"https:\/\/blogs.hoy.es\/un-extremeno-en-el-artico\/wp-json\/wp\/v2\/categories?post=1715"},{"taxonomy":"post_tag","embeddable":true,"href":"https:\/\/blogs.hoy.es\/un-extremeno-en-el-artico\/wp-json\/wp\/v2\/tags?post=1715"}],"curies":[{"name":"wp","href":"https:\/\/api.w.org\/{rel}","templated":true}]}}