{"id":1745,"date":"2019-02-19T18:00:25","date_gmt":"2019-02-19T17:00:25","guid":{"rendered":"http:\/\/blogs.hoy.es\/un-extremeno-en-el-artico\/?p=1745"},"modified":"2019-05-14T00:59:03","modified_gmt":"2019-05-13T22:59:03","slug":"como-entrenarse-para-el-frio-proyecto-baikal-ice-skating-2019","status":"publish","type":"post","link":"https:\/\/blogs.hoy.es\/un-extremeno-en-el-artico\/2019\/02\/19\/como-entrenarse-para-el-frio-proyecto-baikal-ice-skating-2019\/","title":{"rendered":"\u00bfC\u00f3mo entrenarse para el fr\u00edo? Proyecto &#8216;Baikal Ice Skating&#8217; 2019."},"content":{"rendered":"<p><strong>\u00a0<\/strong><\/p>\n<hr \/>\n<p><strong>Es la vida del cristal, el arquitecto del copo de nieve, es el fuego de la helada, el alma del rayo solar. Este aire fresco de invierno est\u00e1 lleno de eso<\/strong> (<em>John Burroughs<\/em>).<\/p>\n<hr \/>\n<p><strong>Fr\u00edo<\/strong><\/p>\n<p>Sensaci\u00f3n inc\u00f3moda a veces estremecedora que nos provoca inseguridad y temor cuando nos atenaza con su manto g\u00e9lido.<\/p>\n<p>En nuestra latitud es el incomprendido, un salvaje, un \u201calgo\u201d desagradable, pero en cambio es el tema de conversaci\u00f3n a la ma\u00f1ana, el protagonista.<\/p>\n<p><strong>\u00bfSe puede\u00a0entrenar el fr\u00edo?<\/strong><\/p>\n<p>Rotundamente s\u00ed, as\u00ed sin m\u00e1s pre\u00e1mbulos, pero&#8230; \u00bfC\u00f3mo?<\/p>\n<p>Al\u00a0inicio de mis andanzas por tierras \u00e1rticas, hab\u00eda una pregunta que nos\u00a0rondaba en la cabeza, y era \u00bfc\u00f3mo pod\u00eda soportar el tremendo fr\u00edo de las ma\u00f1anas \u00e1rticas el sonriente Aggu?<\/p>\n<p>Aggu era uno de nuestros patrones groenlandeses, al verle llegar nos provocaba escalofr\u00edos. La baj\u00edsima sensaci\u00f3n t\u00e9rmica al atravesar los vespertinos g\u00e9lidos bancos de niebla, hac\u00eda que su oscura piel se tornase de un t\u00e9trico color amoratado. El gorro que sol\u00eda llevar, parec\u00eda estar embutido en la cabeza debido a la hinchaz\u00f3n de la piel por efecto del ambiente fr\u00edo.<\/p>\n<p>Era la comidilla y la inquietud de los aprendices de gu\u00eda, verle a lo lejos para saber c\u00f3mo ven\u00eda vestido nuestro patr\u00f3n. Y os preguntar\u00e9is \u00bfporqu\u00e9? Pues muy sencillo: todo depend\u00eda de si vest\u00eda gorro, guantes de lana y su t\u00edpico anorak (en esquimal anoraq). As\u00ed sab\u00edamos que nos \u00edbamos a pelar de fr\u00edo al ir con \u00e9l.<\/p>\n<p>Navegaba al estilo groenland\u00e9s&#8230;siempre a toda velocidad&#8230; Mientras \u00e9l fijaba la vista en la proa, nosotros nos mir\u00e1bamos envueltos en mil capas de ropa y\u00a0nos pregunt\u00e1bamos &#8211; \u00bfCu\u00e1ndo parar\u00e1 este tipo&#8230;?<\/p>\n<p>Aggu, proced\u00eda de una zona remota cerca del cabo de Farewell, un lugar a\u00fan m\u00e1s extremo por su cercan\u00eda a mar abierto con nieblas perpetuas y expuesto a los aullantes vientos. Era de los tipos como decimos &#8220;hechos de otra pasta&#8221; duros e impasibles. Nunca se le encontraba un gesto de angustia o de sufrimiento en medio de aquellos huracanes de viento fr\u00edo saltando de ola en ola empapado y a toda potencia.<\/p>\n<p>Aquellas primeras semanas fueron realmente insoportables a pesar de estar en un para\u00edso inmenso. Verle solamente llegar a la zona de desembarco y respirar aliviados al saber que no tra\u00eda su gorro de lana tupido en la cabeza o sin el caracter\u00edstico anoraq&#8230;<\/p>\n<p>M\u00e1s tarde fui enviado para trabajar con \u00e9l a los fiordos del Sur, en el cabo de Farewell, all\u00ed nos encargar\u00edamos de nuestros campamentos. Junto con su familia aprend\u00ed una vida aut\u00e9ntica y a conocer m\u00e1s el fr\u00edo.<\/p>\n<p>Ya en solitario, desde hace 9 a\u00f1os y miles de millas, repito la misma \u00e9pica traves\u00eda, pero antes de comenzar una nueva aventura, paso primero\u00a0a ver\u00a0a Aggu, mi maestro y amigo groenland\u00e9s, a\u00a0\u00e9l le debo mi aprendizaje al fr\u00edo.<\/p>\n<div id=\"attachment_137\" style=\"width: 522px\" class=\"wp-caption alignnone\"><a href=\"https:\/\/static-blogs.hoy.es\/wp-content\/uploads\/sites\/119\/2016\/10\/9e.jpg\"><img aria-describedby=\"caption-attachment-137\" loading=\"lazy\" class=\"size-full wp-image-137\" src=\"https:\/\/static-blogs.hoy.es\/wp-content\/uploads\/sites\/119\/2016\/10\/9e.jpg\" alt=\"Mi gran amigo, Josvasen Aggu, antiguo ballenero y reconocido por su comunidad como gran cazador, \u00e1vido navegante y nuestro mejor basti\u00f3n de todo el extremo Sur.\" width=\"512\" height=\"768\" srcset=\"https:\/\/static-blogs.hoy.es\/wp-content\/uploads\/sites\/119\/2016\/10\/9e.jpg 512w, https:\/\/static-blogs.hoy.es\/wp-content\/uploads\/sites\/119\/2016\/10\/9e-200x300.jpg 200w\" sizes=\"(max-width: 512px) 100vw, 512px\" \/><\/a><p id=\"caption-attachment-137\" class=\"wp-caption-text\"><em>\u00a0Josvasen Aggu, antiguo ballenero y reconocido por su comunidad como gran cazador, \u00e1vido navegante y nuestro mejor basti\u00f3n de todo el extremo Sur.<\/em><\/p><\/div>\n<hr \/>\n<p><strong>Conociendo el fr\u00edo<\/strong><\/p>\n<p><a href=\"https:\/\/static-blogs.hoy.es\/wp-content\/uploads\/sites\/119\/2016\/07\/IMG_949366772462791.jpeg\"><img loading=\"lazy\" class=\"alignnone size-full wp-image-19\" src=\"https:\/\/static-blogs.hoy.es\/wp-content\/uploads\/sites\/119\/2016\/07\/IMG_949366772462791.jpeg\" alt=\"IMG_94936677246279\" width=\"480\" height=\"319\" srcset=\"https:\/\/static-blogs.hoy.es\/wp-content\/uploads\/sites\/119\/2016\/07\/IMG_949366772462791.jpeg 480w, https:\/\/static-blogs.hoy.es\/wp-content\/uploads\/sites\/119\/2016\/07\/IMG_949366772462791-300x199.jpeg 300w\" sizes=\"(max-width: 480px) 100vw, 480px\" \/><\/a>\u00a0<em>\u00a0Pacto con el fr\u00edo<\/em><\/p>\n<p>&nbsp;<\/p>\n<p>Poco a poco, es la mejor manera, como dice <strong>Wim Hof<\/strong> en su libro &#8220;<em>el poder del fr\u00edo<\/em>&#8220;.<\/p>\n<p>Mucho antes de que ese libro cayera en mis manos, ya practicaba eso de tratar acostumbrar la mente y el cuerpo a esta sensaci\u00f3n, al principio bastante inc\u00f3moda y sin ning\u00fan sentido. A nadie le apetece darse una ducha fr\u00eda, teniendo el mando del agua calentita a escasos cent\u00edmetros \u00bfno?<\/p>\n<p>Pero la cosa cambia cuando por necesidad tienes que conocerle m\u00e1s \u00edntimamente, como\u00a0fue\u00a0mi caso. Pues eso, adaptarse al medio y aprender a conocerse en esta circunstancia, as\u00ed sabremos qu\u00e9 hacer si el fr\u00edo trata de rebasar nuestras barreras.<\/p>\n<p>Evitar los ambientes demasiado c\u00e1lidos, o vestir con tanta ropa, ese es un buen entrenamiento para ir empezando.\u00a0Ir avanzando en este cometido, nos dar\u00e1 fortaleza mental.<\/p>\n<p><strong>\u00bfC\u00f3mo entrenarse para el fr\u00edo? Mis entrenamientos<\/strong><\/p>\n<p>\u00bfEn Badajoz fr\u00edo? desde luego que dif\u00edcilmente&#8230;aunque seguro que algunos me discutir\u00e1n esta afirmaci\u00f3n. En fin, si conocieran el fr\u00edo de verdad&#8230;<\/p>\n<p>-Hace tiempo le\u00ed la biograf\u00eda de\u00a0<a href=\"https:\/\/www.biografiasyvidas.com\/biografia\/a\/amundsen.htm\" rel=\"external nofollow\"><strong>Roald Amundsen<\/strong><\/a> uno de los mayores exploradores de todos los tiempos, se dec\u00eda que a la edad de 8 a\u00f1os ya dorm\u00eda en los inviernos noruegos con las ventanas abiertas. Aunque aqu\u00ed lo he estado practicando de poco me ha servido dormir con las ventanas abiertas de par en par.<\/p>\n<p>-Otro de los entrenamientos que he estado haciendo y a\u00fan sigo, es introducirme unas horas de forma rutinaria en una c\u00e1mara frigor\u00edfica de la <a href=\"https:\/\/www.panificadoranevero.es\/\" rel=\"external nofollow\">panificadora El nevero<\/a>, gracias a su inestimable ayuda ir\u00e9 m\u00e1s concienciado y preparado al fr\u00edo que est\u00e1 haciendo actualmente en Siberia (<a href=\"https:\/\/www.windy.com\/53.410\/109.030?52.546,108.171,7\" rel=\"external nofollow\">tiempo en el lago Baikal<\/a>).<\/p>\n<div id=\"attachment_1769\" style=\"width: 1034px\" class=\"wp-caption alignnone\"><a href=\"https:\/\/static-blogs.hoy.es\/wp-content\/uploads\/sites\/119\/2019\/02\/DSC00491.jpg\"><img aria-describedby=\"caption-attachment-1769\" loading=\"lazy\" class=\"size-large wp-image-1769\" src=\"https:\/\/static-blogs.hoy.es\/wp-content\/uploads\/sites\/119\/2019\/02\/DSC00491-1024x682.jpg\" alt=\"Dentro de la c\u00e1mara frigor\u00edfica A -17\u00ba C con los chicos del Canal Extremadura\" width=\"1024\" height=\"682\" srcset=\"https:\/\/static-blogs.hoy.es\/wp-content\/uploads\/sites\/119\/2019\/02\/DSC00491-1024x682.jpg 1024w, https:\/\/static-blogs.hoy.es\/wp-content\/uploads\/sites\/119\/2019\/02\/DSC00491-300x200.jpg 300w, https:\/\/static-blogs.hoy.es\/wp-content\/uploads\/sites\/119\/2019\/02\/DSC00491-768x512.jpg 768w, https:\/\/static-blogs.hoy.es\/wp-content\/uploads\/sites\/119\/2019\/02\/DSC00491.jpg 1732w\" sizes=\"(max-width: 1024px) 100vw, 1024px\" \/><\/a><p id=\"caption-attachment-1769\" class=\"wp-caption-text\"><em>Dentro de la c\u00e1mara frigor\u00edfica A -17\u00ba C con los chicos del Canal Extremadura<\/em><\/p><\/div>\n<p>-Aprovechando nuestra reciente estancia en una experiencia en <a href=\"http:\/\/www.josecaleao.com\/el-proyecto.php\" rel=\"external nofollow\">el bosque de Redes en Asturias<\/a>, con Jose D\u00edaz en autor de la pel\u00edcula documental &#8220;<a href=\"https:\/\/www.netflix.com\/es\/title\/81001804\" rel=\"external nofollow\">Cien d\u00edas de soledad<\/a>&#8221; y un grupo de clientes de mi patrocinador <a href=\"https:\/\/www.centrowagen.com\/\" rel=\"external nofollow\">Centrowagen<\/a>, llev\u00e9 equipo para dormir a la intemperie en las noches de monta\u00f1a. Pero como sigue ocurriendo en estas latitudes, no ha habido suficiente fr\u00edo, debido a una anomal\u00eda t\u00e9rmica haciendo que la temperatura fuera anormalmente alta \u00a1hasta de 10\u00ba m\u00e1s de lo normal!<\/p>\n<p>&#8211;<a href=\"https:\/\/www.vitonica.com\/cosmetica\/sauna-finlandesa-beneficios-y-precauciones\" rel=\"external nofollow\">Saunas<\/a> \u00a1s\u00ed saunas! someter el cuerpo a un estr\u00e9s t\u00e9rmico, hace que nos preparemos mentalmente sac\u00e1ndonos de nuestra zona de confort a la hora de ir a la ducha fr\u00eda despu\u00e9s.<\/p>\n<p>&nbsp;<\/p>\n<p><strong>Consejos<\/strong><\/p>\n<p>Adel\u00e1ntate antes de que te entre el fr\u00edo \u00a1Hay que estar alerta!<\/p>\n<p>La gesti\u00f3n constante de la ropa es determinante.<\/p>\n<p>Evita llevar m\u00e1s ropa de la cuenta, evita sudar y si sudas cambiarla por ropa seca.<\/p>\n<p>Nunca te quedes aletargado por el fr\u00edo y \u00a1mu\u00e9vete hasta volver a entrar en calor!<\/p>\n<p>A partir de los 15 bajo cero, habr\u00e1 que a\u00f1adir barreras de vapor en pies y manos. La funci\u00f3n de las barreras de vapor es no dejar traspasar el sudor a las dem\u00e1s capas, as\u00ed evitaremos que se humedezca y congele el calzado o guantes.<\/p>\n<p>&nbsp;<\/p>\n<p><strong>Libros de referencia:<\/strong><\/p>\n<p><a href=\"https:\/\/www.amazon.es\/Poder-Fr%C3%ADo-SALUD-VIDA-NATURAL\/dp\/8491112065\" rel=\"external nofollow\">El poder del fr\u00edo<\/a> (Wim Hof y Koen Jong)<\/p>\n<p><a href=\"https:\/\/www.amazon.es\/IceMan-control-respiraci%C3%B3n-exposici%C3%B3n-potenciar\/dp\/8484456722\/ref=pd_lpo_sbs_14_img_0\/257-3749564-3007049?_encoding=UTF8&amp;psc=1&amp;refRID=PGQ9M31Y9WBA5H4WRMR9\" rel=\"external nofollow\">El Hombre de Hielo<\/a> (Wim Hof y Justin Rosales)<\/p>\n<p><a href=\"https:\/\/www.amazon.es\/que-nos-mata-Salud-natural\/dp\/8484456781\/ref=pd_lpo_sbs_14_t_1\/257-3749564-3007049?_encoding=UTF8&amp;psc=1&amp;refRID=PGQ9M31Y9WBA5H4WRMR9\" rel=\"external nofollow\">Lo que no nos mata<\/a> (Scott Carney)<\/p>\n<hr \/>\n<p style=\"text-align: center;\"><em><strong>Para ver m\u00e1s de mis aventuras, pulsa en los links<\/strong><\/em><\/p>\n<p style=\"text-align: center;\"><strong><a href=\"https:\/\/www.facebook.com\/JoseTrejo404\/\" rel=\"external nofollow\">Facebook<\/a><\/strong><\/p>\n<p style=\"text-align: center;\"><em><strong>Para ver m\u00e1s fotos de mis viajes, puedes seguirme en este link<\/strong><\/em><\/p>\n<p style=\"text-align: center;\"><strong><a href=\"https:\/\/www.instagram.com\/josetrejo404\/?hl=es\" rel=\"external nofollow\">Instagram<\/a>\u00a0<\/strong><a href=\"https:\/\/www.google.es\/search?q=%23UnExtreme%C3%B1oEnEl%C3%81rtico&amp;tbm=isch&amp;tbo=u&amp;source=univ&amp;sa=X&amp;ved=0ahUKEwjk4__i8fzYAhUBWxQKHd2fCmUQsAQILQ&amp;biw=1366&amp;bih=637\" rel=\"external nofollow\">#UnExtreme\u00f1oEnEl\u00c1rtico<\/a>\u00a0<a href=\"https:\/\/www.instagram.com\/explore\/tags\/proyectobaikal2019\/?hl=es\" rel=\"external nofollow\">#ProyectoBaikal2019<\/a>\u00a0<a href=\"https:\/\/www.instagram.com\/explore\/tags\/aventurascentrowagen\/?hl=es\" rel=\"external nofollow\">#aventurascentrowagen<\/a><\/p>\n<hr \/>\n<p style=\"text-align: center;\"><strong><span style=\"text-decoration: underline;\">PATROCINADORES<\/span><\/strong><\/p>\n<p style=\"text-align: center;\"><strong><a href=\"https:\/\/www.centrowagen.com\/\" rel=\"external nofollow\">Centrowagen<\/a>,\u00a0<\/strong><strong><a href=\"https:\/\/www.facebook.com\/ExplorerFranquicias\/\" rel=\"external nofollow\">EXPLORER Badajoz\u00a0<\/a>,\u00a0<\/strong><strong><a href=\"https:\/\/agroconecta.es\/\" rel=\"external nofollow\">Agroconecta<\/a>,\u00a0<\/strong><strong><a href=\"https:\/\/tasermiutgreenland.com\/\" rel=\"external nofollow\">Tasermiut South Greenland Expeditions<\/a>,\u00a0<\/strong><strong>Fexme,\u00a0<a href=\"http:\/\/fexme.com\/\" rel=\"external nofollow\">Federaci\u00f3n Extreme\u00f1a de Monta\u00f1a y escalad<\/a>a,\u00a0<\/strong><strong><a href=\"https:\/\/www.decathlon.es\/es\/store-view\/tienda-de-deportes-badajoz-0070079100791\" rel=\"external nofollow\">Decathlon\u00a0<\/a><\/strong><\/p>\n<p style=\"text-align: center;\"><strong>Comunicaci\u00f3n en el proyecto\u00a0<span style=\"text-decoration: underline;\">Un Extreme\u00f1o en el \u00c1rtico,<\/span>\u00a0<\/strong>Sara Viera<\/p>\n<hr \/>\n<p>&nbsp;<\/p>\n","protected":false},"excerpt":{"rendered":"<p>\u00a0 Es la vida del cristal, el arquitecto del copo de nieve, es el fuego de la helada, el alma del rayo solar. Este aire fresco de invierno est\u00e1 lleno de eso (John Burroughs). Fr\u00edo Sensaci\u00f3n inc\u00f3moda a veces estremecedora que nos provoca inseguridad y temor cuando nos atenaza con su manto g\u00e9lido. En nuestra [&hellip;]<\/p>\n","protected":false},"author":142,"featured_media":18,"comment_status":"open","ping_status":"closed","sticky":false,"template":"","format":"standard","meta":[],"categories":[1],"tags":[694,695,534,699,697,702,99,701,700,696,698],"_links":{"self":[{"href":"https:\/\/blogs.hoy.es\/un-extremeno-en-el-artico\/wp-json\/wp\/v2\/posts\/1745"}],"collection":[{"href":"https:\/\/blogs.hoy.es\/un-extremeno-en-el-artico\/wp-json\/wp\/v2\/posts"}],"about":[{"href":"https:\/\/blogs.hoy.es\/un-extremeno-en-el-artico\/wp-json\/wp\/v2\/types\/post"}],"author":[{"embeddable":true,"href":"https:\/\/blogs.hoy.es\/un-extremeno-en-el-artico\/wp-json\/wp\/v2\/users\/142"}],"replies":[{"embeddable":true,"href":"https:\/\/blogs.hoy.es\/un-extremeno-en-el-artico\/wp-json\/wp\/v2\/comments?post=1745"}],"version-history":[{"count":22,"href":"https:\/\/blogs.hoy.es\/un-extremeno-en-el-artico\/wp-json\/wp\/v2\/posts\/1745\/revisions"}],"predecessor-version":[{"id":1934,"href":"https:\/\/blogs.hoy.es\/un-extremeno-en-el-artico\/wp-json\/wp\/v2\/posts\/1745\/revisions\/1934"}],"wp:featuredmedia":[{"embeddable":true,"href":"https:\/\/blogs.hoy.es\/un-extremeno-en-el-artico\/wp-json\/wp\/v2\/media\/18"}],"wp:attachment":[{"href":"https:\/\/blogs.hoy.es\/un-extremeno-en-el-artico\/wp-json\/wp\/v2\/media?parent=1745"}],"wp:term":[{"taxonomy":"category","embeddable":true,"href":"https:\/\/blogs.hoy.es\/un-extremeno-en-el-artico\/wp-json\/wp\/v2\/categories?post=1745"},{"taxonomy":"post_tag","embeddable":true,"href":"https:\/\/blogs.hoy.es\/un-extremeno-en-el-artico\/wp-json\/wp\/v2\/tags?post=1745"}],"curies":[{"name":"wp","href":"https:\/\/api.w.org\/{rel}","templated":true}]}}