{"id":1779,"date":"2019-04-23T00:26:24","date_gmt":"2019-04-22T22:26:24","guid":{"rendered":"http:\/\/blogs.hoy.es\/un-extremeno-en-el-artico\/?p=1779"},"modified":"2020-06-18T20:06:31","modified_gmt":"2020-06-18T18:06:31","slug":"materiales-para-una-expedicion-al-lago-baikal-el-pulka","status":"publish","type":"post","link":"https:\/\/blogs.hoy.es\/un-extremeno-en-el-artico\/2019\/04\/23\/materiales-para-una-expedicion-al-lago-baikal-el-pulka\/","title":{"rendered":"Materiales para una expedici\u00f3n al lago Baikal. La pulka"},"content":{"rendered":"<div id=\"attachment_1793\" style=\"width: 1034px\" class=\"wp-caption alignnone\"><a href=\"https:\/\/static-blogs.hoy.es\/wp-content\/uploads\/sites\/119\/2019\/04\/DSC01273.jpg\"><img aria-describedby=\"caption-attachment-1793\" loading=\"lazy\" class=\"size-large wp-image-1793\" src=\"https:\/\/static-blogs.hoy.es\/wp-content\/uploads\/sites\/119\/2019\/04\/DSC01273-1024x682.jpg\" alt=\"Pulkka cargado con todo el material y comida para la expedici\u00f3n de 12 d\u00edas\" width=\"1024\" height=\"682\" srcset=\"https:\/\/static-blogs.hoy.es\/wp-content\/uploads\/sites\/119\/2019\/04\/DSC01273-1024x682.jpg 1024w, https:\/\/static-blogs.hoy.es\/wp-content\/uploads\/sites\/119\/2019\/04\/DSC01273-300x200.jpg 300w, https:\/\/static-blogs.hoy.es\/wp-content\/uploads\/sites\/119\/2019\/04\/DSC01273-768x512.jpg 768w, https:\/\/static-blogs.hoy.es\/wp-content\/uploads\/sites\/119\/2019\/04\/DSC01273.jpg 1732w\" sizes=\"(max-width: 1024px) 100vw, 1024px\" \/><\/a><p id=\"caption-attachment-1793\" class=\"wp-caption-text\">Pulka cargado con todo lo necesario para la expedici\u00f3n.Foto tomada en el lago Baikal a 40 kil\u00f3metros de cualquier orilla.<\/p><\/div>\n<p>Hace unos d\u00edas que regres\u00e9 del lago Baikal, y despu\u00e9s de la recuperaci\u00f3n, queda el an\u00e1lisis de toda la experiencia, aqu\u00ed os cuento qu\u00e9 materiales he utilizado.<\/p>\n<hr \/>\n<div id=\"attachment_1797\" style=\"width: 1034px\" class=\"wp-caption alignnone\"><a href=\"https:\/\/static-blogs.hoy.es\/wp-content\/uploads\/sites\/119\/2019\/04\/DSC0345-2.jpg\"><img aria-describedby=\"caption-attachment-1797\" loading=\"lazy\" class=\"size-large wp-image-1797\" src=\"https:\/\/static-blogs.hoy.es\/wp-content\/uploads\/sites\/119\/2019\/04\/DSC0345-2-1024x576.jpg\" alt=\"D\u00edas probando nuevas cosas \u00bfqu\u00e9 ser\u00e1 eso de patinar en hielo...? Foto \" width=\"1024\" height=\"576\" srcset=\"https:\/\/static-blogs.hoy.es\/wp-content\/uploads\/sites\/119\/2019\/04\/DSC0345-2-1024x576.jpg 1024w, https:\/\/static-blogs.hoy.es\/wp-content\/uploads\/sites\/119\/2019\/04\/DSC0345-2-300x169.jpg 300w, https:\/\/static-blogs.hoy.es\/wp-content\/uploads\/sites\/119\/2019\/04\/DSC0345-2-768x432.jpg 768w, https:\/\/static-blogs.hoy.es\/wp-content\/uploads\/sites\/119\/2019\/04\/DSC0345-2.jpg 1885w\" sizes=\"(max-width: 1024px) 100vw, 1024px\" \/><\/a><p id=\"caption-attachment-1797\" class=\"wp-caption-text\">D\u00edas de pruebas \u00bfqu\u00e9 ser\u00e1 eso de patinar en hielo&#8230;? Foto @alesandiphotography<\/p><\/div>\n<p>Una de las cosas que m\u00e1s que desconcierto e inseguridad me provoc\u00f3 en el proceso de esta expedici\u00f3n, fue la b\u00fasqueda del equipo m\u00e1s \u00f3ptimo. Era la primera vez que me enfrentaba a los rigores de Siberia en invierno, y por supuesto no me la quer\u00eda jugar y menos yendo en solitario.<\/p>\n<p>Los primeros escollos que me encontr\u00e9 fue la escasez de informaci\u00f3n, tipos de material, pruebas, consejos etc.<\/p>\n<p>Despu\u00e9s de obtener\u00a0algunas respuestas, al final me decant\u00e9\u00a0por un equipo de traves\u00eda n\u00f3rdica.<\/p>\n<p>La apuesta era arriesgada sin experiencia previa, sin un lugar, ni un clima adecuados para el aprendizaje, pruebas o perfeccionamiento. Pero quiz\u00e1s lo m\u00e1s peliagudo era m\u00ed especial medio de desplazamiento y m\u00ed sistema de carga \u00bfSer\u00eda capaz de usarlo? \u00bffuncionar\u00eda todo en conjunto? \u00bfpodr\u00eda desplazarme sobre esa superficie helada con cerca de 60 kilogramos de material y comida para sobrevivir al Baikal? O solamente todo aquello era una completa locura de alguien inexperto como yo.<\/p>\n<hr \/>\n<div id=\"attachment_1802\" style=\"width: 1034px\" class=\"wp-caption alignnone\"><a href=\"https:\/\/static-blogs.hoy.es\/wp-content\/uploads\/sites\/119\/2019\/04\/DSC01109bb.jpg\"><img aria-describedby=\"caption-attachment-1802\" loading=\"lazy\" class=\"size-large wp-image-1802\" src=\"https:\/\/static-blogs.hoy.es\/wp-content\/uploads\/sites\/119\/2019\/04\/DSC01109bb-1024x683.jpg\" alt=\"Equipo desplegado\" width=\"1024\" height=\"683\" srcset=\"https:\/\/static-blogs.hoy.es\/wp-content\/uploads\/sites\/119\/2019\/04\/DSC01109bb-1024x683.jpg 1024w, https:\/\/static-blogs.hoy.es\/wp-content\/uploads\/sites\/119\/2019\/04\/DSC01109bb-300x200.jpg 300w, https:\/\/static-blogs.hoy.es\/wp-content\/uploads\/sites\/119\/2019\/04\/DSC01109bb-768x512.jpg 768w, https:\/\/static-blogs.hoy.es\/wp-content\/uploads\/sites\/119\/2019\/04\/DSC01109bb.jpg 1731w\" sizes=\"(max-width: 1024px) 100vw, 1024px\" \/><\/a><p id=\"caption-attachment-1802\" class=\"wp-caption-text\">Equipo desplegado<\/p><\/div>\n<hr \/>\n<p><strong>Mi equipo para la Expedici\u00f3n Baikal 2019<\/strong><\/p>\n<p><a href=\"https:\/\/www.fjellpulkenshop.com\/categories\/touringpulks\" rel=\"external nofollow\"><strong>\u00a0El Pulka<\/strong><\/a><\/p>\n<p>Especie de trineo para trasportar el equipo. El pulka que us\u00e9 fue de la marca <a href=\"https:\/\/www.fjellpulkenshop.com\/products\/fjellpulken-xcountry-130-rod\" rel=\"external nofollow\">Fjelpulken<\/a>\u00a0construido de fibra de vidrio, con una medida de 1.30 metros. Quiz\u00e1s una de las mejores marcas, sobre todo por los acabados, dureza, cobertura muy resistente de nylon, cintas de sujecci\u00f3n y por \u00faltimo una gruesa goma, ideal para llevar cosas a mano en el exterior.<\/p>\n<p><a href=\"https:\/\/www.fjellpulkenshop.com\/products\/fjellpulken-standard-skier-harness\" rel=\"external nofollow\"><strong><span style=\"text-decoration: underline;\">Arn\u00e9s<\/span><\/strong> <\/a><\/p>\n<p>El que utilic\u00e9 fue el m\u00e1s b\u00e1sico y econ\u00f3mico, despu\u00e9s de haberlo usado sobre hielo, nunca el peso de los tirantes sin acolchar me molest\u00f3, porque nunca la pulka hizo tanta resistencia a pesar de cruzar zonas de nieve recien caida. Estos tirantes fueron para evitar que el arn\u00e9s no se me cayese de la cintura.<\/p>\n<p><span style=\"text-decoration: underline;\"><strong>Sistema de tiro<\/strong><\/span><\/p>\n<div id=\"attachment_1805\" style=\"width: 1034px\" class=\"wp-caption alignnone\"><a href=\"https:\/\/static-blogs.hoy.es\/wp-content\/uploads\/sites\/119\/2019\/04\/IMG_20190422_214748.jpg\"><img aria-describedby=\"caption-attachment-1805\" loading=\"lazy\" class=\"size-large wp-image-1805\" src=\"https:\/\/static-blogs.hoy.es\/wp-content\/uploads\/sites\/119\/2019\/04\/IMG_20190422_214748-1024x839.jpg\" alt=\"Modificando la sujecci\u00f3n para utilizar como tirante la uni\u00f3n de cordino y mosquet\u00f3n\" width=\"1024\" height=\"839\" srcset=\"https:\/\/static-blogs.hoy.es\/wp-content\/uploads\/sites\/119\/2019\/04\/IMG_20190422_214748-1024x839.jpg 1024w, https:\/\/static-blogs.hoy.es\/wp-content\/uploads\/sites\/119\/2019\/04\/IMG_20190422_214748-300x246.jpg 300w, https:\/\/static-blogs.hoy.es\/wp-content\/uploads\/sites\/119\/2019\/04\/IMG_20190422_214748-768x629.jpg 768w, https:\/\/static-blogs.hoy.es\/wp-content\/uploads\/sites\/119\/2019\/04\/IMG_20190422_214748.jpg 2037w\" sizes=\"(max-width: 1024px) 100vw, 1024px\" \/><\/a><p id=\"caption-attachment-1805\" class=\"wp-caption-text\">Instalando un nuevo soporte a cada lateral para conectar un mosquet\u00f3n peque\u00f1o al cordino. Sistema de arrastre.<\/p><\/div>\n<p>En este aspecto al principio tuve dudas, si usar el tirante r\u00edgido que ven\u00eda original (comprado a parte, eso s\u00ed&#8230;) O usar un cordino de 6 mil\u00edmetros y mosquetones peque\u00f1os.<\/p>\n<p>Al final opt\u00e9 por el \u00faltimo sistema. Pensaba que con el viento de lateral me girar\u00eda sobre mis patines al llevar el sistema de tirante r\u00edgido, cosa que desde luego si hubiese ocurrido.<\/p>\n<div id=\"attachment_1810\" style=\"width: 708px\" class=\"wp-caption alignnone\"><a href=\"https:\/\/static-blogs.hoy.es\/wp-content\/uploads\/sites\/119\/2019\/04\/20190422_232247-1.jpg\"><img aria-describedby=\"caption-attachment-1810\" loading=\"lazy\" class=\"size-large wp-image-1810\" src=\"https:\/\/static-blogs.hoy.es\/wp-content\/uploads\/sites\/119\/2019\/04\/20190422_232247-1-698x1024.jpg\" alt=\"Sistema de arrastre mediante cordino de 6 mil\u00edmetros de di\u00e1metro. Aspecto del montaje despu\u00e9s de haber hecho 475 kil\u00f3metros de traves\u00eda.\" width=\"698\" height=\"1024\" srcset=\"https:\/\/static-blogs.hoy.es\/wp-content\/uploads\/sites\/119\/2019\/04\/20190422_232247-1-698x1024.jpg 698w, https:\/\/static-blogs.hoy.es\/wp-content\/uploads\/sites\/119\/2019\/04\/20190422_232247-1-205x300.jpg 205w, https:\/\/static-blogs.hoy.es\/wp-content\/uploads\/sites\/119\/2019\/04\/20190422_232247-1.jpg 701w\" sizes=\"(max-width: 698px) 100vw, 698px\" \/><\/a><p id=\"caption-attachment-1810\" class=\"wp-caption-text\">Sistema de arrastre mediante cordino de 6 mil\u00edmetros de di\u00e1metro. Aspecto del montaje despu\u00e9s de haber hecho 475 kil\u00f3metros de traves\u00eda por el lago Baikal.<\/p><\/div>\n<hr \/>\n<p><strong>&#8211;<a href=\"https:\/\/blogs.hoy.es\/un-extremeno-en-el-artico\/wp-admin\/post.php?post=1779&amp;action=edit\">El pulka<\/a>\u00a0\u00a0&#8211;<\/strong><strong><a href=\"https:\/\/blogs.hoy.es\/un-extremeno-en-el-artico\/2019\/04\/29\/materiales-para-una-expedicion-al-lago-baikal-botas-y-patines\/\">Botas y patines<\/a>\u00a0\u00a0<a href=\"https:\/\/blogs.hoy.es\/un-extremeno-en-el-artico\/2019\/05\/14\/materiales-para-una-expedicion-al-lago-baikal-mi-tienda-de-campana\/\">-Tienda de campa\u00f1a<\/a><\/strong><strong>\u00a0\u00a0<\/strong><strong>-Sacos de dormir\u00a0\u00a0<\/strong><strong>-Aislantes\u00a0\u00a0<\/strong><strong>-Infiernillo cocina\u00a0 &#8211;<\/strong><strong>Equipo electr\u00f3nico y fuente de alimentaci\u00f3n\u00a0 &#8211;<\/strong><a href=\"https:\/\/blogs.hoy.es\/un-extremeno-en-el-artico\/2019\/05\/23\/comida-para-la-expedicion-al-lago-baikal\/\"><strong>Comida<\/strong><\/a><\/p>\n<hr \/>\n<p style=\"text-align: center;\"><span style=\"text-decoration: underline;\"><strong>PARA VER M\u00c1S DE MIS AVENTURAS HAZ CLIC EN ESTOS ENLACES<\/strong><\/span><\/p>\n<p style=\"text-align: center;\"><strong><a href=\"https:\/\/www.facebook.com\/JoseTrejo404\/\" rel=\"external nofollow\">Facebook<\/a><\/strong><\/p>\n<p style=\"text-align: center;\"><em><strong>Para ver m\u00e1s fotos de mis viajes, puedes seguirme en este link<\/strong><\/em><\/p>\n<p style=\"text-align: center;\"><strong><a href=\"https:\/\/www.instagram.com\/josetrejo404\/?hl=es\" rel=\"external nofollow\">Instagram<\/a>\u00a0<\/strong><\/p>\n<p style=\"text-align: center;\"><a href=\"https:\/\/www.google.es\/search?q=%23UnExtreme%C3%B1oEnEl%C3%81rtico&amp;tbm=isch&amp;tbo=u&amp;source=univ&amp;sa=X&amp;ved=0ahUKEwjk4__i8fzYAhUBWxQKHd2fCmUQsAQILQ&amp;biw=1366&amp;bih=637\" rel=\"external nofollow\">#UnExtreme\u00f1oEnEl\u00c1rtico<\/a>\u00a0<a href=\"https:\/\/www.instagram.com\/explore\/tags\/proyectobaikal2019\/?hl=es\" rel=\"external nofollow\">#ProyectoBaikal2019<\/a>\u00a0<a href=\"https:\/\/www.instagram.com\/explore\/tags\/aventurascentrowagen\/?hl=es\" rel=\"external nofollow\">#aventurascentrowagen<\/a><\/p>\n<hr \/>\n<p style=\"text-align: center;\"><strong><span style=\"text-decoration: underline;\">PATROCINADORES<\/span><\/strong><\/p>\n<p style=\"text-align: center;\"><strong><a href=\"https:\/\/www.centrowagen.com\/\" rel=\"external nofollow\">Centrowagen<\/a>,\u00a0<\/strong><strong><a href=\"https:\/\/www.facebook.com\/ExplorerFranquicias\/\" rel=\"external nofollow\">EXPLORER Badajoz\u00a0<\/a>,\u00a0<\/strong><strong><a href=\"https:\/\/agroconecta.es\/\" rel=\"external nofollow\">Agroconecta<\/a>,\u00a0<\/strong><strong><a href=\"https:\/\/tasermiutgreenland.com\/\" rel=\"external nofollow\">Tasermiut South Greenland Expeditions<\/a>,\u00a0<\/strong><strong>Fexme,\u00a0<a href=\"http:\/\/fexme.com\/\" rel=\"external nofollow\">Federaci\u00f3n Extreme\u00f1a de Monta\u00f1a y escalad<\/a>a,\u00a0<\/strong><strong><a href=\"https:\/\/www.decathlon.es\/es\/store-view\/tienda-de-deportes-badajoz-0070079100791\" rel=\"external nofollow\">Decathlon\u00a0<\/a><\/strong><\/p>\n<p style=\"text-align: center;\"><strong>Comunicaci\u00f3n en el proyecto\u00a0<span style=\"text-decoration: underline;\">Un Extreme\u00f1o en el \u00c1rtico,<\/span>\u00a0<\/strong>Sara Viera<\/p>\n","protected":false},"excerpt":{"rendered":"<p>Hace unos d\u00edas que regres\u00e9 del lago Baikal, y despu\u00e9s de la recuperaci\u00f3n, queda el an\u00e1lisis de toda la experiencia, aqu\u00ed os cuento qu\u00e9 materiales he utilizado. Una de las cosas que m\u00e1s que desconcierto e inseguridad me provoc\u00f3 en el proceso de esta expedici\u00f3n, fue la b\u00fasqueda del equipo m\u00e1s \u00f3ptimo. Era la primera [&hellip;]<\/p>\n","protected":false},"author":142,"featured_media":1793,"comment_status":"open","ping_status":"closed","sticky":false,"template":"","format":"standard","meta":[],"categories":[1],"tags":[706,72,705,711,710,703,704,709,708,707,477],"_links":{"self":[{"href":"https:\/\/blogs.hoy.es\/un-extremeno-en-el-artico\/wp-json\/wp\/v2\/posts\/1779"}],"collection":[{"href":"https:\/\/blogs.hoy.es\/un-extremeno-en-el-artico\/wp-json\/wp\/v2\/posts"}],"about":[{"href":"https:\/\/blogs.hoy.es\/un-extremeno-en-el-artico\/wp-json\/wp\/v2\/types\/post"}],"author":[{"embeddable":true,"href":"https:\/\/blogs.hoy.es\/un-extremeno-en-el-artico\/wp-json\/wp\/v2\/users\/142"}],"replies":[{"embeddable":true,"href":"https:\/\/blogs.hoy.es\/un-extremeno-en-el-artico\/wp-json\/wp\/v2\/comments?post=1779"}],"version-history":[{"count":40,"href":"https:\/\/blogs.hoy.es\/un-extremeno-en-el-artico\/wp-json\/wp\/v2\/posts\/1779\/revisions"}],"predecessor-version":[{"id":2654,"href":"https:\/\/blogs.hoy.es\/un-extremeno-en-el-artico\/wp-json\/wp\/v2\/posts\/1779\/revisions\/2654"}],"wp:featuredmedia":[{"embeddable":true,"href":"https:\/\/blogs.hoy.es\/un-extremeno-en-el-artico\/wp-json\/wp\/v2\/media\/1793"}],"wp:attachment":[{"href":"https:\/\/blogs.hoy.es\/un-extremeno-en-el-artico\/wp-json\/wp\/v2\/media?parent=1779"}],"wp:term":[{"taxonomy":"category","embeddable":true,"href":"https:\/\/blogs.hoy.es\/un-extremeno-en-el-artico\/wp-json\/wp\/v2\/categories?post=1779"},{"taxonomy":"post_tag","embeddable":true,"href":"https:\/\/blogs.hoy.es\/un-extremeno-en-el-artico\/wp-json\/wp\/v2\/tags?post=1779"}],"curies":[{"name":"wp","href":"https:\/\/api.w.org\/{rel}","templated":true}]}}