{"id":1821,"date":"2019-04-29T19:02:14","date_gmt":"2019-04-29T17:02:14","guid":{"rendered":"http:\/\/blogs.hoy.es\/un-extremeno-en-el-artico\/?p=1821"},"modified":"2019-05-23T21:23:57","modified_gmt":"2019-05-23T19:23:57","slug":"materiales-para-una-expedicion-al-lago-baikal-botas-y-patines","status":"publish","type":"post","link":"https:\/\/blogs.hoy.es\/un-extremeno-en-el-artico\/2019\/04\/29\/materiales-para-una-expedicion-al-lago-baikal-botas-y-patines\/","title":{"rendered":"Materiales para una expedici\u00f3n al lago Baikal. Botas y patines"},"content":{"rendered":"<p>En esta nueva entrada os describir\u00e9 la combinaci\u00f3n de botas y patines que eleg\u00ed para la expedici\u00f3n al lago Baikal.<\/p>\n<p>Y como se suele decir que la experiencia es un grado, he de admitir que la combinaci\u00f3n fue perfecta, cosa que ya puedo contar una vez terminada mi traves\u00eda.<\/p>\n<p>&nbsp;<\/p>\n<hr \/>\n<div id=\"attachment_1826\" style=\"width: 1034px\" class=\"wp-caption alignnone\"><a href=\"https:\/\/static-blogs.hoy.es\/wp-content\/uploads\/sites\/119\/2019\/04\/DSC00551.jpg\"><img aria-describedby=\"caption-attachment-1826\" loading=\"lazy\" class=\"size-large wp-image-1826\" src=\"https:\/\/static-blogs.hoy.es\/wp-content\/uploads\/sites\/119\/2019\/04\/DSC00551-1024x682.jpg\" alt=\"Botas y patines reci\u00e9n llegados de pa\u00edses \" width=\"1024\" height=\"682\" srcset=\"https:\/\/static-blogs.hoy.es\/wp-content\/uploads\/sites\/119\/2019\/04\/DSC00551-1024x682.jpg 1024w, https:\/\/static-blogs.hoy.es\/wp-content\/uploads\/sites\/119\/2019\/04\/DSC00551-300x200.jpg 300w, https:\/\/static-blogs.hoy.es\/wp-content\/uploads\/sites\/119\/2019\/04\/DSC00551-768x512.jpg 768w, https:\/\/static-blogs.hoy.es\/wp-content\/uploads\/sites\/119\/2019\/04\/DSC00551.jpg 1732w\" sizes=\"(max-width: 1024px) 100vw, 1024px\" \/><\/a><p id=\"caption-attachment-1826\" class=\"wp-caption-text\">Botas y patines reci\u00e9n llegados a la tienda <a href=\"https:\/\/www.facebook.com\/ExplorerFranquicias\/\" rel=\"external nofollow\">Explorer Badajoz<\/a>,\u00a0 procedente de los pa\u00edses n\u00f3rdicos de Noruega y Suecia.<\/p><\/div>\n<p>Despu\u00e9s de investigar materiales y sistemas durante varias semanas, tuve claro, al ver algunos v\u00eddeos por <a href=\"https:\/\/www.youtube.com\/watch?v=dHYH14nDvKY\" rel=\"external nofollow\">Youtube<\/a>,\u00a0que utilizar\u00eda como medio de transporte unas cuchillas de patinaje sobre hielo. Observ\u00e9 a patinadores atravesar grandes lagos helados, sobre todo en Suecia, haciendo grandes distancias. Me llamaba la atenci\u00f3n lo especial que eran aquellos patines suecos, ya que eran muy largos y se articulaban como unos esqu\u00edes de fondo.<\/p>\n<p>Lo m\u00e1s complicado, al principio, fue encontrar el material espec\u00edfico: botas, adaptadores para esas especiales cuchillas y lo m\u00e1s\u00a0dif\u00edcil, las propias cuchillas. Cuchillas que deb\u00edan adaptarse a un lago repleto de imperfecciones; como grietas, dilataciones, ondulaciones, bordes de todas las medidas etc. Encima de todo esto, hab\u00eda que dar en el clavo con las calidades para que duraran toda la traves\u00eda sin romperse.<\/p>\n<p>Claro estaba, que a los suecos acostumbrados a patinar por aquellos inmensos lagos helados algunas de mis dudas y preguntas les sonaban a chino mandar\u00edn&#8230; Pero me arm\u00e9 de valor y dej\u00e9 las dudas al lado, me centr\u00e9 en la seguridad principalmente. Para ello, comenc\u00e9 a valorar qu\u00e9 botas eran las m\u00e1s seguras, pensando sobre todo en la protecci\u00f3n t\u00e9rmica y versatilidad, ya que ser\u00eda el \u00fanico calzado que podr\u00eda llevar por motivos de espacio y sobrepeso.<\/p>\n<p>Lo mismo ocurr\u00eda con las cuchillas de patinar, deb\u00edan ser ligeras, resistentes y f\u00e1cil de transportar.<\/p>\n<div id=\"attachment_1827\" style=\"width: 1034px\" class=\"wp-caption alignnone\"><a href=\"https:\/\/static-blogs.hoy.es\/wp-content\/uploads\/sites\/119\/2019\/04\/DSC00433.jpg\"><img aria-describedby=\"caption-attachment-1827\" loading=\"lazy\" class=\"size-large wp-image-1827\" src=\"https:\/\/static-blogs.hoy.es\/wp-content\/uploads\/sites\/119\/2019\/04\/DSC00433-1024x682.jpg\" alt=\"Botas de patinaje en hielo. Las utilizadas habitualmente en pistas de hielo como la que instalan en la ciudad portuguesa en navidades.\" width=\"1024\" height=\"682\" srcset=\"https:\/\/static-blogs.hoy.es\/wp-content\/uploads\/sites\/119\/2019\/04\/DSC00433-1024x682.jpg 1024w, https:\/\/static-blogs.hoy.es\/wp-content\/uploads\/sites\/119\/2019\/04\/DSC00433-300x200.jpg 300w, https:\/\/static-blogs.hoy.es\/wp-content\/uploads\/sites\/119\/2019\/04\/DSC00433-768x512.jpg 768w, https:\/\/static-blogs.hoy.es\/wp-content\/uploads\/sites\/119\/2019\/04\/DSC00433.jpg 1732w\" sizes=\"(max-width: 1024px) 100vw, 1024px\" \/><\/a><p id=\"caption-attachment-1827\" class=\"wp-caption-text\">Botas de patinaje en hielo utilizadas habitualmente en pistas de hielo.<\/p><\/div>\n<p>En la foto de arriba, botas de patinaje para pista de hielo con cuchilla fija. Sab\u00eda acerca del lago por fotos y v\u00eddeos que habr\u00eda todo tipo de imperfecciones sobre la superficie, y tendr\u00eda que adaptarme a todas ellas si quer\u00eda completar con \u00e9xito mi viaje por el lago helado m\u00e1s grande del planeta.<\/p>\n<div id=\"attachment_1832\" style=\"width: 1034px\" class=\"wp-caption alignnone\"><a href=\"https:\/\/static-blogs.hoy.es\/wp-content\/uploads\/sites\/119\/2019\/04\/IMG_20190131_230718.jpg\"><img aria-describedby=\"caption-attachment-1832\" loading=\"lazy\" class=\"size-large wp-image-1832\" src=\"https:\/\/static-blogs.hoy.es\/wp-content\/uploads\/sites\/119\/2019\/04\/IMG_20190131_230718-1024x768.jpg\" alt=\"Mi configuraci\u00f3n elegida de botas y patines tipo &quot;backcountry&quot;\" width=\"1024\" height=\"768\" srcset=\"https:\/\/static-blogs.hoy.es\/wp-content\/uploads\/sites\/119\/2019\/04\/IMG_20190131_230718-1024x768.jpg 1024w, https:\/\/static-blogs.hoy.es\/wp-content\/uploads\/sites\/119\/2019\/04\/IMG_20190131_230718-300x225.jpg 300w, https:\/\/static-blogs.hoy.es\/wp-content\/uploads\/sites\/119\/2019\/04\/IMG_20190131_230718-768x576.jpg 768w, https:\/\/static-blogs.hoy.es\/wp-content\/uploads\/sites\/119\/2019\/04\/IMG_20190131_230718.jpg 1306w\" sizes=\"(max-width: 1024px) 100vw, 1024px\" \/><\/a><p id=\"caption-attachment-1832\" class=\"wp-caption-text\">Esta fue la configuraci\u00f3n final elegida de botas y patines tipo &#8220;backcountry&#8221;<\/p><\/div>\n<p>En la foto superior se ve en primer plano la parte del adaptador de color blanco, es el cierre para sujetar la cuchilla a la puntera de la bota. Este adaptador es del tipo NNN BC, para botas con la misma configuraci\u00f3n. Tanto el cierre como la apertura son manuales.<\/p>\n<p>La banda azul de la cuchilla es una protecci\u00f3n de pl\u00e1stico que sirve para proteger la una bolsa de transporte de cortes.<\/p>\n<hr \/>\n<p><a href=\"https:\/\/static-blogs.hoy.es\/wp-content\/uploads\/sites\/119\/2019\/04\/DSC00544.jpg\"><img loading=\"lazy\" class=\"size-large wp-image-1833\" src=\"https:\/\/static-blogs.hoy.es\/wp-content\/uploads\/sites\/119\/2019\/04\/DSC00544-1024x682.jpg\" alt=\"Botas con adaptaci\u00f3n en la puntera para esqu\u00ed de fondo y esqu\u00ed n\u00f3rdico. \" width=\"1024\" height=\"682\" srcset=\"https:\/\/static-blogs.hoy.es\/wp-content\/uploads\/sites\/119\/2019\/04\/DSC00544-1024x682.jpg 1024w, https:\/\/static-blogs.hoy.es\/wp-content\/uploads\/sites\/119\/2019\/04\/DSC00544-300x200.jpg 300w, https:\/\/static-blogs.hoy.es\/wp-content\/uploads\/sites\/119\/2019\/04\/DSC00544-768x512.jpg 768w, https:\/\/static-blogs.hoy.es\/wp-content\/uploads\/sites\/119\/2019\/04\/DSC00544.jpg 1732w\" sizes=\"(max-width: 1024px) 100vw, 1024px\" \/><\/a><\/p>\n<p>Botas <a href=\"https:\/\/alfaoutdoor.com\/shop\/ski-boots\/backcountry\" rel=\"external nofollow\">\u00a0<em>backcountry<\/em><\/a>\u00a0con adaptaci\u00f3n NNN BC en la puntera. Estas botas de esqu\u00ed de fondo o traves\u00eda n\u00f3rdica, llevan\u00a0integrada una polaina con membrana de <a href=\"https:\/\/es.wikipedia.org\/wiki\/Gore-Tex\" rel=\"external nofollow\">Gore-Tex<\/a>\u00a0para mejor transpiraci\u00f3n.<\/p>\n<div id=\"attachment_1834\" style=\"width: 1034px\" class=\"wp-caption alignnone\"><a href=\"https:\/\/static-blogs.hoy.es\/wp-content\/uploads\/sites\/119\/2019\/04\/DSC00541.jpg\"><img aria-describedby=\"caption-attachment-1834\" loading=\"lazy\" class=\"size-large wp-image-1834\" src=\"https:\/\/static-blogs.hoy.es\/wp-content\/uploads\/sites\/119\/2019\/04\/DSC00541-1024x683.jpg\" alt=\"Detalles de muy buena calidad de las botas de la marca Alfa.\" width=\"1024\" height=\"683\" srcset=\"https:\/\/static-blogs.hoy.es\/wp-content\/uploads\/sites\/119\/2019\/04\/DSC00541-1024x683.jpg 1024w, https:\/\/static-blogs.hoy.es\/wp-content\/uploads\/sites\/119\/2019\/04\/DSC00541-300x200.jpg 300w, https:\/\/static-blogs.hoy.es\/wp-content\/uploads\/sites\/119\/2019\/04\/DSC00541-768x512.jpg 768w\" sizes=\"(max-width: 1024px) 100vw, 1024px\" \/><\/a><p id=\"caption-attachment-1834\" class=\"wp-caption-text\">Detalles con refuerzo de kevlar de muy buena calidad de las botas.<\/p><\/div>\n<p>Se trata de una bota para\u00a0esqu\u00ed, r\u00edgida con suela para adaptador y puntera <a href=\"https:\/\/rottefella.com\/bindings-accessories\/bindings-for-cross-country\" rel=\"external nofollow\"><em>NNN BC<\/em><\/a>. La polaina es bastante alta para evitar la entrada de nieve. A pesar de no disponer bot\u00edn interior, esta bota nos puede proteger los pies de temperaturas aproximadas a -25\u00ba.<\/p>\n<div id=\"attachment_1835\" style=\"width: 1034px\" class=\"wp-caption alignnone\"><a href=\"https:\/\/static-blogs.hoy.es\/wp-content\/uploads\/sites\/119\/2019\/04\/DSC00528.jpg\"><img aria-describedby=\"caption-attachment-1835\" loading=\"lazy\" class=\"size-large wp-image-1835\" src=\"https:\/\/static-blogs.hoy.es\/wp-content\/uploads\/sites\/119\/2019\/04\/DSC00528-1024x682.jpg\" alt=\"Patines tipo backcountry, los usados para patinar en los grandes lagos suecos.\" width=\"1024\" height=\"682\" srcset=\"https:\/\/static-blogs.hoy.es\/wp-content\/uploads\/sites\/119\/2019\/04\/DSC00528-1024x682.jpg 1024w, https:\/\/static-blogs.hoy.es\/wp-content\/uploads\/sites\/119\/2019\/04\/DSC00528-300x200.jpg 300w, https:\/\/static-blogs.hoy.es\/wp-content\/uploads\/sites\/119\/2019\/04\/DSC00528-768x512.jpg 768w, https:\/\/static-blogs.hoy.es\/wp-content\/uploads\/sites\/119\/2019\/04\/DSC00528.jpg 1732w\" sizes=\"(max-width: 1024px) 100vw, 1024px\" \/><\/a><p id=\"caption-attachment-1835\" class=\"wp-caption-text\">Patines backcountry de la marca<a href=\"http:\/\/www.zandstrasport.nl\/eng\/schaatsen\/eng2click.html\" rel=\"external nofollow\"><strong><em>,<\/em><\/strong><\/a> usados para patinar en los grandes lagos suecos. En mi caso, van equipadas con adaptador para botas tipo <a href=\"https:\/\/rottefella.com\/bindings-accessories\/bindings-for-cross-country\" rel=\"external nofollow\"><em>NNN BC<\/em><\/a>\u00a0.<\/p><\/div>\n<p>La marca de cuchillas elegida suele montar hojas acero de gran resitencia, cosa muy necesaria despu\u00e9s de experimentar la extrema dureza del hielo cristal del lago ruso.<\/p>\n<div id=\"attachment_1837\" style=\"width: 1034px\" class=\"wp-caption alignnone\"><a href=\"https:\/\/static-blogs.hoy.es\/wp-content\/uploads\/sites\/119\/2019\/04\/patinando-c\u00e1mara-desde-atr\u00e1s_Moment2.jpg\"><img aria-describedby=\"caption-attachment-1837\" loading=\"lazy\" class=\"size-large wp-image-1837\" src=\"https:\/\/static-blogs.hoy.es\/wp-content\/uploads\/sites\/119\/2019\/04\/patinando-c\u00e1mara-desde-atr\u00e1s_Moment2-1024x575.jpg\" alt=\"Detalle de c\u00f3mo articula la puntera de la bota con el pat\u00edn apoyado sobre el hielo.\" width=\"1024\" height=\"575\" srcset=\"https:\/\/static-blogs.hoy.es\/wp-content\/uploads\/sites\/119\/2019\/04\/patinando-c\u00e1mara-desde-atr\u00e1s_Moment2-1024x575.jpg 1024w, https:\/\/static-blogs.hoy.es\/wp-content\/uploads\/sites\/119\/2019\/04\/patinando-c\u00e1mara-desde-atr\u00e1s_Moment2-300x169.jpg 300w, https:\/\/static-blogs.hoy.es\/wp-content\/uploads\/sites\/119\/2019\/04\/patinando-c\u00e1mara-desde-atr\u00e1s_Moment2-768x432.jpg 768w, https:\/\/static-blogs.hoy.es\/wp-content\/uploads\/sites\/119\/2019\/04\/patinando-c\u00e1mara-desde-atr\u00e1s_Moment2.jpg 1920w\" sizes=\"(max-width: 1024px) 100vw, 1024px\" \/><\/a><p id=\"caption-attachment-1837\" class=\"wp-caption-text\">Rebasando una de las miles de grietas de compresi\u00f3n. Detalle de c\u00f3mo articula la puntera de la bota con el pat\u00edn apoyado sobre el hielo para poder &#8216;andar&#8217; mejor.<\/p><\/div>\n<p>&nbsp;<\/p>\n<div id=\"attachment_1838\" style=\"width: 1034px\" class=\"wp-caption alignnone\"><a href=\"https:\/\/static-blogs.hoy.es\/wp-content\/uploads\/sites\/119\/2019\/04\/patinando-c\u00e1mara-desde-atr\u00e1s_Moment3.jpg\"><img aria-describedby=\"caption-attachment-1838\" loading=\"lazy\" class=\"size-large wp-image-1838\" src=\"https:\/\/static-blogs.hoy.es\/wp-content\/uploads\/sites\/119\/2019\/04\/patinando-c\u00e1mara-desde-atr\u00e1s_Moment3-1024x576.jpg\" alt=\"Cuchilla del pat\u00edn es de 45 cm de longitud para la talla 44 de la bota.\" width=\"1024\" height=\"576\" srcset=\"https:\/\/static-blogs.hoy.es\/wp-content\/uploads\/sites\/119\/2019\/04\/patinando-c\u00e1mara-desde-atr\u00e1s_Moment3-1024x576.jpg 1024w, https:\/\/static-blogs.hoy.es\/wp-content\/uploads\/sites\/119\/2019\/04\/patinando-c\u00e1mara-desde-atr\u00e1s_Moment3-300x169.jpg 300w, https:\/\/static-blogs.hoy.es\/wp-content\/uploads\/sites\/119\/2019\/04\/patinando-c\u00e1mara-desde-atr\u00e1s_Moment3-768x432.jpg 768w, https:\/\/static-blogs.hoy.es\/wp-content\/uploads\/sites\/119\/2019\/04\/patinando-c\u00e1mara-desde-atr\u00e1s_Moment3.jpg 1920w\" sizes=\"(max-width: 1024px) 100vw, 1024px\" \/><\/a><p id=\"caption-attachment-1838\" class=\"wp-caption-text\">La cuchilla del pat\u00edn es de gran dimensi\u00f3n, de 45 cm de longitud para la talla <strong>L<\/strong> de bota de 43\/44.<\/p><\/div>\n<p>&nbsp;<\/p>\n<div id=\"attachment_1839\" style=\"width: 1034px\" class=\"wp-caption alignnone\"><a href=\"https:\/\/static-blogs.hoy.es\/wp-content\/uploads\/sites\/119\/2019\/04\/patinando-c\u00e1mara-desde-atr\u00e1s_Moment5.jpg\"><img aria-describedby=\"caption-attachment-1839\" loading=\"lazy\" class=\"size-large wp-image-1839\" src=\"https:\/\/static-blogs.hoy.es\/wp-content\/uploads\/sites\/119\/2019\/04\/patinando-c\u00e1mara-desde-atr\u00e1s_Moment5-1024x576.jpg\" alt=\"La gran longitud de los patines proporcionaba m\u00e1s estabilidad. En la foto se puede ver el detalle de la punta de la cuchilla, el chafl\u00e1n de la punta es grande para rebasar muy bien las irregularidades del hielo.\" width=\"1024\" height=\"576\" srcset=\"https:\/\/static-blogs.hoy.es\/wp-content\/uploads\/sites\/119\/2019\/04\/patinando-c\u00e1mara-desde-atr\u00e1s_Moment5-1024x576.jpg 1024w, https:\/\/static-blogs.hoy.es\/wp-content\/uploads\/sites\/119\/2019\/04\/patinando-c\u00e1mara-desde-atr\u00e1s_Moment5-300x169.jpg 300w, https:\/\/static-blogs.hoy.es\/wp-content\/uploads\/sites\/119\/2019\/04\/patinando-c\u00e1mara-desde-atr\u00e1s_Moment5-768x432.jpg 768w, https:\/\/static-blogs.hoy.es\/wp-content\/uploads\/sites\/119\/2019\/04\/patinando-c\u00e1mara-desde-atr\u00e1s_Moment5.jpg 1726w\" sizes=\"(max-width: 1024px) 100vw, 1024px\" \/><\/a><p id=\"caption-attachment-1839\" class=\"wp-caption-text\">La gran longitud de los patines proporcionaba muy buena\u00a0estabilidad. En la foto se puede ver el detalle de la punta de la cuchilla, el\u00a0arco es grande,\u00a0ideal para rebasar las irregularidades del hielo.<\/p><\/div>\n<p>Los d\u00edas en los que encontr\u00e9 grandes superficies lisas pude hacer f\u00e1cilmente los 30 kil\u00f3metros sobre los patines sin rozaduras en los pies ni excesivo cansancio en las piernas.<\/p>\n<p>Las botas se adaptaron perfectamente a las cuchillas, a pesar de no haberlas probado previamente en pista. La apuesta fue arriesgada pero super\u00f3 la dura prueba.<\/p>\n<p>Lo \u00fanico quiz\u00e1s que compromet\u00eda este conjunto, era la falta de rigidez\u00a0en el tobillo, aunque era de media ca\u00f1a, lo que a priori ten\u00eda buena protecci\u00f3n, pero el pie no quedaba tan sujeto al tratar de cruzar las irregulares grietas de compresi\u00f3n. No se pod\u00eda tener todo, el pie deb\u00eda ir holgado y no quedar tupido al llevar dos pares de calcetines, a fin de evitar problemas de circulaci\u00f3n por el fr\u00edo.<\/p>\n<div id=\"attachment_1840\" style=\"width: 1034px\" class=\"wp-caption alignnone\"><a href=\"https:\/\/static-blogs.hoy.es\/wp-content\/uploads\/sites\/119\/2019\/04\/patinando-c\u00e1mara-desde-atr\u00e1s_Moment6.jpg\"><img aria-describedby=\"caption-attachment-1840\" loading=\"lazy\" class=\"size-large wp-image-1840\" src=\"https:\/\/static-blogs.hoy.es\/wp-content\/uploads\/sites\/119\/2019\/04\/patinando-c\u00e1mara-desde-atr\u00e1s_Moment6-1024x576.jpg\" alt=\"A pesar de la gran dureza del hielo del lago Baikal, la configuraci\u00f3n bota-patin resisti\u00f3 los casi 480 kil\u00f3metros de traves\u00eda.\" width=\"1024\" height=\"576\" srcset=\"https:\/\/static-blogs.hoy.es\/wp-content\/uploads\/sites\/119\/2019\/04\/patinando-c\u00e1mara-desde-atr\u00e1s_Moment6-1024x576.jpg 1024w, https:\/\/static-blogs.hoy.es\/wp-content\/uploads\/sites\/119\/2019\/04\/patinando-c\u00e1mara-desde-atr\u00e1s_Moment6-300x169.jpg 300w, https:\/\/static-blogs.hoy.es\/wp-content\/uploads\/sites\/119\/2019\/04\/patinando-c\u00e1mara-desde-atr\u00e1s_Moment6-768x432.jpg 768w, https:\/\/static-blogs.hoy.es\/wp-content\/uploads\/sites\/119\/2019\/04\/patinando-c\u00e1mara-desde-atr\u00e1s_Moment6.jpg 1709w\" sizes=\"(max-width: 1024px) 100vw, 1024px\" \/><\/a><p id=\"caption-attachment-1840\" class=\"wp-caption-text\">A pesar de la gran dureza del hielo del lago Baikal, la configuraci\u00f3n bota-pat\u00edn resisti\u00f3 los casi 480 kil\u00f3metros de traves\u00eda sin ninguna incidencia.<\/p><\/div>\n<p><strong>&#8211;<a href=\"https:\/\/blogs.hoy.es\/un-extremeno-en-el-artico\/wp-admin\/post.php?post=1779&amp;action=edit\">El pulka<\/a>\u00a0\u00a0&#8211;<\/strong><strong><a href=\"https:\/\/blogs.hoy.es\/un-extremeno-en-el-artico\/2019\/04\/29\/materiales-para-una-expedicion-al-lago-baikal-botas-y-patines\/\">Botas y patines<\/a>\u00a0\u00a0<a href=\"https:\/\/blogs.hoy.es\/un-extremeno-en-el-artico\/2019\/05\/14\/materiales-para-una-expedicion-al-lago-baikal-mi-tienda-de-campana\/\">-Tienda de campa\u00f1a<\/a><\/strong><strong>\u00a0\u00a0<\/strong><strong>-Sacos de dormir\u00a0\u00a0<\/strong><strong>-Aislantes\u00a0\u00a0<\/strong><strong>-Infiernillo cocina\u00a0 &#8211;<\/strong><strong>Equipo electr\u00f3nico y fuente de alimentaci\u00f3n\u00a0 &#8211;<\/strong><a href=\"https:\/\/blogs.hoy.es\/un-extremeno-en-el-artico\/2019\/05\/23\/comida-para-la-expedicion-al-lago-baikal\/\"><strong>Comida<\/strong><\/a><\/p>\n<hr \/>\n<p style=\"text-align: center;\"><em><strong>Para ver m\u00e1s de mis aventuras, pulsa en los links<\/strong><\/em><\/p>\n<p style=\"text-align: center;\"><strong><a href=\"https:\/\/www.facebook.com\/JoseTrejo404\/\" rel=\"external nofollow\">Facebook<\/a><\/strong><\/p>\n<p style=\"text-align: center;\"><em><strong>Para ver m\u00e1s fotos de mis viajes, puedes seguirme en este link<\/strong><\/em><\/p>\n<p style=\"text-align: center;\"><strong><a href=\"https:\/\/www.instagram.com\/josetrejo404\/?hl=es\" rel=\"external nofollow\">Instagram<\/a>\u00a0<\/strong><a href=\"https:\/\/www.google.es\/search?q=%23UnExtreme%C3%B1oEnEl%C3%81rtico&amp;tbm=isch&amp;tbo=u&amp;source=univ&amp;sa=X&amp;ved=0ahUKEwjk4__i8fzYAhUBWxQKHd2fCmUQsAQILQ&amp;biw=1366&amp;bih=637\" rel=\"external nofollow\">#UnExtreme\u00f1oEnEl\u00c1rtico<\/a>\u00a0<a href=\"https:\/\/www.instagram.com\/explore\/tags\/proyectobaikal2019\/?hl=es\" rel=\"external nofollow\">#ProyectoBaikal2019<\/a>\u00a0<a href=\"https:\/\/www.instagram.com\/explore\/tags\/aventurascentrowagen\/?hl=es\" rel=\"external nofollow\">#aventurascentrowagen<\/a><\/p>\n<hr \/>\n<p style=\"text-align: center;\"><strong><span style=\"text-decoration: underline;\">PATROCINADORES<\/span><\/strong><\/p>\n<p style=\"text-align: center;\"><strong><a href=\"https:\/\/www.centrowagen.com\/\" rel=\"external nofollow\">Centrowagen<\/a>,\u00a0<\/strong><strong><a href=\"https:\/\/www.facebook.com\/ExplorerFranquicias\/\" rel=\"external nofollow\">EXPLORER Badajoz\u00a0<\/a>,\u00a0<\/strong><strong><a href=\"https:\/\/agroconecta.es\/\" rel=\"external nofollow\">Agroconecta<\/a>,\u00a0<\/strong><strong><a href=\"https:\/\/tasermiutgreenland.com\/\" rel=\"external nofollow\">Tasermiut South Greenland Expeditions<\/a>,\u00a0<\/strong><strong>Fexme,\u00a0<a href=\"http:\/\/fexme.com\/\" rel=\"external nofollow\">Federaci\u00f3n Extreme\u00f1a de Monta\u00f1a y escalad<\/a>a,\u00a0<\/strong><strong><a href=\"https:\/\/www.decathlon.es\/es\/store-view\/tienda-de-deportes-badajoz-0070079100791\" rel=\"external nofollow\">Decathlon\u00a0<\/a><\/strong><\/p>\n<p style=\"text-align: center;\"><strong>Comunicaci\u00f3n en el proyecto\u00a0<span style=\"text-decoration: underline;\">Un Extreme\u00f1o en el \u00c1rtico,<\/span>\u00a0<\/strong>Sara Viera<\/p>\n<p>&nbsp;<\/p>\n<p>&nbsp;<\/p>\n","protected":false},"excerpt":{"rendered":"<p>En esta nueva entrada os describir\u00e9 la combinaci\u00f3n de botas y patines que eleg\u00ed para la expedici\u00f3n al lago Baikal. Y como se suele decir que la experiencia es un grado, he de admitir que la combinaci\u00f3n fue perfecta, cosa que ya puedo contar una vez terminada mi traves\u00eda. &nbsp; Despu\u00e9s de investigar materiales y [&hellip;]<\/p>\n","protected":false},"author":142,"featured_media":1839,"comment_status":"open","ping_status":"closed","sticky":false,"template":"","format":"standard","meta":[],"categories":[1],"tags":[725,19,718,687,721,712,715,713,714,720,719,491,473,107,704,722,169,716,726,724,728,723,727,717,315],"_links":{"self":[{"href":"https:\/\/blogs.hoy.es\/un-extremeno-en-el-artico\/wp-json\/wp\/v2\/posts\/1821"}],"collection":[{"href":"https:\/\/blogs.hoy.es\/un-extremeno-en-el-artico\/wp-json\/wp\/v2\/posts"}],"about":[{"href":"https:\/\/blogs.hoy.es\/un-extremeno-en-el-artico\/wp-json\/wp\/v2\/types\/post"}],"author":[{"embeddable":true,"href":"https:\/\/blogs.hoy.es\/un-extremeno-en-el-artico\/wp-json\/wp\/v2\/users\/142"}],"replies":[{"embeddable":true,"href":"https:\/\/blogs.hoy.es\/un-extremeno-en-el-artico\/wp-json\/wp\/v2\/comments?post=1821"}],"version-history":[{"count":32,"href":"https:\/\/blogs.hoy.es\/un-extremeno-en-el-artico\/wp-json\/wp\/v2\/posts\/1821\/revisions"}],"predecessor-version":[{"id":1981,"href":"https:\/\/blogs.hoy.es\/un-extremeno-en-el-artico\/wp-json\/wp\/v2\/posts\/1821\/revisions\/1981"}],"wp:featuredmedia":[{"embeddable":true,"href":"https:\/\/blogs.hoy.es\/un-extremeno-en-el-artico\/wp-json\/wp\/v2\/media\/1839"}],"wp:attachment":[{"href":"https:\/\/blogs.hoy.es\/un-extremeno-en-el-artico\/wp-json\/wp\/v2\/media?parent=1821"}],"wp:term":[{"taxonomy":"category","embeddable":true,"href":"https:\/\/blogs.hoy.es\/un-extremeno-en-el-artico\/wp-json\/wp\/v2\/categories?post=1821"},{"taxonomy":"post_tag","embeddable":true,"href":"https:\/\/blogs.hoy.es\/un-extremeno-en-el-artico\/wp-json\/wp\/v2\/tags?post=1821"}],"curies":[{"name":"wp","href":"https:\/\/api.w.org\/{rel}","templated":true}]}}