{"id":1870,"date":"2019-05-14T08:40:30","date_gmt":"2019-05-14T06:40:30","guid":{"rendered":"http:\/\/blogs.hoy.es\/un-extremeno-en-el-artico\/?p=1870"},"modified":"2019-05-23T21:21:29","modified_gmt":"2019-05-23T19:21:29","slug":"materiales-para-una-expedicion-al-lago-baikal-mi-tienda-de-campana","status":"publish","type":"post","link":"https:\/\/blogs.hoy.es\/un-extremeno-en-el-artico\/2019\/05\/14\/materiales-para-una-expedicion-al-lago-baikal-mi-tienda-de-campana\/","title":{"rendered":"Materiales para una expedici\u00f3n al lago Baikal. Mi tienda de campa\u00f1a"},"content":{"rendered":"<p><strong>\u00bfQu\u00e9 tienda elegir?\u00a0<\/strong>Pregunta que constantemente me rondaba por la cabeza. Hab\u00eda que acertar de lleno en esta elecci\u00f3n, ya que mi supervivencia depender\u00eda de ello en este remoto lago siberiano.<\/p>\n<p style=\"text-align: center;\"><span style=\"background-color: #0000ff; color: #ffffff;\"><em>Abajo os dejo un v\u00eddeo de c\u00f3mo desmontaba la tienda en el lago con viento fuerte<\/em><\/span><\/p>\n<div id=\"attachment_1876\" style=\"width: 1034px\" class=\"wp-caption alignnone\"><a href=\"https:\/\/static-blogs.hoy.es\/wp-content\/uploads\/sites\/119\/2019\/05\/DSC01266aa.jpg\"><img aria-describedby=\"caption-attachment-1876\" loading=\"lazy\" class=\"size-large wp-image-1876\" src=\"https:\/\/static-blogs.hoy.es\/wp-content\/uploads\/sites\/119\/2019\/05\/DSC01266aa-1024x683.jpg\" alt=\"Lago baikal, segundo d\u00eda de expedici\u00f3n. Nuestro campamento est\u00e1 montado antes que las bajas temperaturas sea insoportables en el exterior.\" width=\"1024\" height=\"683\" srcset=\"https:\/\/static-blogs.hoy.es\/wp-content\/uploads\/sites\/119\/2019\/05\/DSC01266aa-1024x683.jpg 1024w, https:\/\/static-blogs.hoy.es\/wp-content\/uploads\/sites\/119\/2019\/05\/DSC01266aa-300x200.jpg 300w, https:\/\/static-blogs.hoy.es\/wp-content\/uploads\/sites\/119\/2019\/05\/DSC01266aa-768x512.jpg 768w, https:\/\/static-blogs.hoy.es\/wp-content\/uploads\/sites\/119\/2019\/05\/DSC01266aa.jpg 1386w\" sizes=\"(max-width: 1024px) 100vw, 1024px\" \/><\/a><p id=\"caption-attachment-1876\" class=\"wp-caption-text\"><span style=\"color: #0000ff;\"><em>Puesta de Sol en el lago Baikal, segundo d\u00eda de expedici\u00f3n, la temperatura ronda los -14\u00baC. Guarecidos en nuestras confortables tiendas antes de la notable ca\u00edda del term\u00f3metro, estar en el exterior es insoportable.<\/em><\/span><\/p>\n<p><\/p><\/div>\n<p>En el campamento hubo\u00a0tres tipos diferentes de tiendas de expedici\u00f3n, cada una\u00a0fue elegida seg\u00fan la necesidad.<\/p>\n<p style=\"text-align: justify;\"><span style=\"color: #0000ff;\"><em>En la foto de izquierda a derecha: tienda t\u00fanel para traves\u00eda polar para dos personas, tienda ligera de altura y monta\u00f1a de dos plazas, tienda de traves\u00eda y monta\u00f1a para tres plazas y la \u00faltima, tienda t\u00fanel para traves\u00eda polar de tres plazas.<\/em><\/span><\/p>\n<p>Aunque ya hab\u00eda probado muchos tipos de tiendas de campa\u00f1a,\u00a0me surgieron dudas de qu\u00e9 tienda\u00a0ser\u00eda la m\u00e1s adecuada a la ahora de enfrentarse a una larga traves\u00eda, a un nuevo terreno, a un\u00a0clima diferente y en solitario.\u00a0Este \u00faltimo\u00a0factor, condicionaba mucho la elecci\u00f3n de la tienda de campa\u00f1a \u00a1por supuesto!<\/p>\n<div id=\"attachment_1878\" style=\"width: 1034px\" class=\"wp-caption alignnone\"><a href=\"https:\/\/static-blogs.hoy.es\/wp-content\/uploads\/sites\/119\/2019\/05\/DSC00472aa.jpg\"><img aria-describedby=\"caption-attachment-1878\" loading=\"lazy\" class=\"size-large wp-image-1878\" src=\"https:\/\/static-blogs.hoy.es\/wp-content\/uploads\/sites\/119\/2019\/05\/DSC00472aa-1024x683.jpg\" alt=\"Manipulando con unos guantes finos una tienda de campa\u00f1a dentro de la una c\u00e1mara frigor\u00edfica a -18\u00baC.\" width=\"1024\" height=\"683\" srcset=\"https:\/\/static-blogs.hoy.es\/wp-content\/uploads\/sites\/119\/2019\/05\/DSC00472aa-1024x683.jpg 1024w, https:\/\/static-blogs.hoy.es\/wp-content\/uploads\/sites\/119\/2019\/05\/DSC00472aa-300x200.jpg 300w, https:\/\/static-blogs.hoy.es\/wp-content\/uploads\/sites\/119\/2019\/05\/DSC00472aa-768x512.jpg 768w\" sizes=\"(max-width: 1024px) 100vw, 1024px\" \/><\/a><p id=\"caption-attachment-1878\" class=\"wp-caption-text\"><em><span style=\"color: #0000ff;\">Manipulando una tienda de monta\u00f1a con guantes dentro de una c\u00e1mara frigor\u00edfica a -18\u00baC.<\/span><\/em><\/p><\/div>\n<p>Una parte importante\u00a0de mi entrenamiento consisti\u00f3\u00a0en hacer pruebas a bajas temperaturas, para ello, utilic\u00e9 la misma ropa que usar\u00eda durante el viaje. En la foto de arriba, estoy cronometrando el montaje de una tienda de campa\u00f1a con guantes de polartec.<\/p>\n<div id=\"attachment_1880\" style=\"width: 1034px\" class=\"wp-caption alignnone\"><a href=\"https:\/\/static-blogs.hoy.es\/wp-content\/uploads\/sites\/119\/2019\/05\/DSC00476aa.jpg\"><img aria-describedby=\"caption-attachment-1880\" loading=\"lazy\" class=\"size-large wp-image-1880\" src=\"https:\/\/static-blogs.hoy.es\/wp-content\/uploads\/sites\/119\/2019\/05\/DSC00476aa-1024x683.jpg\" alt=\"Esta tienda se monta con cinco varillas de aluminio. He tardado m\u00e1s de 6 minutos en extenderla y montar la primera capa, me queda por instalar la capa exterior. Me pregunto \u00bfc\u00f3mo la montare\u00b4solo con viento y manoplas gruesas?\" width=\"1024\" height=\"683\" srcset=\"https:\/\/static-blogs.hoy.es\/wp-content\/uploads\/sites\/119\/2019\/05\/DSC00476aa-1024x683.jpg 1024w, https:\/\/static-blogs.hoy.es\/wp-content\/uploads\/sites\/119\/2019\/05\/DSC00476aa-300x200.jpg 300w, https:\/\/static-blogs.hoy.es\/wp-content\/uploads\/sites\/119\/2019\/05\/DSC00476aa-768x512.jpg 768w, https:\/\/static-blogs.hoy.es\/wp-content\/uploads\/sites\/119\/2019\/05\/DSC00476aa.jpg 1920w\" sizes=\"(max-width: 1024px) 100vw, 1024px\" \/><\/a><p id=\"caption-attachment-1880\" class=\"wp-caption-text\"><span style=\"color: #0000ff;\"><em>Esta tienda se monta con cinco varillas de aluminio. He tardado m\u00e1s de\u00a05 minutos en extenderla y montar la primera capa, me queda por instalar la capa exterior. Me pregunt\u00e9 \u00bfC\u00f3mo la podr\u00eda montar solo, con viento y manoplas gruesas?<\/em><\/span><\/p><\/div>\n<p>Estas pruebas, me sirvieron para\u00a0tener una visi\u00f3n\u00a0m\u00e1s\u00a0aproximada a la realidad que me encontrar\u00eda en aquel lago helado. Al terminar el an\u00e1lisis de mi tienda de monta\u00f1a de &#8216;cuatro estaciones&#8217; (dise\u00f1ada para poder utilizarse a las cuatro \u00e9pocas a\u00f1o), observ\u00e9 que hab\u00eda tardado mucho tiempo en montarla, pero hab\u00eda un detalle quiz\u00e1s que a priori\u00a0 no era tan importante, y era a la hora de recogerla en su funda. Trat\u00e9 de recogerla sin plegarla, vamos, a las bravas&#8230;\u00a0 tuve que emplearme bien, pero no quedaba bien\u00a0en su bolsa \u00bfentonces&#8230;c\u00f3mo lo har\u00eda con manoplas gruesas?<\/p>\n<p>Todo esto supon\u00eda demasiado tiempo inm\u00f3vil, soportando el fr\u00edo y trabajando con ropa gruesa. En ese momento me formul\u00e9 la pregunta definitiva&#8230;\u00bfC\u00f3mo ser\u00eda con vientos huracanados bajo una terrible sensaci\u00f3n t\u00e9rmica? La respuesta estaba clara, hab\u00eda que seguir investigado otros modelos m\u00e1s \u00f3ptimos.<\/p>\n<p>Despu\u00e9s de hablar con Nacho, experto gu\u00eda de monta\u00f1a y expediciones, y tambi\u00e9n compa\u00f1ero en esta aventura, me ilustr\u00f3 acerca de un tipo de tienda que nunca hab\u00eda utilizado. Son las usadas normalmente en expediciones polares, llamadas tiendas t\u00fanel.<\/p>\n<p><strong>Tienda t\u00fanel, la elegida<\/strong><\/p>\n<p>Fue un gran descubrimiento, a cada caracter\u00edstica que me citaba de esta tienda, m\u00e1s se ajustaba a mis necesidades. En mi cabeza me imaginaba inimaginables condiciones que pod\u00eda encontrar all\u00e1 en el lago.<\/p>\n<p>Estos fueron lo requisitos que deb\u00eda cumplir:<\/p>\n<p>-Rapidez de montaje, desmontaje y recogida bajo cualquier condici\u00f3n, principalmente con viento muy fuerte.<\/p>\n<p>-De f\u00e1cil manipulaci\u00f3n con manoplas.<\/p>\n<p>-Dise\u00f1o sencillo,\u00a0y f\u00e1cil reparaci\u00f3n.<\/p>\n<p>-Robustez.<\/p>\n<div id=\"attachment_1924\" style=\"width: 1034px\" class=\"wp-caption alignnone\"><a href=\"https:\/\/static-blogs.hoy.es\/wp-content\/uploads\/sites\/119\/2019\/05\/IMG_20190218_185339.jpg\"><img aria-describedby=\"caption-attachment-1924\" loading=\"lazy\" class=\"size-large wp-image-1924\" src=\"https:\/\/static-blogs.hoy.es\/wp-content\/uploads\/sites\/119\/2019\/05\/IMG_20190218_185339-1024x768.jpg\" alt=\"\u00a1Reci\u00e9n llegada de Suecia! Hora hay que aprender a montarla hasta con los ojos cerrados\" width=\"1024\" height=\"768\" srcset=\"https:\/\/static-blogs.hoy.es\/wp-content\/uploads\/sites\/119\/2019\/05\/IMG_20190218_185339-1024x768.jpg 1024w, https:\/\/static-blogs.hoy.es\/wp-content\/uploads\/sites\/119\/2019\/05\/IMG_20190218_185339-300x225.jpg 300w, https:\/\/static-blogs.hoy.es\/wp-content\/uploads\/sites\/119\/2019\/05\/IMG_20190218_185339-768x576.jpg 768w, https:\/\/static-blogs.hoy.es\/wp-content\/uploads\/sites\/119\/2019\/05\/IMG_20190218_185339.jpg 1850w\" sizes=\"(max-width: 1024px) 100vw, 1024px\" \/><\/a><p id=\"caption-attachment-1924\" class=\"wp-caption-text\"><span style=\"color: #0000ff;\"><em>\u00a1Reci\u00e9n llegada de Suecia! Ahora hay que aprender a montarla con guantes y hasta con los ojos cerrados.<\/em><\/span><\/p><\/div>\n<p><strong><a href=\"https:\/\/www.centrowagen.com\/\" rel=\"external nofollow\">Centrowagen<\/a><\/strong>, otro de mis patrocinadores, me entrega esta costosa tienda de expedici\u00f3n reci\u00e9n llegada de los pa\u00edses n\u00f3rdicos.<\/p>\n<p>Una vez sacada de la caja, hab\u00eda que probarla. Se notaban unos detalles de m\u00e1xima calidad, la tela es dura, al igual que los vientos que parecen de kevlar. Otro detalle que me llam\u00f3 la atenci\u00f3n era, que con tan solo tres robustas varillas hac\u00eda toda la estructura, solamente quedaba fijarla desde un extremo, y por \u00faltimo, tirar del otro extremo, y una vez fijadas las tres \u00fanicas piquetas del toldo, quedaba montada.<\/p>\n<p>Esta tienda viene pensada para soportar huracanes y grandes ventiscas de nieve, por ello instala vientos por todos lados. Su forma aerodin\u00e1mica no deja indiferente tampoco, tan solo hay que orientarla bien en caso fuerte viento.<\/p>\n<p>\u00a1Y como no! la mont\u00e9 varias veces con las manoplas m\u00e1s gruesas, el resultado fue el esperado.<\/p>\n<p><strong>Quedaba un detallito&#8230;<\/strong><\/p>\n<p>\u00bfC\u00f3mo clavar las piquetas en el\u00a0hielo? Simple&#8230; \u00a1no se puede!<\/p>\n<p>La \u00fanica manera es roscar tornillos al hielo, para ello hay dos soluciones una cara y otra barata. Los <a href=\"https:\/\/www.decathlon.es\/es\/p\/tornillo-express-ice-screw\/_\/R-p-X680962?mc=680962&amp;LGWCODE=326483;159403;4777&amp;gclid=CjwKCAjwq-TmBRBdEiwAaO1en8bQK6luNR53o8kZZ4nw1z17SfZzAq_VqybGSBTCN_NqiRz3deyKmBoCVOgQAvD_BwE&amp;gclsrc=aw.ds\" rel=\"external nofollow\">tornillos de escalada en hielo<\/a> que se utilizan para asegurar, son ideales, se roscan al hielo con mucha rapidez y facilidad, pero son caros.<\/p>\n<div id=\"attachment_1925\" style=\"width: 947px\" class=\"wp-caption alignnone\"><a href=\"https:\/\/static-blogs.hoy.es\/wp-content\/uploads\/sites\/119\/2019\/05\/C0055T01.jpg\"><img aria-describedby=\"caption-attachment-1925\" loading=\"lazy\" class=\"size-full wp-image-1925\" src=\"https:\/\/static-blogs.hoy.es\/wp-content\/uploads\/sites\/119\/2019\/05\/C0055T01.jpg\" alt=\"Los peque\u00f1os detalles marcan la diferencia. En la foto estoy usando un tornillo de escalada en hielo, viene equipado con una peque\u00f1a manivela para facilitar su montaje y desmontaje.\" width=\"937\" height=\"703\" srcset=\"https:\/\/static-blogs.hoy.es\/wp-content\/uploads\/sites\/119\/2019\/05\/C0055T01.jpg 937w, https:\/\/static-blogs.hoy.es\/wp-content\/uploads\/sites\/119\/2019\/05\/C0055T01-300x225.jpg 300w, https:\/\/static-blogs.hoy.es\/wp-content\/uploads\/sites\/119\/2019\/05\/C0055T01-768x576.jpg 768w\" sizes=\"(max-width: 937px) 100vw, 937px\" \/><\/a><p id=\"caption-attachment-1925\" class=\"wp-caption-text\"><span style=\"color: #0000ff;\"><em>Tornillo roscado en el hielo del lago sujetando un viento de la tienda. En la foto estoy usando un tornillo de escalada en hielo, viene equipado con una peque\u00f1a manivela para facilitar su montaje y desmontaje, los peque\u00f1os detalles marcan la diferencia.<\/em><\/span><\/p><\/div>\n<p>La otra manera m\u00e1s econ\u00f3mica es fabricarse unos, la manera de roscar es laboriosa y lleva m\u00e1s de tiempo, pero al final es igual de segura para sujetar los vientos de la tienda. Lo bueno, es que son m\u00e1s ligeros y ocupan menos espacio que los otros de escalada.<\/p>\n<div id=\"attachment_1927\" style=\"width: 778px\" class=\"wp-caption alignnone\"><a href=\"https:\/\/static-blogs.hoy.es\/wp-content\/uploads\/sites\/119\/2019\/05\/IMG_20190219_120211.jpg\"><img aria-describedby=\"caption-attachment-1927\" loading=\"lazy\" class=\"size-large wp-image-1927\" src=\"https:\/\/static-blogs.hoy.es\/wp-content\/uploads\/sites\/119\/2019\/05\/IMG_20190219_120211-768x1024.jpg\" alt=\"Tornillos de para roscar el maderas duras. La medida que eleg\u00ed es de 240 mm. Le cort\u00e9 las cabezas y le sold\u00e9 un eslab\u00f3n de cadena, un peque\u00f1o pedazo de varilla hac\u00eda de palanca para roscarlos.\" width=\"768\" height=\"1024\" srcset=\"https:\/\/static-blogs.hoy.es\/wp-content\/uploads\/sites\/119\/2019\/05\/IMG_20190219_120211-768x1024.jpg 768w, https:\/\/static-blogs.hoy.es\/wp-content\/uploads\/sites\/119\/2019\/05\/IMG_20190219_120211-225x300.jpg 225w, https:\/\/static-blogs.hoy.es\/wp-content\/uploads\/sites\/119\/2019\/05\/IMG_20190219_120211.jpg 929w\" sizes=\"(max-width: 768px) 100vw, 768px\" \/><\/a><p id=\"caption-attachment-1927\" class=\"wp-caption-text\"><em><span style=\"color: #0000ff;\">Tornillos de para roscar en maderas duras. La medida que eleg\u00ed es de 240 mm. Le cort\u00e9 las cabezas y le sold\u00e9 un eslab\u00f3n de cadena, un peque\u00f1o pedazo de varilla hac\u00eda de palanca para roscarlos al hielo.<\/span><\/em><\/p><\/div>\n<p><strong>Mi dotaci\u00f3n de anclajes:<\/strong> Seis tornillos de escalda en hielo y ocho tornillos para maderas duras modificados.<\/p>\n<div id=\"attachment_1953\" style=\"width: 1034px\" class=\"wp-caption alignnone\"><a href=\"https:\/\/static-blogs.hoy.es\/wp-content\/uploads\/sites\/119\/2019\/05\/C0020T01.jpg\"><img aria-describedby=\"caption-attachment-1953\" loading=\"lazy\" class=\"size-large wp-image-1953\" src=\"https:\/\/static-blogs.hoy.es\/wp-content\/uploads\/sites\/119\/2019\/05\/C0020T01-1024x576.jpg\" alt=\"En la foto se pueden ver los dos tipos de tornillos para asegurar la tienda sobre el hielo.\" width=\"1024\" height=\"576\" srcset=\"https:\/\/static-blogs.hoy.es\/wp-content\/uploads\/sites\/119\/2019\/05\/C0020T01.jpg 1024w, https:\/\/static-blogs.hoy.es\/wp-content\/uploads\/sites\/119\/2019\/05\/C0020T01-300x169.jpg 300w, https:\/\/static-blogs.hoy.es\/wp-content\/uploads\/sites\/119\/2019\/05\/C0020T01-768x432.jpg 768w\" sizes=\"(max-width: 1024px) 100vw, 1024px\" \/><\/a><p id=\"caption-attachment-1953\" class=\"wp-caption-text\"><em><span style=\"color: #0000ff;\">En la foto se pueden ver los dos tipos de tornillos para asegurar la tienda sobre el hielo.<\/span><\/em><\/p><\/div>\n<p>He decir que estos \u00faltimos tornillos apenas los us\u00e9, solamente fijaba la tienda con tres tornillos huecos de escalada en hielo por cada extremo. Solo hab\u00eda que saber por donde soplaba el viento para orientar bien el refugio.<\/p>\n<p><strong>No todo son bondades en esta tienda<\/strong><\/p>\n<p>Cuando montas la tienda por primera vez, llama la atenci\u00f3n su longitud, esto se debe a que tiene un gran hall o <a href=\"https:\/\/www.google.com\/search?q=abside+de+tienda&amp;tbm=isch&amp;source=univ&amp;sa=X&amp;ved=2ahUKEwjXtMao0JniAhVIqxoKHasXDTQQsAR6BAgJEAE&amp;biw=1366&amp;bih=657\">\u00e1bside<\/a> para guardar todo el equipo, incluso para cocinar c\u00f3modamente sin utilizar el espacio interior de la tienda, a fin de vitar derrames sobre ropa o en los sacos de dormir.<\/p>\n<p>El dise\u00f1o de un solo arco, hace que sea algo m\u00e1s baja, lo que incomoda a la hora de poder cambiarse de ropa por ejemplo. Otra cosa, al viajar con\u00a0equipo de invierno, una tienda dise\u00f1ada para &#8216;dos personas&#8217; quedar\u00e1 justa de espacio para los dos.<\/p>\n<p style=\"text-align: center;\"><iframe loading=\"lazy\" src=\"\/\/www.youtube.com\/embed\/TtYcdkPFyWA\" width=\"560\" height=\"314\" allowfullscreen=\"allowfullscreen\"><\/iframe><\/p>\n<p style=\"text-align: left;\">Al desmontar\u00a0la tienda, la aseguraba con el viento que estaba expuesto por donde ven\u00eda la brisa. La sencillez del dise\u00f1o facilitaba su recogida ya que no era necesario desmontar el doble techo para sacar las varillas.<\/p>\n<p><strong>&#8211;<a href=\"https:\/\/blogs.hoy.es\/un-extremeno-en-el-artico\/wp-admin\/post.php?post=1779&amp;action=edit\">El pulka<\/a>\u00a0\u00a0&#8211;<\/strong><strong><a href=\"https:\/\/blogs.hoy.es\/un-extremeno-en-el-artico\/2019\/04\/29\/materiales-para-una-expedicion-al-lago-baikal-botas-y-patines\/\">Botas y patines<\/a>\u00a0 <a href=\"https:\/\/blogs.hoy.es\/un-extremeno-en-el-artico\/2019\/05\/14\/materiales-para-una-expedicion-al-lago-baikal-mi-tienda-de-campana\/\">-Tienda de campa\u00f1a<\/a><\/strong><strong>\u00a0\u00a0<\/strong><strong>-Sacos de dormir\u00a0\u00a0<\/strong><strong>-Aislantes\u00a0\u00a0<\/strong><strong>-Infiernillo cocina\u00a0 &#8211;<\/strong><strong>Equipo electr\u00f3nico y fuente de alimentaci\u00f3n\u00a0 &#8211;<\/strong><a href=\"https:\/\/blogs.hoy.es\/un-extremeno-en-el-artico\/2019\/05\/23\/comida-para-la-expedicion-al-lago-baikal\/\"><strong>Comida<\/strong><\/a><\/p>\n<hr \/>\n<p style=\"text-align: center;\"><strong>PARA VER MIS AVENTURAS HAZ CLIC EN ESTOS ENLACES<\/strong><\/p>\n<p style=\"text-align: center;\"><strong><a href=\"https:\/\/www.facebook.com\/JoseTrejo404\/\" rel=\"external nofollow\">Facebook<\/a><\/strong><\/p>\n<p><em><strong>Para ver m\u00e1s fotos de mis viajes, puedes seguirme en este link<\/strong><\/em><\/p>\n<p style=\"text-align: center;\"><strong><a href=\"https:\/\/www.instagram.com\/josetrejo404\/?hl=es\" rel=\"external nofollow\">Instagram<\/a>\u00a0<\/strong><\/p>\n<p style=\"text-align: center;\"><a href=\"https:\/\/www.google.es\/search?q=%23UnExtreme%C3%B1oEnEl%C3%81rtico&amp;tbm=isch&amp;tbo=u&amp;source=univ&amp;sa=X&amp;ved=0ahUKEwjk4__i8fzYAhUBWxQKHd2fCmUQsAQILQ&amp;biw=1366&amp;bih=637\" rel=\"external nofollow\">#UnExtreme\u00f1oEnEl\u00c1rtico<\/a>\u00a0<a href=\"https:\/\/www.instagram.com\/explore\/tags\/proyectobaikal2019\/?hl=es\" rel=\"external nofollow\">#ProyectoBaikal2019<\/a>\u00a0<a href=\"https:\/\/www.instagram.com\/explore\/tags\/aventurascentrowagen\/?hl=es\" rel=\"external nofollow\">#aventurascentrowagen<\/a><\/p>\n<hr \/>\n<p style=\"text-align: center;\"><strong>PATROCINADORES<\/strong><\/p>\n<p><strong><a href=\"https:\/\/www.centrowagen.com\/\" rel=\"external nofollow\">Centrowagen<\/a>,\u00a0<\/strong><strong><a href=\"https:\/\/www.facebook.com\/ExplorerFranquicias\/\" rel=\"external nofollow\">EXPLORER Badajoz\u00a0<\/a>,\u00a0<\/strong><strong><a href=\"https:\/\/agroconecta.es\/\" rel=\"external nofollow\">Agroconecta<\/a>,\u00a0<\/strong><strong><a href=\"https:\/\/tasermiutgreenland.com\/\" rel=\"external nofollow\">Tasermiut South Greenland Expeditions<\/a>,\u00a0<\/strong><strong>Fexme,\u00a0<a href=\"http:\/\/fexme.com\/\" rel=\"external nofollow\">Federaci\u00f3n Extreme\u00f1a de Monta\u00f1a y escalad<\/a>a,\u00a0<\/strong><strong><a href=\"https:\/\/www.decathlon.es\/es\/store-view\/tienda-de-deportes-badajoz-0070079100791\" rel=\"external nofollow\">Decathlon\u00a0<\/a><\/strong><\/p>\n<p><strong>Comunicaci\u00f3n en el proyecto\u00a0Un Extreme\u00f1o en el \u00c1rtico,\u00a0<\/strong>Sara Viera.<\/p>\n<p>&nbsp;<\/p>\n<p>&nbsp;<\/p>\n","protected":false},"excerpt":{"rendered":"<p>\u00bfQu\u00e9 tienda elegir?\u00a0Pregunta que constantemente me rondaba por la cabeza. Hab\u00eda que acertar de lleno en esta elecci\u00f3n, ya que mi supervivencia depender\u00eda de ello en este remoto lago siberiano. Abajo os dejo un v\u00eddeo de c\u00f3mo desmontaba la tienda en el lago con viento fuerte En el campamento hubo\u00a0tres tipos diferentes de tiendas de [&hellip;]<\/p>\n","protected":false},"author":142,"featured_media":1876,"comment_status":"open","ping_status":"closed","sticky":false,"template":"","format":"standard","meta":[],"categories":[1],"tags":[732,731,734,72,705,747,704,472,749,729,733,748,730],"_links":{"self":[{"href":"https:\/\/blogs.hoy.es\/un-extremeno-en-el-artico\/wp-json\/wp\/v2\/posts\/1870"}],"collection":[{"href":"https:\/\/blogs.hoy.es\/un-extremeno-en-el-artico\/wp-json\/wp\/v2\/posts"}],"about":[{"href":"https:\/\/blogs.hoy.es\/un-extremeno-en-el-artico\/wp-json\/wp\/v2\/types\/post"}],"author":[{"embeddable":true,"href":"https:\/\/blogs.hoy.es\/un-extremeno-en-el-artico\/wp-json\/wp\/v2\/users\/142"}],"replies":[{"embeddable":true,"href":"https:\/\/blogs.hoy.es\/un-extremeno-en-el-artico\/wp-json\/wp\/v2\/comments?post=1870"}],"version-history":[{"count":36,"href":"https:\/\/blogs.hoy.es\/un-extremeno-en-el-artico\/wp-json\/wp\/v2\/posts\/1870\/revisions"}],"predecessor-version":[{"id":1980,"href":"https:\/\/blogs.hoy.es\/un-extremeno-en-el-artico\/wp-json\/wp\/v2\/posts\/1870\/revisions\/1980"}],"wp:featuredmedia":[{"embeddable":true,"href":"https:\/\/blogs.hoy.es\/un-extremeno-en-el-artico\/wp-json\/wp\/v2\/media\/1876"}],"wp:attachment":[{"href":"https:\/\/blogs.hoy.es\/un-extremeno-en-el-artico\/wp-json\/wp\/v2\/media?parent=1870"}],"wp:term":[{"taxonomy":"category","embeddable":true,"href":"https:\/\/blogs.hoy.es\/un-extremeno-en-el-artico\/wp-json\/wp\/v2\/categories?post=1870"},{"taxonomy":"post_tag","embeddable":true,"href":"https:\/\/blogs.hoy.es\/un-extremeno-en-el-artico\/wp-json\/wp\/v2\/tags?post=1870"}],"curies":[{"name":"wp","href":"https:\/\/api.w.org\/{rel}","templated":true}]}}