{"id":1887,"date":"2019-05-08T08:30:34","date_gmt":"2019-05-08T06:30:34","guid":{"rendered":"http:\/\/blogs.hoy.es\/un-extremeno-en-el-artico\/?p=1887"},"modified":"2019-05-14T00:55:23","modified_gmt":"2019-05-13T22:55:23","slug":"efectos-en-el-lago-baikal-por-el-cambio-climatico","status":"publish","type":"post","link":"https:\/\/blogs.hoy.es\/un-extremeno-en-el-artico\/2019\/05\/08\/efectos-en-el-lago-baikal-por-el-cambio-climatico\/","title":{"rendered":"Efectos en el lago Baikal por el cambio clim\u00e1tico"},"content":{"rendered":"<p>No solamente fui\u00a0al lago Baikal para cumplir un sue\u00f1o o realizar un reto, sino, para ver con mis propios ojos la parte de realidad de\u00a0c\u00f3mo el clima est\u00e1 cambiando en\u00a0todos los rincones del planeta, incluido este imponente lago, Patrimonio de la Humanidad por la Unesco en 1996.<\/p>\n<div id=\"attachment_1888\" style=\"width: 1034px\" class=\"wp-caption alignnone\"><a href=\"https:\/\/static-blogs.hoy.es\/wp-content\/uploads\/sites\/119\/2019\/05\/IMG-20190228-WA0007.jpg\"><img aria-describedby=\"caption-attachment-1888\" loading=\"lazy\" class=\"size-large wp-image-1888\" src=\"https:\/\/static-blogs.hoy.es\/wp-content\/uploads\/sites\/119\/2019\/05\/IMG-20190228-WA0007-1024x769.jpg\" alt=\"To\u00f1o de Agroconecta me hace entrega del sensor que va a ir registrando los datos de temperatura durante todo el viaje.\" width=\"1024\" height=\"769\" srcset=\"https:\/\/static-blogs.hoy.es\/wp-content\/uploads\/sites\/119\/2019\/05\/IMG-20190228-WA0007.jpg 1024w, https:\/\/static-blogs.hoy.es\/wp-content\/uploads\/sites\/119\/2019\/05\/IMG-20190228-WA0007-300x225.jpg 300w, https:\/\/static-blogs.hoy.es\/wp-content\/uploads\/sites\/119\/2019\/05\/IMG-20190228-WA0007-768x577.jpg 768w\" sizes=\"(max-width: 1024px) 100vw, 1024px\" \/><\/a><p id=\"caption-attachment-1888\" class=\"wp-caption-text\"><em>To\u00f1o de <strong><a href=\"https:\/\/agroconecta.es\/\" rel=\"external nofollow\">Agroconecta <\/a><\/strong>me hace entrega del sensor que va a ir registrando los datos de temperatura durante todo el viaje.<\/em><\/p><\/div>\n<p>No soy cient\u00edfico, pero\u00a0quer\u00eda aportar\u00a0nuestro granito de arena en la investigaci\u00f3n de las consecuencias que est\u00e1n ocurriendo en el Planeta, y con ayuda de <a href=\"https:\/\/agroconecta.es\/\" rel=\"external nofollow\"><strong>Agroconecta<\/strong><\/a>, que es uno de mis patrocinadores\u00a0en esta expedici\u00f3n, nos propusimos adaptar en mi pulka uno de sus sensores que utilizan para controlar y registrar temperaturas en los cultivos.<\/p>\n<p>Este sensor ir\u00eda grabando las temperaturas cada hora, durante mi traves\u00eda, y a mi regreso, descargar aquellos datos y as\u00ed tener un esquema de los registros, para luego, cotejarlos con fuentes fidedignas y hacer un informe. As\u00ed podr\u00edamos certificar qu\u00e9 rango de temperaturas alcanzar\u00eda durante todo el viaje.<\/p>\n<p>Para mayor precisi\u00f3n, la sonda ir\u00eda colocada en un lugar exterior, sujeta en la parte trasera del pulka, as\u00ed estar\u00eda a la intemperie en todo momento y protegida de los posibles impactos contra el hielo durante el camino.<\/p>\n<p>Desgraciadamente ocurri\u00f3 lo inesperado, la tapa que proteg\u00eda la sonda, se abri\u00f3 perdi\u00e9ndose en una de las decenas de vuelcos y choques que tuve al atravesar las zonas irregulares del hielo. Una pena, as\u00ed no pod\u00eda demostrar\u00a0aquellos valiosos\u00a0datos a mi vuelta.<\/p>\n<p>&nbsp;<\/p>\n<p><strong>Anomal\u00eda t\u00e9rmica en Siberia<\/strong><\/p>\n<p>Mi extra\u00f1eza por las temperaturas que vivimos, se fue acrecentando al paso de los d\u00edas. A pesar de que mi term\u00f3metro lleg\u00f3 a marcar la m\u00ednima de -19\u00baC en una ocasi\u00f3n, no daba cr\u00e9dito, ven\u00eda preparado para experimentar unas condiciones m\u00e1s extremas. Estaba a finales del invierno siberiano y me encontraba en el centro del lago helado m\u00e1s grande del planeta \u00bfPero&#8230;qu\u00e9 ocurr\u00eda?<\/p>\n<p>Pensaba en los relatos de mis compa\u00f1eros, cuando el a\u00f1o anterior, en las mismas fechas tuvieron que abortar su expedici\u00f3n por las m\u00ednimas de -40\u00baC \u00a1Se congelaba todo! dijeron.<\/p>\n<p>Una\u00a0g\u00e9lida y espesa niebla los separ\u00f3 en dos grupos. Uno de ellos sigui\u00f3 avanzando por la costa perdido en la bruma hasta que por suerte, encontr\u00f3 su salvaci\u00f3n en una peque\u00f1a caba\u00f1a habitada por un ruso borrach\u00edn. El otro grupo tuvo que dormir en el hielo y a pesar de llevar un equipo para\u00a0aquellas\u00a0circunstancias, tuvieron una noche toledana.<\/p>\n<div id=\"attachment_1891\" style=\"width: 730px\" class=\"wp-caption alignnone\"><a href=\"https:\/\/static-blogs.hoy.es\/wp-content\/uploads\/sites\/119\/2019\/05\/IMG_20190506_132714.jpg\"><img aria-describedby=\"caption-attachment-1891\" loading=\"lazy\" class=\"size-full wp-image-1891\" src=\"https:\/\/static-blogs.hoy.es\/wp-content\/uploads\/sites\/119\/2019\/05\/IMG_20190506_132714.jpg\" alt=\"Este mapa muestra una anomal\u00eda t\u00e9rmica este mes de Marzo. Reci\u00e9n llegado de Siberia, obtuve algunas respuestas, mi amigo meteor\u00f3logo David Lope-Rey, confirmaba mis sospechas, a trav\u00e9s de la p\u00e1gina del Instituto Goddard de Estudios Espaciales de la NASA (GISS) @NASAGISS. Mostraba esta foto y el siguiente escueto texto: Confirma que marzo de 2019 es el tercer mes m\u00e1s c\u00e1lido a nivel mundial desde 1880. \" width=\"720\" height=\"471\" srcset=\"https:\/\/static-blogs.hoy.es\/wp-content\/uploads\/sites\/119\/2019\/05\/IMG_20190506_132714.jpg 720w, https:\/\/static-blogs.hoy.es\/wp-content\/uploads\/sites\/119\/2019\/05\/IMG_20190506_132714-300x196.jpg 300w\" sizes=\"(max-width: 720px) 100vw, 720px\" \/><\/a><p id=\"caption-attachment-1891\" class=\"wp-caption-text\"><em>El mapa muestra una anomal\u00eda t\u00e9rmica durante el mes de Marzo de 2019.<\/em><br \/><em>Reci\u00e9n llegado de Siberia, obtuve algunas respuestas. Mi amigo meteor\u00f3logo,\u00a0<strong><a href=\"https:\/\/www.facebook.com\/search\/top\/?q=etienne%20kapikian&amp;epa=SEARCH_BOX\" rel=\"external nofollow\">David Lopez-Rey<\/a><\/strong>, confirmaba mis sospechas, a trav\u00e9s de la p\u00e1gina del Instituto Goddard de Estudios Espaciales de la NASA (GISS) <strong><a href=\"https:\/\/twitter.com\/EKMeteo\/status\/1117823544220635137?fbclid=IwAR3kazyPykmdUJZFPxvTbQSj4kjwxjQcK6s79RPHGAMbsCHzmOPtHGSnq0c\" rel=\"external nofollow\">@NASAGISS<\/a>, <\/strong>mostraba esta foto y el siguiente y contundente texto:<\/em><br \/><em><span style=\"text-decoration: underline;\"><strong>Se confirma que marzo de 2019 es el tercer mes m\u00e1s c\u00e1lido a nivel mundial desde 1880.<\/strong><\/span> Fijaros en la mancha oscura sobre Siberia, \u00a112.2 grados cent\u00edgrados m\u00e1s!<\/em><\/p><\/div>\n<hr \/>\n<p>Los primeros d\u00edas durante la traves\u00eda fueron soleados, se alcanz\u00f3 alg\u00fan grado positivo, que por la tarde desaparec\u00eda con una bajada repentina del mercurio, pero nada parecido a lo que hab\u00edan padecido mis compa\u00f1eros el a\u00f1o anterior.<\/p>\n<p>Mi h\u00e1ndicap se hac\u00eda quiz\u00e1s m\u00e1s preocupante, ya que, como hab\u00eda estudiado meses antes, en el Sur, a donde me dirig\u00eda, comenzaba el deshielo m\u00e1s pronto.<\/p>\n<p>A\u00f1os atr\u00e1s, se hicieron famosas unas series de fotograf\u00edas hechas desde un sat\u00e9lite, en ellas se apreciaba unos de\u00a0c\u00edrculos de 5 kil\u00f3metros de di\u00e1metro. Seg\u00fan algunas hip\u00f3tesis cient\u00edficas, se produc\u00eda por el ascenso de agua con m\u00e1s temperatura procedente de las profundidades, esto produc\u00eda un deshielo sobre la capa helada que volv\u00eda a congelarse horas despu\u00e9s, dejando una peligrosa y quebradiza capa fina de hielo en la superficie.<\/p>\n<p>Hasta en dos ocasiones fui avisado por personas que me encontr\u00e9 en el lago, para que guardara precauci\u00f3n en mi traves\u00eda hacia el Sur.<\/p>\n<p>&nbsp;<\/p>\n<div id=\"attachment_1892\" style=\"width: 730px\" class=\"wp-caption alignnone\"><a href=\"https:\/\/static-blogs.hoy.es\/wp-content\/uploads\/sites\/119\/2019\/05\/FB_IMG_1549571047896.jpg\"><img aria-describedby=\"caption-attachment-1892\" loading=\"lazy\" class=\"size-full wp-image-1892\" src=\"https:\/\/static-blogs.hoy.es\/wp-content\/uploads\/sites\/119\/2019\/05\/FB_IMG_1549571047896.jpg\" alt=\"Foto tomada el 7 de Febrero de este a\u00f1o, en la localidad de Buguldeyka, lago Baikal, por el gu\u00eda italiano-ruso Ilja Boldalkow. La l\u00ednea del mercurio marca -39\u00baC, temperatura normal en esas fechas.\" width=\"720\" height=\"720\" srcset=\"https:\/\/static-blogs.hoy.es\/wp-content\/uploads\/sites\/119\/2019\/05\/FB_IMG_1549571047896.jpg 720w, https:\/\/static-blogs.hoy.es\/wp-content\/uploads\/sites\/119\/2019\/05\/FB_IMG_1549571047896-150x150.jpg 150w, https:\/\/static-blogs.hoy.es\/wp-content\/uploads\/sites\/119\/2019\/05\/FB_IMG_1549571047896-300x300.jpg 300w\" sizes=\"(max-width: 720px) 100vw, 720px\" \/><\/a><p id=\"caption-attachment-1892\" class=\"wp-caption-text\"><em>Foto tomada el 7 de Febrero de este a\u00f1o, en la localidad de <strong><a href=\"https:\/\/www.google.com\/search?sa=X&amp;q=Bugul+Deyka&amp;tbm=isch&amp;source=univ&amp;ved=2ahUKEwjZ34_7vYfiAhUE4YUKHf2fB3YQsAR6BAgKEAE&amp;biw=1366&amp;bih=625\">Buguldeyka<\/a>,<\/strong> lago Baikal, por el gu\u00eda italiano-ruso <a href=\"https:\/\/www.facebook.com\/boldakow\" rel=\"external nofollow\">Ilja Boldalkow<\/a>. La l\u00ednea del mercurio marca -39\u00baC, temperatura normal en esas fechas.<\/em><\/p><\/div>\n<p>&nbsp;<\/p>\n<div id=\"attachment_1893\" style=\"width: 718px\" class=\"wp-caption alignnone\"><a href=\"https:\/\/static-blogs.hoy.es\/wp-content\/uploads\/sites\/119\/2019\/05\/FB_IMG_1546799640021.jpg\"><img aria-describedby=\"caption-attachment-1893\" loading=\"lazy\" class=\"size-full wp-image-1893\" src=\"https:\/\/static-blogs.hoy.es\/wp-content\/uploads\/sites\/119\/2019\/05\/FB_IMG_1546799640021.jpg\" alt=\"Anillos oscuros de 5 a 7 kil\u00f3metros de di\u00e1metro fotografiados desde el espacio. Mi ruta cruzaba por estas extra\u00f1as formaciones.\" width=\"708\" height=\"354\" srcset=\"https:\/\/static-blogs.hoy.es\/wp-content\/uploads\/sites\/119\/2019\/05\/FB_IMG_1546799640021.jpg 708w, https:\/\/static-blogs.hoy.es\/wp-content\/uploads\/sites\/119\/2019\/05\/FB_IMG_1546799640021-300x150.jpg 300w\" sizes=\"(max-width: 708px) 100vw, 708px\" \/><\/a><p id=\"caption-attachment-1893\" class=\"wp-caption-text\">Anillos oscuros de 5 a 7 kil\u00f3metros de di\u00e1metro fotografiados desde el espacio. Mi ruta cruzaba por estas extra\u00f1as formaciones.<\/p><\/div>\n<p>&nbsp;<\/p>\n<div id=\"attachment_1894\" style=\"width: 606px\" class=\"wp-caption alignnone\"><a href=\"https:\/\/static-blogs.hoy.es\/wp-content\/uploads\/sites\/119\/2019\/05\/FB_IMG_1546799629528.jpg\"><img aria-describedby=\"caption-attachment-1894\" loading=\"lazy\" class=\"size-full wp-image-1894\" src=\"https:\/\/static-blogs.hoy.es\/wp-content\/uploads\/sites\/119\/2019\/05\/FB_IMG_1546799629528.jpg\" alt=\"Monstruos marinos, dragones, bases sumergidas de ovnis, fen\u00f3menos paranormales suposiciones y supersticiones de todo tipo rodean este enorme lago. Todo para tratar de esclarecer estos anillos oscuros que emergen de las enormes profundidades.\" width=\"596\" height=\"483\" srcset=\"https:\/\/static-blogs.hoy.es\/wp-content\/uploads\/sites\/119\/2019\/05\/FB_IMG_1546799629528.jpg 596w, https:\/\/static-blogs.hoy.es\/wp-content\/uploads\/sites\/119\/2019\/05\/FB_IMG_1546799629528-300x243.jpg 300w\" sizes=\"(max-width: 596px) 100vw, 596px\" \/><\/a><p id=\"caption-attachment-1894\" class=\"wp-caption-text\"><em>Hip\u00f3tesis de todo tipo para tratar de esclarecer la procedencia de estos anillos oscuros, desde monstruos marinos, dragones, bases sumergidas de ovnis, hasta fen\u00f3menos paranormales y supersticiones. Muy alentador para dormir en el lago y solo \u00bfno cre\u00eds?<\/em><\/p><\/div>\n<p>&nbsp;<\/p>\n<p><strong>\u00bfDeshielo prematuro?<\/strong><\/p>\n<p>Ten\u00eda\u00a0cierta inquietud\u00a0al pensar en mi ruta, al ser en sentido inverso a la normal \u00bfhab\u00eda sido una buena idea lo que estaba tratando de hacer? La mayor\u00eda de las\u00a0expediciones comenzaban donde terminar\u00eda la m\u00eda.<\/p>\n<p>Leyendo algunas de las cr\u00f3nicas de expedicionarios anteriores a mi, me fij\u00e9 en la aventura de Paco Acedo, tuvo que ser rescatado por un <a href=\"https:\/\/www.google.com\/search?q=hovercraft&amp;tbm=isch&amp;source=iu&amp;ictx=1&amp;fir=nDqhqNFhCW3knM%253A%252CFJsNHVN_FX9ehM%252C%252Fm%252F013xl3&amp;vet=1&amp;usg=AI4_-kRR4-C5lKFV2kzidHWrlS997QKF3w&amp;sa=X&amp;ved=2ahUKEwjdwsrhtIriAhWF8eAKHQiVCGQQ_B0wEXoECAkQBg#imgrc=nDqhqNFhCW3knM:\">hovercraft<\/a> durante su marcha en sentido contrario,\u00a0 por\u00a0adelantarse el\u00a0deshielo durante el a\u00f1o 2015, cuando iba hacia la parte norte del lago \u00bfEntonces, qu\u00e9 ser\u00eda de m\u00ed&#8230;?<\/p>\n<div id=\"attachment_1895\" style=\"width: 730px\" class=\"wp-caption alignnone\"><a href=\"https:\/\/static-blogs.hoy.es\/wp-content\/uploads\/sites\/119\/2019\/05\/FB_IMG_1548496204641.jpg\"><img aria-describedby=\"caption-attachment-1895\" loading=\"lazy\" class=\"size-full wp-image-1895\" src=\"https:\/\/static-blogs.hoy.es\/wp-content\/uploads\/sites\/119\/2019\/05\/FB_IMG_1548496204641.jpg\" alt=\"Im\u00e1genes tomadas por el sat\u00e9lite Sentinel-3, el 25 de Enero de 2019. Vemos una gran grieta transversal de unos 200 metros de anchura de agua \u2018l\u00edquida\u2019 amenaza cortando el paso a todas las expediciones.\" width=\"720\" height=\"508\" srcset=\"https:\/\/static-blogs.hoy.es\/wp-content\/uploads\/sites\/119\/2019\/05\/FB_IMG_1548496204641.jpg 720w, https:\/\/static-blogs.hoy.es\/wp-content\/uploads\/sites\/119\/2019\/05\/FB_IMG_1548496204641-300x212.jpg 300w\" sizes=\"(max-width: 720px) 100vw, 720px\" \/><\/a><p id=\"caption-attachment-1895\" class=\"wp-caption-text\">Im\u00e1genes tomadas por el sat\u00e9lite Sentinel-3, el 25 de Enero de 2019. Vemos una gran grieta transversal de orilla a orilla, de unos 400 metros de anchura de agua \u2018l\u00edquida\u2019, que amenaza cortando el paso a todas las expediciones.<\/p><\/div>\n<p><strong>Gas metano<\/strong><\/p>\n<div id=\"attachment_1896\" style=\"width: 1034px\" class=\"wp-caption alignnone\"><a href=\"https:\/\/static-blogs.hoy.es\/wp-content\/uploads\/sites\/119\/2019\/05\/IMG_20190309_085428aa.jpg\"><img aria-describedby=\"caption-attachment-1896\" loading=\"lazy\" class=\"size-large wp-image-1896\" src=\"https:\/\/static-blogs.hoy.es\/wp-content\/uploads\/sites\/119\/2019\/05\/IMG_20190309_085428aa-1024x768.jpg\" alt=\"Grandes superficies de burbujas de gas metano contenidas en el interior del hielo.\" width=\"1024\" height=\"768\" srcset=\"https:\/\/static-blogs.hoy.es\/wp-content\/uploads\/sites\/119\/2019\/05\/IMG_20190309_085428aa-1024x768.jpg 1024w, https:\/\/static-blogs.hoy.es\/wp-content\/uploads\/sites\/119\/2019\/05\/IMG_20190309_085428aa-300x225.jpg 300w, https:\/\/static-blogs.hoy.es\/wp-content\/uploads\/sites\/119\/2019\/05\/IMG_20190309_085428aa-768x576.jpg 768w, https:\/\/static-blogs.hoy.es\/wp-content\/uploads\/sites\/119\/2019\/05\/IMG_20190309_085428aa.jpg 1893w\" sizes=\"(max-width: 1024px) 100vw, 1024px\" \/><\/a><p id=\"caption-attachment-1896\" class=\"wp-caption-text\">Grandes superficies de burbujas de gas contenidas en el interior del hielo por todos sitios.<\/p><\/div>\n<p>Debido al desgaste f\u00edsico durante la traves\u00eda, en uno de los amaneceres, pude comprobar que la noche anterior hab\u00eda \u2018atornillado\u2019 mi tienda sobre una gran burbuja de color blanco, se apreciaba una dilataci\u00f3n sobre la superficie helada de varias decenas de metros cuadrados. Era una de las famosas burbujas de gas metano que tan de moda est\u00e1n ahora.<\/p>\n<div id=\"attachment_1897\" style=\"width: 1034px\" class=\"wp-caption alignnone\"><a href=\"https:\/\/static-blogs.hoy.es\/wp-content\/uploads\/sites\/119\/2019\/05\/DSC01548.jpg\"><img aria-describedby=\"caption-attachment-1897\" loading=\"lazy\" class=\"size-large wp-image-1897\" src=\"https:\/\/static-blogs.hoy.es\/wp-content\/uploads\/sites\/119\/2019\/05\/DSC01548-1024x683.jpg\" alt=\"Se puede observar en la foto grandes acumulaciones de gas de color blanco.\" width=\"1024\" height=\"683\" srcset=\"https:\/\/static-blogs.hoy.es\/wp-content\/uploads\/sites\/119\/2019\/05\/DSC01548-1024x683.jpg 1024w, https:\/\/static-blogs.hoy.es\/wp-content\/uploads\/sites\/119\/2019\/05\/DSC01548-300x200.jpg 300w, https:\/\/static-blogs.hoy.es\/wp-content\/uploads\/sites\/119\/2019\/05\/DSC01548-768x512.jpg 768w\" sizes=\"(max-width: 1024px) 100vw, 1024px\" \/><\/a><p id=\"caption-attachment-1897\" class=\"wp-caption-text\"><em>Se puede observar en la foto\u00a0la gran acumulaci\u00f3n de gas de color blanco.<\/em><\/p><\/div>\n<hr \/>\n<p style=\"text-align: center;\"><em><strong>Para ver m\u00e1s de mis aventuras, pulsa en los links<\/strong><\/em><\/p>\n<p style=\"text-align: center;\"><strong><a href=\"https:\/\/www.facebook.com\/JoseTrejo404\/\" rel=\"external nofollow\">Facebook<\/a><\/strong><\/p>\n<p style=\"text-align: center;\"><em><strong>Para ver m\u00e1s fotos de mis viajes, puedes seguirme en este link<\/strong><\/em><\/p>\n<p style=\"text-align: center;\"><strong><a href=\"https:\/\/www.instagram.com\/josetrejo404\/?hl=es\" rel=\"external nofollow\">Instagram<\/a>\u00a0<\/strong><a href=\"https:\/\/www.google.es\/search?q=%23UnExtreme%C3%B1oEnEl%C3%81rtico&amp;tbm=isch&amp;tbo=u&amp;source=univ&amp;sa=X&amp;ved=0ahUKEwjk4__i8fzYAhUBWxQKHd2fCmUQsAQILQ&amp;biw=1366&amp;bih=637\" rel=\"external nofollow\">#UnExtreme\u00f1oEnEl\u00c1rtico<\/a>\u00a0<a href=\"https:\/\/www.instagram.com\/explore\/tags\/proyectobaikal2019\/?hl=es\" rel=\"external nofollow\">#ProyectoBaikal2019<\/a>\u00a0<a href=\"https:\/\/www.instagram.com\/explore\/tags\/aventurascentrowagen\/?hl=es\" rel=\"external nofollow\">#aventurascentrowagen<\/a><\/p>\n<hr \/>\n<p style=\"text-align: center;\"><strong><span style=\"text-decoration: underline;\">PATROCINADORES<\/span><\/strong><\/p>\n<p style=\"text-align: center;\"><strong><a href=\"https:\/\/www.centrowagen.com\/\" rel=\"external nofollow\">Centrowagen<\/a>,\u00a0<\/strong><strong><a href=\"https:\/\/www.facebook.com\/ExplorerFranquicias\/\" rel=\"external nofollow\">EXPLORER Badajoz\u00a0<\/a>,\u00a0<\/strong><strong><a href=\"https:\/\/agroconecta.es\/\" rel=\"external nofollow\">Agroconecta<\/a>,\u00a0<\/strong><strong><a href=\"https:\/\/tasermiutgreenland.com\/\" rel=\"external nofollow\">Tasermiut South Greenland Expeditions<\/a>,\u00a0<\/strong><strong>Fexme,\u00a0<a href=\"http:\/\/fexme.com\/\" rel=\"external nofollow\">Federaci\u00f3n Extreme\u00f1a de Monta\u00f1a y escalad<\/a>a,\u00a0<\/strong><strong><a href=\"https:\/\/www.decathlon.es\/es\/store-view\/tienda-de-deportes-badajoz-0070079100791\" rel=\"external nofollow\">Decathlon\u00a0<\/a><\/strong><\/p>\n<p style=\"text-align: center;\"><strong>Comunicaci\u00f3n en el proyecto <span style=\"text-decoration: underline;\">Un Extreme\u00f1o en el \u00c1rtico,<\/span>\u00a0<\/strong>Sara Viera<\/p>\n<p style=\"text-align: center;\">\n","protected":false},"excerpt":{"rendered":"<p>No solamente fui\u00a0al lago Baikal para cumplir un sue\u00f1o o realizar un reto, sino, para ver con mis propios ojos la parte de realidad de\u00a0c\u00f3mo el clima est\u00e1 cambiando en\u00a0todos los rincones del planeta, incluido este imponente lago, Patrimonio de la Humanidad por la Unesco en 1996. No soy cient\u00edfico, pero\u00a0quer\u00eda aportar\u00a0nuestro granito de arena [&hellip;]<\/p>\n","protected":false},"author":142,"featured_media":1888,"comment_status":"open","ping_status":"closed","sticky":false,"template":"","format":"standard","meta":[],"categories":[1],"tags":[735,746,19,28,738,741,744,737,73,740,736,380,742,704,743,745,739],"_links":{"self":[{"href":"https:\/\/blogs.hoy.es\/un-extremeno-en-el-artico\/wp-json\/wp\/v2\/posts\/1887"}],"collection":[{"href":"https:\/\/blogs.hoy.es\/un-extremeno-en-el-artico\/wp-json\/wp\/v2\/posts"}],"about":[{"href":"https:\/\/blogs.hoy.es\/un-extremeno-en-el-artico\/wp-json\/wp\/v2\/types\/post"}],"author":[{"embeddable":true,"href":"https:\/\/blogs.hoy.es\/un-extremeno-en-el-artico\/wp-json\/wp\/v2\/users\/142"}],"replies":[{"embeddable":true,"href":"https:\/\/blogs.hoy.es\/un-extremeno-en-el-artico\/wp-json\/wp\/v2\/comments?post=1887"}],"version-history":[{"count":13,"href":"https:\/\/blogs.hoy.es\/un-extremeno-en-el-artico\/wp-json\/wp\/v2\/posts\/1887\/revisions"}],"predecessor-version":[{"id":1930,"href":"https:\/\/blogs.hoy.es\/un-extremeno-en-el-artico\/wp-json\/wp\/v2\/posts\/1887\/revisions\/1930"}],"wp:featuredmedia":[{"embeddable":true,"href":"https:\/\/blogs.hoy.es\/un-extremeno-en-el-artico\/wp-json\/wp\/v2\/media\/1888"}],"wp:attachment":[{"href":"https:\/\/blogs.hoy.es\/un-extremeno-en-el-artico\/wp-json\/wp\/v2\/media?parent=1887"}],"wp:term":[{"taxonomy":"category","embeddable":true,"href":"https:\/\/blogs.hoy.es\/un-extremeno-en-el-artico\/wp-json\/wp\/v2\/categories?post=1887"},{"taxonomy":"post_tag","embeddable":true,"href":"https:\/\/blogs.hoy.es\/un-extremeno-en-el-artico\/wp-json\/wp\/v2\/tags?post=1887"}],"curies":[{"name":"wp","href":"https:\/\/api.w.org\/{rel}","templated":true}]}}