{"id":195,"date":"2017-01-24T21:27:41","date_gmt":"2017-01-24T20:27:41","guid":{"rendered":"http:\/\/blogs.hoy.es\/un-extremeno-en-el-artico\/?p=195"},"modified":"2020-06-18T11:02:04","modified_gmt":"2020-06-18T09:02:04","slug":"viaje-a-la-noche-polar","status":"publish","type":"post","link":"https:\/\/blogs.hoy.es\/un-extremeno-en-el-artico\/2017\/01\/24\/viaje-a-la-noche-polar\/","title":{"rendered":"Prepar\u00e1ndonos para la Noche Polar"},"content":{"rendered":"<p>Hay un dicho \u00e1rtico que dice; <strong><em>\u201cNo hay mal tiempo, sino ropa inadecuada\u201d<\/em><\/strong> o de otra manera, cada cual siente el fr\u00edo como anda vestido.<\/p>\n<p>Aunque\u2026 puedo a\u00f1adir algo m\u00e1s, actitud positiva y las ganas de vivir lo que vaya sucediendo por encima de la meta. El resultado puede ser extraordinario y quiz\u00e1s, la mejor defensa contra la meteorolog\u00eda extrema.<\/p>\n<p>Cuando pensamos en unas palabras o im\u00e1genes como por ejemplo; nieve, ola de fr\u00edo, hielo, glaciar, lago helado, ventisca \u00bfqu\u00e9 se nos viene a la cabeza? Y si le sumamos estas otras, como; invierno, c\u00edrculo polar \u00c1rtico, Noruega. \u00bfCu\u00e1l es la reacci\u00f3n para muchos que les dices esta mezcla de palabras?<\/p>\n<p>El objetivo de nuestro viaje en este imponente lugar, ser\u00e1 el de experimentar y vivir con las condiciones meteorol\u00f3gicas de clima g\u00e9lido, y astron\u00f3micas de la noche polar o noche eterna, durante una semana de turismo fotogr\u00e1fico y actividades de monta\u00f1a.<\/p>\n<p>Deberemos aprender desde a vestirnos, como a soportar la constante y baja temperatura o conducir sobre estrechas carreteras cubiertas de nieve helada en medio de las ventiscas\u00a0y poca visibilidad.<\/p>\n<p>&nbsp;<\/p>\n<p><strong><em>El sitio elegido. <\/em><\/strong><\/p>\n<p><strong><em>Nuestra peque\u00f1a gran aventura<\/em><\/strong>\u00a0comenzar\u00e1 en\u00a0la isla llamada <strong><em>Troms\u00f8ya,<\/em><\/strong> entre el impresionante fiordo de <strong><em>Troms\u00f8ysundet<\/em><\/strong>\u00a0 y la isla de <strong><em>Kval\u00f8ya<\/em><\/strong> en <strong><em>la Laponia Noruega<\/em><\/strong>, municipio de <strong><em>Troms\u00f8<\/em><\/strong>, <strong>m\u00e1s all\u00e1 del C\u00edrculo Polar \u00c1rtico<\/strong>, lugar donde va estar nuestra base y zona de descanso.\u00a0 Durante el viaje iremos al Este a <strong><em>Lyngen,<\/em><\/strong> los Alpes del Norte de Noruega, para visitar y escalar en hielo cascadas que all\u00ed se forman durante el invierno.<\/p>\n<p>&#8211;<a href=\"https:\/\/www.google.es\/maps\/place\/Troms\" rel=\"external nofollow\">Troms\u00f8<\/a><\/p>\n<div id=\"attachment_197\" style=\"width: 610px\" class=\"wp-caption aligncenter\"><a href=\"\/un-extremeno-en-el-artico\/wp-content\/uploads\/sites\/119\"><img aria-describedby=\"caption-attachment-197\" loading=\"lazy\" class=\"size-full wp-image-197\" title=\"3\" src=\"\/un-extremeno-en-el-artico\/wp-content\/uploads\/sites\/119\" alt=\"\" width=\"600\" height=\"602\" \/><\/a><p id=\"caption-attachment-197\" class=\"wp-caption-text\">Ruta en coche propuesta Troms\u00f8-Koppangen-Skibotn<\/p><\/div>\n<p><strong>El viaje lo haremos cuatro pacenses.<\/strong> <strong>\u00a0<\/strong><\/p>\n<p><strong>Antonio<\/strong>, uno de mis hermanos peque\u00f1os, Es un entusiasta ciclista, que no perdona un fin de semana d\u00e1ndole a los pedales en alguna de sus bicis. Le gusta viajar por toda la geograf\u00eda peninsular con una vieja volkswagen llamada \u201cAnto\u00f1oneta\u201d. Con muy poca experiencia en viajes al extranjero y menos a las regiones \u00c1rticas, se ha atrevido a acompa\u00f1arnos.<\/p>\n<p><strong>Juanpe<\/strong>, otro de mis hermanos, amante de la fotograf\u00eda paisajista y de la fauna, con m\u00e1s de 50 pa\u00edses visitados en los cinco continentes, entre ellos Islandia, Groenlandia y Canad\u00e1. Tambi\u00e9n corredor de largas distancias en monta\u00f1a.<\/p>\n<p><strong>Rafa<\/strong>, amigo y compa\u00f1ero de cordada en escalada, tambi\u00e9n \u00a0monta\u00f1ero, navegante, aventurero y viajero del mundo durante largas estancias. Con muchos kil\u00f3metros recorridos de cualquier manera, alcanzando a pi\u00e9 y en solitario muchos de los rincones m\u00e1s ex\u00f3ticos del planeta.<\/p>\n<div id=\"attachment_198\" style=\"width: 586px\" class=\"wp-caption aligncenter\"><a href=\"\/un-extremeno-en-el-artico\/wp-content\/uploads\/sites\/119\"><img aria-describedby=\"caption-attachment-198\" loading=\"lazy\" class=\"size-full wp-image-198\" title=\"4\" src=\"\/un-extremeno-en-el-artico\/wp-content\/uploads\/sites\/119\" alt=\"\" width=\"576\" height=\"768\" \/><\/a><p id=\"caption-attachment-198\" class=\"wp-caption-text\">Reunido el grupo ultimando cosas\u2026 \u00a1\u00bfentrar\u00e1n tantos bultos en el coche?!<\/p><\/div>\n<p>&nbsp;<\/p>\n<p><strong>C\u00f3mo preparar una maleta para ir m\u00e1s all\u00e1 del C\u00edrculo Polar \u00c1rtico en invierno.<\/strong><\/p>\n<p><strong>Los extreme\u00f1os estamos acostumbrados a<\/strong><strong>\u00a0las\u00a0<\/strong><strong>extremas\u00a0<\/strong><strong>altas temperaturas,\u00a0<\/strong><strong>y sabemos c\u00f3mo defendernos\u00a0del calor y\u00a0del Sol abrasador,\u00a0pero muy poco\u00a0de las temperaturas g\u00e9lidas \u00e1rticas, tormentas de nieve y helada oscuridad. Entonces \u00bfhabr\u00e1 diferencias a la hora de hacer nuestro equipaje?<\/strong><\/p>\n<p>Para ello, lo primero que vamos a meter en la maleta ser\u00e1 actitud positiva, ya que nada nos obliga a ello\u2026, adem\u00e1s de fuertes dosis de curiosidad para adaptarse al medio, y capacidad para la aventura. Vamos a derribar los muros de nuestro confort, o como me gusta denominarlo <strong>experimentaci\u00f3n. <\/strong><\/p>\n<p>Si la mezcla est\u00e1 bien hecha desde \u201ccasa\u201d, el resultado ser\u00e1 el disfrute de una experiencia, aunque dura, muy pocos estar\u00e1n dispuestos a vivir, y debido principalmente a limitaciones mentales m\u00e1s que f\u00edsicas y econ\u00f3micas. \u00a1Qu\u00e9 fr\u00edo!, \u201cme muero\u201d, \u00a0\u00bfventiscas de nieve? \u00a1Qu\u00e9 miedo!, \u00a1y sin luz solar, que triste! etc. entre otras.<\/p>\n<p>Me asaltan dudas acerca de qu\u00e9 ropa recomendar a mis compa\u00f1eros de viaje, a la hora de no pasar fr\u00edo en un lugar desconocido y tan extremo como es el norte de Noruega en invierno.<\/p>\n<p>Investigo en algunas paginas wed de meteorolog\u00eda, leo las condiciones de vida de la zona, encuentro tambi\u00e9n negocios de actividades al aire libre, en el que alquilan entre otros, raquetas para andar en la nieve, equipos de esqu\u00ed, bicis adaptadas con ruedas de clavos para el hielo, material para acampar y \u00a1eureka! ropa de abrigo especializada. \u00a1Bien! este ser\u00e1 el plan B, en caso de que las temperaturas sean muy bajas, podremos alquilar algo, ya que no tenemos espacio en la maleta para esta ropa \u201cgruesa\u201d.<\/p>\n<p>Sigo igualmente un grupo de <em>facebook<\/em> de fotograf\u00eda de la regi\u00f3n de <strong><em>Troms\u00f8<\/em><\/strong> y <strong><em>Finnmark<\/em><\/strong>,\u00a0 en los que muchos comentan lo g\u00e9lido de las condiciones mientras salen a hacer fotograf\u00edas, algunos incluso anotan las temperaturas, <strong>un ejemplo; el 4 de enero de este a\u00f1o, en el municipio de <em>Bardu <\/em>-33,5\u00ba cent\u00edgrados!!<\/strong><\/p>\n<p>Los partes meteorol\u00f3gicos anuncian temporal por fuertes ventiscas de nieve y bajada de temperaturas para mediados de enero. M\u00ednimas en <strong><em>Troms\u00f8 <\/em><\/strong>de -12\u00ba cent\u00edgrados. Jejeje, la fecha coincide con nuestra llegada.<\/p>\n<p>Bueno, con todos estos datos, creo que tengo una idea de qu\u00e9 vestuario recomendar\u00a0\u00a1pues a ponerlo en pr\u00e1ctica! \u00a1A ver qu\u00e9 tal sale!<\/p>\n<p>-P\u00e1gina noruega de <a href=\"http:\/\/www.yr.no\/sted\/Norge\/Troms\/Troms%C3%B8\/Troms%C3%B8\/\" rel=\"external nofollow\">meteorolog\u00eda<\/a> \u00a1muy fiable!<\/p>\n<p>&#8211;<a href=\"http:\/\/www.tromsooutdoor.no\/\" rel=\"external nofollow\">Alquiler de material y excursiones en Troms\u00f8<\/a>.<\/p>\n<p>-Para disfrutar de las im\u00e1genes del <a href=\"https:\/\/www.facebook.com\/groups\/349495561863890\/\" rel=\"external nofollow\">\u00e1rtico noruego<\/a>.<\/p>\n<p><a href=\"https:\/\/www.facebook.com\/groups\/finnmarkibilder\/\" rel=\"external nofollow\">FINMARK<\/a><\/p>\n<p>&nbsp;<\/p>\n<p>&nbsp;<\/p>\n<p><strong>La log\u00edstica<\/strong><\/p>\n<p>Deberemos ir muy abrigados, incluso por una leve brisa la sensaci\u00f3n t\u00e9rmica bajar\u00e1 mucho, as\u00ed que todas las partes del cuerpo tienen que ir protegidas del aire, sino se enfriar\u00edan muy r\u00e1pido y nos podr\u00eda provocar quemaduras en la piel en casos extremos.<\/p>\n<p>Empezamos por la ropa, <strong>\u00a1vestirse bien es la diferencia!<\/strong> Y lo haremos combinando varias capas de ropa en vez de una sola capa \u201cgruesa\u201d, desde la cabeza a los pies. Siempre empezando por las capas interiores ajustadas y con relleno t\u00e9rmico fino, por encima otra capa hasta la \u00faltima que deber\u00e1 ser capaz de cortar el viento y ser transpirable, \u00a1pero ojo! Nada de ponerse m\u00e1s de dos capas cortavientos ya que esa capa extra anular\u00eda la transpiraci\u00f3n y nos podr\u00eda incluso congelar el sudor en el interior.<\/p>\n<p>El calzado, botas para monta\u00f1a, a ser posible de un n\u00famero y medio m\u00e1s de lo que solemos usar, ya que si llevamos los pies demasiado ajustados, no tendr\u00edamos buena circulaci\u00f3n y r\u00e1pidamente se enfriar\u00edan.<\/p>\n<p>La estrategia es ir probando las sensaciones que vamos notando, en vez de salir a la calle forrados de ropa innecesaria. Por esto, es bueno llevar otra capa extra completa en la bolsa a mano, en caso de seguir con fr\u00edo.<\/p>\n<p><strong>Por \u00faltimo, una aclaraci\u00f3n y un consejo<\/strong> !la ropa no calienta el cuerpo! sino al rev\u00e9s \u00a1El cuerpo calienta la ropa! Y esta ropa nos mantendr\u00e1 calientes y secos seg\u00fan la calidad de esta.<\/p>\n<p>Si estamos parados, el organismo no produce energ\u00eda calor\u00edfica y se enfr\u00eda, consejo, <strong>adelantarse al fr\u00edo<\/strong>, hacer ejercicios y moverse para que este produzca calor. Apartarse del viento ser\u00e1 fundamental.<\/p>\n<p>Para defenderse a los rigores g\u00e9lidos, viene fant\u00e1stico llevar un termo en el interior de la mochila, alguna bebida caliente y azucarada nos reconfortar\u00e1, as\u00ed como comer cosas muy cal\u00f3ricas (alimentos grasos, mantequilla, chocolate), y cada vez que salgamos al exterior tendremos una fuente potente de energ\u00eda, y por supuesto, una linterna con recambio de pilas en el bolsillo, ya que no tendremos mucha luz solar\u2026<\/p>\n<p>-Para consejos acerca del equipaje, en Badajoz.\u00a0<a href=\"http:\/\/www.zonaexplorer.com\/index.php\/es\/\" rel=\"external nofollow\">EXPLORER<\/a><\/p>\n<div id=\"attachment_199\" style=\"width: 586px\" class=\"wp-caption aligncenter\"><a href=\"\/un-extremeno-en-el-artico\/wp-content\/uploads\/sites\/119\"><img aria-describedby=\"caption-attachment-199\" loading=\"lazy\" class=\"size-full wp-image-199\" title=\"2\" src=\"\/un-extremeno-en-el-artico\/wp-content\/uploads\/sites\/119\" alt=\"\" width=\"576\" height=\"768\" \/><\/a><p id=\"caption-attachment-199\" class=\"wp-caption-text\">Antonio comprobando la ropa de esqu\u00ed que ha adquirido,ya est\u00e1 preparado para la aventura!<\/p><\/div>\n<p>&nbsp;<\/p>\n<p>Como siempre, aconsejo, llevar una bolsa de viaje ligera y flexible de 90 litros y una mochila, ya que por la compra del billete de avi\u00f3n te da derecho a llevar \u00a0una maleta de 20 kilos m\u00e1ximo en bodega, y una bolsa de mano de 10 kilos en cabina por persona.<\/p>\n<p>-Los vuelos los cogimos en una compa\u00f1\u00eda <a href=\"http:\/\/www.norwegian.com\/es\/\" rel=\"external nofollow\">\u201dlow cost\u201d noruega<\/a>. Nos iban mandando toda la informaci\u00f3n de la reserva y horarios por sms.<\/p>\n<p>&nbsp;<\/p>\n<p>&#8211;<a href=\"https:\/\/www.sixt.es\/alquiler-coches\/noruega\/tromsoe\/tromsoe\" rel=\"external nofollow\">El coche de alquiler<\/a>, con tracci\u00f3n 4&#215;4, asientos y volante calefactables con neum\u00e1ticos de invierno.<\/p>\n<p>&nbsp;<\/p>\n<div id=\"attachment_200\" style=\"width: 771px\" class=\"wp-caption aligncenter\"><a href=\"\/un-extremeno-en-el-artico\/wp-content\/uploads\/sites\/119\"><img aria-describedby=\"caption-attachment-200\" loading=\"lazy\" class=\"size-full wp-image-200\" title=\"5\" src=\"\/un-extremeno-en-el-artico\/wp-content\/uploads\/sites\/119\" alt=\"\" width=\"761\" height=\"600\" \/><\/a><p id=\"caption-attachment-200\" class=\"wp-caption-text\">Equipo preparado, ahora viene lo m\u00e1s dif\u00edcil, colocarlo en la maleta y que no pase de 20 kilos! Jejeje se me olvidaba la ropa\u2026mmmm<\/p><\/div>\n<p>&nbsp;<\/p>\n<div id=\"attachment_201\" style=\"width: 711px\" class=\"wp-caption aligncenter\"><a href=\"\/un-extremeno-en-el-artico\/wp-content\/uploads\/sites\/119\/2017\/01\/IMG_20170111_222521.jpg\"><img aria-describedby=\"caption-attachment-201\" loading=\"lazy\" class=\"size-full wp-image-201\" title=\"IMG_20170111_222521\" src=\"\/un-extremeno-en-el-artico\/wp-content\/uploads\/sites\/119\/2017\/01\/IMG_20170111_222521.jpg\" alt=\"\" width=\"701\" height=\"600\" srcset=\"https:\/\/static-blogs.hoy.es\/wp-content\/uploads\/sites\/119\/2017\/01\/IMG_20170111_222521.jpg 701w, https:\/\/static-blogs.hoy.es\/wp-content\/uploads\/sites\/119\/2017\/01\/IMG_20170111_222521-300x257.jpg 300w\" sizes=\"(max-width: 701px) 100vw, 701px\" \/><\/a><p id=\"caption-attachment-201\" class=\"wp-caption-text\">!Tiene que caber todo! as\u00ed que, hay que hacer un \u201cTetris\u201d.<\/p><\/div>\n<p>&nbsp;<\/p>\n<p>Noruega famosa de tener el nivel de vida caro, por ello decidimos llevar\u00a0tambi\u00e9n comida desde casa, seguramente nos ahorraremos un \u201cpico\u201d. <strong>Comparando precios de algunos supermercados de all\u00ed<\/strong>, ejemplo: un pimiento 5 euros, barra de pan 3 euros, lata de cerveza 3,20 euros !cada una!<\/p>\n<p>Revisamos por \u00faltimo la lista de cosas de nuevo, por si faltara algo.<\/p>\n<p>&nbsp;<\/p>\n<p>Ale \u00a1A dormir! En pocas horas nos encontraremos en el extremo de todo, en otro planeta.<\/p>\n<div id=\"attachment_202\" style=\"width: 778px\" class=\"wp-caption aligncenter\"><a href=\"\/un-extremeno-en-el-artico\/wp-content\/uploads\/sites\/119\"><img aria-describedby=\"caption-attachment-202\" loading=\"lazy\" class=\"size-full wp-image-202\" title=\"6\" src=\"\/un-extremeno-en-el-artico\/wp-content\/uploads\/sites\/119\" alt=\"\" width=\"768\" height=\"448\" \/><\/a><p id=\"caption-attachment-202\" class=\"wp-caption-text\">Nos hospedaremos en el Camping de <a href=\"https:\/\/tromsocamping.no\/overnatting\/tommerhytte\/\" rel=\"external nofollow\">Troms\u00f8<\/a><\/p><\/div>\n<p>&nbsp;<\/p>\n<p><em><strong>Para ver m\u00e1s de mis aventuras, pulsa en los links<\/strong><\/em><\/p>\n<p><strong><a href=\"https:\/\/www.facebook.com\/JoseTrejo404\/\" rel=\"external nofollow\">Facebook<\/a><\/strong><\/p>\n<p><em><strong>Para ver m\u00e1s fotos de mis viajes, puedes seguirme en este link<\/strong><\/em><\/p>\n<p><a href=\"https:\/\/www.instagram.com\/josetrejo404\/?hl=es\" rel=\"external nofollow\"><strong>Instagram<\/strong><\/a><\/p>\n<p>&nbsp;<\/p>\n<p>&nbsp;<\/p>\n","protected":false},"excerpt":{"rendered":"<p>Hay un dicho \u00e1rtico que dice; \u201cNo hay mal tiempo, sino ropa inadecuada\u201d o de otra manera, cada cual siente el fr\u00edo como anda vestido. Aunque\u2026 puedo a\u00f1adir algo m\u00e1s, actitud positiva y las ganas de vivir lo que vaya sucediendo por encima de la meta. El resultado puede ser extraordinario y quiz\u00e1s, la mejor [&hellip;]<\/p>\n","protected":false},"author":142,"featured_media":202,"comment_status":"open","ping_status":"closed","sticky":false,"template":"","format":"standard","meta":[],"categories":[2],"tags":[4,19,22,24,36,38,42,52,79,132,134,137,144,154,168,170,177,206,222,224,232,233],"_links":{"self":[{"href":"https:\/\/blogs.hoy.es\/un-extremeno-en-el-artico\/wp-json\/wp\/v2\/posts\/195"}],"collection":[{"href":"https:\/\/blogs.hoy.es\/un-extremeno-en-el-artico\/wp-json\/wp\/v2\/posts"}],"about":[{"href":"https:\/\/blogs.hoy.es\/un-extremeno-en-el-artico\/wp-json\/wp\/v2\/types\/post"}],"author":[{"embeddable":true,"href":"https:\/\/blogs.hoy.es\/un-extremeno-en-el-artico\/wp-json\/wp\/v2\/users\/142"}],"replies":[{"embeddable":true,"href":"https:\/\/blogs.hoy.es\/un-extremeno-en-el-artico\/wp-json\/wp\/v2\/comments?post=195"}],"version-history":[{"count":3,"href":"https:\/\/blogs.hoy.es\/un-extremeno-en-el-artico\/wp-json\/wp\/v2\/posts\/195\/revisions"}],"predecessor-version":[{"id":2640,"href":"https:\/\/blogs.hoy.es\/un-extremeno-en-el-artico\/wp-json\/wp\/v2\/posts\/195\/revisions\/2640"}],"wp:featuredmedia":[{"embeddable":true,"href":"https:\/\/blogs.hoy.es\/un-extremeno-en-el-artico\/wp-json\/wp\/v2\/media\/202"}],"wp:attachment":[{"href":"https:\/\/blogs.hoy.es\/un-extremeno-en-el-artico\/wp-json\/wp\/v2\/media?parent=195"}],"wp:term":[{"taxonomy":"category","embeddable":true,"href":"https:\/\/blogs.hoy.es\/un-extremeno-en-el-artico\/wp-json\/wp\/v2\/categories?post=195"},{"taxonomy":"post_tag","embeddable":true,"href":"https:\/\/blogs.hoy.es\/un-extremeno-en-el-artico\/wp-json\/wp\/v2\/tags?post=195"}],"curies":[{"name":"wp","href":"https:\/\/api.w.org\/{rel}","templated":true}]}}