{"id":1987,"date":"2019-05-28T20:48:14","date_gmt":"2019-05-28T18:48:14","guid":{"rendered":"http:\/\/blogs.hoy.es\/un-extremeno-en-el-artico\/?p=1987"},"modified":"2019-05-28T20:53:29","modified_gmt":"2019-05-28T18:53:29","slug":"expedicion-al-lago-baikal-objetivos","status":"publish","type":"post","link":"https:\/\/blogs.hoy.es\/un-extremeno-en-el-artico\/2019\/05\/28\/expedicion-al-lago-baikal-objetivos\/","title":{"rendered":"Expedici\u00f3n al lago Baikal. Objetivos"},"content":{"rendered":"<p><strong>Objetivos<\/strong><\/p>\n<p>Para esta expedici\u00f3n me propuse cumplir dos objetivos. El primero de ellos, constatar de primera mano los efectos causados por las inusuales temperaturas en el invierno siberiano debido al calentamiento global de nuestro Planeta, concretamente en el lago Baikal.<\/p>\n<p>El segundo de mis objetivos, adquirir m\u00e1s experiencia para futuras expediciones polares. Quer\u00eda poner a prueba mi capacidad mental bajo temperaturas extremas en una traves\u00eda sobre el hielo, sin asistencia y en solitario.<\/p>\n<p><strong>\u00a0<\/strong><\/p>\n<div id=\"attachment_1992\" style=\"width: 810px\" class=\"wp-caption alignnone\"><a href=\"https:\/\/static-blogs.hoy.es\/wp-content\/uploads\/sites\/119\/2019\/05\/IMG_20190303_010537a.jpg\"><img aria-describedby=\"caption-attachment-1992\" loading=\"lazy\" class=\"size-full wp-image-1992\" src=\"https:\/\/static-blogs.hoy.es\/wp-content\/uploads\/sites\/119\/2019\/05\/IMG_20190303_010537a.jpg\" alt=\"Con parte del Team. Aeropuerto de Irkutsk Solo queda recoger la rezagada pulka de Pep. \" width=\"800\" height=\"600\" srcset=\"https:\/\/static-blogs.hoy.es\/wp-content\/uploads\/sites\/119\/2019\/05\/IMG_20190303_010537a.jpg 800w, https:\/\/static-blogs.hoy.es\/wp-content\/uploads\/sites\/119\/2019\/05\/IMG_20190303_010537a-300x225.jpg 300w, https:\/\/static-blogs.hoy.es\/wp-content\/uploads\/sites\/119\/2019\/05\/IMG_20190303_010537a-768x576.jpg 768w\" sizes=\"(max-width: 800px) 100vw, 800px\" \/><\/a><p id=\"caption-attachment-1992\" class=\"wp-caption-text\"><em><span style=\"color: #0000ff;\">Parte del Dream Team. Solo queda recoger la rezagada pulka de Pep. Aeropuerto de Irkutsk.<\/span><\/em><\/p><\/div>\n<p><strong>Pre\u00e1mbulo<\/strong><\/p>\n<p>Contact\u00e9 para pedir informaci\u00f3n al club ciclista de <a href=\"https:\/\/www.facebook.com\/fatbikebarcelona\/\" rel=\"external nofollow\">Fat Bike Barcelona<\/a>, pues estuvieron en el lago Baikal el invierno anterior haciendo una traves\u00eda con bicis<em> <a href=\"https:\/\/www.google.com\/search?q=fat+bike&amp;tbm=isch&amp;source=univ&amp;sa=X&amp;ved=2ahUKEwj4xoOs677iAhXjoXEKHUfnC8IQsAR6BAgIEAE&amp;biw=1366&amp;bih=657\">fat bike<\/a><\/em>.<\/p>\n<p>El presidente de este club David Espallargas, me propuso acompa\u00f1arles el a\u00f1o 2019, ya que quer\u00edan regresar al lago, pero esta vez su intenci\u00f3n era atravesarlo a pie por la parte m\u00e1s ancha, unos 82 kil\u00f3metros en autosuficiencia tirando con <em><a href=\"https:\/\/blogs.hoy.es\/un-extremeno-en-el-artico\/2019\/04\/23\/materiales-para-una-expedicion-al-lago-baikal-el-pulka\/\">pulkas<\/a><\/em>.<\/p>\n<p>Aunque mi idea era distinta a la de ellos, decid\u00ed acoplarme a parte de su viaje para compartir gastos y apoyo en la log\u00edstica rusa. Ellos ten\u00edan los contactos y experiencia sobre el terreno, as\u00ed tambi\u00e9n ser\u00edan un apoyo los primeros d\u00edas en el lago antes de separarme y seguir en solitario.<\/p>\n<p>Aunque mi proyecto era hacer el lago en solitario de extremo a extremo en autosuficiencia, modifiqu\u00e9 mi traves\u00eda recortando unos 180 kil\u00f3metros, de los 635 iniciales, para adaptarme al grupo. Mi traves\u00eda al final partir\u00eda como la del club <a href=\"https:\/\/www.facebook.com\/fatbikebarcelona\/\" rel=\"external nofollow\">Fat Bike Barcelona<\/a>, desde <a href=\"https:\/\/es.wikipedia.org\/wiki\/Ust-Barguz%C3%ADn\" rel=\"external nofollow\">Ust-Barguzin <\/a>donde compartir\u00eda dos d\u00edas con el grupo para hacer el cruce por la parte m\u00e1s ancha del lago, hasta el cabo Norte de la isla de <a href=\"https:\/\/www.google.com\/search?q=Olkhon&amp;tbm=isch&amp;source=iu&amp;ictx=1&amp;fir=OsuDFX_MzkQJVM%253A%252CEQHOLw--a3C64M%252C_&amp;vet=1&amp;usg=AI4_-kTtewizOqZ2yk1n6Dr0xYpqtRuLIg&amp;sa=X&amp;ved=2ahUKEwjZ0cSz577iAhXHShUIHQs0AmEQ9QEwBHoECAkQCg#imgrc=OsuDFX_MzkQJVM:\">Olkhon<\/a><strong>, <\/strong>y luego separarme para tomar el rumbo SW (suroeste), ya en solitario y tratar de llegar al extremo sur para alcanzar el \u00a0pueblo de <a href=\"https:\/\/www.google.com\/search?q=kultuk&amp;tbm=isch&amp;source=univ&amp;sa=X&amp;ved=2ahUKEwi7iouQ577iAhUNVBUIHQTnC7IQsAR6BAgJEAE&amp;biw=1366&amp;bih=657#imgrc=CIiIWpNE_EHu1M:\">Kultuk<\/a>, que ser\u00eda mi meta.<\/p>\n<p><strong>El grupo<\/strong><\/p>\n<p>Los participantes al final constaba de <em>David, Pep<\/em> y <em>Dani<\/em> que procedentes de Barcelona y del club <a href=\"https:\/\/www.facebook.com\/fatbikebarcelona\/\" rel=\"external nofollow\">Fat Bike Barcelona<\/a>, la pareja formada por <em>Kristen<\/em>\u00a0y Nacho de la empresa de viajes de aventura\u00a0<a href=\"https:\/\/www.roundsquareadventures.com\/es\/\" rel=\"external nofollow\">Round square avdenture<\/a>s \u00a0y yo.<\/p>\n<p><strong>\u00a0<\/strong><\/p>\n<p><strong>Descripci\u00f3n de la log\u00edstica del viaje<\/strong><\/p>\n<div id=\"attachment_1989\" style=\"width: 1034px\" class=\"wp-caption alignnone\"><a href=\"https:\/\/static-blogs.hoy.es\/wp-content\/uploads\/sites\/119\/2019\/05\/MAPA-3.jpg\"><img aria-describedby=\"caption-attachment-1989\" loading=\"lazy\" class=\"size-large wp-image-1989\" src=\"https:\/\/static-blogs.hoy.es\/wp-content\/uploads\/sites\/119\/2019\/05\/MAPA-3-1024x491.jpg\" alt=\"Ruta inicial propuesta\" width=\"1024\" height=\"491\" srcset=\"https:\/\/static-blogs.hoy.es\/wp-content\/uploads\/sites\/119\/2019\/05\/MAPA-3-1024x491.jpg 1024w, https:\/\/static-blogs.hoy.es\/wp-content\/uploads\/sites\/119\/2019\/05\/MAPA-3-300x144.jpg 300w, https:\/\/static-blogs.hoy.es\/wp-content\/uploads\/sites\/119\/2019\/05\/MAPA-3-768x368.jpg 768w, https:\/\/static-blogs.hoy.es\/wp-content\/uploads\/sites\/119\/2019\/05\/MAPA-3.jpg 1311w\" sizes=\"(max-width: 1024px) 100vw, 1024px\" \/><\/a><p id=\"caption-attachment-1989\" class=\"wp-caption-text\"><span style=\"color: #0000ff;\"><em>Ruta inicial propuesta<\/em><\/span><\/p><\/div>\n<p>&nbsp;<\/p>\n<div id=\"attachment_1990\" style=\"width: 1034px\" class=\"wp-caption alignnone\"><a href=\"https:\/\/static-blogs.hoy.es\/wp-content\/uploads\/sites\/119\/2019\/05\/IMG_20190303_070357-2-copia.jpg\"><img aria-describedby=\"caption-attachment-1990\" loading=\"lazy\" class=\"size-large wp-image-1990\" src=\"https:\/\/static-blogs.hoy.es\/wp-content\/uploads\/sites\/119\/2019\/05\/IMG_20190303_070357-2-copia-1024x768.jpg\" alt=\"Kristen, Nacho, David, Dani (de espalda) y Pep\" width=\"1024\" height=\"768\" srcset=\"https:\/\/static-blogs.hoy.es\/wp-content\/uploads\/sites\/119\/2019\/05\/IMG_20190303_070357-2-copia-1024x768.jpg 1024w, https:\/\/static-blogs.hoy.es\/wp-content\/uploads\/sites\/119\/2019\/05\/IMG_20190303_070357-2-copia-300x225.jpg 300w, https:\/\/static-blogs.hoy.es\/wp-content\/uploads\/sites\/119\/2019\/05\/IMG_20190303_070357-2-copia-768x576.jpg 768w, https:\/\/static-blogs.hoy.es\/wp-content\/uploads\/sites\/119\/2019\/05\/IMG_20190303_070357-2-copia.jpg 1143w\" sizes=\"(max-width: 1024px) 100vw, 1024px\" \/><\/a><p id=\"caption-attachment-1990\" class=\"wp-caption-text\">(De izquierda a derecha) Kristen, Nacho, David, Dani (de espalda) y Pep<\/p><\/div>\n<p>Dani componente del club <a href=\"https:\/\/www.facebook.com\/fatbikebarcelona\/\" rel=\"external nofollow\">Fat Bike Barcelona<\/a> fue de avanzadilla, \u00e9l era el <em>\u2018log\u00edstico\u2019<\/em> del grupo. Parti\u00f3 para Rusia dos d\u00edas antes para conseguir combustible y comprar algunos pedidos del grupo.<\/p>\n<p>Como yo vivo en la mitad Sur de Espa\u00f1a, me un\u00ed a ellos en <a href=\"https:\/\/www.google.com\/destination?q=mosc%C3%BA+rusia&amp;output=search&amp;dest_mid=\/m\/04swd&amp;sa=X&amp;ved=2ahUKEwjznPqa6L7iAhW1RBUIHS0iAoEQ6tEBKAQwAHoECAoQBw#dest_mid=\/m\/04swd&amp;tcfs=EhIKCC9tLzA0c3dkEgZNb3Njw7o\">Mosc\u00fa<\/a> el <span style=\"color: #0000ff;\">d\u00eda 1 de Marzo,<\/span> y as\u00ed viajar\u00edamos juntos el \u00faltimo vuelo hasta <a href=\"https:\/\/es.wikipedia.org\/wiki\/Irkutsk\" rel=\"external nofollow\">Irkutsk<\/a>, capital de <a href=\"https:\/\/es.wikipedia.org\/wiki\/Siberia\" rel=\"external nofollow\">Siberia<\/a> y ciudad con aeropuerto m\u00e1s cercana al lago Baikal.<\/p>\n<hr \/>\n<p><span style=\"color: #0000ff;\">D\u00eda 2 de Marzo.<\/span> Llegada a<a href=\"https:\/\/es.wikipedia.org\/wiki\/Irkutsk\" rel=\"external nofollow\"> Irkutsk<\/a>. Llegando a la ciudad hubo tres cosas que nos llamaron la atenci\u00f3n, apenas hab\u00eda nieve durante el recorrido hasta el hostel. Al cruzar el caudaloso r\u00edo Angara, nos sorprendi\u00f3 sobre manera que desde el puente se viera en estado l\u00edquido parte del r\u00edo, a pesar de estar a finales de invierno, y que las temperaturas no fueran tan bajas como nos tem\u00edamos.<\/p>\n<p>Al ir a hacer las \u00faltimas compras antes de partir, paseamos por una ciudad de marcado estilo de la antigua uni\u00f3n sovi\u00e9tica, edificios gubernamentales sobrios y grises con amplias plazas. En unos de sus jardines nos encontramos con la omnipresente estatua de Lenin con la mano alzada.<\/p>\n<p>Al regresar para terminar de preparar nuestros equipos, Dani nos llev\u00f3 por un antiguo barrio de casas tradicionales de madera, estaban en su mayor\u00eda hundidas y destartaladas. Al parecer debido al clima continental siberiano. En verano las temperaturas pueden alcanzar casi los 40\u00ba positivos, pudiendo ser el causante del derretimiento de las capas de <em><a href=\"https:\/\/news.culturacolectiva.com\/mundo\/que-es-el-permafrost-siberia-lucha-contra-el-derretimiento\/\" rel=\"external nofollow\">permafrost<\/a><\/em> que hay debajo de la superficie, donde anta\u00f1o hac\u00edan de s\u00f3lidos cimientos donde se soportaban estas casas.<\/p>\n<hr \/>\n<p><span style=\"color: #0000ff;\">D\u00eda 3 de Marzo.<\/span> La ma\u00f1ana siguiente pasamos por el aeropuerto de nuevo para recuperar el \u00faltimo de nuestras <em><a href=\"https:\/\/blogs.hoy.es\/un-extremeno-en-el-artico\/2019\/04\/23\/materiales-para-una-expedicion-al-lago-baikal-el-pulka\/\">pulkas<\/a><\/em>, y como pod\u00edamos ver, en la calle corr\u00eda agua de deshielo aun estando a -8\u00ba C.<\/p>\n<p>Partimos en minib\u00fas hacia la localidad de <a href=\"https:\/\/es.wikipedia.org\/wiki\/Ust-Barguz%C3%ADn\" rel=\"external nofollow\">Ust-Barguzin\u00a0<\/a>, punto de inicio de nuestras dos expediciones. Ese d\u00eda hicimos 9 horas de conducci\u00f3n cerca de la frontera con Mongolia, en un total de 700 kil\u00f3metros. El recorrido fue rodeando por carretera, caminos de tierra y cruzando anchos r\u00edos helados hasta la orilla meridional del lago.<\/p>\n<p>&nbsp;<\/p>\n<div class=\"voc-detail voc-detail-grid-inverted\" data-voc-share-selection=\"\">\n<p><strong>PARA VER M\u00c1S DE MIS AVENTURAS HAZ CLIC EN ESTOS ENLACES<\/strong><\/p>\n<p><strong><a href=\"https:\/\/www.facebook.com\/JoseTrejo404\/\" rel=\"external nofollow\">Facebook<\/a><\/strong><\/p>\n<p><em><strong>Para ver m\u00e1s fotos de mis viajes, puedes seguirme en este link<\/strong><\/em><\/p>\n<p><strong><a href=\"https:\/\/www.instagram.com\/josetrejo404\/?hl=es\" rel=\"external nofollow\">Instagram<\/a>\u00a0<\/strong><\/p>\n<p><a href=\"https:\/\/www.google.es\/search?q=%23UnExtreme%C3%B1oEnEl%C3%81rtico&amp;tbm=isch&amp;tbo=u&amp;source=univ&amp;sa=X&amp;ved=0ahUKEwjk4__i8fzYAhUBWxQKHd2fCmUQsAQILQ&amp;biw=1366&amp;bih=637\" rel=\"external nofollow\">#UnExtreme\u00f1oEnEl\u00c1rtico<\/a>\u00a0<a href=\"https:\/\/www.instagram.com\/explore\/tags\/proyectobaikal2019\/?hl=es\" rel=\"external nofollow\">#ProyectoBaikal2019<\/a>\u00a0<a href=\"https:\/\/www.instagram.com\/explore\/tags\/aventurascentrowagen\/?hl=es\" rel=\"external nofollow\">#aventurascentrowagen<\/a><\/p>\n<hr \/>\n<p><strong>PATROCINADORES<\/strong><\/p>\n<p><strong><a href=\"https:\/\/www.centrowagen.com\/\" rel=\"external nofollow\">Centrowagen<\/a>,\u00a0<\/strong><strong><a href=\"https:\/\/www.facebook.com\/ExplorerFranquicias\/\" rel=\"external nofollow\">EXPLORER Badajoz\u00a0<\/a>,\u00a0<\/strong><strong><a href=\"https:\/\/agroconecta.es\/\" rel=\"external nofollow\">Agroconecta<\/a>,\u00a0<\/strong><strong><a href=\"https:\/\/tasermiutgreenland.com\/\" rel=\"external nofollow\">Tasermiut South Greenland Expeditions<\/a>,\u00a0<\/strong><strong>Fexme,\u00a0<a href=\"http:\/\/fexme.com\/\" rel=\"external nofollow\">Federaci\u00f3n Extreme\u00f1a de Monta\u00f1a y escalad<\/a>a,\u00a0<\/strong><strong><a href=\"https:\/\/www.decathlon.es\/es\/store-view\/tienda-de-deportes-badajoz-0070079100791\" rel=\"external nofollow\">Decathlon\u00a0<\/a><\/strong><\/p>\n<p><strong>Comunicaci\u00f3n en el proyecto\u00a0Un Extreme\u00f1o en el \u00c1rtico,\u00a0<\/strong>Sara Viera<\/p>\n<\/div>\n","protected":false},"excerpt":{"rendered":"<p>Objetivos Para esta expedici\u00f3n me propuse cumplir dos objetivos. El primero de ellos, constatar de primera mano los efectos causados por las inusuales temperaturas en el invierno siberiano debido al calentamiento global de nuestro Planeta, concretamente en el lago Baikal. El segundo de mis objetivos, adquirir m\u00e1s experiencia para futuras expediciones polares. Quer\u00eda poner a [&hellip;]<\/p>\n","protected":false},"author":142,"featured_media":1989,"comment_status":"open","ping_status":"closed","sticky":false,"template":"","format":"standard","meta":[],"categories":[1],"tags":[769,771,768,763,759,764,765,704,761,762,766,770,686,760,372,767],"_links":{"self":[{"href":"https:\/\/blogs.hoy.es\/un-extremeno-en-el-artico\/wp-json\/wp\/v2\/posts\/1987"}],"collection":[{"href":"https:\/\/blogs.hoy.es\/un-extremeno-en-el-artico\/wp-json\/wp\/v2\/posts"}],"about":[{"href":"https:\/\/blogs.hoy.es\/un-extremeno-en-el-artico\/wp-json\/wp\/v2\/types\/post"}],"author":[{"embeddable":true,"href":"https:\/\/blogs.hoy.es\/un-extremeno-en-el-artico\/wp-json\/wp\/v2\/users\/142"}],"replies":[{"embeddable":true,"href":"https:\/\/blogs.hoy.es\/un-extremeno-en-el-artico\/wp-json\/wp\/v2\/comments?post=1987"}],"version-history":[{"count":6,"href":"https:\/\/blogs.hoy.es\/un-extremeno-en-el-artico\/wp-json\/wp\/v2\/posts\/1987\/revisions"}],"predecessor-version":[{"id":1996,"href":"https:\/\/blogs.hoy.es\/un-extremeno-en-el-artico\/wp-json\/wp\/v2\/posts\/1987\/revisions\/1996"}],"wp:featuredmedia":[{"embeddable":true,"href":"https:\/\/blogs.hoy.es\/un-extremeno-en-el-artico\/wp-json\/wp\/v2\/media\/1989"}],"wp:attachment":[{"href":"https:\/\/blogs.hoy.es\/un-extremeno-en-el-artico\/wp-json\/wp\/v2\/media?parent=1987"}],"wp:term":[{"taxonomy":"category","embeddable":true,"href":"https:\/\/blogs.hoy.es\/un-extremeno-en-el-artico\/wp-json\/wp\/v2\/categories?post=1987"},{"taxonomy":"post_tag","embeddable":true,"href":"https:\/\/blogs.hoy.es\/un-extremeno-en-el-artico\/wp-json\/wp\/v2\/tags?post=1987"}],"curies":[{"name":"wp","href":"https:\/\/api.w.org\/{rel}","templated":true}]}}