{"id":1997,"date":"2019-06-10T19:11:18","date_gmt":"2019-06-10T17:11:18","guid":{"rendered":"http:\/\/blogs.hoy.es\/un-extremeno-en-el-artico\/?p=1997"},"modified":"2019-06-13T11:04:24","modified_gmt":"2019-06-13T09:04:24","slug":"atrapados-en-el-hielo-novatos","status":"publish","type":"post","link":"https:\/\/blogs.hoy.es\/un-extremeno-en-el-artico\/2019\/06\/10\/atrapados-en-el-hielo-novatos\/","title":{"rendered":"Atrapados por el hielo. Los novatos"},"content":{"rendered":"<p>Groenlandia es el lugar ideal para las AVENTURAS con letras may\u00fasculas. Lo puedo afirmar sin lugar a dudas despu\u00e9s de casi nueve a\u00f1os yendo all\u00e1.<\/p>\n<p>Recordando alguna secuencia de mis d\u00edas de novato &#8216;\u00e1rtico&#8217;, me vino a la memoria los primeros d\u00edas en uno de los fiordos m\u00e1s bellos de esta gran isla helada.<\/p>\n<div id=\"attachment_1998\" style=\"width: 1001px\" class=\"wp-caption alignnone\"><a href=\"https:\/\/static-blogs.hoy.es\/wp-content\/uploads\/sites\/119\/2019\/06\/100_7151-2.jpg\"><img aria-describedby=\"caption-attachment-1998\" loading=\"lazy\" class=\"size-full wp-image-1998\" src=\"https:\/\/static-blogs.hoy.es\/wp-content\/uploads\/sites\/119\/2019\/06\/100_7151-2.jpg\" alt=\"Una grandes superficies de hielo se aproximan, es el llamado hielo marino o de banquisa\" width=\"991\" height=\"743\" srcset=\"https:\/\/static-blogs.hoy.es\/wp-content\/uploads\/sites\/119\/2019\/06\/100_7151-2.jpg 991w, https:\/\/static-blogs.hoy.es\/wp-content\/uploads\/sites\/119\/2019\/06\/100_7151-2-300x225.jpg 300w, https:\/\/static-blogs.hoy.es\/wp-content\/uploads\/sites\/119\/2019\/06\/100_7151-2-768x576.jpg 768w\" sizes=\"(max-width: 991px) 100vw, 991px\" \/><\/a><p id=\"caption-attachment-1998\" class=\"wp-caption-text\"><span style=\"color: #0000ff;\"><em>Grandes superficies de hielo se aproximan, es el llamado hielo marino o de banquisa.<\/em><\/span><\/p><\/div>\n<p>Definici\u00f3n de <strong>novato<\/strong>;\u00a0 <em>Que es nuevo en una situaci\u00f3n o una actividad determinadas, por lo que carece de experiencia<\/em> \u00a1En efecto! as\u00ed es muy f\u00e1cil meterse en\u00a0l\u00edos \u00bfno cre\u00e9is&#8230;?<\/p>\n<hr \/>\n<p>La inmensidad del lugar me fascin\u00f3 desde que me baj\u00e9 del avi\u00f3n por primera vez.\u00a0Despu\u00e9s de un d\u00eda de descanso y aclimataci\u00f3n al lugar, hab\u00eda mucho que hacer, comenzaba una nueva temporada y ten\u00edamos que aprovecharla al m\u00e1ximo.<\/p>\n<p>De aqu\u00ed para all\u00e1, los novatos, nos fuimos empapando del lugar, gentes y nuevas experiencias. A la semana, se definieron nuestros destinos, cada uno ir\u00eda a un cometido dentro de la empresa seg\u00fan sus actitudes y experiencia. A mi me enviaron como ayudante a montar todos los campamentos diseminados en varios lugares de los fiordos cercanos.<\/p>\n<p>Lo que nunca\u00a0nos imaginariamos, que a Marta, otra nueva incorporaci\u00f3n, y a mi, nos enviar\u00edan a montar &#8216;la perla&#8217; de la empresa, los campamentos del lejano e inh\u00f3spito\u00a0<strong><em>Tasermiut<\/em><\/strong>. <a href=\"https:\/\/www.google.com\/search?q=El+fiordo+de+Tasermiut&amp;source=lnms&amp;tbm=isch&amp;sa=X&amp;ved=0ahUKEwikpeS3g93iAhUJDGMBHULWAh8Q_AUIECgB&amp;biw=1366&amp;bih=625\">El fiordo de Tasermiut<\/a>, est\u00e1 considerado como unas de la diez maravillas del \u00c1rtico, igualando en belleza a las chilenas <strong><em>Torres del Paine<\/em><\/strong>.<\/p>\n<p>Nuestra misi\u00f3n era montar nuestro campamento a las faldas de una de las paredes m\u00e1s imponentes de la Tierra, llamada &#8216;la gran pared&#8217; o Suikkasuarq por los inuits o Ulamertosuaq por los europeos.<\/p>\n<p>&#8216;La meca&#8217; para escaladores de alto nivel en grandes paredes, las llamadas<em> <strong>&#8216;big wall&#8217;.<\/strong>\u00a0 A<\/em>qu\u00ed os dejo un ejemplo de v\u00eda de escalada llamada<em> <a href=\"https:\/\/www.youtube.com\/watch?v=9V8OlM4GS0g\" rel=\"external nofollow\">War and Poetry<\/a>.<\/em><\/p>\n<p>&nbsp;<\/p>\n<div id=\"attachment_2010\" style=\"width: 778px\" class=\"wp-caption alignnone\"><a href=\"https:\/\/static-blogs.hoy.es\/wp-content\/uploads\/sites\/119\/2019\/06\/3.jpg\"><img aria-describedby=\"caption-attachment-2010\" loading=\"lazy\" class=\"size-full wp-image-2010\" src=\"https:\/\/static-blogs.hoy.es\/wp-content\/uploads\/sites\/119\/2019\/06\/3.jpg\" alt=\"A nuestras espaldas la pared de 1000 metros.\" width=\"768\" height=\"512\" srcset=\"https:\/\/static-blogs.hoy.es\/wp-content\/uploads\/sites\/119\/2019\/06\/3.jpg 768w, https:\/\/static-blogs.hoy.es\/wp-content\/uploads\/sites\/119\/2019\/06\/3-300x200.jpg 300w\" sizes=\"(max-width: 768px) 100vw, 768px\" \/><\/a><p id=\"caption-attachment-2010\" class=\"wp-caption-text\"><span style=\"color: #0000ff;\"><em>A nuestras espaldas la pared de 1000 metros de altura.<\/em><\/span><\/p><\/div>\n<hr \/>\n<p>Ir a aquel lejano fiordo era un sue\u00f1o, los pocos que hab\u00edan podido ir alguna vez, hablaban de la inmensidad del lugar, muy diferente a los suaves y verdes paisajes que\u00a0rodean las cercan\u00edas del aeropuerto internacional de Narsarsuaq, donde tenemos nuestra base principal.<\/p>\n<p><strong>Partida hacia el lejano Tasermiut<\/strong><\/p>\n<p>El ser un novato ofrece a veces ventajas&#8230;vives en la inopia y todo te parece fant\u00e1stico, act\u00faas inconscientemente, sin capacidad de ver o diferenciar lo que es peligroso de lo que no lo es&#8230;<\/p>\n<p>Los novatos llev\u00e1bamos escasamente dos semanas en el pa\u00eds, y nos cre\u00edamos que ya lo sab\u00edamos todo, unas cuantas ense\u00f1anzas y consejos y ya est\u00e1. Pero el lugar pronto nos pondr\u00eda en nuestro sitio, as\u00ed aprendimos el significado de la palabra &#8216;<strong><em>Sila<\/em><\/strong>&#8216;, dios del tiempo atmosf\u00e9rico.<\/p>\n<div id=\"attachment_2013\" style=\"width: 1034px\" class=\"wp-caption alignnone\"><a href=\"https:\/\/static-blogs.hoy.es\/wp-content\/uploads\/sites\/119\/2019\/06\/DSCN7083-2.jpg\"><img aria-describedby=\"caption-attachment-2013\" loading=\"lazy\" class=\"size-large wp-image-2013\" src=\"https:\/\/static-blogs.hoy.es\/wp-content\/uploads\/sites\/119\/2019\/06\/DSCN7083-2-1024x768.jpg\" alt=\"Programando la ruta.La superficie de color rojo indica que las aguas no son navegables porque hay hielo . \" width=\"1024\" height=\"768\" srcset=\"https:\/\/static-blogs.hoy.es\/wp-content\/uploads\/sites\/119\/2019\/06\/DSCN7083-2-1024x768.jpg 1024w, https:\/\/static-blogs.hoy.es\/wp-content\/uploads\/sites\/119\/2019\/06\/DSCN7083-2-300x225.jpg 300w, https:\/\/static-blogs.hoy.es\/wp-content\/uploads\/sites\/119\/2019\/06\/DSCN7083-2-768x576.jpg 768w\" sizes=\"(max-width: 1024px) 100vw, 1024px\" \/><\/a><p id=\"caption-attachment-2013\" class=\"wp-caption-text\"><span style=\"color: #0000ff;\">Programando la ruta. La superficie de color rojo indica que las aguas no son navegables porque hay hielo.<\/span><\/p><\/div>\n<p><strong><em>\u00a1Abrigaros bien!<\/em><\/strong><\/p>\n<p>Ese era el constante <em>mantra.<\/em>\u00a0&#8211;<strong><em>El\u00a0clima es m\u00e1s severo all\u00e1 donde vais<\/em><\/strong>. Dec\u00edan.<\/p>\n<p>Abrazos de despedida, y la orden de bajar a puerto donde nos esperaba nuestro compa\u00f1ero groenland\u00e9s J<em>\u00f8<\/em>rgen y el patr\u00f3n que nos llevar\u00eda al extremo sur.<\/p>\n<p><strong>&#8211;<em>Este es Aggu<\/em>, <\/strong><em><strong>el patr\u00f3n<\/strong>. <\/em>As\u00ed nos present\u00f3 J<em>\u00f8<\/em>rgen al gran cazador del Sur. La zodiac estaba lista y cargada hasta los topes de todo tipo cosas para montar los campamentos ubicados en el famoso fiordo.<\/p>\n<p><strong>&#8211; <em>\u00bfLo ten\u00e9is todo? <\/em><\/strong>repet\u00eda insistentemente Javi, el coordinador. Con un rotundo s\u00ed, afirm\u00f3 Luis, el responsable del &#8216;<em>comando<\/em>&#8216; de montaje.<\/p>\n<p>Luis &#8216;<em>el loco<\/em>&#8216;, como todos le llam\u00e1bamos, era un tipo peculiar, de ideas fijas y f\u00e1cil de estresar, fue el \u00fanico campamentero que el a\u00f1o anterior hab\u00eda estado dos meses solo y sin salir del fiordo. Quiz\u00e1s supongo que por su asilvestramiento, le pusieron el mote de &#8216;<em>el loco<\/em>&#8216;&#8230;quien sabe.<\/p>\n<div id=\"attachment_2001\" style=\"width: 1034px\" class=\"wp-caption alignnone\"><a href=\"https:\/\/static-blogs.hoy.es\/wp-content\/uploads\/sites\/119\/2019\/06\/DSCN7142-2.jpg\"><img aria-describedby=\"caption-attachment-2001\" loading=\"lazy\" class=\"size-large wp-image-2001\" src=\"https:\/\/static-blogs.hoy.es\/wp-content\/uploads\/sites\/119\/2019\/06\/DSCN7142-2-1024x768.jpg\" alt=\"J\u00f8rgen nos indica que todo est\u00e1 listo para partir al fiordo de Tasermiut.\" width=\"1024\" height=\"768\" srcset=\"https:\/\/static-blogs.hoy.es\/wp-content\/uploads\/sites\/119\/2019\/06\/DSCN7142-2-1024x768.jpg 1024w, https:\/\/static-blogs.hoy.es\/wp-content\/uploads\/sites\/119\/2019\/06\/DSCN7142-2-300x225.jpg 300w, https:\/\/static-blogs.hoy.es\/wp-content\/uploads\/sites\/119\/2019\/06\/DSCN7142-2-768x576.jpg 768w, https:\/\/static-blogs.hoy.es\/wp-content\/uploads\/sites\/119\/2019\/06\/DSCN7142-2.jpg 1296w\" sizes=\"(max-width: 1024px) 100vw, 1024px\" \/><\/a><p id=\"caption-attachment-2001\" class=\"wp-caption-text\"><span style=\"color: #0000ff;\"><em>J\u00f8rgen nos indica que todo est\u00e1 listo para partir al fiordo de Tasermiut, \u00e9l y el gran cazador saben algo que nosotros desconocemos.<\/em><\/span><\/p><\/div>\n<p style=\"text-align: center;\"><strong><span style=\"font-size: 18pt;\">Continuar\u00e1&#8230;<\/span><\/strong><\/p>\n<p>&nbsp;<\/p>\n<p><em><strong>Para ver m\u00e1s de mis aventuras, pulsa en los links<\/strong><\/em><\/p>\n<p><strong><a href=\"https:\/\/www.facebook.com\/JoseTrejo404\/\" rel=\"external nofollow\">Facebook<\/a><\/strong><\/p>\n<p><em><strong>Para ver m\u00e1s fotos de mis viajes, puedes seguirme en este link<\/strong><\/em><\/p>\n<p><strong><a href=\"https:\/\/www.instagram.com\/josetrejo404\/?hl=es\" rel=\"external nofollow\">Instagram<\/a>\u00a0<\/strong><a href=\"https:\/\/www.google.es\/search?q=%23UnExtreme%C3%B1oEnEl%C3%81rtico&amp;tbm=isch&amp;tbo=u&amp;source=univ&amp;sa=X&amp;ved=0ahUKEwjk4__i8fzYAhUBWxQKHd2fCmUQsAQILQ&amp;biw=1366&amp;bih=637\" rel=\"external nofollow\">#UnExtreme\u00f1oEnEl\u00c1rtico<\/a>\u00a0<a href=\"https:\/\/www.instagram.com\/explore\/tags\/proyectobaikal2019\/?hl=es\" rel=\"external nofollow\">#ProyectoBaikal2019<\/a>\u00a0<a href=\"https:\/\/www.instagram.com\/explore\/tags\/aventurascentrowagen\/?hl=es\" rel=\"external nofollow\">#aventurascentrowagen<\/a><\/p>\n<p><strong>Comunicaci\u00f3n en el proyecto\u00a0Un Extreme\u00f1o en el \u00c1rtico,\u00a0<\/strong>Sara Viera<\/p>\n<hr \/>\n<p><strong>PATROCINADORES<\/strong><\/p>\n<p><strong><a href=\"https:\/\/www.centrowagen.com\/\" rel=\"external nofollow\">Centrowagen<\/a>,\u00a0<\/strong><strong><a href=\"https:\/\/www.facebook.com\/ExplorerFranquicias\/\" rel=\"external nofollow\">EXPLORER Badajoz\u00a0<\/a>,\u00a0<\/strong><strong><a href=\"https:\/\/agroconecta.es\/\" rel=\"external nofollow\">Agroconecta<\/a>,\u00a0<\/strong><strong><a href=\"https:\/\/tasermiutgreenland.com\/\" rel=\"external nofollow\">Tasermiut South Greenland Expeditions<\/a>,\u00a0<\/strong><strong>Fexme,\u00a0<a href=\"http:\/\/fexme.com\/\" rel=\"external nofollow\">Federaci\u00f3n Extreme\u00f1a de Monta\u00f1a y escalad<\/a>a,\u00a0<\/strong><strong><a href=\"https:\/\/www.decathlon.es\/es\/store-view\/tienda-de-deportes-badajoz-0070079100791\" rel=\"external nofollow\">Decathlon\u00a0<\/a><\/strong><\/p>\n","protected":false},"excerpt":{"rendered":"<p>Groenlandia es el lugar ideal para las AVENTURAS con letras may\u00fasculas. Lo puedo afirmar sin lugar a dudas despu\u00e9s de casi nueve a\u00f1os yendo all\u00e1. Recordando alguna secuencia de mis d\u00edas de novato &#8216;\u00e1rtico&#8217;, me vino a la memoria los primeros d\u00edas en uno de los fiordos m\u00e1s bellos de esta gran isla helada. Definici\u00f3n [&hellip;]<\/p>\n","protected":false},"author":142,"featured_media":1998,"comment_status":"open","ping_status":"closed","sticky":false,"template":"","format":"standard","meta":[],"categories":[1],"tags":[564,14,426,23,774,72,83,101,371,772,775,778,777,213,773,776,240],"_links":{"self":[{"href":"https:\/\/blogs.hoy.es\/un-extremeno-en-el-artico\/wp-json\/wp\/v2\/posts\/1997"}],"collection":[{"href":"https:\/\/blogs.hoy.es\/un-extremeno-en-el-artico\/wp-json\/wp\/v2\/posts"}],"about":[{"href":"https:\/\/blogs.hoy.es\/un-extremeno-en-el-artico\/wp-json\/wp\/v2\/types\/post"}],"author":[{"embeddable":true,"href":"https:\/\/blogs.hoy.es\/un-extremeno-en-el-artico\/wp-json\/wp\/v2\/users\/142"}],"replies":[{"embeddable":true,"href":"https:\/\/blogs.hoy.es\/un-extremeno-en-el-artico\/wp-json\/wp\/v2\/comments?post=1997"}],"version-history":[{"count":13,"href":"https:\/\/blogs.hoy.es\/un-extremeno-en-el-artico\/wp-json\/wp\/v2\/posts\/1997\/revisions"}],"predecessor-version":[{"id":2021,"href":"https:\/\/blogs.hoy.es\/un-extremeno-en-el-artico\/wp-json\/wp\/v2\/posts\/1997\/revisions\/2021"}],"wp:featuredmedia":[{"embeddable":true,"href":"https:\/\/blogs.hoy.es\/un-extremeno-en-el-artico\/wp-json\/wp\/v2\/media\/1998"}],"wp:attachment":[{"href":"https:\/\/blogs.hoy.es\/un-extremeno-en-el-artico\/wp-json\/wp\/v2\/media?parent=1997"}],"wp:term":[{"taxonomy":"category","embeddable":true,"href":"https:\/\/blogs.hoy.es\/un-extremeno-en-el-artico\/wp-json\/wp\/v2\/categories?post=1997"},{"taxonomy":"post_tag","embeddable":true,"href":"https:\/\/blogs.hoy.es\/un-extremeno-en-el-artico\/wp-json\/wp\/v2\/tags?post=1997"}],"curies":[{"name":"wp","href":"https:\/\/api.w.org\/{rel}","templated":true}]}}