{"id":2043,"date":"2019-08-19T01:49:51","date_gmt":"2019-08-18T23:49:51","guid":{"rendered":"http:\/\/blogs.hoy.es\/un-extremeno-en-el-artico\/?p=2043"},"modified":"2020-06-18T20:22:28","modified_gmt":"2020-06-18T18:22:28","slug":"20-mil-millas-en-el-artico","status":"publish","type":"post","link":"https:\/\/blogs.hoy.es\/un-extremeno-en-el-artico\/2019\/08\/19\/20-mil-millas-en-el-artico\/","title":{"rendered":"20 mil millas en el \u00c1rtico"},"content":{"rendered":"<div id=\"attachment_2044\" style=\"width: 778px\" class=\"wp-caption alignnone\"><a href=\"https:\/\/static-blogs.hoy.es\/wp-content\/uploads\/sites\/119\/2019\/08\/DSC04425a.jpg\"><img aria-describedby=\"caption-attachment-2044\" loading=\"lazy\" class=\"size-full wp-image-2044\" src=\"https:\/\/static-blogs.hoy.es\/wp-content\/uploads\/sites\/119\/2019\/08\/DSC04425a.jpg\" alt=\"Puerto de Nanortalik, extremo sur de Groenlandia.\" width=\"768\" height=\"490\" srcset=\"https:\/\/static-blogs.hoy.es\/wp-content\/uploads\/sites\/119\/2019\/08\/DSC04425a.jpg 768w, https:\/\/static-blogs.hoy.es\/wp-content\/uploads\/sites\/119\/2019\/08\/DSC04425a-300x191.jpg 300w\" sizes=\"(max-width: 768px) 100vw, 768px\" \/><\/a><p id=\"caption-attachment-2044\" class=\"wp-caption-text\">Puerto de Nanortalik, extremo sur de Groenlandia. Con la lancha de nombre Avannaq.<\/p><\/div>\n<p>Seg\u00fan mis c\u00e1lculos, hoy toca celebrar algo, aunque, para m\u00ed, cada d\u00eda que ha pasado ha sido una celebraci\u00f3n. Pienso que si te gusta lo que haces, no necesariamente hay que celebrar nada, pero bueno, quiz\u00e1s es una manera de reafirmar lo que a uno le apasiona.<\/p>\n<p><span style=\"font-size: 12pt;\">Pues bien, hoy cumplo <strong>20 mil millas n\u00e1uticas<\/strong>\u00a0(37.000 kil\u00f3metros) navegadas en los mares del Sur de Groenlandia.<\/span><\/p>\n<div id=\"attachment_2045\" style=\"width: 778px\" class=\"wp-caption alignnone\"><a href=\"https:\/\/static-blogs.hoy.es\/wp-content\/uploads\/sites\/119\/2019\/08\/DSC05652.jpg\"><img aria-describedby=\"caption-attachment-2045\" loading=\"lazy\" class=\"size-full wp-image-2045\" src=\"https:\/\/static-blogs.hoy.es\/wp-content\/uploads\/sites\/119\/2019\/08\/DSC05652.jpg\" alt=\"En el fiordo de Tasermiut, con la lacha &quot;Kianngaq&quot; en este at\u00edpico verano de cielos azules.\" width=\"768\" height=\"512\" srcset=\"https:\/\/static-blogs.hoy.es\/wp-content\/uploads\/sites\/119\/2019\/08\/DSC05652.jpg 768w, https:\/\/static-blogs.hoy.es\/wp-content\/uploads\/sites\/119\/2019\/08\/DSC05652-300x200.jpg 300w\" sizes=\"(max-width: 768px) 100vw, 768px\" \/><\/a><p id=\"caption-attachment-2045\" class=\"wp-caption-text\">En el fiordo de Tasermiut, con la lacha de nombre &#8220;Kianngaq&#8221; en este at\u00edpico verano de cielos azules.<\/p><\/div>\n<p>Quien lo dir\u00eda. Al verme marchar a\u00f1os atr\u00e1s en una lancha cargada de combustible hasta los topes, en mi primera \u201cmisi\u00f3n\u201d de navegaci\u00f3n y en solitario, por estos profundos fiordos repletos de icebergs, gui\u00e1ndome con un mapa y un comp\u00e1s.<\/p>\n<p>El regreso de aquella misi\u00f3n, me marc\u00f3 desde entonces. Luego vino el verdadero reto, la confianza. Aprender junto a maestros de la subsistencia diaria en de este mar tempestuoso.<\/p>\n<p>Reconozco que puedo parecer contradictorio para algunos cuando me preguntan de d\u00f3nde soy&#8230; \u00a1Pues s\u00ed de Badajoz! \u00bfSin puerto? \u00bfSin fr\u00edo? \u00a1Y qu\u00e9\u2026!<\/p>\n<hr \/>\n<p><span style=\"font-size: 14pt;\"><em><strong>Para ver m\u00e1s de mis aventuras, pulsa en los links<\/strong><\/em><\/span><\/p>\n<p><span style=\"font-size: 14pt;\"><strong><a href=\"https:\/\/www.facebook.com\/JoseTrejo404\/\" rel=\"external nofollow\">Facebook<\/a><\/strong><\/span><\/p>\n<p><span style=\"font-size: 14pt;\"><em><strong>Para ver m\u00e1s fotos de mis viajes, puedes seguirme en este link<\/strong><\/em><\/span><\/p>\n<p><span style=\"font-size: 14pt;\"><strong><a href=\"https:\/\/www.instagram.com\/josetrejo404\/?hl=es\" rel=\"external nofollow\">Instagram<\/a>\u00a0<\/strong><a href=\"https:\/\/www.google.es\/search?q=%23UnExtreme%C3%B1oEnEl%C3%81rtico&amp;tbm=isch&amp;tbo=u&amp;source=univ&amp;sa=X&amp;ved=0ahUKEwjk4__i8fzYAhUBWxQKHd2fCmUQsAQILQ&amp;biw=1366&amp;bih=637\" rel=\"external nofollow\">#UnExtreme\u00f1oEnEl\u00c1rtico<\/a>\u00a0<a href=\"https:\/\/www.instagram.com\/explore\/tags\/proyectobaikal2019\/?hl=es\" rel=\"external nofollow\">#ProyectoBaikal2019<\/a>\u00a0<a href=\"https:\/\/www.instagram.com\/explore\/tags\/aventurascentrowagen\/?hl=es\" rel=\"external nofollow\">#aventurascentrowagen<\/a><\/span><\/p>\n<p><strong><span style=\"font-size: 14pt;\">Ahora tambi\u00e9n canal de <a href=\"https:\/\/www.youtube.com\/channel\/UCkc4QXSFBOd_zSPTrQ2RdXQ?view_as=subscriber\" rel=\"external nofollow\">YouTube<\/a>\u00a0<\/span><\/strong><\/p>\n<p>&nbsp;<\/p>\n","protected":false},"excerpt":{"rendered":"<p>Seg\u00fan mis c\u00e1lculos, hoy toca celebrar algo, aunque, para m\u00ed, cada d\u00eda que ha pasado ha sido una celebraci\u00f3n. Pienso que si te gusta lo que haces, no necesariamente hay que celebrar nada, pero bueno, quiz\u00e1s es una manera de reafirmar lo que a uno le apasiona. Pues bien, hoy cumplo 20 mil millas n\u00e1uticas\u00a0(37.000 [&hellip;]<\/p>\n","protected":false},"author":142,"featured_media":2044,"comment_status":"open","ping_status":"closed","sticky":false,"template":"","format":"standard","meta":[],"categories":[1],"tags":[101,788,789,302,160,790,791],"_links":{"self":[{"href":"https:\/\/blogs.hoy.es\/un-extremeno-en-el-artico\/wp-json\/wp\/v2\/posts\/2043"}],"collection":[{"href":"https:\/\/blogs.hoy.es\/un-extremeno-en-el-artico\/wp-json\/wp\/v2\/posts"}],"about":[{"href":"https:\/\/blogs.hoy.es\/un-extremeno-en-el-artico\/wp-json\/wp\/v2\/types\/post"}],"author":[{"embeddable":true,"href":"https:\/\/blogs.hoy.es\/un-extremeno-en-el-artico\/wp-json\/wp\/v2\/users\/142"}],"replies":[{"embeddable":true,"href":"https:\/\/blogs.hoy.es\/un-extremeno-en-el-artico\/wp-json\/wp\/v2\/comments?post=2043"}],"version-history":[{"count":3,"href":"https:\/\/blogs.hoy.es\/un-extremeno-en-el-artico\/wp-json\/wp\/v2\/posts\/2043\/revisions"}],"predecessor-version":[{"id":2073,"href":"https:\/\/blogs.hoy.es\/un-extremeno-en-el-artico\/wp-json\/wp\/v2\/posts\/2043\/revisions\/2073"}],"wp:featuredmedia":[{"embeddable":true,"href":"https:\/\/blogs.hoy.es\/un-extremeno-en-el-artico\/wp-json\/wp\/v2\/media\/2044"}],"wp:attachment":[{"href":"https:\/\/blogs.hoy.es\/un-extremeno-en-el-artico\/wp-json\/wp\/v2\/media?parent=2043"}],"wp:term":[{"taxonomy":"category","embeddable":true,"href":"https:\/\/blogs.hoy.es\/un-extremeno-en-el-artico\/wp-json\/wp\/v2\/categories?post=2043"},{"taxonomy":"post_tag","embeddable":true,"href":"https:\/\/blogs.hoy.es\/un-extremeno-en-el-artico\/wp-json\/wp\/v2\/tags?post=2043"}],"curies":[{"name":"wp","href":"https:\/\/api.w.org\/{rel}","templated":true}]}}