{"id":2048,"date":"2019-10-01T18:03:14","date_gmt":"2019-10-01T16:03:14","guid":{"rendered":"http:\/\/blogs.hoy.es\/un-extremeno-en-el-artico\/?p=2048"},"modified":"2020-06-10T19:55:58","modified_gmt":"2020-06-10T17:55:58","slug":"navegando-dentro-de-un-manto-negro","status":"publish","type":"post","link":"https:\/\/blogs.hoy.es\/un-extremeno-en-el-artico\/2019\/10\/01\/navegando-dentro-de-un-manto-negro\/","title":{"rendered":"Dentro de un manto negro"},"content":{"rendered":"<p>&nbsp;<\/p>\n<div id=\"attachment_2052\" style=\"width: 778px\" class=\"wp-caption alignnone\"><a href=\"https:\/\/static-blogs.hoy.es\/wp-content\/uploads\/sites\/119\/2019\/10\/DSC05772a.jpg\"><img aria-describedby=\"caption-attachment-2052\" loading=\"lazy\" class=\"size-full wp-image-2052\" src=\"https:\/\/static-blogs.hoy.es\/wp-content\/uploads\/sites\/119\/2019\/10\/DSC05772a.jpg\" alt=\"\" width=\"768\" height=\"524\" srcset=\"https:\/\/static-blogs.hoy.es\/wp-content\/uploads\/sites\/119\/2019\/10\/DSC05772a.jpg 768w, https:\/\/static-blogs.hoy.es\/wp-content\/uploads\/sites\/119\/2019\/10\/DSC05772a-300x205.jpg 300w\" sizes=\"(max-width: 768px) 100vw, 768px\" \/><\/a><p id=\"caption-attachment-2052\" class=\"wp-caption-text\"><span style=\"font-size: 10pt;\">Es por la tarde. Desde el puerto todav\u00eda se puede diferenciar nuestra casa. Hay que salir a la calle bien abrigado, la niebla g\u00e9lida se ha instalado para quedarse toda la noche<\/span><\/p><\/div>\n<p>De peque\u00f1o jug\u00e1bamos a contar historias de miedo cuando aparec\u00eda la niebla por el parque del barrio, era entonces cuando nos acerc\u00e1bamos a una de las farolas encendidas, pegando nuestra espalda a la helada farola. Mir\u00e1bamos la sombra que proyectaba el poste sobre la niebla, aquella sombra parec\u00eda un fantasmag\u00f3rico manto de color negro. Estremecidos y hartos de pasar fr\u00edo en la calle nos \u201cguard\u00e1bamos\u201d en nuestros acogedores hogares.<\/p>\n<p>A veces, esa niebla duraba hasta la ma\u00f1ana siguiente a la hora de ir al cole, y algunos de nosotros dec\u00edamos \u2013<em>Hab\u00eda tanta niebla esta ma\u00f1ana que si extend\u00edas el brazo, dejabas de ver la mano\u2026y nos ech\u00e1bamos a re\u00edr\u2026<\/em><\/p>\n<hr \/>\n<p>Ayer\u00a0 regres\u00e9 del fiordo como otras tantas veces, pero el regreso fue muy distinto. Llegu\u00e9 helado y con cierto estr\u00e9s debido a la claustrof\u00f3bica sensaci\u00f3n que padec\u00ed durante el viaje de regreso.<\/p>\n<p>Hab\u00eda quedado con una pareja para acercarlos al valle de <em>Klosterdalen<\/em>, muy en el interior del fiordo de Tasermiut. Me pidieron si los pod\u00eda acercar cuanto antes, as\u00ed por ello, tendr\u00eda que llevarles la misma tarde que llegaban a <em>Nanortalik<\/em>.<\/p>\n<div id=\"attachment_2053\" style=\"width: 778px\" class=\"wp-caption alignnone\"><a href=\"https:\/\/static-blogs.hoy.es\/wp-content\/uploads\/sites\/119\/2019\/10\/DSC05776a.jpg\"><img aria-describedby=\"caption-attachment-2053\" loading=\"lazy\" class=\"size-full wp-image-2053\" src=\"https:\/\/static-blogs.hoy.es\/wp-content\/uploads\/sites\/119\/2019\/10\/DSC05776a.jpg\" alt=\"\" width=\"768\" height=\"501\" srcset=\"https:\/\/static-blogs.hoy.es\/wp-content\/uploads\/sites\/119\/2019\/10\/DSC05776a.jpg 768w, https:\/\/static-blogs.hoy.es\/wp-content\/uploads\/sites\/119\/2019\/10\/DSC05776a-300x196.jpg 300w\" sizes=\"(max-width: 768px) 100vw, 768px\" \/><\/a><p id=\"caption-attachment-2053\" class=\"wp-caption-text\"><span style=\"font-size: 10pt;\">Aparece el \u00fanico barco de l\u00ednea regular procedente de <em>Qaqortoq<\/em> en medio de la niebla, en \u00e9l viene la pareja que voy a trasladar<\/span><\/p><\/div>\n<p>A mediados de agosto, a la latitud que nos encontramos, la oscuridad de la noche va ganando muchos minutos al d\u00eda, y cada vez oscurece m\u00e1s r\u00e1pido. Es cuando comienza el oto\u00f1o en el \u00c1rtico, y las g\u00e9lidas nieblas de <em><a href=\"https:\/\/weather.com\/es-ES\/espana\/tiempo\/news\/2018-01-12-niebla-humedad-oceanos-frio\" rel=\"external nofollow\">advenci\u00f3n<\/a><\/em> de mar aparecen cuando el Sol ya deja de calentar.<\/p>\n<p>Desde tierra, a pocas millas, se pod\u00eda ver la franja bien marcada de la densa niebla esperando su oportunidad. Por a la succi\u00f3n del viento t\u00e9rmico, la bruma fue ocultando r\u00e1pidamente la sinuosa costa hasta hacerla desaparecer por completo generando una sensaci\u00f3n heladora y h\u00fameda.<\/p>\n<p>La salida fue bastante tarde, ya sab\u00eda que el regreso ser\u00eda con el Sol metido en el horizonte, y muy seguramente a oscuras\u2026<\/p>\n<p>La entrada al fiordo fue envuelta en una g\u00e9lida niebla. La intensidad de los \u00faltimos rayos de sol proporcionaba una refracci\u00f3n blanca cegadora haciendo un contraste que apenas se distingu\u00eda cualquier color, naveg\u00e1bamos en blanco y negro.<\/p>\n<p>M\u00e1s adelante, ya dentro del fiordo, dej\u00e1bamos atr\u00e1s aquel fresco manto blanco, y volv\u00edamos a sentir sobre nuestras espaldas el calor del sol que ya tapaba las monta\u00f1as.<\/p>\n<p>Apenas se pod\u00eda ver el fondo del fiordo, memoric\u00e9 el rumbo al cabo que deb\u00eda alcanzar para llegar al valle, y me centr\u00e9 en el comp\u00e1s. Todav\u00eda no hab\u00eda tenido tiempo en \u201ctoquetear\u201d mi \u201cnuevo\u201d gps. Este se dedicaba a grabar la ruta dejando marcada una l\u00ednea en el peque\u00f1o <a href=\"https:\/\/www.google.com\/search?ei=x3aTXZzBJZGWa6mMi6gB&amp;q=display&amp;oq=display&amp;gs_l=psy-ab.1.0.0i67l2j0l8.131210.132670..134780...0.2..0.88.103.2......0....1j2..gws-wiz.....0..0i71.SbdUGGfNjdw\"><em>display<\/em><\/a>.<\/p>\n<p>Me parec\u00eda divertido, as\u00ed, al final de la temporada, podr\u00eda contar las veces que hab\u00eda hecho las mismas rutas.<\/p>\n<div id=\"attachment_2054\" style=\"width: 778px\" class=\"wp-caption alignnone\"><a href=\"https:\/\/static-blogs.hoy.es\/wp-content\/uploads\/sites\/119\/2019\/10\/IMG_20190820_202143.jpg\"><img aria-describedby=\"caption-attachment-2054\" loading=\"lazy\" class=\"size-full wp-image-2054\" src=\"https:\/\/static-blogs.hoy.es\/wp-content\/uploads\/sites\/119\/2019\/10\/IMG_20190820_202143.jpg\" alt=\"\" width=\"768\" height=\"432\" srcset=\"https:\/\/static-blogs.hoy.es\/wp-content\/uploads\/sites\/119\/2019\/10\/IMG_20190820_202143.jpg 768w, https:\/\/static-blogs.hoy.es\/wp-content\/uploads\/sites\/119\/2019\/10\/IMG_20190820_202143-300x169.jpg 300w\" sizes=\"(max-width: 768px) 100vw, 768px\" \/><\/a><p id=\"caption-attachment-2054\" class=\"wp-caption-text\"><span style=\"font-size: 10pt;\">Llueve en Klosterdalen, las inmensas monta\u00f1as que nos rodean hacen que en cada valle haya condiciones meteorol\u00f3gicas diferentes<\/span><\/p><\/div>\n<p>Mientras que <em>Liam<\/em>, el chico australiano, se pelea con su <em><a href=\"https:\/\/www.google.com\/search?q=qu%C3%A9+es+un+inreach+garmin%3F&amp;oq=qu%C3%A9+es+un+inreach+garmin%3F&amp;aqs=chrome..69i57j0.19648j0j4&amp;sourceid=chrome&amp;ie=UTF-8\">i<\/a><\/em><a href=\"https:\/\/www.google.com\/search?q=qu%C3%A9+es+un+inreach+garmin%3F&amp;oq=qu%C3%A9+es+un+inreach+garmin%3F&amp;aqs=chrome..69i57j0.19648j0j4&amp;sourceid=chrome&amp;ie=UTF-8\"><em>nreach<\/em><\/a>\u00a0(tel\u00e9fono sat\u00e9lite), el tiempo pasa en medio de una lluvia copiosa.<\/p>\n<p>Ya empapados, consigue lidiar con el \u201ccacharro\u201d electr\u00f3nico. Despedidas y buenos augurios para la ruta, y me pongo en marcha hac\u00eda el centro del profundo fiordo, miro alrededor y decido que es tarde para fotograf\u00edas.<\/p>\n<p>No llueve en el valle del <em>Nalumasortoq,<\/em> Las condiciones han vuelto a cambiar por lo que me deja ver la tenue luz que queda del d\u00eda, la salida del fiordo ser\u00e1 sin lluvia, pero da igual, ya estoy empapado.<\/p>\n<div id=\"attachment_2055\" style=\"width: 778px\" class=\"wp-caption alignnone\"><a href=\"https:\/\/static-blogs.hoy.es\/wp-content\/uploads\/sites\/119\/2019\/10\/DSC06146.jpg\"><img aria-describedby=\"caption-attachment-2055\" loading=\"lazy\" class=\"size-full wp-image-2055\" src=\"https:\/\/static-blogs.hoy.es\/wp-content\/uploads\/sites\/119\/2019\/10\/DSC06146.jpg\" alt=\"\" width=\"768\" height=\"512\" srcset=\"https:\/\/static-blogs.hoy.es\/wp-content\/uploads\/sites\/119\/2019\/10\/DSC06146.jpg 768w, https:\/\/static-blogs.hoy.es\/wp-content\/uploads\/sites\/119\/2019\/10\/DSC06146-300x200.jpg 300w\" sizes=\"(max-width: 768px) 100vw, 768px\" \/><\/a><p id=\"caption-attachment-2055\" class=\"wp-caption-text\"><span style=\"font-size: 10pt;\">El display del <em><a href=\"https:\/\/buy.garmin.com\/es-ES\/ES\/nautica\/gps-plotter-sonda\/cOnTheWater-c519-p1.html\" rel=\"external nofollow\">plotter del gps<\/a> <\/em>va grabando l\u00edneas, son los<em> <a href=\"https:\/\/www.google.com\/search?ei=H3aTXazqKYmT8gKK_7vIAg&amp;q=qu%C3%A9+son+los+tracks+gps&amp;oq=qu%C3%A9+son+los+tracks+gps&amp;gs_l=psy-ab.12...25571.35288..38982...1.1..0.93.1123.13......0....1..gws-wiz.......0i71j0i7i30j0i13j0i8i7i30j0i13i30.VvHJXkkc1CA&amp;ved=0ahUKEwjs9bOptfvkAhWJiVwKHYr_DikQ4dUDCAs\">tracks<\/a> <\/em>(rutas) que ya hab\u00eda hecho<\/span><\/p><\/div>\n<p>Antes de torcer el cabo a la altura de la aldea de <em>Tasiusaq<\/em>, tuve que parar para repostar. La zodiac aminor\u00f3 la marcha y me qued\u00f3 cerca del \u00fanico y enorme iceberg atrapado en el interior del fiordo, \u00e9ste, de vez en cuando se iba descomponiendo dejando a la deriva peligrosos t\u00e9mpanos de hielo del tama\u00f1o de un autob\u00fas.<\/p>\n<p><a href=\"https:\/\/static-blogs.hoy.es\/wp-content\/uploads\/sites\/119\/2019\/10\/DSC04617.jpg\"><img loading=\"lazy\" class=\"alignnone size-full wp-image-2056\" src=\"https:\/\/static-blogs.hoy.es\/wp-content\/uploads\/sites\/119\/2019\/10\/DSC04617.jpg\" alt=\"\" width=\"760\" height=\"600\" srcset=\"https:\/\/static-blogs.hoy.es\/wp-content\/uploads\/sites\/119\/2019\/10\/DSC04617.jpg 760w, https:\/\/static-blogs.hoy.es\/wp-content\/uploads\/sites\/119\/2019\/10\/DSC04617-300x237.jpg 300w\" sizes=\"(max-width: 760px) 100vw, 760px\" \/><\/a><\/p>\n<p>Mientras se trasvasa la gasolina de uno de mis bidones, miro el horizonte, apenas puedo distinguir las grandes paredes de las monta\u00f1as, pero s\u00ed puedo percibir los tent\u00e1culos de la niebla que a lo lejos est\u00e1 esper\u00e1ndome.<\/p>\n<p>Ya que estaba parado en medio del\u00a0 profundo fiordo, trat\u00e9 de configurar el gps de la embarcaci\u00f3n, pero son\u00f3 el \u00faltimo trago de gasolina y autom\u00e1ticamente me puse de nuevo en marcha sin percatarme de que el navegador no respond\u00eda.<\/p>\n<p>Oscurecido totalmente, a pocas <a href=\"https:\/\/www.metric-conversions.org\/es\/longitud\/millas-a-kilometros.htm\" rel=\"external nofollow\">millas<\/a> estaba el banco de niebla que deb\u00eda atravesar para llegar a casa. De repente ca\u00ed en la cuenta de que algo no iba bien, centrado en tratar de seguir mi rumbo de vuelta y evitar estamparme contra alg\u00fan bloque de hielo, fui tentando de nuevo el navegador hasta alcanzar los botones, estos no respond\u00edan, buf\u00e9 y solt\u00e9 varios improperios.<\/p>\n<p>Con la vista fija sobre la proa y sin parar el barco, fui tratando de encontrar la ranura donde deb\u00eda estar la <a href=\"https:\/\/www.google.com\/search?q=tarjeta+SD&amp;oq=tarjeta+SD&amp;aqs=chrome..69i57j0l5.4205j0j8&amp;sourceid=chrome&amp;ie=UTF-8\">tarjeta SD<\/a> de la cartograf\u00eda. Pens\u00e9 entonces, seguramente est\u00e1 mal montada\u2026Pero pude comprobar perplejo que hab\u00eda desaparecido.<\/p>\n<p>&nbsp;<\/p>\n<p>Me enfrentaba a una situaci\u00f3n un tanto peliaguda, era noche cerrada, estaba inmerso en una niebla que apenas pod\u00eda ver el final de mi barco literalmente y para m\u00e1s guasa, ven\u00eda mojado. Para poner la guinda al pastel, no ten\u00eda luz el barco, solamente las luces de posici\u00f3n y de banda. Me aguardaba una aventurilla tratando de llegar a casa.<\/p>\n<p>Solamente me quedaba una \u00fanica opci\u00f3n, confiar plenamente en los dichosos trazos que ten\u00eda marcado el navegador, y tratar de no perderles de vista en ning\u00fan momento, o irremediablemente me tirar\u00eda toda la noche dando vueltas tratando de salir de la dichosa niebla.<\/p>\n<p>No fue sencillo, ya que hab\u00eda que mirar al frente para estar atento a cualquier cosa o embarcaci\u00f3n que pudiera abordarme. Pero luego pens\u00e9 !qu\u00e9 demonios! \u00bfQui\u00e9n en su sano juicio navegar\u00eda a esa hora y con visibilidad cero patatero\u2026?<\/p>\n<p>Lo que tampoco me dec\u00eda mi maltrecho e inoperativo navegador era donde pod\u00edan estar los temidos bloques de hielo.<\/p>\n<p>Bueno, pens\u00e9, ser\u00eda una buena oportunidad para practicar, emple\u00e1ndome a fondo, usando aquellas rayas para regresar a puerto.<\/p>\n<p>La navegaci\u00f3n fue tensa, la mar parec\u00eda una balsa de aceite, apenas se mov\u00eda. La niebla era muy fr\u00eda oscura como la noche que la envolv\u00eda.<\/p>\n<p>La m\u00e1xima tensi\u00f3n era siempre cuando los trazos del display se juntaban comprimi\u00e9ndose, era entonces cuando me aproximaba a tierra, en los cabos, pero no pod\u00eda aminorar mucho mi marcha, o mi navegador dejar\u00eda de marcar de forma acompasada y provocaba que la flecha negra (la representaci\u00f3n del barco) comenzara a desviarse perdi\u00e9ndose en la pantalla hasta volverse a estabilizar.<\/p>\n<p>Hab\u00eda que estar muy atento al no tener representada la silueta de la costa, y no separarme de los trazos de la pantalla o me perder\u00eda. Tampoco hab\u00eda que quitar el ojo al comp\u00e1s n\u00e1utico, que de vez en cuando necesitaba iluminar para ver su esfera, o podr\u00eda sin darme cuenta girar en c\u00edrculo y volver sobre mis pasos y en vez de salir del fiordo volver\u00eda a entrar.<\/p>\n<p>Navegar de cabo a cabo en esas condiciones el espacio-tiempo es muy diferente, se puede hacer eterno si no tienes suficiente confianza en ti. Tampoco confiarse cien por cien de la pu\u00f1etera tecnolog\u00eda \u00bfpero qu\u00e9 pod\u00eda hacer? Solamente pod\u00eda esperar y que el siguiente cabo apareciera consiguiendo una peque\u00f1a victoria sobre la parte de tu mente preocupada, y seguir avanzando hasta el siguiente objetivo.<\/p>\n<p>El fr\u00edo y el cansancio ya hac\u00eda tiempo que me estaban afectando, llevaba en el agua m\u00e1s de 4 horas. Comenc\u00e9 a sentir m\u00e1s fr\u00edo sobre mi cabeza por el humedecido gorro \u00a1mi cerebro iba a explorar de dolor!<\/p>\n<p>De repente supe que iba por buen camino, pude ver el brillo tenue de color verde de la baliza de entrada al canal principal. Navegaba por el tramo de mar abierto, por eso sent\u00eda tanto fr\u00edo.<\/p>\n<p>El banco de niebla era incluso m\u00e1s denso, solamente me quedaba rebasar el islote de la bah\u00eda de <em>Nanortalik<\/em> y poner rumbo 330\u00ba para, a ciegas, confiar en no estrellarme con el invisible puerto que estaba a una milla y media.<\/p>\n<p>Son\u00f3 el tel\u00e9fono, y pude cogerlo aun teniendo las manos heladas, era JJ, me llamaba preocupado al ver el panorama desde nuestra acogedora y c\u00e1lida casa. Aprovech\u00e9 y me cambi\u00e9 los guantes de goma por unas gruesas manoplas, la rigidez y el dolor en las manos era insoportable.<\/p>\n<p>Sab\u00eda que estaba cerca de<em> Nanortalik<\/em>, pero no pod\u00eda verlo. No consegu\u00eda atisbar ninguna claridad que me indicara el buen camino, memorizaba y trataba de imaginar donde se ubicaban los tres enormes icebergs que permanec\u00edan inm\u00f3viles en la bah\u00eda.<\/p>\n<p>Aunque aminorase la velocidad, no era suficiente, en caso de toparme con algunas de esas moles de hielo inerte, flotando a la deriva, me podr\u00eda estrellar sin poder rectificar mi rumbo. Era como un juego, si bajaba suficientemente la velocidad, subir\u00eda el nivel de seguridad y no me estampar\u00eda con nada, pero, si lo hac\u00eda, la pantalla del navegador dejar\u00eda de ir acompasado, desvi\u00e1ndome de los dichosos trazos que hasta entonces era mi \u00fanica salvaci\u00f3n para regresar.<\/p>\n<p>En un instante la negrura y claustrof\u00f3bica noche comenz\u00f3 a resplandecer, hab\u00eda conseguido llegar a puerto, pero no sab\u00eda d\u00f3nde me encontraba. Aminor\u00e9 la marcha y muy poco a poco pude ver algunas luces caracter\u00edsticas del puerto, curiosamente me encontraba a una decena de metros solamente de tierra.<\/p>\n<p>La llegada al <em><a href=\"https:\/\/www.google.com\/search?q=pantal%C3%A1n+flotante&amp;tbm=isch&amp;source=univ&amp;sa=X&amp;ved=2ahUKEwj7sJ_Ts_vkAhX7BGMBHbPyAdIQsAR6BAgJEAE&amp;biw=1440&amp;bih=757#imgrc=rNW6uFUF8fqzkM:\">pantal\u00e1n<\/a><\/em> \u00a0tuvo tambi\u00e9n su aquel\u2026 tuve que seguir navegando en paralelo a pocos metros del largo espig\u00f3n, al que un duro temporal arranc\u00f3 la baliza de entrada dej\u00e1ndolo sin visibilidad.<\/p>\n<p>&nbsp;<\/p>\n<p>Cansado y empapado salt\u00e9 de la zodiac, estaba totalmente agarrotado por haber estado de pie e inm\u00f3vil las \u00faltimas cinco horas. A pesar del exagerado esfuerzo, una tenue sonrisa sal\u00eda de mi rosto helado, hab\u00eda conseguido llegar a casa gracias al \u201ccacharro\u201d electr\u00f3nico. Pero quiz\u00e1s, me ayudaron m\u00e1s las ganas de ponerme a prueba en el apasionante arte de la navegaci\u00f3n.<\/p>\n<p>&nbsp;<\/p>\n<p>Por cierto\u2026la pr\u00f3xima vez le pondr\u00e9 algo m\u00e1s de cari\u00f1o a los cachivaches electr\u00f3nicos antes de salir de puerto.<\/p>\n<hr \/>\n<p><span style=\"font-size: 14pt;\"><em><strong>Para ver m\u00e1s de mis aventuras, pulsa en los links<\/strong><\/em><\/span><\/p>\n<p><span style=\"font-size: 14pt;\"><strong><a href=\"https:\/\/www.facebook.com\/JoseTrejo404\/\" rel=\"external nofollow\">Facebook<\/a><\/strong><\/span><\/p>\n<p><span style=\"font-size: 14pt;\"><em><strong>Para ver m\u00e1s fotos de mis viajes, puedes seguirme en este link<\/strong><\/em><\/span><\/p>\n<p><span style=\"font-size: 14pt;\"><strong><a href=\"https:\/\/www.instagram.com\/josetrejo404\/?hl=es\" rel=\"external nofollow\">Instagram<\/a>\u00a0<\/strong><a href=\"https:\/\/www.google.es\/search?q=%23UnExtreme%C3%B1oEnEl%C3%81rtico&amp;tbm=isch&amp;tbo=u&amp;source=univ&amp;sa=X&amp;ved=0ahUKEwjk4__i8fzYAhUBWxQKHd2fCmUQsAQILQ&amp;biw=1366&amp;bih=637\" rel=\"external nofollow\">#UnExtreme\u00f1oEnEl\u00c1rtico<\/a>\u00a0<a href=\"https:\/\/www.instagram.com\/explore\/tags\/proyectobaikal2019\/?hl=es\" rel=\"external nofollow\">#ProyectoBaikal2019<\/a>\u00a0<a href=\"https:\/\/www.instagram.com\/explore\/tags\/aventurascentrowagen\/?hl=es\" rel=\"external nofollow\">#aventurascentrowagen<\/a><\/span><\/p>\n<p><strong><span style=\"font-size: 14pt;\">Ahora tambi\u00e9n canal de <a href=\"https:\/\/www.youtube.com\/channel\/UCkc4QXSFBOd_zSPTrQ2RdXQ?view_as=subscriber\" rel=\"external nofollow\">YouTube<\/a><\/span><\/strong><\/p>\n<p>&nbsp;<\/p>\n<p>&nbsp;<\/p>\n<p>&nbsp;<\/p>\n","protected":false},"excerpt":{"rendered":"<p>&nbsp; De peque\u00f1o jug\u00e1bamos a contar historias de miedo cuando aparec\u00eda la niebla por el parque del barrio, era entonces cuando nos acerc\u00e1bamos a una de las farolas encendidas, pegando nuestra espalda a la helada farola. Mir\u00e1bamos la sombra que proyectaba el poste sobre la niebla, aquella sombra parec\u00eda un fantasmag\u00f3rico manto de color negro. [&hellip;]<\/p>\n","protected":false},"author":142,"featured_media":2052,"comment_status":"open","ping_status":"closed","sticky":false,"template":"","format":"standard","meta":[],"categories":[1],"tags":[803,792,794,805,806,82,261,795,111,802,804,799,796,158,160,163,800,793,797,188,577,801,798,240],"_links":{"self":[{"href":"https:\/\/blogs.hoy.es\/un-extremeno-en-el-artico\/wp-json\/wp\/v2\/posts\/2048"}],"collection":[{"href":"https:\/\/blogs.hoy.es\/un-extremeno-en-el-artico\/wp-json\/wp\/v2\/posts"}],"about":[{"href":"https:\/\/blogs.hoy.es\/un-extremeno-en-el-artico\/wp-json\/wp\/v2\/types\/post"}],"author":[{"embeddable":true,"href":"https:\/\/blogs.hoy.es\/un-extremeno-en-el-artico\/wp-json\/wp\/v2\/users\/142"}],"replies":[{"embeddable":true,"href":"https:\/\/blogs.hoy.es\/un-extremeno-en-el-artico\/wp-json\/wp\/v2\/comments?post=2048"}],"version-history":[{"count":7,"href":"https:\/\/blogs.hoy.es\/un-extremeno-en-el-artico\/wp-json\/wp\/v2\/posts\/2048\/revisions"}],"predecessor-version":[{"id":2621,"href":"https:\/\/blogs.hoy.es\/un-extremeno-en-el-artico\/wp-json\/wp\/v2\/posts\/2048\/revisions\/2621"}],"wp:featuredmedia":[{"embeddable":true,"href":"https:\/\/blogs.hoy.es\/un-extremeno-en-el-artico\/wp-json\/wp\/v2\/media\/2052"}],"wp:attachment":[{"href":"https:\/\/blogs.hoy.es\/un-extremeno-en-el-artico\/wp-json\/wp\/v2\/media?parent=2048"}],"wp:term":[{"taxonomy":"category","embeddable":true,"href":"https:\/\/blogs.hoy.es\/un-extremeno-en-el-artico\/wp-json\/wp\/v2\/categories?post=2048"},{"taxonomy":"post_tag","embeddable":true,"href":"https:\/\/blogs.hoy.es\/un-extremeno-en-el-artico\/wp-json\/wp\/v2\/tags?post=2048"}],"curies":[{"name":"wp","href":"https:\/\/api.w.org\/{rel}","templated":true}]}}