{"id":2065,"date":"2019-10-30T20:23:53","date_gmt":"2019-10-30T19:23:53","guid":{"rendered":"http:\/\/blogs.hoy.es\/un-extremeno-en-el-artico\/?p=2065"},"modified":"2019-12-08T22:47:43","modified_gmt":"2019-12-08T21:47:43","slug":"__trashed","status":"publish","type":"post","link":"https:\/\/blogs.hoy.es\/un-extremeno-en-el-artico\/2019\/10\/30\/__trashed\/","title":{"rendered":"Navegando a la isla de Uunartoq"},"content":{"rendered":"<p>Solamente un peque\u00f1o anillo de unas decenas de kil\u00f3metros que rodea la costa es tierra libre de hielo y puede ser habitada, por ello, los groenlandeses se asentaron a lo largo del litoral. As\u00ed nacieron peque\u00f1as ciudades, pero no se asentaron en cualquier lugar, deb\u00edan protegerlas de los duros temporales que les azotaban. Incluso a veces se vieron obligados a cambiar de lugar, buscando v\u00edas m\u00e1s seguras y protegidas, siempre al abrigo de los temibles vientos.<\/p>\n<p><span style=\"font-size: 14pt;\"><strong>\u00bfCarreteras en Groenlandia?<\/strong><\/span><\/p>\n<p>En la isla de Groenlandia no hay dos ciudades unidas por carretera. La orograf\u00eda del lugar hace imposible esa posibilidad.<\/p>\n<p>Aunque el retroceso del hielo ha propiciado que r\u00e1pidamente aparezca m\u00e1s tierra &#8220;nueva&#8221; descubriendo si cabe, otras oportunidades a sus habitantes en eso de prosperar. Pero, como dije al principio, no ser\u00e1 construyendo carreteras en este lugar.<\/p>\n<p>Es debido principalmente a dos cosas, Groenlandia es un pa\u00eds muy monta\u00f1oso y rocoso. El intrincado de fiordos hace que algunas localidades que distan poco se conviertan en un gran reto tratar de alcanzarlas por el borde de la costa, ya que en buena parte del trayecto son abruptos acantilados.<\/p>\n<p>Otra cosa&#8230;Tampoco hay ninguna ciudad o asentamiento en el interior de la isla, por que solamente hay hielo, y no hay ninguna forma de vida que pudiera favorecer alguna oportunidad.<\/p>\n<hr \/>\n<p>Hoy he querido cambiar el formato y aqu\u00ed os dejo un v\u00eddeo de un d\u00eda normal en mi &#8220;oficina&#8221; navegando de la isla de Nanortalik a la isla de Uunartoq en un d\u00eda inusualmente c\u00e1lido y soleado en este tempestuoso lugar. Pero, eso os lo contar\u00e9 en la pr\u00f3xima entrada del blog que se titular\u00e1 &#8220;Nuestra primera ola de calor aqu\u00ed, en el \u00e1rtico&#8221;.<\/p>\n<div id=\"attachment_2066\" style=\"width: 981px\" class=\"wp-caption alignnone\"><a href=\"https:\/\/static-blogs.hoy.es\/wp-content\/uploads\/sites\/119\/2019\/10\/C0251-ab.jpg\"><img aria-describedby=\"caption-attachment-2066\" loading=\"lazy\" class=\"size-full wp-image-2066\" src=\"https:\/\/static-blogs.hoy.es\/wp-content\/uploads\/sites\/119\/2019\/10\/C0251-ab.jpg\" alt=\"\" width=\"971\" height=\"647\" srcset=\"https:\/\/static-blogs.hoy.es\/wp-content\/uploads\/sites\/119\/2019\/10\/C0251-ab.jpg 971w, https:\/\/static-blogs.hoy.es\/wp-content\/uploads\/sites\/119\/2019\/10\/C0251-ab-300x200.jpg 300w, https:\/\/static-blogs.hoy.es\/wp-content\/uploads\/sites\/119\/2019\/10\/C0251-ab-768x512.jpg 768w\" sizes=\"(max-width: 971px) 100vw, 971px\" \/><\/a><p id=\"caption-attachment-2066\" class=\"wp-caption-text\">Isla de Uunartoq, extremo sur de Groenlandia.<\/p><\/div>\n<p><iframe loading=\"lazy\" src=\"\/\/www.youtube.com\/embed\/F0yzirQcdYI\" width=\"560\" height=\"314\" allowfullscreen=\"allowfullscreen\"><\/iframe><\/p>\n<hr \/>\n<p><span style=\"font-size: 14pt;\"><em><strong>Para ver m\u00e1s de mis aventuras, pulsa en los links<\/strong><\/em><\/span><\/p>\n<p><span style=\"font-size: 14pt;\"><strong><a href=\"https:\/\/www.facebook.com\/JoseTrejo404\/\" rel=\"external nofollow\">Facebook<\/a><\/strong><\/span><\/p>\n<p><span style=\"font-size: 14pt;\"><em><strong>Para ver m\u00e1s fotos de mis viajes, puedes seguirme en este link<\/strong><\/em><\/span><\/p>\n<p><span style=\"font-size: 14pt;\"><strong><a href=\"https:\/\/www.instagram.com\/josetrejo404\/?hl=es\" rel=\"external nofollow\">Instagram<\/a>\u00a0<\/strong><a href=\"https:\/\/www.google.es\/search?q=%23UnExtreme%C3%B1oEnEl%C3%81rtico&amp;tbm=isch&amp;tbo=u&amp;source=univ&amp;sa=X&amp;ved=0ahUKEwjk4__i8fzYAhUBWxQKHd2fCmUQsAQILQ&amp;biw=1366&amp;bih=637\" rel=\"external nofollow\">#UnExtreme\u00f1oEnEl\u00c1rtico<\/a>\u00a0<a href=\"https:\/\/www.instagram.com\/explore\/tags\/proyectobaikal2019\/?hl=es\" rel=\"external nofollow\">#ProyectoBaikal2019<\/a>\u00a0<a href=\"https:\/\/www.instagram.com\/explore\/tags\/aventurascentrowagen\/?hl=es\" rel=\"external nofollow\">#aventurascentrowagen<\/a><\/span><\/p>\n<p><strong><span style=\"font-size: 14pt;\">Ahora tambi\u00e9n canal de <a href=\"https:\/\/www.youtube.com\/channel\/UCkc4QXSFBOd_zSPTrQ2RdXQ?view_as=subscriber\" rel=\"external nofollow\">YouTube<\/a><\/span><\/strong><\/p>\n<p>&nbsp;<\/p>\n","protected":false},"excerpt":{"rendered":"<p>Solamente un peque\u00f1o anillo de unas decenas de kil\u00f3metros que rodea la costa es tierra libre de hielo y puede ser habitada, por ello, los groenlandeses se asentaron a lo largo del litoral. As\u00ed nacieron peque\u00f1as ciudades, pero no se asentaron en cualquier lugar, deb\u00edan protegerlas de los duros temporales que les azotaban. Incluso a [&hellip;]<\/p>\n","protected":false},"author":142,"featured_media":2066,"comment_status":"open","ping_status":"closed","sticky":false,"template":"","format":"standard","meta":[],"categories":[1],"tags":[83,101,107,160,229],"_links":{"self":[{"href":"https:\/\/blogs.hoy.es\/un-extremeno-en-el-artico\/wp-json\/wp\/v2\/posts\/2065"}],"collection":[{"href":"https:\/\/blogs.hoy.es\/un-extremeno-en-el-artico\/wp-json\/wp\/v2\/posts"}],"about":[{"href":"https:\/\/blogs.hoy.es\/un-extremeno-en-el-artico\/wp-json\/wp\/v2\/types\/post"}],"author":[{"embeddable":true,"href":"https:\/\/blogs.hoy.es\/un-extremeno-en-el-artico\/wp-json\/wp\/v2\/users\/142"}],"replies":[{"embeddable":true,"href":"https:\/\/blogs.hoy.es\/un-extremeno-en-el-artico\/wp-json\/wp\/v2\/comments?post=2065"}],"version-history":[{"count":5,"href":"https:\/\/blogs.hoy.es\/un-extremeno-en-el-artico\/wp-json\/wp\/v2\/posts\/2065\/revisions"}],"predecessor-version":[{"id":2071,"href":"https:\/\/blogs.hoy.es\/un-extremeno-en-el-artico\/wp-json\/wp\/v2\/posts\/2065\/revisions\/2071"}],"wp:featuredmedia":[{"embeddable":true,"href":"https:\/\/blogs.hoy.es\/un-extremeno-en-el-artico\/wp-json\/wp\/v2\/media\/2066"}],"wp:attachment":[{"href":"https:\/\/blogs.hoy.es\/un-extremeno-en-el-artico\/wp-json\/wp\/v2\/media?parent=2065"}],"wp:term":[{"taxonomy":"category","embeddable":true,"href":"https:\/\/blogs.hoy.es\/un-extremeno-en-el-artico\/wp-json\/wp\/v2\/categories?post=2065"},{"taxonomy":"post_tag","embeddable":true,"href":"https:\/\/blogs.hoy.es\/un-extremeno-en-el-artico\/wp-json\/wp\/v2\/tags?post=2065"}],"curies":[{"name":"wp","href":"https:\/\/api.w.org\/{rel}","templated":true}]}}