{"id":2102,"date":"2019-12-18T00:57:56","date_gmt":"2019-12-17T23:57:56","guid":{"rendered":"http:\/\/blogs.hoy.es\/un-extremeno-en-el-artico\/?p=2102"},"modified":"2019-12-18T19:45:54","modified_gmt":"2019-12-18T18:45:54","slug":"a-que-velocidad-desaparece-un-frente-glaciar-primera-parte","status":"publish","type":"post","link":"https:\/\/blogs.hoy.es\/un-extremeno-en-el-artico\/2019\/12\/18\/a-que-velocidad-desaparece-un-frente-glaciar-primera-parte\/","title":{"rendered":"\u00bfA qu\u00e9 velocidad desaparece un frente glaciar? El peque\u00f1o nunatak. Primera parte"},"content":{"rendered":"<p>Ten\u00eda pocas esperanzas de que el mundo se pusiera de acuerdo en eso del clima&#8230;Y al ver varios titulares me qued\u00e9 con este &#8220;<strong>Cumbre de incapaces<\/strong>&#8220;.<\/p>\n<p>Sobre las conclusiones de la <strong><a href=\"https:\/\/sostenibilidad.semana.com\/impacto\/articulo\/cop25-cumbre-de-incapaces\/47963\" rel=\"external nofollow\">Cumbre del Clima\u00a0 de 2019 COP25<\/a><\/strong>, uno no deja de sorprenderse de la autocomplacencia y el obstruccionismo de algunos pa\u00edses que cre\u00eda sensatos y responsables con el medio ambiente. <span style=\"font-size: 10pt;\">Fuente:\u00a0<a href=\"https:\/\/sostenibilidad.semana.com\/\" rel=\"external nofollow\">https:\/\/sostenibilidad.semana.com\/<\/a><\/span><\/p>\n<p>He visitado alguno de esos pa\u00edses, pero acabo de caer en el enga\u00f1o y sobre la imagen que ten\u00eda de ellos. Solamente se trataba de un bonito escenario, preparado para generar ingresos y que nada ten\u00eda que ver con la conciencia real sobre el mundo natural. Un mundo natural que nos cre\u00f3 y al que le damos la espalda.<\/p>\n<hr \/>\n<p>Llevado por este pesar, quiero haceros part\u00edcipes de dos historias vividas en primera persona\u00a0 durante una d\u00e9cada en Groenlandia. Para esto, he recopilado unas fotograf\u00edas que fui tomando en algunas exploraciones en glaciares, sin otro inter\u00e9s que guardarlas como recuerdo de mis d\u00edas en el casquete polar.<\/p>\n<p><span style=\"font-size: 36pt;\"><strong>Inmensidad<\/strong><\/span><\/p>\n<p>Cuando uno llega a Groenlandia por primera vez, no es capaz de abarcar tanta grandeza natural, vamos&#8230;, no le entra en la cabeza las dimensiones de este lugar. Un occidental como yo, acostumbrado a medir los espacios por comparaci\u00f3n con cualquier infraestructura humana, como una carretera o una l\u00ednea de postes telegr\u00e1ficos, cometer\u00eda los mismos errores de c\u00e1lculo al tratar de comprender las distancias, alturas, etc, del paisaje groenland\u00e9s carente de cualquier referencia humana.<\/p>\n<p>Quiero aclarar, que pasa igual con las colosales cantidades de hielo que se pierde a\u00f1o tras a\u00f1o por el calentamiento global. Se estima que el casquete polar de Groenlandia ha perdido solo en este a\u00f1o m\u00e1s de 380 Billones de toneladas o de otra manera, 380 Gigatones de hielo. Medida que no logro cuantificar.\u00a0<span style=\"font-size: 10pt;\">Fuente:<a href=\"https:\/\/www.bbc.com\/news\/science_and_environment\" rel=\"external nofollow\">\u00a0https:\/\/www.bbc.com\/news\/science_and_environment<\/a><\/span><\/p>\n<p><span style=\"font-size: 14pt;\"><a href=\"https:\/\/www.bbc.com\/news\/science-environment-48387030\" rel=\"external nofollow\">Climate change: Greenland ice melt &#8216;is accelerating\u00a0<\/a><\/span><\/p>\n<p><span style=\"font-size: 14pt;\"><a href=\"https:\/\/es.wikipedia.org\/wiki\/Gigat%C3%B3n\" rel=\"external nofollow\">Gigaton<\/a><\/span><\/p>\n<p>&nbsp;<\/p>\n<p>A mi entender, el futuro del Planeta se antoja l\u00fagubre. Por eso, quiero mostrar el r\u00e1pido cambio que he percibido en mi estancia en el \u00c1rtico, y as\u00ed, nos servir\u00e1 de ilustraci\u00f3n para responder a esta pregunta:<\/p>\n<p><span style=\"font-size: 14pt;\"><strong>\u00bfA qu\u00e9 velocidad desaparece un glaciar?<\/strong><\/span><\/p>\n<hr \/>\n<p><strong>La monta\u00f1a flotante, el nunatak.<\/strong><\/p>\n<div id=\"attachment_2104\" style=\"width: 1034px\" class=\"wp-caption alignnone\"><a href=\"https:\/\/static-blogs.hoy.es\/wp-content\/uploads\/sites\/119\/2019\/12\/a\u00f1o-2011.jpg\"><img aria-describedby=\"caption-attachment-2104\" loading=\"lazy\" class=\"size-large wp-image-2104\" src=\"https:\/\/static-blogs.hoy.es\/wp-content\/uploads\/sites\/119\/2019\/12\/a\u00f1o-2011-1024x683.jpg\" alt=\"\" width=\"1024\" height=\"683\" srcset=\"https:\/\/static-blogs.hoy.es\/wp-content\/uploads\/sites\/119\/2019\/12\/a\u00f1o-2011-1024x683.jpg 1024w, https:\/\/static-blogs.hoy.es\/wp-content\/uploads\/sites\/119\/2019\/12\/a\u00f1o-2011-300x200.jpg 300w, https:\/\/static-blogs.hoy.es\/wp-content\/uploads\/sites\/119\/2019\/12\/a\u00f1o-2011-768x512.jpg 768w, https:\/\/static-blogs.hoy.es\/wp-content\/uploads\/sites\/119\/2019\/12\/a\u00f1o-2011.jpg 1152w\" sizes=\"(max-width: 1024px) 100vw, 1024px\" \/><\/a><p id=\"caption-attachment-2104\" class=\"wp-caption-text\"><em><span style=\"font-size: 10pt;\">El <strong>nunatak<\/strong> protagonista se encuentra en el fondo del fiordo de Qalerallit. Foto tomada desde la cota 410 m.\u00a0 Jose Trejo a\u00f1o 2011.<\/span><\/em><\/p><\/div>\n<p>&nbsp;<\/p>\n<p>Durante los diez \u00faltimos a\u00f1os, y de forma ininterrumpida, he vivido en el sur de Groenlandia los meses de verano. A\u00f1o tras a\u00f1o, he sido testigo de una evoluci\u00f3n en el paisaje y como no, del clima.<\/p>\n<p>Para tener una referencia fija a esta ilustraci\u00f3n, mostrar\u00e9 una peque\u00f1a monta\u00f1a sin nombre. Un peque\u00f1o <strong>nunatak\u00a0<\/strong>que en la lengua esquimal significa &#8220;monta\u00f1a flotante&#8221;. Los antiguos pobladores cre\u00edan que las monta\u00f1as que sobresalen del hielo flotaban en \u00e9l y pod\u00edan moverse a trav\u00e9s de la superficie glacial.<\/p>\n<p>El peque\u00f1o cerro o <strong>nunatak<\/strong> que vemos en la foto, ser\u00e1 el protagonista de la primera historia.<\/p>\n<div id=\"attachment_2107\" style=\"width: 944px\" class=\"wp-caption alignnone\"><a href=\"https:\/\/static-blogs.hoy.es\/wp-content\/uploads\/sites\/119\/2019\/12\/DSCN7026.jpg\"><img aria-describedby=\"caption-attachment-2107\" loading=\"lazy\" class=\"size-full wp-image-2107\" src=\"https:\/\/static-blogs.hoy.es\/wp-content\/uploads\/sites\/119\/2019\/12\/DSCN7026.jpg\" alt=\"\" width=\"934\" height=\"701\" srcset=\"https:\/\/static-blogs.hoy.es\/wp-content\/uploads\/sites\/119\/2019\/12\/DSCN7026.jpg 934w, https:\/\/static-blogs.hoy.es\/wp-content\/uploads\/sites\/119\/2019\/12\/DSCN7026-300x225.jpg 300w, https:\/\/static-blogs.hoy.es\/wp-content\/uploads\/sites\/119\/2019\/12\/DSCN7026-768x576.jpg 768w\" sizes=\"(max-width: 934px) 100vw, 934px\" \/><\/a><p id=\"caption-attachment-2107\" class=\"wp-caption-text\"><em>Nuestro nunatak visto desde el frente glaciar de cuarenta metros de altura . Jose Trejo a\u00f1o 2011.<\/em><\/p><\/div>\n<p>Este nunatak se encuentra en el fondo del fiordo de Qalerallit en el suroeste de la isla de Groenlandia.<\/p>\n<p>A un costado de este fiordo, est\u00e1 el campamento de fletanes (Qalerallit en groenland\u00e9s) de la empresa viajes de\u00a0<a href=\"https:\/\/tasermiutgreenland.com\/package\/greenland-wonders\/\" rel=\"external nofollow\">Tasermiut South Greenland Expeditions<\/a>, desde este lugar se puede ver y sentir los desplomes de enormes bloques de hielo y su correspondiente tsunami que constantemente rompen contra costa.<\/p>\n<p>Cuando llegu\u00e9 a este lugar como colaborador para\u00a0 <a href=\"https:\/\/tasermiutgreenland.com\/package\/greenland-wonders\/\" rel=\"external nofollow\">Tasermiut South Greenland Expeditions<\/a>, nuestra primera misi\u00f3n siempre, era la de explorar rutas de entrada al glaciar, hab\u00eda que buscar un paso para acceder a \u00e9l. No era tarea f\u00e1cil, ya que para entrar en el hielo solamente hab\u00eda una peque\u00f1a lengua helada accesible que mor\u00eda cerca del mar, junto a ella, hab\u00eda una roca alargada que hac\u00eda de puerto natural.<\/p>\n<p>El fiordo se compon\u00eda de tres frentes glaciares, de los cuales, dos de ellos eran frentes calving (frente glaciar que se introduce en el mar), siendo uno de ellos muy activo y peligroso. Por cualquier otro lado era imposible entrar, una barrera de hielo vertical de cuarenta a ochenta metros de altura, con una longitud de unos tres kil\u00f3metros de longitud nos imped\u00eda el paso.<\/p>\n<p>Por aquellos entonces, ajeno a esta realidad, hac\u00eda fotos en las exploraciones en el hielo, para marcar el paso y \u00a1como no! de recuerdo. Ahora, despu\u00e9s de diez a\u00f1os representan un importante documento gr\u00e1fico de lo que fue.<\/p>\n<div id=\"attachment_2112\" style=\"width: 982px\" class=\"wp-caption alignnone\"><a href=\"https:\/\/static-blogs.hoy.es\/wp-content\/uploads\/sites\/119\/2019\/12\/groenlandiaf0720.jpg\"><img aria-describedby=\"caption-attachment-2112\" loading=\"lazy\" class=\"size-full wp-image-2112\" src=\"https:\/\/static-blogs.hoy.es\/wp-content\/uploads\/sites\/119\/2019\/12\/groenlandiaf0720.jpg\" alt=\"\" width=\"972\" height=\"648\" srcset=\"https:\/\/static-blogs.hoy.es\/wp-content\/uploads\/sites\/119\/2019\/12\/groenlandiaf0720.jpg 972w, https:\/\/static-blogs.hoy.es\/wp-content\/uploads\/sites\/119\/2019\/12\/groenlandiaf0720-300x200.jpg 300w, https:\/\/static-blogs.hoy.es\/wp-content\/uploads\/sites\/119\/2019\/12\/groenlandiaf0720-768x512.jpg 768w\" sizes=\"(max-width: 972px) 100vw, 972px\" \/><\/a><p id=\"caption-attachment-2112\" class=\"wp-caption-text\"><em><span style=\"font-size: 10pt;\">Finales de temporada, es mediados de septiembre. Se puede comparar con la foto anterior lo que ha ocurrido en tan solo un mes y medio. Jose Trejo 2011<\/span><\/em><\/p><\/div>\n<p>&nbsp;<\/p>\n<div id=\"attachment_2113\" style=\"width: 977px\" class=\"wp-caption alignnone\"><a href=\"https:\/\/static-blogs.hoy.es\/wp-content\/uploads\/sites\/119\/2019\/12\/IMG_1893.jpg\"><img aria-describedby=\"caption-attachment-2113\" loading=\"lazy\" class=\"size-full wp-image-2113\" src=\"https:\/\/static-blogs.hoy.es\/wp-content\/uploads\/sites\/119\/2019\/12\/IMG_1893.jpg\" alt=\"\" width=\"967\" height=\"645\" srcset=\"https:\/\/static-blogs.hoy.es\/wp-content\/uploads\/sites\/119\/2019\/12\/IMG_1893.jpg 967w, https:\/\/static-blogs.hoy.es\/wp-content\/uploads\/sites\/119\/2019\/12\/IMG_1893-300x200.jpg 300w, https:\/\/static-blogs.hoy.es\/wp-content\/uploads\/sites\/119\/2019\/12\/IMG_1893-768x512.jpg 768w\" sizes=\"(max-width: 967px) 100vw, 967px\" \/><\/a><p id=\"caption-attachment-2113\" class=\"wp-caption-text\"><span style=\"font-size: 10pt;\"><em>A mi espalda, a un kil\u00f3metro est\u00e1 el nunatak. Tiene una altura de 200 metros sobre el nivel del mar. Exploraci\u00f3n del acceso por el lateral\u00a0 oeste al frente glaciar. Jose Trejo 2013<\/em><\/span><\/p><\/div>\n<div class=\"mceTemp\"><\/div>\n<div id=\"attachment_2116\" style=\"width: 693px\" class=\"wp-caption alignnone\"><a href=\"https:\/\/static-blogs.hoy.es\/wp-content\/uploads\/sites\/119\/2019\/12\/FB_IMG_1475329699439.jpg\"><img aria-describedby=\"caption-attachment-2116\" loading=\"lazy\" class=\"size-large wp-image-2116\" src=\"https:\/\/static-blogs.hoy.es\/wp-content\/uploads\/sites\/119\/2019\/12\/FB_IMG_1475329699439-683x1024.jpg\" alt=\"\" width=\"683\" height=\"1024\" srcset=\"https:\/\/static-blogs.hoy.es\/wp-content\/uploads\/sites\/119\/2019\/12\/FB_IMG_1475329699439-683x1024.jpg 683w, https:\/\/static-blogs.hoy.es\/wp-content\/uploads\/sites\/119\/2019\/12\/FB_IMG_1475329699439-200x300.jpg 200w, https:\/\/static-blogs.hoy.es\/wp-content\/uploads\/sites\/119\/2019\/12\/FB_IMG_1475329699439.jpg 720w\" sizes=\"(max-width: 683px) 100vw, 683px\" \/><\/a><p id=\"caption-attachment-2116\" class=\"wp-caption-text\"><span style=\"font-size: 10pt;\"><em>Secuencia de fotos de tres a\u00f1os ininterrumpidos en la misma \u00e9poca de verano. Foto Fracesco Boncompagni. De arriba a bajo a\u00f1os <strong>2013, 2014 y 2015<\/strong>.<\/em><\/span><\/p><\/div>\n<div class=\"mceTemp\"><\/div>\n<p>Entre los a\u00f1os 2014 y\u00a0 2016 se registraron temperaturas inusualmente altas en\u00a0\u00a0<a href=\"https:\/\/globalcryospherewatch.org\/interesting\/archive\/nuuk_record-temp_jun2016\/\" rel=\"external nofollow\">Kangerlussuaq (23,5\u00ba C)<\/a> y en <a href=\"https:\/\/globalcryospherewatch.org\/interesting\/archive\/nuuk_record-temp_jun2016\/\" rel=\"external nofollow\">Nuuk (24\u00baC)<\/a> respectivamente. En los meses de julio se hab\u00edan alcanzado r\u00e9cords hist\u00f3ricos. <span style=\"font-size: 10pt;\">Fuente: <a href=\"https:\/\/public.wmo.int\/en\" rel=\"external nofollow\">World Meteorogical Organization<\/a><\/span><\/p>\n<p>&nbsp;<\/p>\n<p>A\u00f1o 2014. El acceso lateral de la parte oeste del glaciar quedaba limpio de hielo por primera vez, lo que hac\u00eda presagiar que en poco se ver\u00eda ya tierra firme del fondo del glaciar confirmando as\u00ed la muerte de esa parte.<\/p>\n<div id=\"attachment_2117\" style=\"width: 931px\" class=\"wp-caption alignnone\"><a href=\"https:\/\/static-blogs.hoy.es\/wp-content\/uploads\/sites\/119\/2019\/12\/P9170687.jpg\"><img aria-describedby=\"caption-attachment-2117\" loading=\"lazy\" class=\"size-full wp-image-2117\" src=\"https:\/\/static-blogs.hoy.es\/wp-content\/uploads\/sites\/119\/2019\/12\/P9170687.jpg\" alt=\"\" width=\"921\" height=\"614\" srcset=\"https:\/\/static-blogs.hoy.es\/wp-content\/uploads\/sites\/119\/2019\/12\/P9170687.jpg 921w, https:\/\/static-blogs.hoy.es\/wp-content\/uploads\/sites\/119\/2019\/12\/P9170687-300x200.jpg 300w, https:\/\/static-blogs.hoy.es\/wp-content\/uploads\/sites\/119\/2019\/12\/P9170687-768x512.jpg 768w\" sizes=\"(max-width: 921px) 100vw, 921px\" \/><\/a><p id=\"caption-attachment-2117\" class=\"wp-caption-text\"><span style=\"font-size: 10pt;\"><em>Regreso de nuevo al fiordo, pude comprobar estupefacto que hab\u00edan aparecido tres nuevas islas de roca por el retroceso de la barrera de hielo. Jose Trejo 2017<\/em><\/span><\/p><\/div>\n<p>A\u00f1o 2017. Debido al gran deshielo por el mencionado lateral, nuevamente se volvi\u00f3 a cambiar la ruta de acceso al plat\u00f3 helado, cada vez m\u00e1s por tierra que por el hielo.<\/p>\n<p>&nbsp;<\/p>\n<div id=\"attachment_2118\" style=\"width: 931px\" class=\"wp-caption alignnone\"><a href=\"https:\/\/static-blogs.hoy.es\/wp-content\/uploads\/sites\/119\/2019\/12\/P9170683.jpg\"><img aria-describedby=\"caption-attachment-2118\" loading=\"lazy\" class=\"size-full wp-image-2118\" src=\"https:\/\/static-blogs.hoy.es\/wp-content\/uploads\/sites\/119\/2019\/12\/P9170683.jpg\" alt=\"\" width=\"921\" height=\"614\" srcset=\"https:\/\/static-blogs.hoy.es\/wp-content\/uploads\/sites\/119\/2019\/12\/P9170683.jpg 921w, https:\/\/static-blogs.hoy.es\/wp-content\/uploads\/sites\/119\/2019\/12\/P9170683-300x200.jpg 300w, https:\/\/static-blogs.hoy.es\/wp-content\/uploads\/sites\/119\/2019\/12\/P9170683-768x512.jpg 768w\" sizes=\"(max-width: 921px) 100vw, 921px\" \/><\/a><p id=\"caption-attachment-2118\" class=\"wp-caption-text\"><span style=\"font-size: 10pt;\"><em>Nuestro protagonista, el nunatak, ya no &#8220;flota&#8221; en el mar de hielo. Jose Trejo 2017<\/em><\/span><\/p><\/div>\n<div id=\"attachment_2120\" style=\"width: 514px\" class=\"wp-caption alignnone\"><a href=\"https:\/\/static-blogs.hoy.es\/wp-content\/uploads\/sites\/119\/2019\/12\/IMG_3610_Momentaa.jpg\"><img aria-describedby=\"caption-attachment-2120\" loading=\"lazy\" class=\"size-full wp-image-2120\" src=\"https:\/\/static-blogs.hoy.es\/wp-content\/uploads\/sites\/119\/2019\/12\/IMG_3610_Momentaa.jpg\" alt=\"\" width=\"504\" height=\"338\" srcset=\"https:\/\/static-blogs.hoy.es\/wp-content\/uploads\/sites\/119\/2019\/12\/IMG_3610_Momentaa.jpg 504w, https:\/\/static-blogs.hoy.es\/wp-content\/uploads\/sites\/119\/2019\/12\/IMG_3610_Momentaa-300x201.jpg 300w\" sizes=\"(max-width: 504px) 100vw, 504px\" \/><\/a><p id=\"caption-attachment-2120\" class=\"wp-caption-text\"><span style=\"font-size: 10pt;\">Fotograma extra\u00eddo de un v\u00eddeo y desde muy lejos. V\u00eddeo Jens Jacob 2019<\/span><\/p><\/div>\n<p>&nbsp;<\/p>\n<p>El retroceso sigue imparable.<\/p>\n<p><iframe loading=\"lazy\" src=\"\/\/www.youtube.com\/embed\/o03Y-bDkcDo\" width=\"560\" height=\"314\" allowfullscreen=\"allowfullscreen\"><\/iframe><\/p>\n<p>Aqu\u00ed otro ejemplo, pero esta vez en v\u00eddeo. Al fondo se puede ver el protagonista de esta historia, el peque\u00f1o nunatak \u00a1Observar las dimensiones de lo que era el frente glaciar! y el colapso de un gran puente de hielo.<\/p>\n<p>A\u00f1o 2011 v\u00eddeo de Rafanok<\/p>\n<p>&nbsp;<\/p>\n<p><strong>Continuar\u00e1 con la segunda historia en el pr\u00f3ximo post&#8230;<\/strong><\/p>\n<p>&nbsp;<\/p>\n<hr \/>\n<p><span style=\"font-size: 18pt;\"><strong>Para ver m\u00e1s de mis aventuras, pulsa en los links<\/strong><\/span><\/p>\n<p><strong><a href=\"https:\/\/www.facebook.com\/JoseTrejo404\/\" rel=\"external nofollow\"><span style=\"font-size: 14pt;\">Facebook<\/span><\/a><\/strong><\/p>\n<p><span style=\"font-size: 14pt;\"><strong>Para ver m\u00e1s fotos de mis viajes, puedes seguirme en este link<\/strong><\/span><\/p>\n<p><span style=\"font-size: 14pt;\"><strong><a href=\"https:\/\/www.instagram.com\/josetrejo404\/?hl=es\" rel=\"external nofollow\">Instagram<\/a>\u00a0<\/strong><a href=\"https:\/\/www.google.es\/search?q=%23UnExtreme%C3%B1oEnEl%C3%81rtico&amp;tbm=isch&amp;tbo=u&amp;source=univ&amp;sa=X&amp;ved=0ahUKEwjk4__i8fzYAhUBWxQKHd2fCmUQsAQILQ&amp;biw=1366&amp;bih=637\" rel=\"external nofollow\">#UnExtreme\u00f1oEnEl\u00c1rtico<\/a>\u00a0<a href=\"https:\/\/www.instagram.com\/explore\/tags\/proyectobaikal2019\/?hl=es\" rel=\"external nofollow\">#ProyectoBaikal2019<\/a>\u00a0<a href=\"https:\/\/www.instagram.com\/explore\/tags\/aventurascentrowagen\/?hl=es\" rel=\"external nofollow\">#aventurascentrowagen<\/a><\/span><\/p>\n<p><span style=\"font-size: 14pt;\"><strong>Ahora tambi\u00e9n canal de\u00a0<a href=\"https:\/\/www.youtube.com\/channel\/UCkc4QXSFBOd_zSPTrQ2RdXQ?view_as=subscriber\" rel=\"external nofollow\">YouTube<\/a><\/strong><\/span><\/p>\n<p>&nbsp;<\/p>\n<p>&nbsp;<\/p>\n<p>&nbsp;<\/p>\n<p>&nbsp;<\/p>\n<p>&nbsp;<\/p>\n","protected":false},"excerpt":{"rendered":"<p>Ten\u00eda pocas esperanzas de que el mundo se pusiera de acuerdo en eso del clima&#8230;Y al ver varios titulares me qued\u00e9 con este &#8220;Cumbre de incapaces&#8220;. Sobre las conclusiones de la Cumbre del Clima\u00a0 de 2019 COP25, uno no deja de sorprenderse de la autocomplacencia y el obstruccionismo de algunos pa\u00edses que cre\u00eda sensatos y [&hellip;]<\/p>\n","protected":false},"author":142,"featured_media":2112,"comment_status":"open","ping_status":"closed","sticky":false,"template":"","format":"standard","meta":[],"categories":[1],"tags":[14,822,819,825,818,817,823,82,84,429,95,101,826,827,824,172,770,187,188,820],"_links":{"self":[{"href":"https:\/\/blogs.hoy.es\/un-extremeno-en-el-artico\/wp-json\/wp\/v2\/posts\/2102"}],"collection":[{"href":"https:\/\/blogs.hoy.es\/un-extremeno-en-el-artico\/wp-json\/wp\/v2\/posts"}],"about":[{"href":"https:\/\/blogs.hoy.es\/un-extremeno-en-el-artico\/wp-json\/wp\/v2\/types\/post"}],"author":[{"embeddable":true,"href":"https:\/\/blogs.hoy.es\/un-extremeno-en-el-artico\/wp-json\/wp\/v2\/users\/142"}],"replies":[{"embeddable":true,"href":"https:\/\/blogs.hoy.es\/un-extremeno-en-el-artico\/wp-json\/wp\/v2\/comments?post=2102"}],"version-history":[{"count":19,"href":"https:\/\/blogs.hoy.es\/un-extremeno-en-el-artico\/wp-json\/wp\/v2\/posts\/2102\/revisions"}],"predecessor-version":[{"id":2134,"href":"https:\/\/blogs.hoy.es\/un-extremeno-en-el-artico\/wp-json\/wp\/v2\/posts\/2102\/revisions\/2134"}],"wp:featuredmedia":[{"embeddable":true,"href":"https:\/\/blogs.hoy.es\/un-extremeno-en-el-artico\/wp-json\/wp\/v2\/media\/2112"}],"wp:attachment":[{"href":"https:\/\/blogs.hoy.es\/un-extremeno-en-el-artico\/wp-json\/wp\/v2\/media?parent=2102"}],"wp:term":[{"taxonomy":"category","embeddable":true,"href":"https:\/\/blogs.hoy.es\/un-extremeno-en-el-artico\/wp-json\/wp\/v2\/categories?post=2102"},{"taxonomy":"post_tag","embeddable":true,"href":"https:\/\/blogs.hoy.es\/un-extremeno-en-el-artico\/wp-json\/wp\/v2\/tags?post=2102"}],"curies":[{"name":"wp","href":"https:\/\/api.w.org\/{rel}","templated":true}]}}