{"id":2136,"date":"2019-12-28T00:55:51","date_gmt":"2019-12-27T23:55:51","guid":{"rendered":"http:\/\/blogs.hoy.es\/un-extremeno-en-el-artico\/?p=2136"},"modified":"2020-06-18T20:34:16","modified_gmt":"2020-06-18T18:34:16","slug":"flores-sobre-un-gigante-moribundo-segunda-parte","status":"publish","type":"post","link":"https:\/\/blogs.hoy.es\/un-extremeno-en-el-artico\/2019\/12\/28\/flores-sobre-un-gigante-moribundo-segunda-parte\/","title":{"rendered":"\u00bfA qu\u00e9 velocidad desaparece un glaciar? Flores sobre un gigante moribundo. Segunda parte"},"content":{"rendered":"<div id=\"attachment_2155\" style=\"width: 1034px\" class=\"wp-caption alignnone\"><a href=\"https:\/\/static-blogs.hoy.es\/wp-content\/uploads\/sites\/119\/2019\/12\/P8170571a.jpg\"><img aria-describedby=\"caption-attachment-2155\" loading=\"lazy\" class=\"size-large wp-image-2155\" src=\"https:\/\/static-blogs.hoy.es\/wp-content\/uploads\/sites\/119\/2019\/12\/P8170571a-1024x768.jpg\" alt=\"\" width=\"1024\" height=\"768\" srcset=\"https:\/\/static-blogs.hoy.es\/wp-content\/uploads\/sites\/119\/2019\/12\/P8170571a-1024x768.jpg 1024w, https:\/\/static-blogs.hoy.es\/wp-content\/uploads\/sites\/119\/2019\/12\/P8170571a-300x225.jpg 300w, https:\/\/static-blogs.hoy.es\/wp-content\/uploads\/sites\/119\/2019\/12\/P8170571a-768x576.jpg 768w, https:\/\/static-blogs.hoy.es\/wp-content\/uploads\/sites\/119\/2019\/12\/P8170571a.jpg 1152w\" sizes=\"(max-width: 1024px) 100vw, 1024px\" \/><\/a><p id=\"caption-attachment-2155\" class=\"wp-caption-text\"><span style=\"font-size: 10pt;\">Camino de la costa Este de Groenlandia.\u00a0 Jorge rodeado de flores niviarsiaq. Es la primera planta en colonizar los suelos donde antes hubo un glaciar.<\/span><\/p><\/div>\n<hr \/>\n<hr \/>\n<div class=\"mceTemp\"><\/div>\n<p>Os invito a reflexionar lectores de este blog, observando estas fotograf\u00edas. Me gustar\u00eda que pudieran retenerlas en la memoria, para ello, os formular\u00e9 una serie de preguntas.<\/p>\n<div id=\"attachment_2140\" style=\"width: 730px\" class=\"wp-caption alignnone\"><a href=\"https:\/\/static-blogs.hoy.es\/wp-content\/uploads\/sites\/119\/2019\/12\/FB_IMG_1479654497992.jpg\"><img aria-describedby=\"caption-attachment-2140\" loading=\"lazy\" class=\"size-full wp-image-2140\" src=\"https:\/\/static-blogs.hoy.es\/wp-content\/uploads\/sites\/119\/2019\/12\/FB_IMG_1479654497992.jpg\" alt=\"\" width=\"720\" height=\"471\" srcset=\"https:\/\/static-blogs.hoy.es\/wp-content\/uploads\/sites\/119\/2019\/12\/FB_IMG_1479654497992.jpg 720w, https:\/\/static-blogs.hoy.es\/wp-content\/uploads\/sites\/119\/2019\/12\/FB_IMG_1479654497992-300x196.jpg 300w\" sizes=\"(max-width: 720px) 100vw, 720px\" \/><\/a><p id=\"caption-attachment-2140\" class=\"wp-caption-text\"><span style=\"font-size: 10pt;\">Glaciar &#8220;Los dientes de la Morsa&#8221; fiordo de Tasermiut, extremo sur de Groenlandia.<\/span><\/p><\/div>\n<div id=\"attachment_2156\" style=\"width: 724px\" class=\"wp-caption alignnone\"><a href=\"https:\/\/static-blogs.hoy.es\/wp-content\/uploads\/sites\/119\/2019\/12\/trekking-greenland-glacier.jpg\"><img aria-describedby=\"caption-attachment-2156\" loading=\"lazy\" class=\"size-full wp-image-2156\" src=\"https:\/\/static-blogs.hoy.es\/wp-content\/uploads\/sites\/119\/2019\/12\/trekking-greenland-glacier.jpg\" alt=\"\" width=\"714\" height=\"408\" srcset=\"https:\/\/static-blogs.hoy.es\/wp-content\/uploads\/sites\/119\/2019\/12\/trekking-greenland-glacier.jpg 714w, https:\/\/static-blogs.hoy.es\/wp-content\/uploads\/sites\/119\/2019\/12\/trekking-greenland-glacier-300x171.jpg 300w\" sizes=\"(max-width: 714px) 100vw, 714px\" \/><\/a><p id=\"caption-attachment-2156\" class=\"wp-caption-text\"><span style=\"font-size: 10pt;\">A\u00f1o 1994.\u00a0<\/span><\/p><\/div>\n<p>\u00a1Empezamos!<\/p>\n<p>Quiero que vean bien estas fotos.<\/p>\n<p>-Fijaos en los dos nunataq (monta\u00f1a flotante) que se ven arriba, al fondo. \u00bfSe aprecia el hielo que los rodea?<\/p>\n<p>-Observar los laterales del glaciar. \u00bfSe ven donde terminan?<\/p>\n<p>-Fijaos ahora con m\u00e1s atenci\u00f3n y mirar al frente de este glaciar. \u00bfSe puede ver algo m\u00e1s que hielo?<\/p>\n<p>-\u00bfQu\u00e9 altura puede tener este frente glaciar? y&#8230;\u00bfQu\u00e9 distancia puede tener de un lado al otro del valle?<\/p>\n<p>M\u00e1s ayudas&#8230;<\/p>\n<p>Esta fotograf\u00eda fue tomada hace 27 a\u00f1os. Ya por aquellos entonces, solo los m\u00e1s aventureros pod\u00edan adentrarse en el fondo de este fiordo.<\/p>\n<div id=\"attachment_2143\" style=\"width: 1034px\" class=\"wp-caption alignnone\"><a href=\"https:\/\/static-blogs.hoy.es\/wp-content\/uploads\/sites\/119\/2019\/12\/IMG_20160725_075001-1.jpg\"><img aria-describedby=\"caption-attachment-2143\" loading=\"lazy\" class=\"size-large wp-image-2143\" src=\"https:\/\/static-blogs.hoy.es\/wp-content\/uploads\/sites\/119\/2019\/12\/IMG_20160725_075001-1-1024x331.jpg\" alt=\"\" width=\"1024\" height=\"331\" srcset=\"https:\/\/static-blogs.hoy.es\/wp-content\/uploads\/sites\/119\/2019\/12\/IMG_20160725_075001-1-1024x331.jpg 1024w, https:\/\/static-blogs.hoy.es\/wp-content\/uploads\/sites\/119\/2019\/12\/IMG_20160725_075001-1-300x97.jpg 300w, https:\/\/static-blogs.hoy.es\/wp-content\/uploads\/sites\/119\/2019\/12\/IMG_20160725_075001-1-768x248.jpg 768w, https:\/\/static-blogs.hoy.es\/wp-content\/uploads\/sites\/119\/2019\/12\/IMG_20160725_075001-1.jpg 1578w\" sizes=\"(max-width: 1024px) 100vw, 1024px\" \/><\/a><p id=\"caption-attachment-2143\" class=\"wp-caption-text\"><span style=\"font-size: 10pt;\">Fotos tomadas en verano por la oficina de turismo de Nanortalik, \u00fanica ciudad cercana a dos horas de navegaci\u00f3n en lancha r\u00e1pida..<\/span><\/p><\/div>\n<p>\u00bfPueden fijarse en la persona que hay en la foto de la izquierda, est\u00e1 sobre la roca, cerca del hielo?<\/p>\n<p><strong>Datos<\/strong><\/p>\n<p>Este glaciar se yergue sobre el fiordo m\u00e1s de 1800 metros de altura, alcanzando la curva de nivel de 2000 metros con el casquete polar. Se puede considerar una cascada glaciar, siendo una de las m\u00e1s altas de la isla de Groenlandia. A vista de sat\u00e9lite tiene tres enormes nunataq, y pueden ser vistos perfectamente a 38 kil\u00f3metros de distancia sobre el mar en l\u00ednea recta.<\/p>\n<p>El ancho del frente es de 538 metros, y el frente glaciar tiene una altura de 12 metros.<\/p>\n<p>&nbsp;<\/p>\n<hr \/>\n<hr \/>\n<hr \/>\n<p>Pero&#8230;\u00bfQu\u00e9 ha sido de este majestuoso glaciar veintisiete a\u00f1os despu\u00e9s&#8230;?<\/p>\n<p>&nbsp;<\/p>\n<p>&nbsp;<\/p>\n<p>&nbsp;<\/p>\n<p>&nbsp;<\/p>\n<p>&nbsp;<\/p>\n<div id=\"attachment_2153\" style=\"width: 1034px\" class=\"wp-caption alignnone\"><a href=\"https:\/\/static-blogs.hoy.es\/wp-content\/uploads\/sites\/119\/2019\/12\/P8160495-1.jpg\"><img aria-describedby=\"caption-attachment-2153\" loading=\"lazy\" class=\"size-large wp-image-2153\" src=\"https:\/\/static-blogs.hoy.es\/wp-content\/uploads\/sites\/119\/2019\/12\/P8160495-1-1024x683.jpg\" alt=\"\" width=\"1024\" height=\"683\" srcset=\"https:\/\/static-blogs.hoy.es\/wp-content\/uploads\/sites\/119\/2019\/12\/P8160495-1-1024x683.jpg 1024w, https:\/\/static-blogs.hoy.es\/wp-content\/uploads\/sites\/119\/2019\/12\/P8160495-1-300x200.jpg 300w, https:\/\/static-blogs.hoy.es\/wp-content\/uploads\/sites\/119\/2019\/12\/P8160495-1-768x512.jpg 768w, https:\/\/static-blogs.hoy.es\/wp-content\/uploads\/sites\/119\/2019\/12\/P8160495-1.jpg 1151w\" sizes=\"(max-width: 1024px) 100vw, 1024px\" \/><\/a><p id=\"caption-attachment-2153\" class=\"wp-caption-text\">A\u00f1o 2017, primeras flores niviarsiaq sobre la morrena lateral del moribundo glaciar.<\/p><\/div>\n<p>Este peque\u00f1o an\u00e1lisis, habr\u00e1 servido para comparar con detalle esta otra foto, y apreciar lo que ha ocurrido en los \u00faltimos a\u00f1os. El glaciar no se recupera, retrocede cada vez m\u00e1s, y en los \u00faltimos a\u00f1os, la p\u00e9rdida de hielo ha sido m\u00e1s acentuado.<\/p>\n<p><strong>Supervivientes de una tierra yerma<\/strong><\/p>\n<p>Niviarsiaq, es el nombre de la flor nacional de Groenlandia. Viene de la lengua inuit y su significado es <em>doncella. <\/em>Flor conocida por todos lo habitantes de la isla, debido a la capacidad de colonizar y crecer en cualquier lugar y latitud, tanto en el Norte como en el Sur de la gran isla blanca.<\/p>\n<p>Por su legendaria capacidad de adaptaci\u00f3n al fr\u00edo y a los pocos nutrientes, fue tomada como ejemplo de supervivencia al igual que sus habitantes.<\/p>\n<p>Una vez el hielo retrocede sobre una tierra erosionada y sin apenas nutrientes, r\u00e1pidamente es repoblada por peque\u00f1os mantos de estas flores alcanzando grandes extensiones. Tardar\u00e1 muchos a\u00f1os para que comiencen a aparecer otras especies vegetales.<\/p>\n<div id=\"attachment_2150\" style=\"width: 1034px\" class=\"wp-caption alignnone\"><a href=\"https:\/\/static-blogs.hoy.es\/wp-content\/uploads\/sites\/119\/2019\/12\/DSCN7390.jpg\"><img aria-describedby=\"caption-attachment-2150\" loading=\"lazy\" class=\"size-large wp-image-2150\" src=\"https:\/\/static-blogs.hoy.es\/wp-content\/uploads\/sites\/119\/2019\/12\/DSCN7390-1024x768.jpg\" alt=\"\" width=\"1024\" height=\"768\" srcset=\"https:\/\/static-blogs.hoy.es\/wp-content\/uploads\/sites\/119\/2019\/12\/DSCN7390-1024x768.jpg 1024w, https:\/\/static-blogs.hoy.es\/wp-content\/uploads\/sites\/119\/2019\/12\/DSCN7390-300x225.jpg 300w, https:\/\/static-blogs.hoy.es\/wp-content\/uploads\/sites\/119\/2019\/12\/DSCN7390-768x576.jpg 768w\" sizes=\"(max-width: 1024px) 100vw, 1024px\" \/><\/a><p id=\"caption-attachment-2150\" class=\"wp-caption-text\"><span style=\"font-size: 10pt;\">Verano de 2011. Mi primera vez con este coloso. Ajeno a cambios por aquellos entonces, cada vez que regreso m\u00e1s tristeza se alberga en mi coraz\u00f3n.<\/span><\/p><\/div>\n<hr \/>\n<p><span style=\"font-size: 14pt;\"><strong>Para ver m\u00e1s de mis aventuras, pulsa en los links<\/strong><\/span><\/p>\n<p><span style=\"font-size: 10pt;\"><strong><a href=\"https:\/\/www.facebook.com\/JoseTrejo404\/\" rel=\"external nofollow\">Facebook<\/a><\/strong><br \/>\n<strong>Para ver m\u00e1s fotos de mis viajes, puedes seguirme en este link<\/strong><br \/>\n<strong><a href=\"https:\/\/www.instagram.com\/josetrejo404\/?hl=es\" rel=\"external nofollow\">Instagram<\/a>\u00a0<\/strong><a href=\"https:\/\/www.google.es\/search?q=%23UnExtreme%C3%B1oEnEl%C3%81rtico&amp;tbm=isch&amp;tbo=u&amp;source=univ&amp;sa=X&amp;ved=0ahUKEwjk4__i8fzYAhUBWxQKHd2fCmUQsAQILQ&amp;biw=1366&amp;bih=637\" rel=\"external nofollow\">#UnExtreme\u00f1oEnEl\u00c1rtico<\/a>\u00a0<a href=\"https:\/\/www.instagram.com\/explore\/tags\/proyectobaikal2019\/?hl=es\" rel=\"external nofollow\">#ProyectoBaikal2019<\/a>\u00a0<a href=\"https:\/\/www.instagram.com\/explore\/tags\/aventurascentrowagen\/?hl=es\" rel=\"external nofollow\">#aventurascentrowagen<\/a><br \/>\n<strong>Ahora tambi\u00e9n canal de\u00a0<a href=\"https:\/\/www.youtube.com\/channel\/UCkc4QXSFBOd_zSPTrQ2RdXQ?view_as=subscriber\" rel=\"external nofollow\">YouTube<\/a><\/strong><\/span><\/p>\n","protected":false},"excerpt":{"rendered":"<p>Os invito a reflexionar lectores de este blog, observando estas fotograf\u00edas. Me gustar\u00eda que pudieran retenerlas en la memoria, para ello, os formular\u00e9 una serie de preguntas. \u00a1Empezamos! Quiero que vean bien estas fotos. -Fijaos en los dos nunataq (monta\u00f1a flotante) que se ven arriba, al fondo. \u00bfSe aprecia el hielo que los rodea? -Observar [&hellip;]<\/p>\n","protected":false},"author":142,"featured_media":2141,"comment_status":"open","ping_status":"closed","sticky":false,"template":"","format":"standard","meta":[],"categories":[1],"tags":[28,261,94,101,107,828,160,829,427],"_links":{"self":[{"href":"https:\/\/blogs.hoy.es\/un-extremeno-en-el-artico\/wp-json\/wp\/v2\/posts\/2136"}],"collection":[{"href":"https:\/\/blogs.hoy.es\/un-extremeno-en-el-artico\/wp-json\/wp\/v2\/posts"}],"about":[{"href":"https:\/\/blogs.hoy.es\/un-extremeno-en-el-artico\/wp-json\/wp\/v2\/types\/post"}],"author":[{"embeddable":true,"href":"https:\/\/blogs.hoy.es\/un-extremeno-en-el-artico\/wp-json\/wp\/v2\/users\/142"}],"replies":[{"embeddable":true,"href":"https:\/\/blogs.hoy.es\/un-extremeno-en-el-artico\/wp-json\/wp\/v2\/comments?post=2136"}],"version-history":[{"count":21,"href":"https:\/\/blogs.hoy.es\/un-extremeno-en-el-artico\/wp-json\/wp\/v2\/posts\/2136\/revisions"}],"predecessor-version":[{"id":2655,"href":"https:\/\/blogs.hoy.es\/un-extremeno-en-el-artico\/wp-json\/wp\/v2\/posts\/2136\/revisions\/2655"}],"wp:featuredmedia":[{"embeddable":true,"href":"https:\/\/blogs.hoy.es\/un-extremeno-en-el-artico\/wp-json\/wp\/v2\/media\/2141"}],"wp:attachment":[{"href":"https:\/\/blogs.hoy.es\/un-extremeno-en-el-artico\/wp-json\/wp\/v2\/media?parent=2136"}],"wp:term":[{"taxonomy":"category","embeddable":true,"href":"https:\/\/blogs.hoy.es\/un-extremeno-en-el-artico\/wp-json\/wp\/v2\/categories?post=2136"},{"taxonomy":"post_tag","embeddable":true,"href":"https:\/\/blogs.hoy.es\/un-extremeno-en-el-artico\/wp-json\/wp\/v2\/tags?post=2136"}],"curies":[{"name":"wp","href":"https:\/\/api.w.org\/{rel}","templated":true}]}}