{"id":2165,"date":"2020-01-17T09:44:57","date_gmt":"2020-01-17T08:44:57","guid":{"rendered":"http:\/\/blogs.hoy.es\/un-extremeno-en-el-artico\/?p=2165"},"modified":"2020-01-17T13:36:25","modified_gmt":"2020-01-17T12:36:25","slug":"metodo-wim-hof-pacto-con-el-frio","status":"publish","type":"post","link":"https:\/\/blogs.hoy.es\/un-extremeno-en-el-artico\/2020\/01\/17\/metodo-wim-hof-pacto-con-el-frio\/","title":{"rendered":"M\u00e9todo Wim Hof, pacto con el fr\u00edo"},"content":{"rendered":"<p style=\"text-align: center;\"><em><b>Ning\u00fan hombre es m\u00e1s infeliz que el que no ha sufrido adversidad, porque muere sin probarse a s\u00ed\u00a0mismo<\/b><\/em><em style=\"font-weight: bold;\">. <\/em><em>S\u00e9neca<\/em><\/p>\n<hr \/>\n<p><strong>Otra parte importante en mi entrenamiento\u00a0<\/strong><strong>a efectos de conseguir mayor rendimiento, consiste en\u00a0<\/strong><strong>provocar estr\u00e9s al organismo, en este post te lo cuento.<\/strong><\/p>\n<p>El que me conoce, sabe que casi siempre en invierno voy vestido en Badajoz como en verano&#8230;, en este post tendr\u00e1s una pista.<\/p>\n<div id=\"attachment_2166\" style=\"width: 855px\" class=\"wp-caption alignnone\"><a href=\"https:\/\/static-blogs.hoy.es\/wp-content\/uploads\/sites\/119\/2020\/01\/IMG_20191206_164431.jpg\"><img aria-describedby=\"caption-attachment-2166\" loading=\"lazy\" class=\"size-full wp-image-2166\" src=\"https:\/\/static-blogs.hoy.es\/wp-content\/uploads\/sites\/119\/2020\/01\/IMG_20191206_164431.jpg\" alt=\"\" width=\"845\" height=\"634\" srcset=\"https:\/\/static-blogs.hoy.es\/wp-content\/uploads\/sites\/119\/2020\/01\/IMG_20191206_164431.jpg 845w, https:\/\/static-blogs.hoy.es\/wp-content\/uploads\/sites\/119\/2020\/01\/IMG_20191206_164431-300x225.jpg 300w, https:\/\/static-blogs.hoy.es\/wp-content\/uploads\/sites\/119\/2020\/01\/IMG_20191206_164431-768x576.jpg 768w\" sizes=\"(max-width: 845px) 100vw, 845px\" \/><\/a><p id=\"caption-attachment-2166\" class=\"wp-caption-text\"><span style=\"font-size: 10pt; color: #0000ff;\"><em>\u00bfSab\u00e9is alg\u00fan remedio natural contra los resfriados, catarros y gripes?&#8230;nosotros tambi\u00e9n&#8230; Sierra de Gredos, con las primeras nieves del invierno<\/em>. Junto a Isma.<\/span><\/p><\/div>\n<p>Cuando dos chalaos se juntan y van al monte, solo pueden ocurrir cosas maravillosas.<\/p>\n<div id=\"attachment_2173\" style=\"width: 1034px\" class=\"wp-caption alignnone\"><a href=\"https:\/\/static-blogs.hoy.es\/wp-content\/uploads\/sites\/119\/2020\/01\/IMG_20191206_143022.jpg\"><img aria-describedby=\"caption-attachment-2173\" loading=\"lazy\" class=\"size-large wp-image-2173\" src=\"https:\/\/static-blogs.hoy.es\/wp-content\/uploads\/sites\/119\/2020\/01\/IMG_20191206_143022-1024x768.jpg\" alt=\"\" width=\"1024\" height=\"768\" srcset=\"https:\/\/static-blogs.hoy.es\/wp-content\/uploads\/sites\/119\/2020\/01\/IMG_20191206_143022-1024x768.jpg 1024w, https:\/\/static-blogs.hoy.es\/wp-content\/uploads\/sites\/119\/2020\/01\/IMG_20191206_143022-300x225.jpg 300w, https:\/\/static-blogs.hoy.es\/wp-content\/uploads\/sites\/119\/2020\/01\/IMG_20191206_143022-768x576.jpg 768w, https:\/\/static-blogs.hoy.es\/wp-content\/uploads\/sites\/119\/2020\/01\/IMG_20191206_143022.jpg 1045w\" sizes=\"(max-width: 1024px) 100vw, 1024px\" \/><\/a><p id=\"caption-attachment-2173\" class=\"wp-caption-text\"><em><span style=\"color: #0000ff; font-size: 10pt;\">Un d\u00eda de invierno sobre la superficie helada de la laguna grande de Gredos. Foto Isma Masero\u00a0<\/span><\/em><\/p><\/div>\n<p>&nbsp;<\/p>\n<hr \/>\n<hr \/>\n<p>El estado de confort en el que vivimos nos ha ido desconectando cada vez m\u00e1s de nuestra propia naturaleza. Vamos con mucha ropa en invierno, abusamos de la calefacci\u00f3n y no soportamos estar expuestos al fr\u00edo en la calle. Es por ello, cuando llegan las primeras nevadas y el fr\u00edo lo envuelve todo, tambi\u00e9n comienzan los dichosos catarros, y para combatirlos, medicina y medicina, o como m\u00e9todo alternativo para curarlos alg\u00fan remedio de la abuela.<\/p>\n<p>Pero, \u00bfTe has preguntado si existe alguna otra forma para evitar los molestos enfriamientos de la temporada invernal? la respuesta es s\u00ed. Un momento, pero primero una pregunta \u00bfest\u00e1s dispuesto a salir de tu zona de confort?<\/p>\n<div id=\"attachment_2186\" style=\"width: 1034px\" class=\"wp-caption alignnone\"><a href=\"https:\/\/static-blogs.hoy.es\/wp-content\/uploads\/sites\/119\/2020\/01\/C0255_Moment.jpg\"><img aria-describedby=\"caption-attachment-2186\" loading=\"lazy\" class=\"size-large wp-image-2186\" src=\"https:\/\/static-blogs.hoy.es\/wp-content\/uploads\/sites\/119\/2020\/01\/C0255_Moment-1024x576.jpg\" alt=\"\" width=\"1024\" height=\"576\" srcset=\"https:\/\/static-blogs.hoy.es\/wp-content\/uploads\/sites\/119\/2020\/01\/C0255_Moment-1024x576.jpg 1024w, https:\/\/static-blogs.hoy.es\/wp-content\/uploads\/sites\/119\/2020\/01\/C0255_Moment-300x169.jpg 300w, https:\/\/static-blogs.hoy.es\/wp-content\/uploads\/sites\/119\/2020\/01\/C0255_Moment-768x432.jpg 768w, https:\/\/static-blogs.hoy.es\/wp-content\/uploads\/sites\/119\/2020\/01\/C0255_Moment.jpg 1184w\" sizes=\"(max-width: 1024px) 100vw, 1024px\" \/><\/a><p id=\"caption-attachment-2186\" class=\"wp-caption-text\"><em><span style=\"font-size: 10pt; color: #0000ff;\">Exposici\u00f3n al fr\u00edo, \u00bfpor qu\u00e9 no patinar en hielo, pero en ba\u00f1ador&#8230;? aqu\u00ed ten\u00e9is una clave del m\u00e9todo.<\/span><\/em><\/p><\/div>\n<hr \/>\n<p style=\"text-align: center;\"><strong><a href=\"https:\/\/www.youtube.com\/watch?v=ULVG1hx5Jig&amp;t=23s\" rel=\"external nofollow\">V\u00eddeo C\u00d3MO NO ENFERMARTE EN INVIERNO (M\u00c9TODO WIM HOF)<\/a><\/strong><\/p>\n<p>&nbsp;<\/p>\n<hr \/>\n<hr \/>\n<p style=\"text-align: center;\"><span style=\"color: #0000ff;\"><strong><a style=\"color: #0000ff;\" href=\"https:\/\/www.youtube.com\/watch?v=2si26Dc3Vwg\" rel=\"external nofollow\">\u00bfQui\u00e9n es Wim Hof?<\/a><\/strong><\/span><\/p>\n<p>El m\u00e9todo <a href=\"https:\/\/en.wikipedia.org\/wiki\/Wim_Hof\" rel=\"external nofollow\"><em>Wim Hof<\/em><\/a> viene del nombre del creador, se fundamenta en tres partes o pilares como \u00e9l lo llama:<\/p>\n<p style=\"text-align: center;\"><strong>Los tres pilares del m\u00e9todo Wim Hof<\/strong><\/p>\n<p style=\"text-align: center;\"><span style=\"color: #0000ff;\"><strong>+fuerza de voluntad<\/strong><strong>\u00a0<\/strong><\/span><\/p>\n<p style=\"text-align: center;\"><span style=\"color: #0000ff;\"><strong>+respiraci\u00f3n<\/strong><\/span><\/p>\n<p style=\"text-align: center;\"><span style=\"color: #0000ff;\"><strong>+exposici\u00f3n al fr\u00edo<\/strong><\/span><\/p>\n<p>Este m\u00e9todo es muy f\u00e1cil, y trae beneficios instant\u00e1neos a diferencia de otros beneficios de cambio de h\u00e1bitos que suelen llevar algunos meses. Este m\u00e9todo no solamente sirve para reforzar nuestro sistema inmunitario, si no tambi\u00e9n, como un anti inflamatorio natural y un leve antidepresivo.<\/p>\n<p style=\"text-align: center;\"><strong><em>PROCESO DE HORMESIS\u00a0 <\/em><\/strong><em>o que es lo mismo, lo\u00a0<\/em><em>que no te mata en peque\u00f1as cantidades te endurece.\u00a0<\/em><\/p>\n<p>Pero a\u00fan as\u00ed, no todo el mundo estar\u00e1 dispuesto a hacerlo, o al menos en parte, y os mostrar\u00e9 porqu\u00e9 observando la siguiente fotograf\u00eda.<\/p>\n<div id=\"attachment_2171\" style=\"width: 976px\" class=\"wp-caption alignnone\"><a href=\"https:\/\/static-blogs.hoy.es\/wp-content\/uploads\/sites\/119\/2020\/01\/C0258_Moment3.jpg\"><img aria-describedby=\"caption-attachment-2171\" loading=\"lazy\" class=\"size-full wp-image-2171\" src=\"https:\/\/static-blogs.hoy.es\/wp-content\/uploads\/sites\/119\/2020\/01\/C0258_Moment3.jpg\" alt=\"\" width=\"966\" height=\"644\" srcset=\"https:\/\/static-blogs.hoy.es\/wp-content\/uploads\/sites\/119\/2020\/01\/C0258_Moment3.jpg 966w, https:\/\/static-blogs.hoy.es\/wp-content\/uploads\/sites\/119\/2020\/01\/C0258_Moment3-300x200.jpg 300w, https:\/\/static-blogs.hoy.es\/wp-content\/uploads\/sites\/119\/2020\/01\/C0258_Moment3-768x512.jpg 768w\" sizes=\"(max-width: 966px) 100vw, 966px\" \/><\/a><p id=\"caption-attachment-2171\" class=\"wp-caption-text\"><span style=\"font-size: 10pt; color: #0000ff;\"><em>Hay romper l\u00edmites mentales, y buscar nuestra naturaleza, uni\u00f3n cuerpo y mente. Conexi\u00f3n con el fr\u00edo, uno de los elementos de la naturaleza.<\/em><\/span><\/p><\/div>\n<p><span style=\"text-decoration: underline;\">Beneficios comprobados cient\u00edficamente a la exposici\u00f3n al fr\u00edo.<\/span><\/p>\n<p><strong>Fortalecimiento del sistema inmunol\u00f3gico:<\/strong> Algunos pensar\u00edan que sumergirse en agua helada te puede matar&#8230; \u00a1en efecto! pero si estuvi\u00e9ramos un tiempo prolongado. Tambi\u00e9n es posible, que una exposici\u00f3n prolongada pueda debilitar la funci\u00f3n inmunol\u00f3gica. Pero parece que en exposiciones cortas e intensas hace lo contrario, endurece. Tambi\u00e9n aumentan algunos antioxidantes.<\/p>\n<p><strong>Reduce el dolor:<\/strong>\u00a0El m\u00e9todo aumenta en tu cuerpo sustancias como la noradrenalina, adrenalina, cortisol etc. El cortisol a corto plazo, tiene un efecto antiinflamatorio a trav\u00e9s de un proceso interno, sin ingerir ninguna sustancia.<\/p>\n<p><strong>Es un quema grasas.<\/strong><\/p>\n<p>ART\u00cdCULO\u00a0<a href=\"https:\/\/articulos.mercola.com\/sitios\/articulos\/archivo\/2016\/05\/01\/los-beneficios-de-las-temperaturas-frias-y-calientes.aspx\" rel=\"external nofollow\">Los sorprendentes Beneficios para la salud de las temperaturas del fr\u00edo y calor<\/a><\/p>\n<p>En resumen, para optimizar la producci\u00f3n de energ\u00eda en el cuerpo existen estas estrategias:<\/p>\n<p>la exposici\u00f3n a temperaturas extremas de fr\u00edo y de calor, hacer ejercicio, el ayuno intermitente y una dieta espec\u00edfica a base de resveratrol (tipo de alimento y dieta).<\/p>\n<p>Como vemos, no solamente es exponerse al fr\u00edo extremo, usar el calor extremo como el que se aplica en la sauna finlandesa, tambi\u00e9n puede proporcionar estr\u00e9s al organismo y obtener estos beneficios.<\/p>\n<p>&nbsp;<\/p>\n<p>Llegados hasta este punto, se puede ir poco a poco para exponernos al fr\u00edo, aqu\u00ed os cito algunos pasos:<\/p>\n<p><em>-Menos ropa y pon menos la calefacci\u00f3n. Sal m\u00e1s a la calle, pero no forrado de ropa, calienta el cuerpo con t\u00fa propio calor haciendo ejercicio. Poco a poco te ir\u00e1s adaptando a la temperatura fresca.<\/em><\/p>\n<p><em>-Duchas templadas, hasta que te vayas adaptando al agua cada vez m\u00e1s fr\u00eda. T\u00fa objetivo ser\u00e1 acabar con agua fr\u00eda.<\/em><\/p>\n<p><em>-Y por \u00faltimo, prueba un ba\u00f1o con hielo. Primero poco tiempo, si contin\u00faas haci\u00e9ndolo, t\u00fa cuerpo cada vez tolerar\u00e1 m\u00e1s tiempo de exposici\u00f3n.<\/em><\/p>\n<hr \/>\n<p><strong>\u00a1Pero no apurarse!<\/strong>\u00a0si las im\u00e1genes anteriores te impactan, todav\u00eda hay una alternativa, no olvides que he citado la <strong>respiraci\u00f3n.<\/strong><\/p>\n<p>El segundo pilar del m\u00e9todo Wim Hof es <strong>la respiraci\u00f3n<\/strong> \u00bfc\u00f3mo funciona?<\/p>\n<p><strong>Hiperoxigenaci\u00f3n inicial<\/strong>. El segundo pilar del m\u00e9todo es la respiraci\u00f3n. Este m\u00e9todo busca oxigenar los tejidos y no la sangre.<\/p>\n<p><strong>D\u00e9ficit de ox\u00edgeno.<\/strong>\u00a0Otra parte de esta t\u00e9cnica, es crear al cuerpo un estr\u00e9s moment\u00e1neo al aguantar la respiraci\u00f3n, hasta que de nuevo necesitemos respirar. Al inhalar de nuevo, se dispara la producci\u00f3n de noradrenalina, adrenalina, cortisol, etc., sustancias beneficiosas para el organismo, obteniendo por ello: mayor energ\u00eda, efectos antiinflamatorios naturales, mejora la respuesta inmunitaria a los agentes pat\u00f3genos y reduce el estr\u00e9s.<\/p>\n<p>&nbsp;<\/p>\n<p>T\u00e9cnica de respiraci\u00f3n.<\/p>\n<p>&#8211;\u00a030 a 40 respiraciones profundas, llega con tantas respiraciones hasta que sientas mareo, es normal, puedes sentir hormigueo en las extremidades tambi\u00e9n. La mejor manera es hacerlo sentado o acostado. Exhala el aire r\u00e1pidamente, sin vaciar los pulmones totalmente.<\/p>\n<p>-Despu\u00e9s de la \u00faltima exhalaci\u00f3n, no inhales y aguanta el aire el m\u00e1ximo posible.<\/p>\n<p>-Inhalar intensamente y aguantar unos 15 segundos m\u00e1s o menos.<\/p>\n<p>-Repetir el proceso cuatro ciclos.<\/p>\n<p>Utilizando solamente la t\u00e9cnica de respiraci\u00f3n, conseguir\u00e1s efectos muy beneficiosos, pero si lo complementas con el tratamiento del fr\u00edo la respuesta ser\u00e1 mayor.<\/p>\n<p>&nbsp;<\/p>\n<p><a href=\"https:\/\/static-blogs.hoy.es\/wp-content\/uploads\/sites\/119\/2020\/01\/DSC09519-4.jpg\"><img loading=\"lazy\" class=\"size-large wp-image-2177\" src=\"https:\/\/static-blogs.hoy.es\/wp-content\/uploads\/sites\/119\/2020\/01\/DSC09519-4-1024x683.jpg\" alt=\"\" width=\"1024\" height=\"683\" srcset=\"https:\/\/static-blogs.hoy.es\/wp-content\/uploads\/sites\/119\/2020\/01\/DSC09519-4-1024x683.jpg 1024w, https:\/\/static-blogs.hoy.es\/wp-content\/uploads\/sites\/119\/2020\/01\/DSC09519-4-300x200.jpg 300w, https:\/\/static-blogs.hoy.es\/wp-content\/uploads\/sites\/119\/2020\/01\/DSC09519-4-768x512.jpg 768w, https:\/\/static-blogs.hoy.es\/wp-content\/uploads\/sites\/119\/2020\/01\/DSC09519-4.jpg 1050w\" sizes=\"(max-width: 1024px) 100vw, 1024px\" \/><\/a><span style=\"font-size: 10pt; color: #0000ff;\"><em>Circo de Gredos un para\u00edso natural.<\/em><\/span><\/p>\n<p>Y por \u00faltimo viene la pregunta \u00bfest\u00e1s listo para salir de t\u00fa zona de confort y explorar?<\/p>\n<p>&nbsp;<\/p>\n<div id=\"attachment_2178\" style=\"width: 981px\" class=\"wp-caption alignnone\"><a href=\"https:\/\/static-blogs.hoy.es\/wp-content\/uploads\/sites\/119\/2020\/01\/IMG_20191206_173851.jpg\"><img aria-describedby=\"caption-attachment-2178\" loading=\"lazy\" class=\"size-full wp-image-2178\" src=\"https:\/\/static-blogs.hoy.es\/wp-content\/uploads\/sites\/119\/2020\/01\/IMG_20191206_173851.jpg\" alt=\"\" width=\"971\" height=\"728\" srcset=\"https:\/\/static-blogs.hoy.es\/wp-content\/uploads\/sites\/119\/2020\/01\/IMG_20191206_173851.jpg 971w, https:\/\/static-blogs.hoy.es\/wp-content\/uploads\/sites\/119\/2020\/01\/IMG_20191206_173851-300x225.jpg 300w, https:\/\/static-blogs.hoy.es\/wp-content\/uploads\/sites\/119\/2020\/01\/IMG_20191206_173851-768x576.jpg 768w\" sizes=\"(max-width: 971px) 100vw, 971px\" \/><\/a><p id=\"caption-attachment-2178\" class=\"wp-caption-text\"><span style=\"font-size: 10pt; color: #0000ff;\"><em>Y con tanto fresco se gastan muchas calor\u00edas, as\u00ed que hay que echar le\u00f1a a la caldera de la m\u00e1quina, \u00bfqu\u00e9 tal un pepito de ternera? Foto Isma.<\/em><\/span><\/p><\/div>\n<hr \/>\n<p><strong>PARA VER M\u00c1S DE MIS AVENTURAS HAZ CLIC EN ESTOS ENLACES<\/strong><\/p>\n<p><strong><a href=\"https:\/\/www.facebook.com\/JoseTrejo404\/\" rel=\"external nofollow\">Facebook<\/a><\/strong><\/p>\n<p><em><strong>Para ver m\u00e1s fotos de mis viajes, puedes seguirme en este link<\/strong><\/em><\/p>\n<p><strong><a href=\"https:\/\/www.instagram.com\/josetrejo404\/?hl=es\" rel=\"external nofollow\">Instagram<\/a>\u00a0<\/strong><\/p>\n<p><a href=\"https:\/\/www.google.es\/search?q=%23UnExtreme%C3%B1oEnEl%C3%81rtico&amp;tbm=isch&amp;tbo=u&amp;source=univ&amp;sa=X&amp;ved=0ahUKEwjk4__i8fzYAhUBWxQKHd2fCmUQsAQILQ&amp;biw=1366&amp;bih=637\" rel=\"external nofollow\">#UnExtreme\u00f1oEnEl\u00c1rtico<\/a>\u00a0<a href=\"https:\/\/www.instagram.com\/explore\/tags\/proyectobaikal2019\/?hl=es\" rel=\"external nofollow\">#ProyectoBaikal2019<\/a>\u00a0<a href=\"https:\/\/www.instagram.com\/explore\/tags\/aventurascentrowagen\/?hl=es\" rel=\"external nofollow\">#aventurascentrowagen<\/a><\/p>\n<p>&nbsp;<\/p>\n<p>&nbsp;<\/p>\n","protected":false},"excerpt":{"rendered":"<p>Ning\u00fan hombre es m\u00e1s infeliz que el que no ha sufrido adversidad, porque muere sin probarse a s\u00ed\u00a0mismo. S\u00e9neca Otra parte importante en mi entrenamiento\u00a0a efectos de conseguir mayor rendimiento, consiste en\u00a0provocar estr\u00e9s al organismo, en este post te lo cuento. El que me conoce, sabe que casi siempre en invierno voy vestido en Badajoz [&hellip;]<\/p>\n","protected":false},"author":142,"featured_media":2171,"comment_status":"open","ping_status":"closed","sticky":false,"template":"","format":"standard","meta":[],"categories":[1],"tags":[832,836,841,840,839,831,843,835,834,837,830,838,842,833,698],"_links":{"self":[{"href":"https:\/\/blogs.hoy.es\/un-extremeno-en-el-artico\/wp-json\/wp\/v2\/posts\/2165"}],"collection":[{"href":"https:\/\/blogs.hoy.es\/un-extremeno-en-el-artico\/wp-json\/wp\/v2\/posts"}],"about":[{"href":"https:\/\/blogs.hoy.es\/un-extremeno-en-el-artico\/wp-json\/wp\/v2\/types\/post"}],"author":[{"embeddable":true,"href":"https:\/\/blogs.hoy.es\/un-extremeno-en-el-artico\/wp-json\/wp\/v2\/users\/142"}],"replies":[{"embeddable":true,"href":"https:\/\/blogs.hoy.es\/un-extremeno-en-el-artico\/wp-json\/wp\/v2\/comments?post=2165"}],"version-history":[{"count":27,"href":"https:\/\/blogs.hoy.es\/un-extremeno-en-el-artico\/wp-json\/wp\/v2\/posts\/2165\/revisions"}],"predecessor-version":[{"id":2200,"href":"https:\/\/blogs.hoy.es\/un-extremeno-en-el-artico\/wp-json\/wp\/v2\/posts\/2165\/revisions\/2200"}],"wp:featuredmedia":[{"embeddable":true,"href":"https:\/\/blogs.hoy.es\/un-extremeno-en-el-artico\/wp-json\/wp\/v2\/media\/2171"}],"wp:attachment":[{"href":"https:\/\/blogs.hoy.es\/un-extremeno-en-el-artico\/wp-json\/wp\/v2\/media?parent=2165"}],"wp:term":[{"taxonomy":"category","embeddable":true,"href":"https:\/\/blogs.hoy.es\/un-extremeno-en-el-artico\/wp-json\/wp\/v2\/categories?post=2165"},{"taxonomy":"post_tag","embeddable":true,"href":"https:\/\/blogs.hoy.es\/un-extremeno-en-el-artico\/wp-json\/wp\/v2\/tags?post=2165"}],"curies":[{"name":"wp","href":"https:\/\/api.w.org\/{rel}","templated":true}]}}