{"id":2202,"date":"2020-02-06T11:39:57","date_gmt":"2020-02-06T10:39:57","guid":{"rendered":"http:\/\/blogs.hoy.es\/un-extremeno-en-el-artico\/?p=2202"},"modified":"2020-06-10T10:30:57","modified_gmt":"2020-06-10T08:30:57","slug":"agradecido","status":"publish","type":"post","link":"https:\/\/blogs.hoy.es\/un-extremeno-en-el-artico\/2020\/02\/06\/agradecido\/","title":{"rendered":"Agradecido"},"content":{"rendered":"<p><span style=\"color: #000080;\">&#8220;Basta un poco de esp\u00edritu aventurero para estar siempre satisfechos, pues en esta vida, gracias a Dios, nada sucede como dese\u00e1bamos, como supon\u00edamos, ni como ten\u00edamos previsto&#8221;\u00a0<\/span>Noel Claras\u00f3<\/p>\n<p>&nbsp;<\/p>\n<div id=\"attachment_2204\" style=\"width: 634px\" class=\"wp-caption alignnone\"><a href=\"https:\/\/static-blogs.hoy.es\/wp-content\/uploads\/sites\/119\/2020\/02\/146161944-624x415.jpg\"><img aria-describedby=\"caption-attachment-2204\" loading=\"lazy\" class=\"size-full wp-image-2204\" src=\"https:\/\/static-blogs.hoy.es\/wp-content\/uploads\/sites\/119\/2020\/02\/146161944-624x415.jpg\" alt=\"\" width=\"624\" height=\"415\" srcset=\"https:\/\/static-blogs.hoy.es\/wp-content\/uploads\/sites\/119\/2020\/02\/146161944-624x415.jpg 624w, https:\/\/static-blogs.hoy.es\/wp-content\/uploads\/sites\/119\/2020\/02\/146161944-624x415-300x200.jpg 300w\" sizes=\"(max-width: 624px) 100vw, 624px\" \/><\/a><p id=\"caption-attachment-2204\" class=\"wp-caption-text\"><span style=\"color: #000080;\"><strong><span style=\"font-size: 10pt;\">La cara es el espejo del alma, me quedo con esta fotograf\u00eda. En unas de las dos charlas organizadas por Aula Hoy en C\u00e1ceres y Badajoz, sobre mi viaje en solitario al lago siberiano Baikal. Foto Armando Mendez<\/span><\/strong><\/span><\/p><\/div>\n<p>&nbsp;<\/p>\n<p>Despu\u00e9s de un trepidante oto\u00f1o y como culminaci\u00f3n el mes de enero de charlas y difusi\u00f3n sobre mi aventura por el lago Baikal, viene un mes de febrero con otras tres citas en el calendario. Pero este post no trata de esto \u00faltimo, si no como indica el t\u00edtulo, agradecimiento.<\/p>\n<p>Agradecido a tantas personas que quisieron venir y ver una aventura &#8220;extraordinaria&#8221; o como algunos medios lo han citado, o para conocer al personaje, saludarlo, estrechar la mano o abrazarlo. Todas estas muestras de apoyo me han calado hondo.<\/p>\n<p>Pero sobre todo agradecido por las muestras de cari\u00f1o, cuando se me hac\u00eda un nudo en la garganta al tratar de hablar de lo que ha significado para m\u00ed haber encontrado en las aventuras un lugar en el mundo, ufff, en innumerables ocasiones no me han salido las palabras y en otras tantas algunos han percibido un brillo en mis ojos, en fin&#8230;<\/p>\n<p>Las palabras m\u00e1s repetidas en todos estos eventos han sido: sue\u00f1os, aprendizaje y locura. Buena combinaci\u00f3n \u00bfno cre\u00e9is?<\/p>\n<p>Agradecer otra vez la oportunidad que se me brind\u00f3 para poder transmitir mis inquietudes e ilusiones en este pedacito de blog.<\/p>\n<p>Gracias a todos los que os dedicais d\u00eda a d\u00eda a la difusi\u00f3n y hab\u00e9is sabido encontrar entre algunos locos como un servidor, valores como la constancia, la motivaci\u00f3n y la disciplina.<\/p>\n<p>Y sobre todo, gracias a mis paisanos por esa curiosidad.<\/p>\n<p>&nbsp;<\/p>\n<p>Pr\u00f3ximas charlas.<\/p>\n<p style=\"text-align: center;\"><span style=\"font-size: 14pt; color: #000080;\"><em>&#8220;Un viaje personal del \u00c1rtico a Siberia&#8221;<\/em><\/span><\/p>\n<p>-13 de febrero en el\u00a0\u00a0<strong>Ilustre Colegio Oficial de M\u00e9dicos de C\u00e1ceres<\/strong>, dentro del programa de eventos por la celebraci\u00f3n de su 120 aniversario.<\/p>\n<p>-21 de febrero Granada (por confirmar lugar).<\/p>\n<p>-27 de febrero en las instalaciones de Centrowagen de Badajoz.<\/p>\n<hr \/>\n<p><strong>PARA VER M\u00c1S DE MIS AVENTURAS HAZ CLIC EN ESTOS ENLACES<\/strong><\/p>\n<p><strong><a href=\"https:\/\/www.facebook.com\/JoseTrejo404\/\" rel=\"external nofollow\">Facebook<\/a><\/strong><\/p>\n<p><em><strong>Para ver m\u00e1s fotos de mis viajes, puedes seguirme en este link<\/strong><\/em><\/p>\n<p><strong><a href=\"https:\/\/www.instagram.com\/josetrejo404\/?hl=es\" rel=\"external nofollow\">Instagram<\/a>\u00a0<\/strong><\/p>\n<p><a href=\"https:\/\/www.google.es\/search?q=%23UnExtreme%C3%B1oEnEl%C3%81rtico&amp;tbm=isch&amp;tbo=u&amp;source=univ&amp;sa=X&amp;ved=0ahUKEwjk4__i8fzYAhUBWxQKHd2fCmUQsAQILQ&amp;biw=1366&amp;bih=637\" rel=\"external nofollow\">#UnExtreme\u00f1oEnEl\u00c1rtico<\/a>\u00a0<a href=\"https:\/\/www.instagram.com\/explore\/tags\/proyectobaikal2019\/?hl=es\" rel=\"external nofollow\">#ProyectoBaikal2019<\/a>\u00a0<a href=\"https:\/\/www.instagram.com\/explore\/tags\/aventurascentrowagen\/?hl=es\" rel=\"external nofollow\">#aventurascentrowagen<\/a><\/p>\n<p><strong><a href=\"https:\/\/www.youtube.com\/channel\/UCkc4QXSFBOd_zSPTrQ2RdXQ\" rel=\"external nofollow\">YouTube<\/a><\/strong><\/p>\n<p>Contacto: mad4041@gmail.com<\/p>\n<p>&nbsp;<\/p>\n","protected":false},"excerpt":{"rendered":"<p>&#8220;Basta un poco de esp\u00edritu aventurero para estar siempre satisfechos, pues en esta vida, gracias a Dios, nada sucede como dese\u00e1bamos, como supon\u00edamos, ni como ten\u00edamos previsto&#8221;\u00a0Noel Claras\u00f3 &nbsp; &nbsp; Despu\u00e9s de un trepidante oto\u00f1o y como culminaci\u00f3n el mes de enero de charlas y difusi\u00f3n sobre mi aventura por el lago Baikal, viene un [&hellip;]<\/p>\n","protected":false},"author":142,"featured_media":2204,"comment_status":"open","ping_status":"closed","sticky":false,"template":"","format":"standard","meta":[],"categories":[1],"tags":[844,849,846,687,845,847,52,850,848],"_links":{"self":[{"href":"https:\/\/blogs.hoy.es\/un-extremeno-en-el-artico\/wp-json\/wp\/v2\/posts\/2202"}],"collection":[{"href":"https:\/\/blogs.hoy.es\/un-extremeno-en-el-artico\/wp-json\/wp\/v2\/posts"}],"about":[{"href":"https:\/\/blogs.hoy.es\/un-extremeno-en-el-artico\/wp-json\/wp\/v2\/types\/post"}],"author":[{"embeddable":true,"href":"https:\/\/blogs.hoy.es\/un-extremeno-en-el-artico\/wp-json\/wp\/v2\/users\/142"}],"replies":[{"embeddable":true,"href":"https:\/\/blogs.hoy.es\/un-extremeno-en-el-artico\/wp-json\/wp\/v2\/comments?post=2202"}],"version-history":[{"count":13,"href":"https:\/\/blogs.hoy.es\/un-extremeno-en-el-artico\/wp-json\/wp\/v2\/posts\/2202\/revisions"}],"predecessor-version":[{"id":2216,"href":"https:\/\/blogs.hoy.es\/un-extremeno-en-el-artico\/wp-json\/wp\/v2\/posts\/2202\/revisions\/2216"}],"wp:featuredmedia":[{"embeddable":true,"href":"https:\/\/blogs.hoy.es\/un-extremeno-en-el-artico\/wp-json\/wp\/v2\/media\/2204"}],"wp:attachment":[{"href":"https:\/\/blogs.hoy.es\/un-extremeno-en-el-artico\/wp-json\/wp\/v2\/media?parent=2202"}],"wp:term":[{"taxonomy":"category","embeddable":true,"href":"https:\/\/blogs.hoy.es\/un-extremeno-en-el-artico\/wp-json\/wp\/v2\/categories?post=2202"},{"taxonomy":"post_tag","embeddable":true,"href":"https:\/\/blogs.hoy.es\/un-extremeno-en-el-artico\/wp-json\/wp\/v2\/tags?post=2202"}],"curies":[{"name":"wp","href":"https:\/\/api.w.org\/{rel}","templated":true}]}}