{"id":2217,"date":"2020-02-19T12:34:15","date_gmt":"2020-02-19T11:34:15","guid":{"rendered":"http:\/\/blogs.hoy.es\/un-extremeno-en-el-artico\/?p=2217"},"modified":"2020-02-19T16:19:14","modified_gmt":"2020-02-19T15:19:14","slug":"la-remota-mina-de-amitsoq","status":"publish","type":"post","link":"https:\/\/blogs.hoy.es\/un-extremeno-en-el-artico\/2020\/02\/19\/la-remota-mina-de-amitsoq\/","title":{"rendered":"La remota mina de Amitsoq"},"content":{"rendered":"<p>En los albores de la Primera Guerra Mundial, un pu\u00f1ado de mineros sobreviv\u00edan con apenas herramientas de mano y unos pocos recursos en una remota isla del sur de Groenlandia.<\/p>\n<p>En este post os cuento su historia, al final os dejo un v\u00eddeo de la exploraci\u00f3n que realic\u00e9 este verano en aquel inh\u00f3spito lugar.<\/p>\n<hr \/>\n<p>Para contaros esta historia he recurrido a la ayuda y documentaci\u00f3n del museo de Nanortalik, dicho sea de paso, es el segundo museo de mayor importancia de Groenlandia.<\/p>\n<div id=\"attachment_2228\" style=\"width: 739px\" class=\"wp-caption alignnone\"><a href=\"https:\/\/static-blogs.hoy.es\/wp-content\/uploads\/sites\/119\/2020\/02\/Amitsoq-map.png\"><img aria-describedby=\"caption-attachment-2228\" loading=\"lazy\" class=\"size-full wp-image-2228\" src=\"https:\/\/static-blogs.hoy.es\/wp-content\/uploads\/sites\/119\/2020\/02\/Amitsoq-map.png\" alt=\"\" width=\"729\" height=\"519\" srcset=\"https:\/\/static-blogs.hoy.es\/wp-content\/uploads\/sites\/119\/2020\/02\/Amitsoq-map.png 729w, https:\/\/static-blogs.hoy.es\/wp-content\/uploads\/sites\/119\/2020\/02\/Amitsoq-map-300x214.png 300w\" sizes=\"(max-width: 729px) 100vw, 729px\" \/><\/a><p id=\"caption-attachment-2228\" class=\"wp-caption-text\"><span style=\"font-size: 10pt; color: #333399;\">Localizaci\u00f3n de la mina del mismo nombre que la isla. Amitsoq.<\/span><\/p><\/div>\n<p><strong>Isla de Amitsoq<\/strong><\/p>\n<p>Isla alargada, ese es su significado. Situada en fiordo de Sondre al sur de Groenlandia. Esta isla alargada mide unos 20 kil\u00f3metros de longitud, es estrecha, y sus cumbres llegan a los 900 metros de altura sobre el nivel del mar, de laderas abruptas sin apenas superfice plana, la hacen inaccesible por muchas de sus orillas.<\/p>\n<p>La mina se encuentra en el lugar m\u00e1s meridional de la isla, en el cabo llamado Amitsoq Karra.<\/p>\n<p><strong>Descubrimiento<\/strong><\/p>\n<p>En el a\u00f1o 1911 una prospecci\u00f3n realizada por el ingeniero M.I. Nyeboe de la compa\u00f1\u00eda minera &#8220;Greenland Mining Corporation&#8221; encontr\u00f3 grandes dep\u00f3sitos de grafito en la isla de Amitsoq, con este hallazgo, abri\u00f3 la puerta a la explotaci\u00f3n minera de la zona.<\/p>\n<p>Esta compa\u00f1\u00eda proveniente de la isla de <em>Ivuatsiaq<\/em> cerca de la bah\u00eda de &#8220;Copper Mine&#8221; al Sur de <em>Iviqtuut,\u00a0<\/em>vi\u00f3 mermada su producci\u00f3n en las extracciones de cobre. Por este motivo, decidi\u00f3 probar suerte en el extremo sur, cerca del cabo de Farewell.<\/p>\n<p>As\u00ed comenzar\u00eda una nueva aventura llena de oportunidades para la compa\u00f1\u00eda, explotando un nuevo mineral, el grafito. Aunque de poco valor comercial. El grafito solamente se utilizaba para fabricar lapiceros y como lubricante para ciertos usos en la industria.<\/p>\n<p>Para llevar a cabo esta complicada empresa se recurri\u00f3 a un reputado experto llamado Ulrik Luckow, quien logr\u00f3 realizar varias prospecciones sistem\u00e1ticas en la isla entre 1914 y 1915, encontrando tres yacimientos de importancia en la punta m\u00e1s al sur de la isla.<\/p>\n<div id=\"attachment_2232\" style=\"width: 1034px\" class=\"wp-caption alignnone\"><a href=\"https:\/\/static-blogs.hoy.es\/wp-content\/uploads\/sites\/119\/2020\/02\/IMG_5278.jpg\"><img aria-describedby=\"caption-attachment-2232\" loading=\"lazy\" class=\"size-large wp-image-2232\" src=\"https:\/\/static-blogs.hoy.es\/wp-content\/uploads\/sites\/119\/2020\/02\/IMG_5278-1024x768.jpg\" alt=\"\" width=\"1024\" height=\"768\" srcset=\"https:\/\/static-blogs.hoy.es\/wp-content\/uploads\/sites\/119\/2020\/02\/IMG_5278-1024x768.jpg 1024w, https:\/\/static-blogs.hoy.es\/wp-content\/uploads\/sites\/119\/2020\/02\/IMG_5278-300x225.jpg 300w, https:\/\/static-blogs.hoy.es\/wp-content\/uploads\/sites\/119\/2020\/02\/IMG_5278-768x576.jpg 768w, https:\/\/static-blogs.hoy.es\/wp-content\/uploads\/sites\/119\/2020\/02\/IMG_5278.jpg 1525w\" sizes=\"(max-width: 1024px) 100vw, 1024px\" \/><\/a><p id=\"caption-attachment-2232\" class=\"wp-caption-text\"><span style=\"font-size: 10pt; color: #333399;\">Vista de la mina en ruinas y algunas de sus infraestructuras. Al fondo se vislumbra la monta\u00f1a m\u00e1s alta de la isla de Nanortalik. Foto un siglo despu\u00e9s de la apertura de la mina, a\u00f1o 2015.<\/span><\/p><\/div>\n<p><strong>B\u00fasqueda de nuevas oportunidades<\/strong><\/p>\n<p>Debido a los buenos pron\u00f3sticos, la compa\u00f1ia r\u00e1pidamente ces\u00f3 el yacimiento de cobre de la bah\u00eda de &#8220;Copper Mine&#8221;. Y en 1915 movieron toda la maquinaria que pudieron trasladar, incluidas algunas casas y cobertizos\u00a0hasta la remota isla.<\/p>\n<p>En el nuevo emplazamiento construyeron inicialmente un molino al borde del agua, para as\u00ed purificar el material de grafito de entre 50 a 60% de concentraci\u00f3n. Luego, asentaron un almac\u00e9n y una peque\u00f1a central el\u00e9ctrica.<\/p>\n<p>Encima de esta zona, y a los lados, construyeron plataformas para una oficina, la residencia oficial del gobernador y la vivienda de los mineros.<\/p>\n<div id=\"attachment_2237\" style=\"width: 1034px\" class=\"wp-caption alignnone\"><a href=\"https:\/\/static-blogs.hoy.es\/wp-content\/uploads\/sites\/119\/2020\/02\/IMG_5374.jpg\"><img aria-describedby=\"caption-attachment-2237\" loading=\"lazy\" class=\"size-large wp-image-2237\" src=\"https:\/\/static-blogs.hoy.es\/wp-content\/uploads\/sites\/119\/2020\/02\/IMG_5374-1024x768.jpg\" alt=\"\" width=\"1024\" height=\"768\" srcset=\"https:\/\/static-blogs.hoy.es\/wp-content\/uploads\/sites\/119\/2020\/02\/IMG_5374-1024x768.jpg 1024w, https:\/\/static-blogs.hoy.es\/wp-content\/uploads\/sites\/119\/2020\/02\/IMG_5374-300x225.jpg 300w, https:\/\/static-blogs.hoy.es\/wp-content\/uploads\/sites\/119\/2020\/02\/IMG_5374-768x576.jpg 768w, https:\/\/static-blogs.hoy.es\/wp-content\/uploads\/sites\/119\/2020\/02\/IMG_5374.jpg 1633w\" sizes=\"(max-width: 1024px) 100vw, 1024px\" \/><\/a><p id=\"caption-attachment-2237\" class=\"wp-caption-text\"><span style=\"font-size: 10pt; color: #333399;\">Casa del gobernador. La vida siempre al borde del precipicio, en alerta constante por los osos polares que sol\u00edan aparecer repentinamente procedentes del fiordo. Foto de 1915, documento del museo de Nanortalik.<\/span><\/p><\/div>\n<p><strong>Supervivencia en un abrupto emplazamiento<\/strong><\/p>\n<p>La comunidad minera lo compon\u00eda una treintena de trabajadores, la mitad noruegos y la otra mitad daneses. Al mando del yacimiento, un gobernador que viajaba rutinariamente procedente de Qaqortoq, la ciudad m\u00e1s grande del sur de Groenlandia.<\/p>\n<p>Uno de los mayores inconvenientes que tuvieron, al principio, fue la provisi\u00f3n de agua potable, inicialmente la \u00fanica manera de recogerla era cruzar el fiordo en una barca a remos para abastecerse de los arroyos de tierra firme. Pero en un golpe de suerte, durante una voladura con explosivos, dieron con un manantial de agua de lluvia en la zona, y al fin pudieron tener reservas de agua derritiendo nieve y recolectando de la vena del manantial de lluvia de la propia isla.<\/p>\n<p>Otro reto era la dificultad de tener un puerto natural y mantener un barco seguro en la costa, pero la estivaci\u00f3n y descarga siempre era una tarea muy compleja. Por esa raz\u00f3n, la compa\u00f1\u00eda tom\u00f3 la decisi\u00f3n de no dejar un barco expuesto a la peligrosa orograf\u00eda, ese barco de suministros arribar\u00eda solamente una vez al a\u00f1o, haciendo m\u00e1s dura la vida sin ninguna distracci\u00f3n.<\/p>\n<p>A veces, cuando las condiciones clim\u00e1ticas lo permit\u00edan, se acercaban hasta la localidad m\u00e1s cercana, a 8 millas (15 km) de distancia, llamada Nanortalik, en el peque\u00f1o\u00a0bote y as\u00ed pod\u00edan mercadear con los lugare\u00f1os inuit.<\/p>\n<div id=\"attachment_2243\" style=\"width: 1034px\" class=\"wp-caption alignnone\"><a href=\"https:\/\/static-blogs.hoy.es\/wp-content\/uploads\/sites\/119\/2020\/02\/IMG_5375.jpg\"><img aria-describedby=\"caption-attachment-2243\" loading=\"lazy\" class=\"size-large wp-image-2243\" src=\"https:\/\/static-blogs.hoy.es\/wp-content\/uploads\/sites\/119\/2020\/02\/IMG_5375-1024x768.jpg\" alt=\"\" width=\"1024\" height=\"768\" srcset=\"https:\/\/static-blogs.hoy.es\/wp-content\/uploads\/sites\/119\/2020\/02\/IMG_5375-1024x768.jpg 1024w, https:\/\/static-blogs.hoy.es\/wp-content\/uploads\/sites\/119\/2020\/02\/IMG_5375-300x225.jpg 300w, https:\/\/static-blogs.hoy.es\/wp-content\/uploads\/sites\/119\/2020\/02\/IMG_5375-768x576.jpg 768w\" sizes=\"(max-width: 1024px) 100vw, 1024px\" \/><\/a><p id=\"caption-attachment-2243\" class=\"wp-caption-text\"><span style=\"font-size: 10pt; color: #333399;\">Una peque\u00f1a comunidad en un inmenso fiordo. Foto de 1916 documento del museo de Nanortalik.<\/span><\/p><\/div>\n<p><strong>Escasez de materiales y equipo para producir en la mina<\/strong><\/p>\n<p>Por aquellos entonces, Europa estaba inmersa en la Primera Guerra Mundial, lo que dificultaba la adquisici\u00f3n de nuevos equipos procedentes de Dinamarca. Por esa falta de suministros, se vieron forzados a utilizar unas pocas herramientas recuperadas de la mina de cobre. Haciendo las perforaciones en la roca madre a pico y a martillo. A pesar del duro trabajo, dos de las tres vetas fueron perforadas f\u00e1cilmente, y en el oto\u00f1o de 1915 comenzaron los trabajos de extracci\u00f3n.<\/p>\n<div id=\"attachment_2246\" style=\"width: 990px\" class=\"wp-caption alignnone\"><a href=\"https:\/\/static-blogs.hoy.es\/wp-content\/uploads\/sites\/119\/2020\/02\/SAM_1339.jpg\"><img aria-describedby=\"caption-attachment-2246\" loading=\"lazy\" class=\"size-full wp-image-2246\" src=\"https:\/\/static-blogs.hoy.es\/wp-content\/uploads\/sites\/119\/2020\/02\/SAM_1339.jpg\" alt=\"\" width=\"980\" height=\"735\" srcset=\"https:\/\/static-blogs.hoy.es\/wp-content\/uploads\/sites\/119\/2020\/02\/SAM_1339.jpg 980w, https:\/\/static-blogs.hoy.es\/wp-content\/uploads\/sites\/119\/2020\/02\/SAM_1339-300x225.jpg 300w, https:\/\/static-blogs.hoy.es\/wp-content\/uploads\/sites\/119\/2020\/02\/SAM_1339-768x576.jpg 768w\" sizes=\"(max-width: 980px) 100vw, 980px\" \/><\/a><p id=\"caption-attachment-2246\" class=\"wp-caption-text\"><span style=\"font-size: 10pt; color: #333399;\">Tolvas y maquinaria oxidada e in\u00fatil. Se puede ver los muros levantados con el propio mineral.<\/span><\/p><\/div>\n<p><strong>Sin apenas lugar donde poder andar<\/strong><\/p>\n<p>En las largas noches de invierno, los trabajadores permanec\u00edan afinados en su casa o en los cobertizos, al borde de las inclinadas rampas heladas que mor\u00edan al fiordo. El tr\u00e1nsito por el peque\u00f1o emplazamiento era altamente arriesgado, sobretodo, cuando se acumulaba la nieve haciendo casi imposible la comunicaci\u00f3n entre la peque\u00f1a comunidad.<\/p>\n<div id=\"attachment_2244\" style=\"width: 1034px\" class=\"wp-caption alignnone\"><a href=\"https:\/\/static-blogs.hoy.es\/wp-content\/uploads\/sites\/119\/2020\/02\/IMG_5376.jpg\"><img aria-describedby=\"caption-attachment-2244\" loading=\"lazy\" class=\"size-large wp-image-2244\" src=\"https:\/\/static-blogs.hoy.es\/wp-content\/uploads\/sites\/119\/2020\/02\/IMG_5376-1024x768.jpg\" alt=\"\" width=\"1024\" height=\"768\" srcset=\"https:\/\/static-blogs.hoy.es\/wp-content\/uploads\/sites\/119\/2020\/02\/IMG_5376-1024x768.jpg 1024w, https:\/\/static-blogs.hoy.es\/wp-content\/uploads\/sites\/119\/2020\/02\/IMG_5376-300x225.jpg 300w, https:\/\/static-blogs.hoy.es\/wp-content\/uploads\/sites\/119\/2020\/02\/IMG_5376-768x576.jpg 768w, https:\/\/static-blogs.hoy.es\/wp-content\/uploads\/sites\/119\/2020\/02\/IMG_5376.jpg 1632w\" sizes=\"(max-width: 1024px) 100vw, 1024px\" \/><\/a><p id=\"caption-attachment-2244\" class=\"wp-caption-text\"><span style=\"font-size: 10pt; color: #333399;\">Sin apenas superficie para moverse, todav\u00eda era m\u00e1s dificil cuando se acumulaba la nieve. Foto documento del museo de Nanortalik invierno de 1916.<\/span><\/p><\/div>\n<div id=\"attachment_2247\" style=\"width: 990px\" class=\"wp-caption alignnone\"><a href=\"https:\/\/static-blogs.hoy.es\/wp-content\/uploads\/sites\/119\/2020\/02\/IMG_5275.jpg\"><img aria-describedby=\"caption-attachment-2247\" loading=\"lazy\" class=\"size-full wp-image-2247\" src=\"https:\/\/static-blogs.hoy.es\/wp-content\/uploads\/sites\/119\/2020\/02\/IMG_5275.jpg\" alt=\"\" width=\"980\" height=\"735\" srcset=\"https:\/\/static-blogs.hoy.es\/wp-content\/uploads\/sites\/119\/2020\/02\/IMG_5275.jpg 980w, https:\/\/static-blogs.hoy.es\/wp-content\/uploads\/sites\/119\/2020\/02\/IMG_5275-300x225.jpg 300w, https:\/\/static-blogs.hoy.es\/wp-content\/uploads\/sites\/119\/2020\/02\/IMG_5275-768x576.jpg 768w\" sizes=\"(max-width: 980px) 100vw, 980px\" \/><\/a><p id=\"caption-attachment-2247\" class=\"wp-caption-text\"><span style=\"font-size: 10pt; color: #333399;\">Restos de la plataforma para el estibado del mineral.<\/span><\/p><\/div>\n<p><strong>Excavaciones y falsas esperanzas<\/strong><\/p>\n<p>La principal veta lleg\u00f3 a medir 600 metros de longitud, con una anchura de entre 4 a 15 metros. A unos 300 metros se encontr\u00f3 la veta de grafito m\u00e1s aprovechable. Se estimaba que esta vena de mineral ten\u00eda gran profundidad y producir\u00eda material para muchos a\u00f1os de explotaci\u00f3n, pero desafortunadamente las esperanzas fueron demasiado optimistas. La veta fue cada vez empeque\u00f1eciendo m\u00e1s.<\/p>\n<p>Llegaron a perforar hasta 40 metros de profundidad, de los cuales algo m\u00e1s de 6 metros se encontraban bajo la superficie marina hasta que el pozo dej\u00f3 de producir y pararon.<\/p>\n<p>Con nuevas prospecciones cercanas, comenzaron a abrir una nueva galer\u00eda que al principio elev\u00f3 la moral, no produc\u00eda tanto grafito pero era continuo, la orograf\u00eda del terreno imposibilitaba su extracci\u00f3n y volvieron a parar.<\/p>\n<p>Debido a las dificultades t\u00e9cnicas por las filtraciones de agua del fiordo, ech\u00f3 al traste la \u00faltima perforaci\u00f3n en el mismo cabo de la isla. En el a\u00f1o 1925 se cerr\u00f3 la mina por falta de producci\u00f3n. Se llegaron abrir hasta cuatro galer\u00edas en diferentes lugares. Se estima que se extrajo en los a\u00f1os de estuvo abierta unas 6000 toneladas de grafito.<\/p>\n<p>En 1936 una nueva investigaci\u00f3n danesa quiso reabrir y reconstruir la mina, pero no encontraron dep\u00f3sitos significantes como para compensar las inversiones.<\/p>\n<p>&nbsp;<\/p>\n<div id=\"attachment_2248\" style=\"width: 1034px\" class=\"wp-caption alignnone\"><a href=\"https:\/\/static-blogs.hoy.es\/wp-content\/uploads\/sites\/119\/2020\/02\/C0225_Moment.jpg\"><img aria-describedby=\"caption-attachment-2248\" loading=\"lazy\" class=\"size-large wp-image-2248\" src=\"https:\/\/static-blogs.hoy.es\/wp-content\/uploads\/sites\/119\/2020\/02\/C0225_Moment-1024x577.jpg\" alt=\"\" width=\"1024\" height=\"577\" srcset=\"https:\/\/static-blogs.hoy.es\/wp-content\/uploads\/sites\/119\/2020\/02\/C0225_Moment-1024x577.jpg 1024w, https:\/\/static-blogs.hoy.es\/wp-content\/uploads\/sites\/119\/2020\/02\/C0225_Moment-300x169.jpg 300w, https:\/\/static-blogs.hoy.es\/wp-content\/uploads\/sites\/119\/2020\/02\/C0225_Moment-768x433.jpg 768w, https:\/\/static-blogs.hoy.es\/wp-content\/uploads\/sites\/119\/2020\/02\/C0225_Moment.jpg 1321w\" sizes=\"(max-width: 1024px) 100vw, 1024px\" \/><\/a><p id=\"caption-attachment-2248\" class=\"wp-caption-text\"><span style=\"font-size: 10pt; color: #333399;\">Fotos tomadas en el 1933 de las tres principales vetas de la mina. La mina fue abandonada en el 1925. Fotos museo de Nanortalik.<\/span><\/p><\/div>\n<p><strong>En la actualidad<\/strong><\/p>\n<p>A pesar del gran valor geol\u00f3gico de la isla y los numerosos estudios de la zona en la actualidad, el emplazamiento, la orograf\u00eda y el aislamiento condicionan mucho a la hora de abrir de nuevo una explotaci\u00f3n a sabiendas que el entorno tiene grandes yacimientos de grafito, pero como ya sabemos, es un mineral de poco valor econ\u00f3mico.<\/p>\n<p>Cuando paseas por los restos de la mina, sorprende ver la gran cantidad de maquinaria abandonada en aquel peque\u00f1o rinc\u00f3n de la isla.<\/p>\n<hr \/>\n<p>Hace a\u00f1os cuando explor\u00e9 las entradas de las galer\u00edas, vi el peligroso estado de algunas de las bocas de las entradas, el hielo y la contracci\u00f3n han hecho que grandes bloques amenacen por colapsar en cualquier momento. Este a\u00f1o regres\u00e9 a echar un nuevo vistazo para contrastar la informaci\u00f3n que consegu\u00ed, pude constatar que algunas galer\u00edas estaban completamente inundadas y otras en cambio, hab\u00edan colapsado gracias a explosiones controladas hechas por el \u00faltimo grupo de ge\u00f3logos de la universidad danesa que la visit\u00f3, evitando as\u00ed posibles da\u00f1os personales para aquellos que visitamos este estremecedor paraje.<\/p>\n<p>Aqu\u00ed os dejo un v\u00eddeo de una peque\u00f1a exploraci\u00f3n de este extra\u00f1o lugar.<\/p>\n<p><iframe loading=\"lazy\" src=\"\/\/www.youtube.com\/embed\/1VYe9yi2zRs\" width=\"560\" height=\"314\" allowfullscreen=\"allowfullscreen\"><\/iframe><\/p>\n<p><strong>PARA VER M\u00c1S DE MIS AVENTURAS HAZ CLIC EN ESTOS ENLACES<\/strong><\/p>\n<p><strong><a href=\"https:\/\/www.facebook.com\/JoseTrejo404\/\" rel=\"external nofollow\">Facebook<\/a><\/strong><\/p>\n<p><em><strong>Para ver m\u00e1s fotos de mis viajes, puedes seguirme en este link<\/strong><\/em><\/p>\n<p><strong><a href=\"https:\/\/www.instagram.com\/josetrejo404\/?hl=es\" rel=\"external nofollow\">Instagram<\/a>\u00a0<\/strong><\/p>\n<p><a href=\"https:\/\/www.google.es\/search?q=%23UnExtreme%C3%B1oEnEl%C3%81rtico&amp;tbm=isch&amp;tbo=u&amp;source=univ&amp;sa=X&amp;ved=0ahUKEwjk4__i8fzYAhUBWxQKHd2fCmUQsAQILQ&amp;biw=1366&amp;bih=637\" rel=\"external nofollow\">#UnExtreme\u00f1oEnEl\u00c1rtico<\/a>\u00a0<a href=\"https:\/\/www.instagram.com\/explore\/tags\/proyectobaikal2019\/?hl=es\" rel=\"external nofollow\">#ProyectoBaikal2019<\/a>\u00a0<a href=\"https:\/\/www.instagram.com\/explore\/tags\/aventurascentrowagen\/?hl=es\" rel=\"external nofollow\">#aventurascentrowagen<\/a><\/p>\n<p><strong><a href=\"https:\/\/www.youtube.com\/channel\/UCkc4QXSFBOd_zSPTrQ2RdXQ\" rel=\"external nofollow\">YouTube<\/a><\/strong><\/p>\n<p><strong>Contacto:<\/strong> mad4041@gmail.com<\/p>\n","protected":false},"excerpt":{"rendered":"<p>En los albores de la Primera Guerra Mundial, un pu\u00f1ado de mineros sobreviv\u00edan con apenas herramientas de mano y unos pocos recursos en una remota isla del sur de Groenlandia. En este post os cuento su historia, al final os dejo un v\u00eddeo de la exploraci\u00f3n que realic\u00e9 este verano en aquel inh\u00f3spito lugar. Para [&hellip;]<\/p>\n","protected":false},"author":142,"featured_media":2232,"comment_status":"open","ping_status":"closed","sticky":false,"template":"","format":"standard","meta":[],"categories":[1],"tags":[414,857,57,859,858,101,855,852,853,415,861,856,160,851,188,860,854],"_links":{"self":[{"href":"https:\/\/blogs.hoy.es\/un-extremeno-en-el-artico\/wp-json\/wp\/v2\/posts\/2217"}],"collection":[{"href":"https:\/\/blogs.hoy.es\/un-extremeno-en-el-artico\/wp-json\/wp\/v2\/posts"}],"about":[{"href":"https:\/\/blogs.hoy.es\/un-extremeno-en-el-artico\/wp-json\/wp\/v2\/types\/post"}],"author":[{"embeddable":true,"href":"https:\/\/blogs.hoy.es\/un-extremeno-en-el-artico\/wp-json\/wp\/v2\/users\/142"}],"replies":[{"embeddable":true,"href":"https:\/\/blogs.hoy.es\/un-extremeno-en-el-artico\/wp-json\/wp\/v2\/comments?post=2217"}],"version-history":[{"count":30,"href":"https:\/\/blogs.hoy.es\/un-extremeno-en-el-artico\/wp-json\/wp\/v2\/posts\/2217\/revisions"}],"predecessor-version":[{"id":2258,"href":"https:\/\/blogs.hoy.es\/un-extremeno-en-el-artico\/wp-json\/wp\/v2\/posts\/2217\/revisions\/2258"}],"wp:featuredmedia":[{"embeddable":true,"href":"https:\/\/blogs.hoy.es\/un-extremeno-en-el-artico\/wp-json\/wp\/v2\/media\/2232"}],"wp:attachment":[{"href":"https:\/\/blogs.hoy.es\/un-extremeno-en-el-artico\/wp-json\/wp\/v2\/media?parent=2217"}],"wp:term":[{"taxonomy":"category","embeddable":true,"href":"https:\/\/blogs.hoy.es\/un-extremeno-en-el-artico\/wp-json\/wp\/v2\/categories?post=2217"},{"taxonomy":"post_tag","embeddable":true,"href":"https:\/\/blogs.hoy.es\/un-extremeno-en-el-artico\/wp-json\/wp\/v2\/tags?post=2217"}],"curies":[{"name":"wp","href":"https:\/\/api.w.org\/{rel}","templated":true}]}}