{"id":2260,"date":"2020-03-10T00:52:24","date_gmt":"2020-03-09T23:52:24","guid":{"rendered":"http:\/\/blogs.hoy.es\/un-extremeno-en-el-artico\/?p=2260"},"modified":"2020-03-10T19:18:57","modified_gmt":"2020-03-10T18:18:57","slug":"un-nuevo-destino-svalbard-el-alto-artico","status":"publish","type":"post","link":"https:\/\/blogs.hoy.es\/un-extremeno-en-el-artico\/2020\/03\/10\/un-nuevo-destino-svalbard-el-alto-artico\/","title":{"rendered":"Un nuevo destino, Svalbard, el Alto \u00c1rtico."},"content":{"rendered":"<p>\u00a1Esta vez espero que s\u00ed!<\/p>\n<p>Despu\u00e9s de algunas semanas de \u201csilencio\u201d, \u00a0parec\u00eda que ya ten\u00edamos la deseada \u201calineaci\u00f3n planetaria\u201d para ir al archipi\u00e9lago de Svalbard.<\/p>\n<p>Pensaba que esta vez la b\u00fasqueda de participantes en la nueva aventura ser\u00eda lo m\u00e1s dif\u00edcil, pero no ha sido as\u00ed, se resolvi\u00f3 con un par de llamadas. De momento lo m\u00e1s complicado est\u00e1 en hacer coincidir los d\u00edas de permiso de cuatro personas, porque tampoco hay vuelos favorables cuando queremos.<\/p>\n<p>La guinda, la tiene ahora el coronavirus \u00a1de las narices! que nos est\u00e1 trastocando todo un poco. En fin, espero que esta histeria colectiva se olvide lo antes posible y podamos seguir con nuestra normalidad.<\/p>\n<p>&nbsp;<\/p>\n<p><strong>\u00bfD\u00f3nde est\u00e1 el archipi\u00e9lago de Svalbard?<\/strong><\/p>\n<p>Se podr\u00eda decir que a unas decenas de grados de latitud o 1000 kil\u00f3metros de distancia del <a href=\"https:\/\/es.wikipedia.org\/wiki\/Polo_norte\" rel=\"external nofollow\">Polo Norte<\/a>.<\/p>\n<div id=\"attachment_2262\" style=\"width: 290px\" class=\"wp-caption aligncenter\"><a href=\"https:\/\/static-blogs.hoy.es\/wp-content\/uploads\/sites\/119\/2020\/03\/Norway_on_the_globe_Svalbard_special_Europe_centered.svg_.png\"><img aria-describedby=\"caption-attachment-2262\" loading=\"lazy\" class=\"size-full wp-image-2262\" src=\"https:\/\/static-blogs.hoy.es\/wp-content\/uploads\/sites\/119\/2020\/03\/Norway_on_the_globe_Svalbard_special_Europe_centered.svg_.png\" alt=\"\" width=\"280\" height=\"280\" srcset=\"https:\/\/static-blogs.hoy.es\/wp-content\/uploads\/sites\/119\/2020\/03\/Norway_on_the_globe_Svalbard_special_Europe_centered.svg_.png 280w, https:\/\/static-blogs.hoy.es\/wp-content\/uploads\/sites\/119\/2020\/03\/Norway_on_the_globe_Svalbard_special_Europe_centered.svg_-150x150.png 150w\" sizes=\"(max-width: 280px) 100vw, 280px\" \/><\/a><p id=\"caption-attachment-2262\" class=\"wp-caption-text\"><span style=\"font-size: 10pt; color: #000080;\">Situaci\u00f3n del archipi\u00e9lago de Svalbard. Foto de Wikipedia<\/span><\/p><\/div>\n<p>Anteriormente llamado Spitzberg, el archipi\u00e9lago de <a href=\"https:\/\/es.wikipedia.org\/wiki\/Svalbard\" rel=\"external nofollow\">Svalbard <\/a>,\u00a0es un grupo de islas\u00a0en el oc\u00e9ano Glaciar \u00c1rtico situadas entre los <a href=\"https:\/\/es.wikipedia.org\/wiki\/Paralelo\" rel=\"external nofollow\">paralelos<\/a>\u00a0 74\u00ba y 81\u00ba norte y los <a href=\"https:\/\/www.google.com\/search?q=meridianos&amp;oq=meridianos&amp;aqs=chrome..69i57j0l7.4104j0j7&amp;sourceid=chrome&amp;ie=UTF-8\">meridianos<\/a> 10\u00ba a 35\u00ba este,\u00a0 pertenecientes al reino de Noruega.<\/p>\n<p>En la actualidad est\u00e1n habitadas tres de las seis islas que lo componen. Spitsbergen es el nombre de la isla m\u00e1s grande, seguida de la isla del Oso (<a class=\"mw-redirect\" title=\"\" href=\"https:\/\/es.wikipedia.org\/wiki\/Bj%C3%B8rn%C3%B8ya\" rel=\"external nofollow\">Bj\u00f8rn\u00f8ya<\/a>) y Hopen. Longyearbyen es la capital y tambi\u00e9n la ciudad m\u00e1s habitada en la isla de Spitsbergen.<\/p>\n<p>M\u00e1s de la mitad de la superficie de Svalbard lo componen glaciares y grandes masas de nieve que permanecen casi todo el a\u00f1o.<\/p>\n<p>En el a\u00f1o 2019 debido al calentamiento global, se di\u00f3 la voz de alarma por las consecuencias que cada vez est\u00e1n siendo m\u00e1s visibles en <a href=\"https:\/\/www.lanacion.com.ar\/el-mundo\/noruega-el-pueblo-mas-septentrional-del-mundo-nid2285041\" rel=\"external nofollow\">la poblaci\u00f3n m\u00e1s septentrional del Mundo.<\/a>\u00a0 Incluso este mismo a\u00f1o se comunic\u00f3, que <a href=\"https:\/\/es.wikipedia.org\/wiki\/Banco_Mundial_de_Semillas_de_Svalbard\" rel=\"external nofollow\">el banco mundial de semillas<\/a> construido en el a\u00f1o 2008, bajo una monta\u00f1a, y protegido por una temperatura natural de -6\u00baC est\u00e1 en peligro.<\/p>\n<div id=\"attachment_2266\" style=\"width: 630px\" class=\"wp-caption alignnone\"><img aria-describedby=\"caption-attachment-2266\" loading=\"lazy\" class=\"size-full wp-image-2266\" src=\"https:\/\/static-blogs.hoy.es\/wp-content\/uploads\/sites\/119\/2020\/03\/La-B\u00f3veda-del-fin-del-mundo.jpg\" alt=\"\" width=\"620\" height=\"412\" srcset=\"https:\/\/static-blogs.hoy.es\/wp-content\/uploads\/sites\/119\/2020\/03\/La-B\u00f3veda-del-fin-del-mundo.jpg 620w, https:\/\/static-blogs.hoy.es\/wp-content\/uploads\/sites\/119\/2020\/03\/La-B\u00f3veda-del-fin-del-mundo-300x199.jpg 300w\" sizes=\"(max-width: 620px) 100vw, 620px\" \/><p id=\"caption-attachment-2266\" class=\"wp-caption-text\"><span style=\"font-size: 10pt; color: #333399;\">Imagen de la B\u00f3veda del fin del Mundo. Foto Shutterstock<\/span><\/p><\/div>\n<p><a href=\"https:\/\/www.businessinsider.es\/boveda-fin-mundo-peligro-cambio-climatico-397843\" rel=\"external nofollow\">La B\u00f3veda del fin del mundo, que protege y almacena todas las semillas del planeta est\u00e1 en peligro por el calentamiento global.<\/a><\/p>\n<p>&nbsp;<\/p>\n<p><strong>Pero\u2026 \u00bfQu\u00e9 es el llamado Alto \u00c1rtico?<\/strong><\/p>\n<p>Sabemos que el \u00c1rtico no es un pa\u00eds ni un continente, es un lugar en el extremo norte del planeta donde tambi\u00e9n se encuentra el oc\u00e9ano m\u00e1s peque\u00f1o del mundo, el oc\u00e9ano Glaciar \u00c1rtico.<\/p>\n<p>Este \u201cpeque\u00f1o\u201d Oc\u00e9ano ba\u00f1a las costas de los extremos m\u00e1s septentrionales de varios pa\u00edses como: Rusia (\u00e1rtico siberiano), Groenlandia, Canad\u00e1 (\u00e1rtico canadiense) Alaska, Islandia, Noruega, etc.<\/p>\n<p>El \u00c1rtico en general, se caracteriza por la ausencia de masa arb\u00f3rea. Debido a las grandes diferencias clim\u00e1ticas, existen dos \u00e1reas llamadas: Bajo \u00c1rtico y Alto \u00c1rtico.<\/p>\n<p>Tan solo algunos arbustos rastreros de la familia de la picea, peque\u00f1os sauces y abedules de no m\u00e1s de dos metros de altura, as\u00ed como, gram\u00edneas sobreviven en el Bajo \u00c1rtico, es la denominada tundra \u00e1rtica. En cambio, debido a la baja humedad, el llamado Alto \u00c1rtico hay menor vegetaci\u00f3n, llam\u00e1ndose a esta tundra desierto polar.<\/p>\n<p>El Alto \u00c1rtico se distingue tambi\u00e9n, por estar expuesto a las condiciones clim\u00e1ticas m\u00e1s severas y tener m\u00e1s n\u00famero de d\u00edas de noche perpetua al a\u00f1o (<a href=\"https:\/\/es.wikipedia.org\/wiki\/Noche_polar\" rel=\"external nofollow\">noche polar<\/a>).<\/p>\n<p>&nbsp;<\/p>\n<p><strong>El clima<\/strong><\/p>\n<p>Al situarse tan al norte, su clima est\u00e1 afectado por la regi\u00f3n de masa de aire llamada polar \u00e1rtico. Las temperaturas en verano no llegan a sobrepasar de los 0\u00ba a 5\u00baC positivos, en cambio, en invierno, se han llegado a registrar temperaturas m\u00ednimas absolutas (marzo) de hasta -46,3\u00ba C.<\/p>\n<p>&nbsp;<\/p>\n<p><strong>Tambi\u00e9n hay fauna<\/strong><\/p>\n<p>Adem\u00e1s del zorro \u00e1rtico, la morsa, focas, ballenas, delfines, el buey almizclero, el reno, etc. habita el carn\u00edvoro terrestre m\u00e1s grande del planeta, el oso polar. Para ser m\u00e1s exactos, se estima que en Svalbard hay unos 3200 osos polares, frente a una poblaci\u00f3n 2668 personas.<\/p>\n<div id=\"attachment_2271\" style=\"width: 1034px\" class=\"wp-caption alignnone\"><a href=\"https:\/\/static-blogs.hoy.es\/wp-content\/uploads\/sites\/119\/2020\/03\/polar-bear-1574995_1280.jpg\"><img aria-describedby=\"caption-attachment-2271\" loading=\"lazy\" class=\"size-large wp-image-2271\" src=\"https:\/\/static-blogs.hoy.es\/wp-content\/uploads\/sites\/119\/2020\/03\/polar-bear-1574995_1280-1024x682.jpg\" alt=\"\" width=\"1024\" height=\"682\" srcset=\"https:\/\/static-blogs.hoy.es\/wp-content\/uploads\/sites\/119\/2020\/03\/polar-bear-1574995_1280-1024x682.jpg 1024w, https:\/\/static-blogs.hoy.es\/wp-content\/uploads\/sites\/119\/2020\/03\/polar-bear-1574995_1280-300x200.jpg 300w, https:\/\/static-blogs.hoy.es\/wp-content\/uploads\/sites\/119\/2020\/03\/polar-bear-1574995_1280-768x511.jpg 768w, https:\/\/static-blogs.hoy.es\/wp-content\/uploads\/sites\/119\/2020\/03\/polar-bear-1574995_1280.jpg 1280w\" sizes=\"(max-width: 1024px) 100vw, 1024px\" \/><\/a><p id=\"caption-attachment-2271\" class=\"wp-caption-text\"><span style=\"font-size: 10pt; color: #333399;\">Oso polar. Foto Pixabay<\/span><\/p><\/div>\n<p>&nbsp;<\/p>\n<p><strong>Bueno&#8230;, con todos estos ingredientes y alguno m\u00e1s que contar\u00e9 en el siguiente post tenemos una nueva aventura, \u00bfno os parece?<\/strong><\/p>\n<p>&nbsp;<\/p>\n<p><span style=\"text-decoration: underline; color: #ff0000;\">PATROCINADORES\u00a0 Svalbard Polar Expedition 2020<\/span><\/p>\n<p><strong>@<a href=\"https:\/\/www.centrowagen.com\/\" rel=\"external nofollow\">Centrowagen<\/a>\u00a0<\/strong><\/p>\n<p><strong>@<a href=\"https:\/\/tierraspolares.es\/\" rel=\"external nofollow\">Tierras Polares-Viajes y Expediciones<\/a><\/strong><\/p>\n<p><strong>@<a href=\"https:\/\/www.hoy.es\/\" rel=\"external nofollow\">Hoy.es<\/a><\/strong><\/p>\n<hr \/>\n<p><strong>PARA VER M\u00c1S DE MIS AVENTURAS HAZ CLIC EN ESTOS ENLACES<\/strong><\/p>\n<p><strong><a href=\"https:\/\/www.facebook.com\/JoseTrejo404\/\" rel=\"external nofollow\">Facebook<\/a><\/strong><\/p>\n<p><em><strong>Para ver m\u00e1s fotos de mis viajes, puedes seguirme en este link<\/strong><\/em><\/p>\n<p><strong><a href=\"https:\/\/www.instagram.com\/josetrejo404\/?hl=es\" rel=\"external nofollow\">Instagram<\/a>\u00a0<\/strong><\/p>\n<p><a href=\"https:\/\/www.google.es\/search?q=%23UnExtreme%C3%B1oEnEl%C3%81rtico&amp;tbm=isch&amp;tbo=u&amp;source=univ&amp;sa=X&amp;ved=0ahUKEwjk4__i8fzYAhUBWxQKHd2fCmUQsAQILQ&amp;biw=1366&amp;bih=637\" rel=\"external nofollow\">#UnExtreme\u00f1oEnEl\u00c1rtico<\/a>\u00a0\u00a0<a href=\"https:\/\/www.instagram.com\/explore\/tags\/aventurascentrowagen\/?hl=es\" rel=\"external nofollow\">#aventurascentrowagen<\/a><\/p>\n<p><strong><a href=\"https:\/\/www.youtube.com\/channel\/UCkc4QXSFBOd_zSPTrQ2RdXQ\" rel=\"external nofollow\">YouTube<\/a><\/strong><\/p>\n<p><strong>Contacto:<\/strong>\u00a0mad4041@gmail.com<\/p>\n","protected":false},"excerpt":{"rendered":"<p>\u00a1Esta vez espero que s\u00ed! Despu\u00e9s de algunas semanas de \u201csilencio\u201d, \u00a0parec\u00eda que ya ten\u00edamos la deseada \u201calineaci\u00f3n planetaria\u201d para ir al archipi\u00e9lago de Svalbard. Pensaba que esta vez la b\u00fasqueda de participantes en la nueva aventura ser\u00eda lo m\u00e1s dif\u00edcil, pero no ha sido as\u00ed, se resolvi\u00f3 con un par de llamadas. De momento [&hellip;]<\/p>\n","protected":false},"author":142,"featured_media":2266,"comment_status":"open","ping_status":"closed","sticky":false,"template":"","format":"standard","meta":[],"categories":[1],"tags":[863,862,19,868,865,866,871,872,867,168,174,176,870,869,873,864],"_links":{"self":[{"href":"https:\/\/blogs.hoy.es\/un-extremeno-en-el-artico\/wp-json\/wp\/v2\/posts\/2260"}],"collection":[{"href":"https:\/\/blogs.hoy.es\/un-extremeno-en-el-artico\/wp-json\/wp\/v2\/posts"}],"about":[{"href":"https:\/\/blogs.hoy.es\/un-extremeno-en-el-artico\/wp-json\/wp\/v2\/types\/post"}],"author":[{"embeddable":true,"href":"https:\/\/blogs.hoy.es\/un-extremeno-en-el-artico\/wp-json\/wp\/v2\/users\/142"}],"replies":[{"embeddable":true,"href":"https:\/\/blogs.hoy.es\/un-extremeno-en-el-artico\/wp-json\/wp\/v2\/comments?post=2260"}],"version-history":[{"count":12,"href":"https:\/\/blogs.hoy.es\/un-extremeno-en-el-artico\/wp-json\/wp\/v2\/posts\/2260\/revisions"}],"predecessor-version":[{"id":2276,"href":"https:\/\/blogs.hoy.es\/un-extremeno-en-el-artico\/wp-json\/wp\/v2\/posts\/2260\/revisions\/2276"}],"wp:featuredmedia":[{"embeddable":true,"href":"https:\/\/blogs.hoy.es\/un-extremeno-en-el-artico\/wp-json\/wp\/v2\/media\/2266"}],"wp:attachment":[{"href":"https:\/\/blogs.hoy.es\/un-extremeno-en-el-artico\/wp-json\/wp\/v2\/media?parent=2260"}],"wp:term":[{"taxonomy":"category","embeddable":true,"href":"https:\/\/blogs.hoy.es\/un-extremeno-en-el-artico\/wp-json\/wp\/v2\/categories?post=2260"},{"taxonomy":"post_tag","embeddable":true,"href":"https:\/\/blogs.hoy.es\/un-extremeno-en-el-artico\/wp-json\/wp\/v2\/tags?post=2260"}],"curies":[{"name":"wp","href":"https:\/\/api.w.org\/{rel}","templated":true}]}}