{"id":2278,"date":"2020-03-17T21:37:39","date_gmt":"2020-03-17T20:37:39","guid":{"rendered":"http:\/\/blogs.hoy.es\/un-extremeno-en-el-artico\/?p=2278"},"modified":"2020-03-17T21:37:39","modified_gmt":"2020-03-17T20:37:39","slug":"una-representacion-de-la-inmensidad-mis-montanas","status":"publish","type":"post","link":"https:\/\/blogs.hoy.es\/un-extremeno-en-el-artico\/2020\/03\/17\/una-representacion-de-la-inmensidad-mis-montanas\/","title":{"rendered":"Una representaci\u00f3n de la inmensidad, mis monta\u00f1as"},"content":{"rendered":"<div id=\"attachment_2280\" style=\"width: 778px\" class=\"wp-caption alignnone\"><a href=\"https:\/\/static-blogs.hoy.es\/wp-content\/uploads\/sites\/119\/2020\/03\/DSC03484aa.jpg\"><img aria-describedby=\"caption-attachment-2280\" loading=\"lazy\" class=\"size-full wp-image-2280\" src=\"https:\/\/static-blogs.hoy.es\/wp-content\/uploads\/sites\/119\/2020\/03\/DSC03484aa.jpg\" alt=\"\" width=\"768\" height=\"512\" srcset=\"https:\/\/static-blogs.hoy.es\/wp-content\/uploads\/sites\/119\/2020\/03\/DSC03484aa.jpg 768w, https:\/\/static-blogs.hoy.es\/wp-content\/uploads\/sites\/119\/2020\/03\/DSC03484aa-300x200.jpg 300w\" sizes=\"(max-width: 768px) 100vw, 768px\" \/><\/a><p id=\"caption-attachment-2280\" class=\"wp-caption-text\">Aproximaci\u00f3n. Enormes fiordos e infinitas grietas sobre los glaciares, monta\u00f1as inexpugnables erosionadas por el evance de capas y capas de nieve comprimida. La primera vista de tierra te deja con la boca abierta hasta que aterrizas.<\/p><\/div>\n<p>La inmensidad es la una extensi\u00f3n ilimitada, tambi\u00e9n puede ser, cantidad de extensi\u00f3n muy grande, seg\u00fan el diccionario <a href=\"https:\/\/www.wordreference.com\/definicion\/inmensidad\" rel=\"external nofollow\">WordReferece.<\/a><\/p>\n<p>Es mismo pens\u00e9 la primera vez que pis\u00e9 la isla de Groenlandia. Es la isla m\u00e1s grande y extensa del Planeta. El sur de esta gran isla aglutina una representaci\u00f3n de los paisajes m\u00e1s impresionantes en una &#8220;peque\u00f1a \u00e1rea&#8221;.<\/p>\n<p>Os muestro a trav\u00e9s de una serie de fotograf\u00edas realizadas el verano pasado un peque\u00f1o ejemplo de esa inmensidad. En esta colecci\u00f3n os muestro las monta\u00f1as que me rodean.<\/p>\n<div id=\"attachment_2281\" style=\"width: 778px\" class=\"wp-caption alignnone\"><a href=\"https:\/\/static-blogs.hoy.es\/wp-content\/uploads\/sites\/119\/2020\/03\/DSC03615aa.jpg\"><img aria-describedby=\"caption-attachment-2281\" loading=\"lazy\" class=\"size-full wp-image-2281\" src=\"https:\/\/static-blogs.hoy.es\/wp-content\/uploads\/sites\/119\/2020\/03\/DSC03615aa.jpg\" alt=\"\" width=\"768\" height=\"512\" srcset=\"https:\/\/static-blogs.hoy.es\/wp-content\/uploads\/sites\/119\/2020\/03\/DSC03615aa.jpg 768w, https:\/\/static-blogs.hoy.es\/wp-content\/uploads\/sites\/119\/2020\/03\/DSC03615aa-300x200.jpg 300w\" sizes=\"(max-width: 768px) 100vw, 768px\" \/><\/a><p id=\"caption-attachment-2281\" class=\"wp-caption-text\">El pa\u00eds de las sombras largas, definido as\u00ed por su latitud con respecto al Sol. bah\u00eda de los icebergs, cerca de la poblaci\u00f3n de Narsaq.<\/p><\/div>\n<div id=\"attachment_2282\" style=\"width: 778px\" class=\"wp-caption alignnone\"><a href=\"https:\/\/static-blogs.hoy.es\/wp-content\/uploads\/sites\/119\/2020\/03\/DSC04207aa.jpg\"><img aria-describedby=\"caption-attachment-2282\" loading=\"lazy\" class=\"size-full wp-image-2282\" src=\"https:\/\/static-blogs.hoy.es\/wp-content\/uploads\/sites\/119\/2020\/03\/DSC04207aa.jpg\" alt=\"\" width=\"768\" height=\"477\" srcset=\"https:\/\/static-blogs.hoy.es\/wp-content\/uploads\/sites\/119\/2020\/03\/DSC04207aa.jpg 768w, https:\/\/static-blogs.hoy.es\/wp-content\/uploads\/sites\/119\/2020\/03\/DSC04207aa-300x186.jpg 300w\" sizes=\"(max-width: 768px) 100vw, 768px\" \/><\/a><p id=\"caption-attachment-2282\" class=\"wp-caption-text\">Inh\u00f3spito. El paisaje nos causa un verdadero conflicto al tratar de cuantificar extensi\u00f3n, altitud o distancia, se debe a que no existen ninguna referencia humana como: carreteras, postes telegr\u00e1ficos, antenas, incluso \u00e1rboles. Lago Tasersuaq fiordo de Tasermiut.<\/p><\/div>\n<p>&nbsp;<\/p>\n<div id=\"attachment_2283\" style=\"width: 778px\" class=\"wp-caption alignnone\"><a href=\"https:\/\/static-blogs.hoy.es\/wp-content\/uploads\/sites\/119\/2020\/03\/DSC04427aa.jpg\"><img aria-describedby=\"caption-attachment-2283\" loading=\"lazy\" class=\"size-full wp-image-2283\" src=\"https:\/\/static-blogs.hoy.es\/wp-content\/uploads\/sites\/119\/2020\/03\/DSC04427aa.jpg\" alt=\"\" width=\"768\" height=\"501\" srcset=\"https:\/\/static-blogs.hoy.es\/wp-content\/uploads\/sites\/119\/2020\/03\/DSC04427aa.jpg 768w, https:\/\/static-blogs.hoy.es\/wp-content\/uploads\/sites\/119\/2020\/03\/DSC04427aa-300x196.jpg 300w\" sizes=\"(max-width: 768px) 100vw, 768px\" \/><\/a><p id=\"caption-attachment-2283\" class=\"wp-caption-text\">Desde mi ventana. Tengo la enorme suerte de vivir a escasos metros de la costa. La comparaci\u00f3n con este peque\u00f1o taxi de agua es la misma que la monta\u00f1a que hay detr\u00e1s de la niebla con el crucero. Bah\u00eda de la isla de Nanortalik.<\/p><\/div>\n<p>&nbsp;<\/p>\n<div id=\"attachment_2284\" style=\"width: 778px\" class=\"wp-caption alignnone\"><a href=\"https:\/\/static-blogs.hoy.es\/wp-content\/uploads\/sites\/119\/2020\/03\/DSC04561aa.jpg\"><img aria-describedby=\"caption-attachment-2284\" loading=\"lazy\" class=\"size-full wp-image-2284\" src=\"https:\/\/static-blogs.hoy.es\/wp-content\/uploads\/sites\/119\/2020\/03\/DSC04561aa.jpg\" alt=\"\" width=\"768\" height=\"524\" srcset=\"https:\/\/static-blogs.hoy.es\/wp-content\/uploads\/sites\/119\/2020\/03\/DSC04561aa.jpg 768w, https:\/\/static-blogs.hoy.es\/wp-content\/uploads\/sites\/119\/2020\/03\/DSC04561aa-300x205.jpg 300w\" sizes=\"(max-width: 768px) 100vw, 768px\" \/><\/a><p id=\"caption-attachment-2284\" class=\"wp-caption-text\">Aguja de Napasorsuaq. Tambi\u00e9n llamada Kikerspiret, significa catedral. Desde la isla de Amitsoq.<\/p><\/div>\n<p>&nbsp;<\/p>\n<div id=\"attachment_2286\" style=\"width: 778px\" class=\"wp-caption alignnone\"><a href=\"https:\/\/static-blogs.hoy.es\/wp-content\/uploads\/sites\/119\/2020\/03\/DSC05652aa.jpg\"><img aria-describedby=\"caption-attachment-2286\" loading=\"lazy\" class=\"size-full wp-image-2286\" src=\"https:\/\/static-blogs.hoy.es\/wp-content\/uploads\/sites\/119\/2020\/03\/DSC05652aa.jpg\" alt=\"\" width=\"768\" height=\"512\" srcset=\"https:\/\/static-blogs.hoy.es\/wp-content\/uploads\/sites\/119\/2020\/03\/DSC05652aa.jpg 768w, https:\/\/static-blogs.hoy.es\/wp-content\/uploads\/sites\/119\/2020\/03\/DSC05652aa-300x200.jpg 300w\" sizes=\"(max-width: 768px) 100vw, 768px\" \/><\/a><p id=\"caption-attachment-2286\" class=\"wp-caption-text\">Yendo a mi oficina. Al fondo la gran cascada de hielo de 1800 metros de altura llamada &#8220;The Walrus Teeth&#8221;, visible a 40 kil\u00f3metros de distancia. Fiordo de Tasermiut.<\/p><\/div>\n<p>&nbsp;<\/p>\n<div id=\"attachment_2287\" style=\"width: 778px\" class=\"wp-caption alignnone\"><a href=\"https:\/\/static-blogs.hoy.es\/wp-content\/uploads\/sites\/119\/2020\/03\/DSC_0373aa.jpg\"><img aria-describedby=\"caption-attachment-2287\" loading=\"lazy\" class=\"size-full wp-image-2287\" src=\"https:\/\/static-blogs.hoy.es\/wp-content\/uploads\/sites\/119\/2020\/03\/DSC_0373aa.jpg\" alt=\"\" width=\"768\" height=\"432\" srcset=\"https:\/\/static-blogs.hoy.es\/wp-content\/uploads\/sites\/119\/2020\/03\/DSC_0373aa.jpg 768w, https:\/\/static-blogs.hoy.es\/wp-content\/uploads\/sites\/119\/2020\/03\/DSC_0373aa-300x169.jpg 300w\" sizes=\"(max-width: 768px) 100vw, 768px\" \/><\/a><p id=\"caption-attachment-2287\" class=\"wp-caption-text\">Suikkassuaq, el gran cilindro. Quiz\u00e1s la pared m\u00e1s conocida mundialmente de Groenlandia por la comunidad de escaladores de Big Wall, saltadores B A S E y Windsuit. Fiordo de Tasermiut.<\/p><\/div>\n<p>&nbsp;<\/p>\n<div id=\"attachment_2288\" style=\"width: 778px\" class=\"wp-caption alignnone\"><a href=\"https:\/\/static-blogs.hoy.es\/wp-content\/uploads\/sites\/119\/2020\/03\/DSC04724aa.jpg\"><img aria-describedby=\"caption-attachment-2288\" loading=\"lazy\" class=\"size-full wp-image-2288\" src=\"https:\/\/static-blogs.hoy.es\/wp-content\/uploads\/sites\/119\/2020\/03\/DSC04724aa.jpg\" alt=\"\" width=\"768\" height=\"512\" srcset=\"https:\/\/static-blogs.hoy.es\/wp-content\/uploads\/sites\/119\/2020\/03\/DSC04724aa.jpg 768w, https:\/\/static-blogs.hoy.es\/wp-content\/uploads\/sites\/119\/2020\/03\/DSC04724aa-300x200.jpg 300w\" sizes=\"(max-width: 768px) 100vw, 768px\" \/><\/a><p id=\"caption-attachment-2288\" class=\"wp-caption-text\">Remoto. Min\u00fasculo poblado si comparamos las monta\u00f1as de roca roja que dominan todo el paisaje. Tambi\u00e9n se puede definir de estremecedor, por lo expuesto a la potencia de las galernas que lo azotan constantemente. Poblado de Narsamijit, cabo de Farewell.<\/p><\/div>\n<p>&nbsp;<\/p>\n<div id=\"attachment_2289\" style=\"width: 778px\" class=\"wp-caption alignnone\"><a href=\"https:\/\/static-blogs.hoy.es\/wp-content\/uploads\/sites\/119\/2020\/03\/DSC04953aa.jpg\"><img aria-describedby=\"caption-attachment-2289\" loading=\"lazy\" class=\"size-full wp-image-2289\" src=\"https:\/\/static-blogs.hoy.es\/wp-content\/uploads\/sites\/119\/2020\/03\/DSC04953aa.jpg\" alt=\"\" width=\"768\" height=\"488\" srcset=\"https:\/\/static-blogs.hoy.es\/wp-content\/uploads\/sites\/119\/2020\/03\/DSC04953aa.jpg 768w, https:\/\/static-blogs.hoy.es\/wp-content\/uploads\/sites\/119\/2020\/03\/DSC04953aa-300x191.jpg 300w\" sizes=\"(max-width: 768px) 100vw, 768px\" \/><\/a><p id=\"caption-attachment-2289\" class=\"wp-caption-text\">Crucero o icebergs. Solamente dos meses al a\u00f1o el fiordo de Prins Christan Sund es navegable debido a las kilom\u00e9tricas extensiones de hielo que lo taponan.<\/p><\/div>\n<p>&nbsp;<\/p>\n<div id=\"attachment_2290\" style=\"width: 778px\" class=\"wp-caption alignnone\"><a href=\"https:\/\/static-blogs.hoy.es\/wp-content\/uploads\/sites\/119\/2020\/03\/DSC04499aa.jpg\"><img aria-describedby=\"caption-attachment-2290\" loading=\"lazy\" class=\"size-full wp-image-2290\" src=\"https:\/\/static-blogs.hoy.es\/wp-content\/uploads\/sites\/119\/2020\/03\/DSC04499aa.jpg\" alt=\"\" width=\"768\" height=\"512\" srcset=\"https:\/\/static-blogs.hoy.es\/wp-content\/uploads\/sites\/119\/2020\/03\/DSC04499aa.jpg 768w, https:\/\/static-blogs.hoy.es\/wp-content\/uploads\/sites\/119\/2020\/03\/DSC04499aa-300x200.jpg 300w\" sizes=\"(max-width: 768px) 100vw, 768px\" \/><\/a><p id=\"caption-attachment-2290\" class=\"wp-caption-text\">Agujas de Sermersoq. La baja contaminaci\u00f3n del lugar nos da m\u00e1s nitidez haci\u00e9ndonos creer que esas monta\u00f1as est\u00e1n al lado de la ciudad, no es as\u00ed, para acceder a ellas hay que cruzar un profundo fiordo. La cota m\u00e1s alta es de\u00a0 1276 metros sobre el nivel del mar.<\/p><\/div>\n<p>&nbsp;<\/p>\n<div id=\"attachment_2291\" style=\"width: 778px\" class=\"wp-caption alignnone\"><a href=\"https:\/\/static-blogs.hoy.es\/wp-content\/uploads\/sites\/119\/2020\/03\/DSC06120aa.jpg\"><img aria-describedby=\"caption-attachment-2291\" loading=\"lazy\" class=\"size-full wp-image-2291\" src=\"https:\/\/static-blogs.hoy.es\/wp-content\/uploads\/sites\/119\/2020\/03\/DSC06120aa.jpg\" alt=\"\" width=\"768\" height=\"530\" srcset=\"https:\/\/static-blogs.hoy.es\/wp-content\/uploads\/sites\/119\/2020\/03\/DSC06120aa.jpg 768w, https:\/\/static-blogs.hoy.es\/wp-content\/uploads\/sites\/119\/2020\/03\/DSC06120aa-300x207.jpg 300w\" sizes=\"(max-width: 768px) 100vw, 768px\" \/><\/a><p id=\"caption-attachment-2291\" class=\"wp-caption-text\">Napasorsuarq con su traje de oto\u00f1o. Omnipresente desde cualquier lugar del fiordo de Tasermiut. Foto desde el campamento de Tasermiut base camp.<\/p><\/div>\n<p>&nbsp;<\/p>\n<p>Wed<\/p>\n<p><strong><a href=\"https:\/\/tasermiutgreenland.com\/package\/tasermiut-greenland\/\" rel=\"external nofollow\">Tasermiut South Greenland Expeditions<\/a><\/strong><\/p>\n<hr \/>\n<p><strong>PARA VER M\u00c1S DE MIS AVENTURAS HAZ CLIC EN ESTOS ENLACES<\/strong><\/p>\n<p><strong><a href=\"https:\/\/www.facebook.com\/JoseTrejo404\/\" rel=\"external nofollow\">Facebook<\/a><\/strong><\/p>\n<p><em><strong>Para ver m\u00e1s fotos de mis viajes, puedes seguirme en este link<\/strong><\/em><\/p>\n<p><strong><a href=\"https:\/\/www.instagram.com\/josetrejo404\/?hl=es\" rel=\"external nofollow\">Instagram<\/a>\u00a0<\/strong><\/p>\n<p><a href=\"https:\/\/www.google.es\/search?q=%23UnExtreme%C3%B1oEnEl%C3%81rtico&amp;tbm=isch&amp;tbo=u&amp;source=univ&amp;sa=X&amp;ved=0ahUKEwjk4__i8fzYAhUBWxQKHd2fCmUQsAQILQ&amp;biw=1366&amp;bih=637\" rel=\"external nofollow\">#UnExtreme\u00f1oEnEl\u00c1rtico<\/a>\u00a0<a href=\"https:\/\/www.instagram.com\/explore\/tags\/proyectobaikal2019\/?hl=es\" rel=\"external nofollow\">#ProyectoBaikal2019<\/a>\u00a0<a href=\"https:\/\/www.instagram.com\/explore\/tags\/aventurascentrowagen\/?hl=es\" rel=\"external nofollow\">#aventurascentrowagen<\/a><\/p>\n<p><strong><a href=\"https:\/\/www.youtube.com\/channel\/UCkc4QXSFBOd_zSPTrQ2RdXQ\" rel=\"external nofollow\">YouTube<\/a><\/strong><\/p>\n<p><strong>Contacto:<\/strong>\u00a0mad4041@gmail.com<\/p>\n","protected":false},"excerpt":{"rendered":"<p>La inmensidad es la una extensi\u00f3n ilimitada, tambi\u00e9n puede ser, cantidad de extensi\u00f3n muy grande, seg\u00fan el diccionario WordReferece. Es mismo pens\u00e9 la primera vez que pis\u00e9 la isla de Groenlandia. Es la isla m\u00e1s grande y extensa del Planeta. El sur de esta gran isla aglutina una representaci\u00f3n de los paisajes m\u00e1s impresionantes en [&hellip;]<\/p>\n","protected":false},"author":142,"featured_media":2291,"comment_status":"open","ping_status":"closed","sticky":false,"template":"","format":"standard","meta":[],"categories":[1],"tags":[23,874,101,879,160,878,881,161,876,770,880,213,877,427,875],"_links":{"self":[{"href":"https:\/\/blogs.hoy.es\/un-extremeno-en-el-artico\/wp-json\/wp\/v2\/posts\/2278"}],"collection":[{"href":"https:\/\/blogs.hoy.es\/un-extremeno-en-el-artico\/wp-json\/wp\/v2\/posts"}],"about":[{"href":"https:\/\/blogs.hoy.es\/un-extremeno-en-el-artico\/wp-json\/wp\/v2\/types\/post"}],"author":[{"embeddable":true,"href":"https:\/\/blogs.hoy.es\/un-extremeno-en-el-artico\/wp-json\/wp\/v2\/users\/142"}],"replies":[{"embeddable":true,"href":"https:\/\/blogs.hoy.es\/un-extremeno-en-el-artico\/wp-json\/wp\/v2\/comments?post=2278"}],"version-history":[{"count":3,"href":"https:\/\/blogs.hoy.es\/un-extremeno-en-el-artico\/wp-json\/wp\/v2\/posts\/2278\/revisions"}],"predecessor-version":[{"id":2292,"href":"https:\/\/blogs.hoy.es\/un-extremeno-en-el-artico\/wp-json\/wp\/v2\/posts\/2278\/revisions\/2292"}],"wp:featuredmedia":[{"embeddable":true,"href":"https:\/\/blogs.hoy.es\/un-extremeno-en-el-artico\/wp-json\/wp\/v2\/media\/2291"}],"wp:attachment":[{"href":"https:\/\/blogs.hoy.es\/un-extremeno-en-el-artico\/wp-json\/wp\/v2\/media?parent=2278"}],"wp:term":[{"taxonomy":"category","embeddable":true,"href":"https:\/\/blogs.hoy.es\/un-extremeno-en-el-artico\/wp-json\/wp\/v2\/categories?post=2278"},{"taxonomy":"post_tag","embeddable":true,"href":"https:\/\/blogs.hoy.es\/un-extremeno-en-el-artico\/wp-json\/wp\/v2\/tags?post=2278"}],"curies":[{"name":"wp","href":"https:\/\/api.w.org\/{rel}","templated":true}]}}