{"id":2294,"date":"2020-03-20T12:30:33","date_gmt":"2020-03-20T11:30:33","guid":{"rendered":"http:\/\/blogs.hoy.es\/un-extremeno-en-el-artico\/?p=2294"},"modified":"2020-04-10T17:26:37","modified_gmt":"2020-04-10T15:26:37","slug":"esculturas-de-hielo-flotante","status":"publish","type":"post","link":"https:\/\/blogs.hoy.es\/un-extremeno-en-el-artico\/2020\/03\/20\/esculturas-de-hielo-flotante\/","title":{"rendered":"Esculturas de hielo flotante"},"content":{"rendered":"<div id=\"attachment_2296\" style=\"width: 778px\" class=\"wp-caption alignnone\"><a href=\"https:\/\/static-blogs.hoy.es\/wp-content\/uploads\/sites\/119\/2020\/03\/DSC04677.jpg\"><img aria-describedby=\"caption-attachment-2296\" loading=\"lazy\" class=\"size-full wp-image-2296\" src=\"https:\/\/static-blogs.hoy.es\/wp-content\/uploads\/sites\/119\/2020\/03\/DSC04677.jpg\" alt=\"\" width=\"768\" height=\"473\" srcset=\"https:\/\/static-blogs.hoy.es\/wp-content\/uploads\/sites\/119\/2020\/03\/DSC04677.jpg 768w, https:\/\/static-blogs.hoy.es\/wp-content\/uploads\/sites\/119\/2020\/03\/DSC04677-300x185.jpg 300w\" sizes=\"(max-width: 768px) 100vw, 768px\" \/><\/a><p id=\"caption-attachment-2296\" class=\"wp-caption-text\"><strong><span style=\"font-size: 10pt; color: #993300;\"><span style=\"color: #000080;\">Enorme t\u00e9mpano de hielo a la deriva en una fr\u00eda ma\u00f1ana de primeros de septiembre.<\/span>\u00a0<\/span><\/strong><\/p><\/div>\n<p><span style=\"font-size: 12pt; color: #000000;\">Las aguas de los mares fr\u00edos cercanos a los Polos, son m\u00e1s densas dando una sensaci\u00f3n gelatinosa e inm\u00f3vil, como si fuera aceite.<\/span><\/p>\n<hr \/>\n<p>Los antiguos esquimales cuando descubrieron el arte que importaban los europeos lo denominaron un esta palabra, <strong>eqqumiitsuliaq<\/strong> y significa cosas extra\u00f1as que hacen &#8220;otros&#8221;.<\/p>\n<p>En cierto modo coincido con esa palabra ya que amo como se empresa la naturaleza. Sus herramientas son quiz\u00e1s menos sofisticadas que las que utilizamos los humanos, con tan solo agua, viento, fr\u00edo o calor, la naturaleza es capaz de esculpir figuras, texturas o estructuras sobre la dura roca o el hielo creando figuras de extremada belleza.<\/p>\n<hr \/>\n<p>Mirando mis archivos estos d\u00edas de &#8220;retiro&#8221;, he recuperando unas cuantas fotos de icebergs en mis andaduras en Groenlandia. He hecho una peque\u00f1a selecci\u00f3n en aquellas que me han tra\u00eddo recuerdos, de esta forma, puedo evadirme un poquito de la realidad y haceros participes.<\/p>\n<p>Mirando una a una, os contar\u00e9 alg\u00fan detalle o una peque\u00f1a historia de lo que sucedi\u00f3 al encontrarme con esas impresionantes esculturas naturales.<\/p>\n<div id=\"attachment_2298\" style=\"width: 778px\" class=\"wp-caption alignnone\"><a href=\"https:\/\/static-blogs.hoy.es\/wp-content\/uploads\/sites\/119\/2020\/03\/IMG_6119.jpg\"><img aria-describedby=\"caption-attachment-2298\" loading=\"lazy\" class=\"size-full wp-image-2298\" src=\"https:\/\/static-blogs.hoy.es\/wp-content\/uploads\/sites\/119\/2020\/03\/IMG_6119.jpg\" alt=\"\" width=\"768\" height=\"576\" srcset=\"https:\/\/static-blogs.hoy.es\/wp-content\/uploads\/sites\/119\/2020\/03\/IMG_6119.jpg 768w, https:\/\/static-blogs.hoy.es\/wp-content\/uploads\/sites\/119\/2020\/03\/IMG_6119-300x225.jpg 300w\" sizes=\"(max-width: 768px) 100vw, 768px\" \/><\/a><p id=\"caption-attachment-2298\" class=\"wp-caption-text\"><span style=\"color: #000080;\"><strong><span style=\"font-size: 10pt;\">David y un servidor testando un peque\u00f1o t\u00e9mpano de hielo. A nuestra espalda est\u00e1 el frente glaciar m\u00e1s activo del sur, puede lanzar al d\u00eda 200.000 toneladas de hielo.\u00a0<\/span><\/strong><\/span><\/p><\/div>\n<p><span style=\"font-size: 12pt; color: #000080;\"><span style=\"color: #000000;\">Este glaciar se encuentra en el\u00a0 fiordo de <strong>Qooqqut<\/strong>, apenas 15 kil\u00f3metros del<\/span> <a style=\"color: #000080;\" href=\"https:\/\/es.wikipedia.org\/wiki\/Aeropuerto_de_Narsarsuaq\" rel=\"external nofollow\">aeropuerto internacional de Narsarsuaq<\/a>. <span style=\"color: #000000;\">La temperatura del agua cerca de los frentes glaciares suele rondar los 0\u00baC.<\/span><\/span><\/p>\n<hr \/>\n<div id=\"attachment_2300\" style=\"width: 1034px\" class=\"wp-caption alignnone\"><a href=\"https:\/\/static-blogs.hoy.es\/wp-content\/uploads\/sites\/119\/2020\/03\/DSC_0347.jpg\"><img aria-describedby=\"caption-attachment-2300\" loading=\"lazy\" class=\"size-large wp-image-2300\" src=\"https:\/\/static-blogs.hoy.es\/wp-content\/uploads\/sites\/119\/2020\/03\/DSC_0347-1024x576.jpg\" alt=\"\" width=\"1024\" height=\"576\" srcset=\"https:\/\/static-blogs.hoy.es\/wp-content\/uploads\/sites\/119\/2020\/03\/DSC_0347-1024x576.jpg 1024w, https:\/\/static-blogs.hoy.es\/wp-content\/uploads\/sites\/119\/2020\/03\/DSC_0347-300x169.jpg 300w, https:\/\/static-blogs.hoy.es\/wp-content\/uploads\/sites\/119\/2020\/03\/DSC_0347-768x432.jpg 768w\" sizes=\"(max-width: 1024px) 100vw, 1024px\" \/><\/a><p id=\"caption-attachment-2300\" class=\"wp-caption-text\"><strong><span style=\"font-size: 10pt; color: #993300;\"><span style=\"color: #000080;\">Fiordo de Tunulluarfik. Este enorme iceberg se encontraba encallado en la salida del mencionado fiordo de Qooqqut<\/span>.\u00a0<\/span><\/strong><\/p><\/div>\n<p><span style=\"font-size: 12pt; color: #993300;\"><span style=\"color: #000000;\">Nos encontramos en el famoso cintur\u00f3n del fiordo, donde es est\u00e1 sumergida a unos 30 metros una gran<\/span> <a href=\"https:\/\/es.wikipedia.org\/wiki\/Morrena\" rel=\"external nofollow\">morrena<\/a> <span style=\"color: #000000;\">de roca de forma semicircular que une las orillas del fiordo.\u00a0 Debido a la acci\u00f3n del viento constante de la zona, es capaz de horadar e ir agrandando los peque\u00f1os orificios que se han ido haciendo sobre el bloque de hielo llegando a crear estos gigantes agujeros.<\/span><\/span><\/p>\n<hr \/>\n<div id=\"attachment_2302\" style=\"width: 778px\" class=\"wp-caption alignnone\"><a href=\"https:\/\/static-blogs.hoy.es\/wp-content\/uploads\/sites\/119\/2020\/03\/DSC03745a.jpg\"><img aria-describedby=\"caption-attachment-2302\" loading=\"lazy\" class=\"size-full wp-image-2302\" src=\"https:\/\/static-blogs.hoy.es\/wp-content\/uploads\/sites\/119\/2020\/03\/DSC03745a.jpg\" alt=\"\" width=\"768\" height=\"512\" srcset=\"https:\/\/static-blogs.hoy.es\/wp-content\/uploads\/sites\/119\/2020\/03\/DSC03745a.jpg 768w, https:\/\/static-blogs.hoy.es\/wp-content\/uploads\/sites\/119\/2020\/03\/DSC03745a-300x200.jpg 300w\" sizes=\"(max-width: 768px) 100vw, 768px\" \/><\/a><p id=\"caption-attachment-2302\" class=\"wp-caption-text\"><span style=\"color: #000080;\"><strong><span style=\"font-size: 10pt;\">Mar abierto cerca de la aldea de Alluitsup Paa. Gran mole de hielo a la deriva en el extremo sur.\u00a0<\/span><\/strong><\/span><\/p><\/div>\n<p><span style=\"color: #000000; font-size: 12pt;\">Estos enormes &#8220;castillos de hielo&#8221; vagan por el mar a la deriva procedentes de glaciares de la costa este. Son empujados por los vientos catab\u00e1ticos del casquete polar, pero sobre todo, por una potente corriente marina procedente de las cercan\u00edas del Polo Norte. En este lugar es f\u00e1cil ver gigantes de hielo de m\u00e1s de 30 metros de altura sobre la superficie marina.<\/span><\/p>\n<hr \/>\n<div id=\"attachment_2303\" style=\"width: 778px\" class=\"wp-caption alignnone\"><a href=\"https:\/\/static-blogs.hoy.es\/wp-content\/uploads\/sites\/119\/2020\/03\/DSC03555a.jpg\"><img aria-describedby=\"caption-attachment-2303\" loading=\"lazy\" class=\"size-full wp-image-2303\" src=\"https:\/\/static-blogs.hoy.es\/wp-content\/uploads\/sites\/119\/2020\/03\/DSC03555a.jpg\" alt=\"\" width=\"768\" height=\"512\" srcset=\"https:\/\/static-blogs.hoy.es\/wp-content\/uploads\/sites\/119\/2020\/03\/DSC03555a.jpg 768w, https:\/\/static-blogs.hoy.es\/wp-content\/uploads\/sites\/119\/2020\/03\/DSC03555a-300x200.jpg 300w\" sizes=\"(max-width: 768px) 100vw, 768px\" \/><\/a><p id=\"caption-attachment-2303\" class=\"wp-caption-text\"><span style=\"font-size: 10pt; color: #000080;\"><strong>Fiordo de Narsap Saava. El hielo y sus formas caprichosas, esto se debe a las diferentes temperaturas que tiene el agua. Nos topamos con un t\u00e9mpano de hielo negro o <em>nilak<\/em> para los groenlandeses.\u00a0<\/strong><\/span><\/p><\/div>\n<p><span style=\"font-size: 12pt; color: #000000;\">El temido hielo negro, ya que como se puede apreciar, no es de color blanco, sino transparente, por ello, es capaz de adquirir el mismo tono que tiene el agua circundante, es tan denso que suele permanecer semisumergido a pocos cent\u00edmetros de la superficie. Las embarcaciones de todo tipo tratan de extremar las precauciones, ya que no son f\u00e1ciles detectarlos.<\/span><\/p>\n<hr \/>\n<div id=\"attachment_2304\" style=\"width: 778px\" class=\"wp-caption alignnone\"><a href=\"https:\/\/static-blogs.hoy.es\/wp-content\/uploads\/sites\/119\/2020\/03\/IMG_7771.jpg\"><img aria-describedby=\"caption-attachment-2304\" loading=\"lazy\" class=\"size-full wp-image-2304\" src=\"https:\/\/static-blogs.hoy.es\/wp-content\/uploads\/sites\/119\/2020\/03\/IMG_7771.jpg\" alt=\"\" width=\"768\" height=\"556\" srcset=\"https:\/\/static-blogs.hoy.es\/wp-content\/uploads\/sites\/119\/2020\/03\/IMG_7771.jpg 768w, https:\/\/static-blogs.hoy.es\/wp-content\/uploads\/sites\/119\/2020\/03\/IMG_7771-300x217.jpg 300w\" sizes=\"(max-width: 768px) 100vw, 768px\" \/><\/a><p id=\"caption-attachment-2304\" class=\"wp-caption-text\"><span style=\"color: #000080;\"><strong>Fiordo de Kitsigsut Tunuat. Qu\u00e9 podr\u00eda contar de este majestuoso iceberg muy cerca del cabo de Farewell.\u00a0<\/strong><\/span><\/p><\/div>\n<p><span style=\"color: #000000;\">En la traves\u00eda al terrible cabo de Farewell, nos topamos con este viejo conocido. Sab\u00edamos que \u00edbamos a pasar cerca de \u00e9l, era inconfundible debido a su gran torre piramidal. Mi plan era con permiso de Ram\u00f3n, escalar un <span style=\"color: #993300;\">t\u00e9mpano<\/span>\u00a0as\u00ed. Al aproximarnos a \u00e9l, vimos que estaba varado sobre el fondo marino. Esa era una buena se\u00f1al, as\u00ed no podr\u00eda de ninguna manera tratar de rotar como hacen muchos cuando van perdiendo hielo en\u00a0 la base debido al derretimiento. Me prepar\u00e9 para subirme \u00e9l desde la embarcaci\u00f3n, pero antes una \u00faltima comprobaci\u00f3n&#8230;le d\u00ed un golpe con uno de mis piolet para testar la dureza del hielo. En ese instante, uno de los compa\u00f1eros de la embarcaci\u00f3n se percata de un sonido grave, apreciando tambi\u00e9n peque\u00f1as ca\u00eddas de hielo en la parte m\u00e1s lejana. Justo en este momento el coloso de 12 metros de altura comenz\u00f3 a moverse muy lentamente, en ese instante JJ, el patr\u00f3n, sinti\u00f3 el peligro y dio atr\u00e1s a los potentes motores de la zodiac, haci\u00e9ndonos rodar por la cubierta y a m\u00ed casi lanzarme por la borda. El iceberg se acababa de soltar del lecho marino por la potente marea, que poco a poco lo hab\u00eda levantado sin avisar. Fue como si un edificio se girara y pusiera los cimientos boca arriba. En segundos se fue desintegrando emergiendo grandes bloques de las profundidades.<\/span><\/p>\n<hr \/>\n<div id=\"attachment_2306\" style=\"width: 778px\" class=\"wp-caption alignnone\"><a href=\"https:\/\/static-blogs.hoy.es\/wp-content\/uploads\/sites\/119\/2020\/03\/DSC04014a.jpg\"><img aria-describedby=\"caption-attachment-2306\" loading=\"lazy\" class=\"size-full wp-image-2306\" src=\"https:\/\/static-blogs.hoy.es\/wp-content\/uploads\/sites\/119\/2020\/03\/DSC04014a.jpg\" alt=\"\" width=\"768\" height=\"458\" srcset=\"https:\/\/static-blogs.hoy.es\/wp-content\/uploads\/sites\/119\/2020\/03\/DSC04014a.jpg 768w, https:\/\/static-blogs.hoy.es\/wp-content\/uploads\/sites\/119\/2020\/03\/DSC04014a-300x179.jpg 300w\" sizes=\"(max-width: 768px) 100vw, 768px\" \/><\/a><p id=\"caption-attachment-2306\" class=\"wp-caption-text\"><span style=\"color: #000080;\"><strong>Flat ice o hielo plano. A primeros de la temporada siempre nos topamos con bloques de hielo como el de la foto.\u00a0<\/strong><\/span><\/p><\/div>\n<p><span style=\"color: #000000;\">En este caso este gigantesco iceberg llamado &#8220;flat ice&#8221; por tener una superficie plana, ten\u00eda una longitud de 150 metros y por la parte m\u00e1s elevada unos 10 metros de altura sobre la superficie y una anchura de otros 50 metros. Debido al estar en las inmediaciones de la entrada del fiordo de Tasermiut, fue arrastrado hacia en interior del fiordo por las corrientes y los temporales de julio, quedando atrapado dentro.\u00a0<\/span><\/p>\n<hr \/>\n<div id=\"attachment_2310\" style=\"width: 778px\" class=\"wp-caption alignnone\"><a href=\"https:\/\/static-blogs.hoy.es\/wp-content\/uploads\/sites\/119\/2020\/03\/DSC04030a.jpg\"><img aria-describedby=\"caption-attachment-2310\" loading=\"lazy\" class=\"size-full wp-image-2310\" src=\"https:\/\/static-blogs.hoy.es\/wp-content\/uploads\/sites\/119\/2020\/03\/DSC04030a.jpg\" alt=\"\" width=\"768\" height=\"512\" srcset=\"https:\/\/static-blogs.hoy.es\/wp-content\/uploads\/sites\/119\/2020\/03\/DSC04030a.jpg 768w, https:\/\/static-blogs.hoy.es\/wp-content\/uploads\/sites\/119\/2020\/03\/DSC04030a-300x200.jpg 300w\" sizes=\"(max-width: 768px) 100vw, 768px\" \/><\/a><p id=\"caption-attachment-2310\" class=\"wp-caption-text\"><span style=\"font-size: 10pt; color: #000080;\"><strong>Lateral del mismo iceberg plano. Cada d\u00eda que pasaba cerca, me paraba a observarlo y le dedicaba unas cuantas fotograf\u00edas.<\/strong><\/span><\/p><\/div>\n<p><span style=\"font-size: 12pt; color: #000000;\"> As\u00ed pod\u00eda ver al detalle sus formas rectangulares, el brillo que produc\u00eda el derretimiento sobre su superficie. Parec\u00eda\u00a0inm\u00f3vil, al acercarme con bastante prudencia, se pod\u00eda ver a trav\u00e9s\u00a0del agua su verdadera magnitud, tres veces m\u00e1s profundo de lo que se ve\u00eda. Era amenazador estar\u00a0cerca de \u00e9l, ya que en cualquier momento podr\u00eda emerger un pedazo de t\u00e9mpano y volcar mi embarcaci\u00f3n o lanzarme hielo desde la altura.<\/span><\/p>\n<hr \/>\n<div id=\"attachment_2311\" style=\"width: 778px\" class=\"wp-caption alignnone\"><a href=\"https:\/\/static-blogs.hoy.es\/wp-content\/uploads\/sites\/119\/2020\/03\/DSC04614.jpg\"><img aria-describedby=\"caption-attachment-2311\" loading=\"lazy\" class=\"size-full wp-image-2311\" src=\"https:\/\/static-blogs.hoy.es\/wp-content\/uploads\/sites\/119\/2020\/03\/DSC04614.jpg\" alt=\"\" width=\"768\" height=\"512\" srcset=\"https:\/\/static-blogs.hoy.es\/wp-content\/uploads\/sites\/119\/2020\/03\/DSC04614.jpg 768w, https:\/\/static-blogs.hoy.es\/wp-content\/uploads\/sites\/119\/2020\/03\/DSC04614-300x200.jpg 300w\" sizes=\"(max-width: 768px) 100vw, 768px\" \/><\/a><p id=\"caption-attachment-2311\" class=\"wp-caption-text\"><span style=\"font-size: 10pt; color: #000080;\"><span style=\"font-size: 10pt;\"><b>Los grades temporales de viento que azotaron la zona, empujaron a\u00fan m\u00e1s el mismo iceberg plano al interior del fiordo. Cada d\u00eda que pasaba su aspecto iba cambiando al perder m\u00e1s pedazos.<\/b><\/span><\/span><\/p><\/div>\n<p><span style=\"font-size: 12pt; color: #000000;\"> Hab\u00eda que estar muy pendientes durante la navegaci\u00f3n porque esos pedazos que soltaba eran tambi\u00e9n de unas magnitudes importantes. Se pod\u00eda apreciar la l\u00ednea de derretimiento cuando estaba\u00a0apoyado en el fondo marino con marea baja. Este d\u00eda me amenaz\u00f3 por acercarme tanto. Sin previo aviso, explosion\u00f3 una de sus esquinas, lanzando desde lo alto unas cuantas toneladas de dur\u00edsimo hielo provocando un oleaje que me zarande\u00f3 y casi me hace saltar por la borda&#8230;gracias que siempre que navego solo, voy asegurado con la l\u00ednea de vida a mi chaleco salvavidas.<\/span><\/p>\n<hr \/>\n<div id=\"attachment_2312\" style=\"width: 778px\" class=\"wp-caption alignnone\"><a href=\"https:\/\/static-blogs.hoy.es\/wp-content\/uploads\/sites\/119\/2020\/03\/DSC05667a.jpg\"><img aria-describedby=\"caption-attachment-2312\" loading=\"lazy\" class=\"size-full wp-image-2312\" src=\"https:\/\/static-blogs.hoy.es\/wp-content\/uploads\/sites\/119\/2020\/03\/DSC05667a.jpg\" alt=\"\" width=\"768\" height=\"512\" srcset=\"https:\/\/static-blogs.hoy.es\/wp-content\/uploads\/sites\/119\/2020\/03\/DSC05667a.jpg 768w, https:\/\/static-blogs.hoy.es\/wp-content\/uploads\/sites\/119\/2020\/03\/DSC05667a-300x200.jpg 300w\" sizes=\"(max-width: 768px) 100vw, 768px\" \/><\/a><p id=\"caption-attachment-2312\" class=\"wp-caption-text\"><span style=\"color: #000080; font-size: 10pt;\"><strong>Ha pasado todo un verano y nuestro ya amigo, el gran iceberg, ha cambiado nuevamente de forma, incluso ya est\u00e1 tratando de equilibrarse tratando de girar.\u00a0<\/strong><\/span><\/p><\/div>\n<hr \/>\n<p><span style=\"color: #000000; font-size: 12pt;\">Ya no tiene formas rectangulares y es la sombra de lo que era. Pero se aprecia un detalle, el color claro del agua es la gran superficie sumergida que se refleja por un at\u00edpico d\u00eda soleado y sin apenas nubes, cosa excepcional en esta latitud.<\/span><\/p>\n<hr \/>\n<p>Wed<\/p>\n<p><strong><a href=\"https:\/\/tasermiutgreenland.com\/package\/tasermiut-greenland\/\" rel=\"external nofollow\">Tasermiut South Greenland Expeditions<\/a><\/strong><\/p>\n<hr \/>\n<p><strong>PARA VER M\u00c1S DE MIS AVENTURAS HAZ CLIC EN ESTOS ENLACES<\/strong><\/p>\n<p><strong><a href=\"https:\/\/www.facebook.com\/JoseTrejo404\/\" rel=\"external nofollow\">Facebook<\/a><\/strong><\/p>\n<p><em><strong>Para ver m\u00e1s fotos de mis viajes, puedes seguirme en este link<\/strong><\/em><\/p>\n<p><strong><a href=\"https:\/\/www.instagram.com\/josetrejo404\/?hl=es\" rel=\"external nofollow\">Instagram<\/a>\u00a0<\/strong><\/p>\n<p><a href=\"https:\/\/www.google.es\/search?q=%23UnExtreme%C3%B1oEnEl%C3%81rtico&amp;tbm=isch&amp;tbo=u&amp;source=univ&amp;sa=X&amp;ved=0ahUKEwjk4__i8fzYAhUBWxQKHd2fCmUQsAQILQ&amp;biw=1366&amp;bih=637\" rel=\"external nofollow\">#UnExtreme\u00f1oEnEl\u00c1rtico<\/a>\u00a0<a href=\"https:\/\/www.instagram.com\/explore\/tags\/proyectobaikal2019\/?hl=es\" rel=\"external nofollow\">#ProyectoBaikal2019<\/a>\u00a0<a href=\"https:\/\/www.instagram.com\/explore\/tags\/aventurascentrowagen\/?hl=es\" rel=\"external nofollow\">#aventurascentrowagen<\/a><\/p>\n<p><strong><a href=\"https:\/\/www.youtube.com\/channel\/UCkc4QXSFBOd_zSPTrQ2RdXQ\" rel=\"external nofollow\">YouTube<\/a><\/strong><\/p>\n<p><strong>Contacto:<\/strong>\u00a0mad4041@gmail.com<\/p>\n<p>&nbsp;<\/p>\n<p>&nbsp;<\/p>\n<p>&nbsp;<\/p>\n","protected":false},"excerpt":{"rendered":"<p>Las aguas de los mares fr\u00edos cercanos a los Polos, son m\u00e1s densas dando una sensaci\u00f3n gelatinosa e inm\u00f3vil, como si fuera aceite. Los antiguos esquimales cuando descubrieron el arte que importaban los europeos lo denominaron un esta palabra, eqqumiitsuliaq y significa cosas extra\u00f1as que hacen &#8220;otros&#8221;. En cierto modo coincido con esa palabra ya [&hellip;]<\/p>\n","protected":false},"author":142,"featured_media":2296,"comment_status":"open","ping_status":"closed","sticky":false,"template":"","format":"standard","meta":[],"categories":[1],"tags":[564,882,69,885,884,101,110,780,883,584],"_links":{"self":[{"href":"https:\/\/blogs.hoy.es\/un-extremeno-en-el-artico\/wp-json\/wp\/v2\/posts\/2294"}],"collection":[{"href":"https:\/\/blogs.hoy.es\/un-extremeno-en-el-artico\/wp-json\/wp\/v2\/posts"}],"about":[{"href":"https:\/\/blogs.hoy.es\/un-extremeno-en-el-artico\/wp-json\/wp\/v2\/types\/post"}],"author":[{"embeddable":true,"href":"https:\/\/blogs.hoy.es\/un-extremeno-en-el-artico\/wp-json\/wp\/v2\/users\/142"}],"replies":[{"embeddable":true,"href":"https:\/\/blogs.hoy.es\/un-extremeno-en-el-artico\/wp-json\/wp\/v2\/comments?post=2294"}],"version-history":[{"count":11,"href":"https:\/\/blogs.hoy.es\/un-extremeno-en-el-artico\/wp-json\/wp\/v2\/posts\/2294\/revisions"}],"predecessor-version":[{"id":2383,"href":"https:\/\/blogs.hoy.es\/un-extremeno-en-el-artico\/wp-json\/wp\/v2\/posts\/2294\/revisions\/2383"}],"wp:featuredmedia":[{"embeddable":true,"href":"https:\/\/blogs.hoy.es\/un-extremeno-en-el-artico\/wp-json\/wp\/v2\/media\/2296"}],"wp:attachment":[{"href":"https:\/\/blogs.hoy.es\/un-extremeno-en-el-artico\/wp-json\/wp\/v2\/media?parent=2294"}],"wp:term":[{"taxonomy":"category","embeddable":true,"href":"https:\/\/blogs.hoy.es\/un-extremeno-en-el-artico\/wp-json\/wp\/v2\/categories?post=2294"},{"taxonomy":"post_tag","embeddable":true,"href":"https:\/\/blogs.hoy.es\/un-extremeno-en-el-artico\/wp-json\/wp\/v2\/tags?post=2294"}],"curies":[{"name":"wp","href":"https:\/\/api.w.org\/{rel}","templated":true}]}}