{"id":2328,"date":"2020-04-09T14:02:41","date_gmt":"2020-04-09T12:02:41","guid":{"rendered":"http:\/\/blogs.hoy.es\/un-extremeno-en-el-artico\/?p=2328"},"modified":"2020-06-18T20:55:57","modified_gmt":"2020-06-18T18:55:57","slug":"adios-sir-vival-el-aventurero-panadero","status":"publish","type":"post","link":"https:\/\/blogs.hoy.es\/un-extremeno-en-el-artico\/2020\/04\/09\/adios-sir-vival-el-aventurero-panadero\/","title":{"rendered":"Adi\u00f3s Sir Vival, el Aventurero Panadero"},"content":{"rendered":"<p>&nbsp;<\/p>\n<p>Hace una semana me enter\u00e9 de la noticia del fallecimiento de R\u00fcdiger Nehberg, o como muchos le llamaban &#8220;<a href=\"https:\/\/www.ruediger-nehberg.de\/?fbclid=IwAR1nMT8-ostqsSZzQ4k2cr1Jv9UKCw6RPBQ-MxDzTjJfn_2iRZXZwQ_YeEI\" rel=\"external nofollow\">Sir Vival<\/a>&#8220;. Todav\u00eda ando nockeado, piensas que hay personas atemporales que nunca se van morir.\u00a0<a href=\"https:\/\/www.facebook.com\/nehberg\/\" rel=\"external nofollow\"><strong>R\u00fcdiger Nehberg<\/strong><\/a>, es uno, bueno, fue uno de los grandes pioneros en las t\u00e9cnicas de supervivencia aplicadas en sus viajes extremos. Famoso por su vitalidad y cargado de sue\u00f1os por cumplir, nos ha dejado el d\u00eda 1 de abril del 2020, a la edad de 84 a\u00f1os.<\/p>\n<p>En esta nueva entrada os quiero contar c\u00f3mo fueron mis inicios en esto de la aventura, y R\u00fcdiger Nehberg tiene mucho que ver en ello. Fue mi primer y m\u00e1s importante referente en las aventuras, me impregne de su filosof\u00eda tanto que hasta hoy en d\u00eda sigo utilizando muchos de sus m\u00e9todos.<\/p>\n<p><strong>\u00bfPero qui\u00e9n fue este hombre?\u00a0<\/strong><\/p>\n<p>Le conoc\u00ed all\u00e1 a finales de los ochenta, por pura casualidad, cuando buscaba libros en la biblioteca de Badajoz acerca de plantas medicinales y comestibles. Al ver la portada de uno de sus libros, lo oje\u00e9, y me qued\u00e9 r\u00e1pidamente prendado. Tan embriagado por haber encontrado algo realmente interesante que me olvid\u00e9 de los libros sobre plantas y saqu\u00e9 de la biblioteca tres de sus libros.<\/p>\n<div id=\"attachment_2338\" style=\"width: 447px\" class=\"wp-caption aligncenter\"><a href=\"https:\/\/static-blogs.hoy.es\/wp-content\/uploads\/sites\/119\/2020\/04\/manual-del-aventurero.jpg\"><img aria-describedby=\"caption-attachment-2338\" loading=\"lazy\" class=\"size-full wp-image-2338\" src=\"https:\/\/static-blogs.hoy.es\/wp-content\/uploads\/sites\/119\/2020\/04\/manual-del-aventurero.jpg\" alt=\"\" width=\"437\" height=\"570\" srcset=\"https:\/\/static-blogs.hoy.es\/wp-content\/uploads\/sites\/119\/2020\/04\/manual-del-aventurero.jpg 437w, https:\/\/static-blogs.hoy.es\/wp-content\/uploads\/sites\/119\/2020\/04\/manual-del-aventurero-230x300.jpg 230w\" sizes=\"(max-width: 437px) 100vw, 437px\" \/><\/a><p id=\"caption-attachment-2338\" class=\"wp-caption-text\"><span style=\"font-size: 10pt; color: #000080;\">Quiz\u00e1s su libro m\u00e1s conocido. Lleg\u00f3 a ser un best seller (superventas).<\/span><\/p><\/div>\n<p>Se trataba del libro &#8220;<strong><a href=\"https:\/\/www.todocoleccion.net\/militaria-libros-literatura\/manual-aventurero-tecnicas-supervivencia-rudiger-nehberg~x44265138\" rel=\"external nofollow\">Manual del aventurero<\/a><\/strong>&#8220;, que fue un <a href=\"https:\/\/www.google.com\/search?q=best+seller+significado&amp;oq=best+seller&amp;aqs=chrome.5.69i57j0l7.13392j0j7&amp;sourceid=chrome&amp;ie=UTF-8\"><strong>best seller<\/strong><\/a>\u00a0del momento, y otros dos del mismo autor, <strong>&#8220;Manual del aventurero 2&#8221;<\/strong> y <strong>&#8220;\u00a1Sobrevivamos!&#8221;<\/strong>. En cuesti\u00f3n de una semana los hab\u00eda engullido con gran inter\u00e9s, respondiendo a muchas de mis grandes inquietudes.<\/p>\n<p>En poco m\u00e1s dos meses me hab\u00eda le\u00eddo toda su colecci\u00f3n editada hasta la fecha. Llegaron a ser mis libros de referencia, que una y otra vez volv\u00eda a leer, incluso comenc\u00e9 a hacer anotaciones y dibujos de sus explicaciones que a\u00f1os despu\u00e9s me llev\u00e9 en mis viajes, siendo mi talism\u00e1n en los inicios.<\/p>\n<div id=\"attachment_2331\" style=\"width: 934px\" class=\"wp-caption alignnone\"><a href=\"https:\/\/static-blogs.hoy.es\/wp-content\/uploads\/sites\/119\/2020\/04\/thumb.jpg\"><img aria-describedby=\"caption-attachment-2331\" loading=\"lazy\" class=\"size-full wp-image-2331\" src=\"https:\/\/static-blogs.hoy.es\/wp-content\/uploads\/sites\/119\/2020\/04\/thumb.jpg\" alt=\"\" width=\"924\" height=\"520\" srcset=\"https:\/\/static-blogs.hoy.es\/wp-content\/uploads\/sites\/119\/2020\/04\/thumb.jpg 924w, https:\/\/static-blogs.hoy.es\/wp-content\/uploads\/sites\/119\/2020\/04\/thumb-300x169.jpg 300w, https:\/\/static-blogs.hoy.es\/wp-content\/uploads\/sites\/119\/2020\/04\/thumb-768x432.jpg 768w\" sizes=\"(max-width: 924px) 100vw, 924px\" \/><\/a><p id=\"caption-attachment-2331\" class=\"wp-caption-text\"><span style=\"font-size: 10pt; color: #000080;\">De oficio <strong>panadero y pastelero<\/strong> en Hamburgo, pero donde se sent\u00eda realmente vivo era en sus viajes extremos en las selvas, desiertos y oc\u00e9anos. As\u00ed transmit\u00eda su pasi\u00f3n en una innumerable lista de libros que escribi\u00f3 a lo largo de su vida. <a href=\"https:\/\/www.tagesspiegel.de\/politik\/deutschlands-abenteurer-nummer-eins-ruediger-nehberg-mit-84-jahren-gestorben\/25711574.html\" rel=\"external nofollow\">Foto IMAGO<\/a><\/span><\/p><\/div>\n<p><strong>R\u00fcdiger Nehberg, el panadero aventurero<\/strong><\/p>\n<p>Comenz\u00f3 con sus experiencias en los a\u00f1os setenta. A trav\u00e9s de sus viajes extremos se hizo famoso en su pa\u00eds natal, Alemania.<\/p>\n<p>Se podr\u00eda decir que \u00e9l mismo era un banco de pruebas en todas las experiencias y experimentos que se le ocurr\u00edan, siendo un pionero en Alemania sobre las pr\u00e1cticas ancestrales de la supervivencia.<\/p>\n<p>Atra\u00eddo por esas pr\u00e1cticas contact\u00f3 y vivi\u00f3 con varias tribus en desiertos, selvas e incluso con inuits; que le transmitieron sus secretos m\u00e1s ancestrales de c\u00f3mo sobrevivir en la naturaleza con los recursos que proporcionaba la zona para fabricar los enseres que necesitaba. Pas\u00f3 mucho tiempo, sobre todo, con la tribu amaz\u00f3nica de los <a href=\"https:\/\/survival.es\/indigenas\/yanomami\" rel=\"external nofollow\">Yanomamis<\/a>, con los que estrech\u00f3 sus lazos llegando a ser aceptado como amigo. Tambi\u00e9n aprendi\u00f3 de las tribus del desierto de Eritrea, Etiop\u00eda, Sud\u00e1n y un largo etc\u00e9tera.<\/p>\n<p>&nbsp;<\/p>\n<p><strong>De profesi\u00f3n panadero<\/strong><\/p>\n<p>En su pueblo natal, cerca de Hamburgo, mont\u00f3 su primer obrador de pan y pasteler\u00eda. A trav\u00e9s de los a\u00f1os fue creciendo su actividad, hasta llegar a tener varias pasteler\u00edas diseminadas por la zona y tener a 50 trabajadores contratados en su negocio. Pero como \u00e9l contaba, no era una actividad que le hiciera feliz, aunque, incluso en su profesi\u00f3n fue reconocido por autoridades que se beneficiaban de sus ricas recetas.<\/p>\n<p>R\u00fcdiger necesitaba expresarse de otro modo, y lo encontr\u00f3 en sus viajes a lugares ex\u00f3ticos donde apenas hab\u00eda pisado el hombre blanco. Por ello, se ausentaba algunos meses en b\u00fasqueda de viajes &#8220;cargados de adrenalina&#8221;, como a \u00e9l le gustaba llamarlos.<\/p>\n<p>Un d\u00eda llevado por su curiosidad, les dijo a sus padres que quer\u00eda ir en bicicleta a estudiar a Par\u00eds. Meses despu\u00e9s, a su regreso, se sincer\u00f3 con sus padres. Su objetivo real no era Par\u00eds, sino atravesar la pen\u00ednsula ib\u00e9rica y llegar hasta Marruecos para aprender de los encantadores de serpientes venenosas, y as\u00ed lo hizo, tan solo ten\u00eda 17 a\u00f1os de edad.<\/p>\n<p><strong>Expedici\u00f3n al Nilo Azul<\/strong><\/p>\n<p>A su edad adulta contact\u00f3 con la embajada alemana, en Etiop\u00eda, con la intenci\u00f3n de ratificar la haza\u00f1a de un aventurero suizo, que seg\u00fan hab\u00eda le\u00eddo, pudo regresar vivo despu\u00e9s del hundimiento de la balsa inflable en la que navegaba y que fue atacada por cocodrilos, tratando de surcar toda la longitud del r\u00edo.<\/p>\n<p>La contestaci\u00f3n de la embajada fue que era cierta la historia y le recomendaban que ni lo intentase porque no lo conseguir\u00eda. Aquella negativa a\u00fan le motiv\u00f3 m\u00e1s, encontr\u00f3 a otros dos participantes y se aventuraron a navegar todo el cauce del temible Nilo Azul.<\/p>\n<div id=\"attachment_2339\" style=\"width: 960px\" class=\"wp-caption alignnone\"><a href=\"https:\/\/static-blogs.hoy.es\/wp-content\/uploads\/sites\/119\/2020\/04\/blauer_nil_1.jpg\"><img aria-describedby=\"caption-attachment-2339\" loading=\"lazy\" class=\"size-full wp-image-2339\" src=\"https:\/\/static-blogs.hoy.es\/wp-content\/uploads\/sites\/119\/2020\/04\/blauer_nil_1.jpg\" alt=\"\" width=\"950\" height=\"614\" srcset=\"https:\/\/static-blogs.hoy.es\/wp-content\/uploads\/sites\/119\/2020\/04\/blauer_nil_1.jpg 950w, https:\/\/static-blogs.hoy.es\/wp-content\/uploads\/sites\/119\/2020\/04\/blauer_nil_1-300x194.jpg 300w, https:\/\/static-blogs.hoy.es\/wp-content\/uploads\/sites\/119\/2020\/04\/blauer_nil_1-768x496.jpg 768w\" sizes=\"(max-width: 950px) 100vw, 950px\" \/><\/a><p id=\"caption-attachment-2339\" class=\"wp-caption-text\"><span style=\"font-size: 10pt; color: #000080;\">Fotograf\u00eda de la primera expedici\u00f3n por el Nilo Azul en el 1972. Vemos la peque\u00f1a balsa que utilizaron. Foto de su propio <a href=\"https:\/\/www.ruediger-nehberg.de\/abenteuer.htm\" rel=\"external nofollow\">blog.<\/a><\/span><\/p><\/div>\n<p>Atravesar\u00edan las inh\u00f3spitas tierras de Etiop\u00eda y Sud\u00e1n, escapando de guerrilleros y sobreviviendo a asaltantes fuertemente armados, que sol\u00edan dispararles desde las orillas del r\u00edo.<\/p>\n<p>En su singladura por el <a href=\"https:\/\/es.wikipedia.org\/wiki\/Nilo_Azul\" rel=\"external nofollow\">Nilo Azul<\/a>, fueron atacados por el animal m\u00e1s peligroso de \u00c1frica, el hipop\u00f3tamo. En su balsa hecha a mano se arriesgaron varias veces a ser devorados por enormes cocodrilos debido a los vuelcos en las aguas r\u00e1pidas y cascadas. Los insectos tambi\u00e9n fueron otra constante amenaza, como los mosquitos que transmiten el paludismo o de las picaduras de la mosca mort\u00edfera\u00a0<strong><a href=\"https:\/\/es.wikipedia.org\/wiki\/Glossina\" rel=\"external nofollow\">tse-tse<\/a>.\u00a0<\/strong><\/p>\n<p>Despu\u00e9s de tres a\u00f1os de intentos consecutivos, consiguieron culminar los m\u00e1s de 1000 kil\u00f3metros de longitud del <a href=\"https:\/\/es.wikipedia.org\/wiki\/Nilo_Azul\" rel=\"external nofollow\">Nilo Azul<\/a>, siendo la primera expedici\u00f3n en la historia en conseguirlo.\u00a0Pero hab\u00edan pagado un alto precio, el asesinato de uno de sus compa\u00f1eros a manos de unos bandidos.<\/p>\n<p>Al hacerse eco los medios de comunicaci\u00f3n de la p\u00e9rdida de su compa\u00f1ero de viaje en el Nilo Azul,\u00a0 su popularidad aument\u00f3.\u00a0Y de aquellas experiencias extremas sufridas en su propio cuerpo, naci\u00f3 un nuevo libro.<\/p>\n<hr \/>\n<p><strong>Esa forma de viajar a lugares potencialmente peligrosos le llevaron a vivir situaciones verdaderamente extremas, rozando en muchos casos la vida o la muerte. Algunos de\u00a0 sus conocidos comentaban de \u00e9l, que &#8220;ten\u00eda a su \u00e1ngel de la guarda hecho a\u00f1icos&#8221; por los 25 asaltos y atracos que sufri\u00f3 a lo largo de toda la vida.<\/strong><\/p>\n<hr \/>\n<p><strong>Planificaci\u00f3n y entrenamiento\u00a0<\/strong><\/p>\n<p>Entrenamientos concienzudos a trav\u00e9s de t\u00e9cnicas que fueron a veces innovadas por \u00e9l. Las practicaba una y otra vez, hasta conseguir dominar las t\u00e9cnicas para prepararse mentalmente a las situaciones de peligro. Incluso tuvo que proveerse o saber fabricar armas de fuego para defenderse de los posibles ataques de fieras o bandidos, llegando a ser complementos indispensables entre su equipo m\u00e1s elemental con el que viajaba.<\/p>\n<hr \/>\n<p>En el a\u00f1o 1975 atraves\u00f3 <a href=\"https:\/\/es.wikipedia.org\/wiki\/Desierto_de_Danakil\" rel=\"external nofollow\"><strong>el desierto salado del Danakil<\/strong> <\/a>situado en el cuerno de \u00c1frica. Un infierno en la tierra,\u00a0 yermo y de extremada dureza por las altas temperaturas (54\u00baC a la sombra) y por la inhospitalidad de sus habitantes. Se supo que 500 soldados egipcios se adentraron en \u00e9l y desaparecieron sin dejar rastro alguno. R\u00fcdiger quer\u00eda probar su resistencia a las altas temperaturas y a la escasez de agua, y as\u00ed lo detall\u00f3 en su siguiente libro.<\/p>\n<div id=\"attachment_2345\" style=\"width: 326px\" class=\"wp-caption aligncenter\"><a href=\"https:\/\/static-blogs.hoy.es\/wp-content\/uploads\/sites\/119\/2020\/04\/41nJxFm7QhL._SX314_BO1204203200_.jpg\"><img aria-describedby=\"caption-attachment-2345\" loading=\"lazy\" class=\"size-full wp-image-2345\" src=\"https:\/\/static-blogs.hoy.es\/wp-content\/uploads\/sites\/119\/2020\/04\/41nJxFm7QhL._SX314_BO1204203200_.jpg\" alt=\"\" width=\"316\" height=\"499\" srcset=\"https:\/\/static-blogs.hoy.es\/wp-content\/uploads\/sites\/119\/2020\/04\/41nJxFm7QhL._SX314_BO1204203200_.jpg 316w, https:\/\/static-blogs.hoy.es\/wp-content\/uploads\/sites\/119\/2020\/04\/41nJxFm7QhL._SX314_BO1204203200_-190x300.jpg 190w\" sizes=\"(max-width: 316px) 100vw, 316px\" \/><\/a><p id=\"caption-attachment-2345\" class=\"wp-caption-text\"><span style=\"font-size: 10pt; color: #000080;\">De aquel viaje otro libro, supervivencia en el desierto del Danakil.<\/span><\/p><\/div>\n<hr \/>\n<p><strong>Apasionado por las serpientes<\/strong>, lleg\u00f3 a construir en su casa un gran terrario donde alberg\u00f3 varias de las especies de serpientes m\u00e1s grandes del planeta, entre ellas la gran <a href=\"https:\/\/es.wikipedia.org\/wiki\/Eunectes_murinus\" rel=\"external nofollow\">anaconda<\/a>, adem\u00e1s de serpientes venenosas como la <a href=\"https:\/\/es.wikipedia.org\/wiki\/Ophiophagus_hannah\" rel=\"external nofollow\">cobra real<\/a>.<\/p>\n<p>Para probar a posibles acompa\u00f1antes para ir a la selva, les hac\u00eda pasar pruebas de lo m\u00e1s intensas posibles, como pasar una noche <strong>durmiendo en hamaca con las serpientes dentro del terrario.<\/strong><\/p>\n<p>En su periplo de viajes llegar\u00eda a las selvas de Sudam\u00e9rica, <strong>regresando hasta quince veces<\/strong>, para convivir y aprender de las tribus amaz\u00f3nicas.<\/p>\n<p>La m\u00e1s conocida por R\u00fcdiger, fue la tribu de <a href=\"https:\/\/www.survival.es\/articulos\/3244-conocimiento-botanico-yanomami\" rel=\"external nofollow\">los Yanomamis,<\/a>\u00a0los \u00faltimos indios libres del Brasil. Se hizo pasar por buscador de oro, y fue testigo de\u00a0 las matanzas sistem\u00e1ticas de los pueblos de la cuenca del r\u00edo Negro (afluente del Amazonas) cre\u00f3 un proyecto de ayuda para denunciar la persecuci\u00f3n y el robo de tierras por los <a href=\"https:\/\/es.wikipedia.org\/wiki\/Garimpeiro\" rel=\"external nofollow\">garimpeiros<\/a> (buscadores ilegales de oro en Brasil) y al gobierno brasile\u00f1o por su inactividad en la defensa de los derechos de los ind\u00edgenas.<\/p>\n<div id=\"attachment_2348\" style=\"width: 810px\" class=\"wp-caption alignnone\"><a href=\"https:\/\/static-blogs.hoy.es\/wp-content\/uploads\/sites\/119\/2020\/04\/Bedrohung-Goldsucher.jpg\"><img aria-describedby=\"caption-attachment-2348\" loading=\"lazy\" class=\"size-full wp-image-2348\" src=\"https:\/\/static-blogs.hoy.es\/wp-content\/uploads\/sites\/119\/2020\/04\/Bedrohung-Goldsucher.jpg\" alt=\"\" width=\"800\" height=\"547\" srcset=\"https:\/\/static-blogs.hoy.es\/wp-content\/uploads\/sites\/119\/2020\/04\/Bedrohung-Goldsucher.jpg 800w, https:\/\/static-blogs.hoy.es\/wp-content\/uploads\/sites\/119\/2020\/04\/Bedrohung-Goldsucher-300x205.jpg 300w, https:\/\/static-blogs.hoy.es\/wp-content\/uploads\/sites\/119\/2020\/04\/Bedrohung-Goldsucher-768x525.jpg 768w\" sizes=\"(max-width: 800px) 100vw, 800px\" \/><\/a><p id=\"caption-attachment-2348\" class=\"wp-caption-text\"><span style=\"font-size: 10pt; color: #000080;\">Garimpeiros erosionando el suelo de la selva con mangueras y agua a presi\u00f3n para disolver la tierra y as\u00ed tratar de conseguir alg\u00fan gramo de oro en escamas.<\/span><\/p><\/div>\n<hr \/>\n<p>Otra de sus aventuras m\u00e1s notables fue cruzar el Oc\u00e9ano Atl\u00e1ntico. Con este nuevo proyecto conseguir\u00eda llamar la atenci\u00f3n a la comunidad internacional, acerca de lo que estaba ocurriendo en la selva amaz\u00f3nica con los pueblos ind\u00edgenas, y los efectos medioambientales en los r\u00edos, debido a la contaminaci\u00f3n por mercurio, causados en los procesos de extracci\u00f3n fraudulenta del oro.<\/p>\n<p>Para cruzar el Oc\u00e9ano Atl\u00e1ntico, efectu\u00f3 un largo y complicado proceso de entrenamiento con ayuda de la marina, para entrenar los escenarios m\u00e1s extremos que pudiera tener durante la navegaci\u00f3n en solitario, como por ejemplo: tratar de mantenerse a flote con las manos atadas a la espalda u orientarse bajo el agua en el interior de una tuber\u00eda sumergida en una piscina.<\/p>\n<div style=\"width: 730px\" class=\"wp-caption alignnone\"><img loading=\"lazy\" src=\"https:\/\/cloud10.todocoleccion.online\/libros-segunda-mano-geografia-viajes\/tc\/2018\/03\/17\/16\/115300519_84724150.jpg\" alt=\"Libros de segunda mano: Dakar - Brasil. Supervivencia en el mar. R\u00fcdiger Nehberg. Ed. Mart\u00ednez Roca. Barcelona. 1989 - Foto 5 - 115300519\" width=\"720\" height=\"540\" \/><p class=\"wp-caption-text\"><span style=\"color: #333399; font-size: 10pt;\">P\u00e1ginas del libro titulado &#8220;De Dakar a Brasil&#8221;, en \u00e9l relat\u00f3 sus aventuras y preparaci\u00f3n sin tener experiencias previas en la navegaci\u00f3n en alta mar. Llegar\u00eda a realizar otros dos cruces m\u00e1s al Oc\u00e9ano Atl\u00e1ntico, todos ellos con medios no convencionales, balsas construidas con troncos.<\/span><\/p><\/div>\n<p>Para hacer la primera singladura Atl\u00e1ntica, fabric\u00f3 <strong>un peque\u00f1o catamar\u00e1n<\/strong> que ser\u00eda impulsado por una vela y \u00a1<strong>a pedales<\/strong>! aprovechando su vieja bicicleta, a la cual le instal\u00f3 una h\u00e9lice junto con una transmisi\u00f3n por cadena.<\/p>\n<p>&nbsp;<\/p>\n<div id=\"attachment_2349\" style=\"width: 730px\" class=\"wp-caption alignnone\"><a href=\"https:\/\/static-blogs.hoy.es\/wp-content\/uploads\/sites\/119\/2020\/04\/115300519_84724146.jpg\"><img aria-describedby=\"caption-attachment-2349\" loading=\"lazy\" class=\"size-full wp-image-2349\" src=\"https:\/\/static-blogs.hoy.es\/wp-content\/uploads\/sites\/119\/2020\/04\/115300519_84724146.jpg\" alt=\"\" width=\"720\" height=\"540\" srcset=\"https:\/\/static-blogs.hoy.es\/wp-content\/uploads\/sites\/119\/2020\/04\/115300519_84724146.jpg 720w, https:\/\/static-blogs.hoy.es\/wp-content\/uploads\/sites\/119\/2020\/04\/115300519_84724146-300x225.jpg 300w\" sizes=\"(max-width: 720px) 100vw, 720px\" \/><\/a><p id=\"caption-attachment-2349\" class=\"wp-caption-text\"><span style=\"font-size: 10pt; color: #000080;\">En el\u00a0 proyecto &#8220;Yanomami&#8221; fue recibido por el propio Papa Juan Pablo II, y as\u00ed, obtener m\u00e1s popularidad en la nueva empresa en la defensa de las tribus del Brasil. Las autoridades brasile\u00f1as le hab\u00edan vetado la entrada al pa\u00eds debido a la gran repercusi\u00f3n medi\u00e1tica que obtuvo su haza\u00f1a, y tuvo que entrar en Brasil de forma ilegal despu\u00e9s de 42 d\u00edas de navegaci\u00f3n en solitario y con fuertes mareos al no estar habituado a navegar, ya que no era marino.\u00a0<\/span><\/p><\/div>\n<hr \/>\n<p>Pero sus viajes no solamente se reservaban a lejanos y ex\u00f3ticos lugares. Otro de ellos fue la larga caminata de 1000 kil\u00f3metros desde su ciudad Hamburgo hasta las estribaciones de los Alpes en Oberstdorf. Hab\u00eda cruzado de Norte a Sur Alemania en lo que \u00e9l denomin\u00f3 la traves\u00eda direct\u00edsima, y que consisti\u00f3 en ir andando en l\u00ednea recta, tratando de atravesar cualquier accidente geogr\u00e1fico sin necesidad de ayuda, evitando los terrenos privados, sin tomar alimentos cultivados, robar o pedir ayuda a nadie, ya que no llevar\u00eda dinero en ning\u00fan momento.<\/p>\n<p>Su equipo para todo el viaje se compondr\u00eda de una manta pl\u00e1stica de supervivencia y un palo a modo de azada para buscar ra\u00edces. La ropa tampoco dejaba indiferente a nadie, consist\u00eda en un mono de tela con cremalleras en los bolsillos, de cintur\u00f3n, una peque\u00f1a cuerda y unas zapatillas sin calcetines.<\/p>\n<p>Un gran n\u00famero de personas se acercaron hasta la meta en Oberstdorf, y<strong> 11 millones de personas<\/strong> lo pudieron ver por televisi\u00f3n. Las autoridades a su llegada le premiaron con productos de la tierra y le regalaron unas botas nuevas. En la larga caminata se aliment\u00f3 de lombrices, ra\u00edces y animales atropellados que fue encontrando en las cunetas de las carreteras. Sufri\u00f3 mucho fr\u00edo, hambre y fuertes dolores en los pies.<\/p>\n<p>Este viaje fue un entrenamiento para los que har\u00eda posteriormente atravesando la selva en solitario con solamente lo puesto, una camiseta, un ba\u00f1ador y unas zapatillas.<\/p>\n<div id=\"attachment_2369\" style=\"width: 557px\" class=\"wp-caption alignnone\"><a href=\"https:\/\/static-blogs.hoy.es\/wp-content\/uploads\/sites\/119\/2020\/04\/a1.jpg\"><img aria-describedby=\"caption-attachment-2369\" loading=\"lazy\" class=\"size-full wp-image-2369\" src=\"https:\/\/static-blogs.hoy.es\/wp-content\/uploads\/sites\/119\/2020\/04\/a1.jpg\" alt=\"\" width=\"547\" height=\"492\" srcset=\"https:\/\/static-blogs.hoy.es\/wp-content\/uploads\/sites\/119\/2020\/04\/a1.jpg 547w, https:\/\/static-blogs.hoy.es\/wp-content\/uploads\/sites\/119\/2020\/04\/a1-300x270.jpg 300w\" sizes=\"(max-width: 547px) 100vw, 547px\" \/><\/a><p id=\"caption-attachment-2369\" class=\"wp-caption-text\"><span style=\"font-size: 10pt; color: #000080;\">Explicaciones y divertidos dibujos, es un denominador com\u00fan en todos sus manuales.<\/span><\/p><\/div>\n<p><strong>Nunca pens\u00f3 en la jubilaci\u00f3n<\/strong><\/p>\n<p>Su car\u00e1cter le impulsaba a hacer lo que m\u00e1s le apasionaba y as\u00ed a los 65 a\u00f1os, cruz\u00f3 junto con un aborigen uno de los desiertos m\u00e1s secos de Australia.<\/p>\n<p>Siempre quiso regresar a la selva amaz\u00f3nica y a los 68 a\u00f1os fue depositado desde un helic\u00f3ptero otra vez en la selva. Durante el descenso desde la cuerda que despleg\u00f3 el helic\u00f3ptero, se enred\u00f3 en unos \u00e1rboles de espinas, haci\u00e9ndole unos cortes sobre la piel donde r\u00e1pidamente los insectos pusieron huevos sin que \u00e9l se percatara, d\u00edas despu\u00e9s vio que le hab\u00edan crecido larvas debajo de la piel, y se aliment\u00f3 de las propias larvas. Consigui\u00f3 completar la traves\u00eda en solitario sin ayuda, sin alimentos, mapas, ni br\u00fajula.<\/p>\n<div id=\"attachment_2371\" style=\"width: 740px\" class=\"wp-caption alignnone\"><a href=\"https:\/\/static-blogs.hoy.es\/wp-content\/uploads\/sites\/119\/2020\/04\/161125_Nehberg_d-730x500-1.jpg\"><img aria-describedby=\"caption-attachment-2371\" loading=\"lazy\" class=\"size-full wp-image-2371\" src=\"https:\/\/static-blogs.hoy.es\/wp-content\/uploads\/sites\/119\/2020\/04\/161125_Nehberg_d-730x500-1.jpg\" alt=\"\" width=\"730\" height=\"500\" srcset=\"https:\/\/static-blogs.hoy.es\/wp-content\/uploads\/sites\/119\/2020\/04\/161125_Nehberg_d-730x500-1.jpg 730w, https:\/\/static-blogs.hoy.es\/wp-content\/uploads\/sites\/119\/2020\/04\/161125_Nehberg_d-730x500-1-300x205.jpg 300w\" sizes=\"(max-width: 730px) 100vw, 730px\" \/><\/a><p id=\"caption-attachment-2371\" class=\"wp-caption-text\"><span style=\"font-size: 10pt; color: #333399;\">Foto tomada durante la \u00faltima traves\u00eda en la selva. Podemos observar la mochila hecha de hojas de palma.<\/span><\/p><\/div>\n<div id=\"attachment_2372\" style=\"width: 228px\" class=\"wp-caption alignnone\"><a href=\"https:\/\/static-blogs.hoy.es\/wp-content\/uploads\/sites\/119\/2020\/04\/51003vAIaUL._AC_US218_.jpg\"><img aria-describedby=\"caption-attachment-2372\" loading=\"lazy\" class=\"size-full wp-image-2372\" src=\"https:\/\/static-blogs.hoy.es\/wp-content\/uploads\/sites\/119\/2020\/04\/51003vAIaUL._AC_US218_.jpg\" alt=\"\" width=\"218\" height=\"218\" srcset=\"https:\/\/static-blogs.hoy.es\/wp-content\/uploads\/sites\/119\/2020\/04\/51003vAIaUL._AC_US218_.jpg 218w, https:\/\/static-blogs.hoy.es\/wp-content\/uploads\/sites\/119\/2020\/04\/51003vAIaUL._AC_US218_-150x150.jpg 150w\" sizes=\"(max-width: 218px) 100vw, 218px\" \/><\/a><p id=\"caption-attachment-2372\" class=\"wp-caption-text\"><span style=\"font-size: 10pt; color: #333399;\">Libro &#8220;Supervivencia en la selva&#8221;<\/span><\/p><\/div>\n<hr \/>\n<p><strong>Aventurero humanista<\/strong><\/p>\n<p>Activista por los derecho humanos, aprovechando su incipiente fama luch\u00f3 por los derechos de las tribus amaz\u00f3nicas, llamando la atenci\u00f3n a trav\u00e9s de la publicidad que generaban sus viajes, o lo innumerables apoyos que consegu\u00eda en las diferentes autoridades que consegu\u00eda con su carisma.<\/p>\n<p>En sus primeros viajes por el desierto africano, pudo constatar las pr\u00e1cticas tribales religiosas que se hac\u00edan a las ni\u00f1as, las cuales le causaron un gran rechazo. A\u00f1os m\u00e1s tarde, en la actualidad, regres\u00f3 al desierto, pero esta vez no para correr otra aventura, sino abanderado para luchar en la erradicaci\u00f3n de la ablaci\u00f3n genital femenina, pr\u00e1ctica que tanto le hab\u00edan impactado en el pasado.<\/p>\n<p>As\u00ed naci\u00f3 el proyecto <a href=\"https:\/\/www.target-nehberg.de\/de\" rel=\"external nofollow\"><strong>Target<\/strong><\/a> que dej\u00f3 inacabado por su muerte.<\/p>\n<p>Proyecto Target como invitado el las conferencias de TEDx Talks<\/p>\n<p><iframe loading=\"lazy\" src=\"\/\/www.youtube.com\/embed\/50pno3SGSPc?t=27s\" width=\"560\" height=\"314\" allowfullscreen=\"allowfullscreen\"><\/iframe><\/p>\n<hr \/>\n<p>&nbsp;<\/p>\n<p><strong>Os dejo aqu\u00ed un interesant\u00edsimo v\u00eddeo documental<\/strong> donde sintetiza buena parte de sus aventuras extremas y proyectos solidarios como: la defensa de las tribus amaz\u00f3nicas y la lacra de la ablaci\u00f3n genital femenina en paises isl\u00e1micos de \u00c1frica y Oriente Medio.<\/p>\n<p><iframe loading=\"lazy\" src=\"\/\/www.youtube.com\/embed\/pzvH2yKVIb4\" width=\"560\" height=\"314\" allowfullscreen=\"allowfullscreen\"><\/iframe><\/p>\n<hr \/>\n<p><strong>PARA VER M\u00c1S DE MIS AVENTURAS HAZ CLIC EN ESTOS ENLACES<\/strong><\/p>\n<p><strong><a href=\"https:\/\/www.facebook.com\/JoseTrejo404\/\" rel=\"external nofollow\">Facebook<\/a><\/strong><\/p>\n<p><em><strong>Para ver m\u00e1s fotos de mis viajes, puedes seguirme en este link<\/strong><\/em><\/p>\n<p><strong><a href=\"https:\/\/www.instagram.com\/josetrejo404\/?hl=es\" rel=\"external nofollow\">Instagram<\/a>\u00a0<\/strong><\/p>\n<p><a href=\"https:\/\/www.google.es\/search?q=%23UnExtreme%C3%B1oEnEl%C3%81rtico&amp;tbm=isch&amp;tbo=u&amp;source=univ&amp;sa=X&amp;ved=0ahUKEwjk4__i8fzYAhUBWxQKHd2fCmUQsAQILQ&amp;biw=1366&amp;bih=637\" rel=\"external nofollow\">#UnExtreme\u00f1oEnEl\u00c1rtico<\/a>\u00a0<a href=\"https:\/\/www.instagram.com\/explore\/tags\/proyectobaikal2019\/?hl=es\" rel=\"external nofollow\">#ProyectoBaikal2019<\/a>\u00a0<a href=\"https:\/\/www.instagram.com\/explore\/tags\/aventurascentrowagen\/?hl=es\" rel=\"external nofollow\">#aventurascentrowagen<\/a><\/p>\n<p><strong><a href=\"https:\/\/www.youtube.com\/channel\/UCkc4QXSFBOd_zSPTrQ2RdXQ\" rel=\"external nofollow\">YouTube<\/a><\/strong><\/p>\n<p><strong>Contacto:<\/strong>\u00a0mad4041@gmail.com<\/p>\n<p>&nbsp;<\/p>\n","protected":false},"excerpt":{"rendered":"<p>&nbsp; Hace una semana me enter\u00e9 de la noticia del fallecimiento de R\u00fcdiger Nehberg, o como muchos le llamaban &#8220;Sir Vival&#8220;. Todav\u00eda ando nockeado, piensas que hay personas atemporales que nunca se van morir.\u00a0R\u00fcdiger Nehberg, es uno, bueno, fue uno de los grandes pioneros en las t\u00e9cnicas de supervivencia aplicadas en sus viajes extremos. Famoso [&hellip;]<\/p>\n","protected":false},"author":142,"featured_media":2338,"comment_status":"open","ping_status":"closed","sticky":false,"template":"","format":"standard","meta":[],"categories":[1],"tags":[893,894,892,891],"_links":{"self":[{"href":"https:\/\/blogs.hoy.es\/un-extremeno-en-el-artico\/wp-json\/wp\/v2\/posts\/2328"}],"collection":[{"href":"https:\/\/blogs.hoy.es\/un-extremeno-en-el-artico\/wp-json\/wp\/v2\/posts"}],"about":[{"href":"https:\/\/blogs.hoy.es\/un-extremeno-en-el-artico\/wp-json\/wp\/v2\/types\/post"}],"author":[{"embeddable":true,"href":"https:\/\/blogs.hoy.es\/un-extremeno-en-el-artico\/wp-json\/wp\/v2\/users\/142"}],"replies":[{"embeddable":true,"href":"https:\/\/blogs.hoy.es\/un-extremeno-en-el-artico\/wp-json\/wp\/v2\/comments?post=2328"}],"version-history":[{"count":43,"href":"https:\/\/blogs.hoy.es\/un-extremeno-en-el-artico\/wp-json\/wp\/v2\/posts\/2328\/revisions"}],"predecessor-version":[{"id":2656,"href":"https:\/\/blogs.hoy.es\/un-extremeno-en-el-artico\/wp-json\/wp\/v2\/posts\/2328\/revisions\/2656"}],"wp:featuredmedia":[{"embeddable":true,"href":"https:\/\/blogs.hoy.es\/un-extremeno-en-el-artico\/wp-json\/wp\/v2\/media\/2338"}],"wp:attachment":[{"href":"https:\/\/blogs.hoy.es\/un-extremeno-en-el-artico\/wp-json\/wp\/v2\/media?parent=2328"}],"wp:term":[{"taxonomy":"category","embeddable":true,"href":"https:\/\/blogs.hoy.es\/un-extremeno-en-el-artico\/wp-json\/wp\/v2\/categories?post=2328"},{"taxonomy":"post_tag","embeddable":true,"href":"https:\/\/blogs.hoy.es\/un-extremeno-en-el-artico\/wp-json\/wp\/v2\/tags?post=2328"}],"curies":[{"name":"wp","href":"https:\/\/api.w.org\/{rel}","templated":true}]}}