{"id":2483,"date":"2020-05-20T00:34:38","date_gmt":"2020-05-19T22:34:38","guid":{"rendered":"http:\/\/blogs.hoy.es\/un-extremeno-en-el-artico\/?p=2483"},"modified":"2020-06-18T21:15:13","modified_gmt":"2020-06-18T19:15:13","slug":"tungujortoq-qaamasoq","status":"publish","type":"post","link":"https:\/\/blogs.hoy.es\/un-extremeno-en-el-artico\/2020\/05\/20\/tungujortoq-qaamasoq\/","title":{"rendered":"Tungujortoq-qaamasoq"},"content":{"rendered":"<p>En esta nueva entrada os cuento una graciosa an\u00e9cdota y el significado del t\u00edtulo de este post.<\/p>\n<p>&nbsp;<\/p>\n<p><img loading=\"lazy\" class=\"size-large wp-image-2488\" src=\"https:\/\/static-blogs.hoy.es\/wp-content\/uploads\/sites\/119\/2020\/05\/IMG_20200518_203745-1024x768.jpg\" alt=\"\" width=\"1024\" height=\"768\" srcset=\"https:\/\/static-blogs.hoy.es\/wp-content\/uploads\/sites\/119\/2020\/05\/IMG_20200518_203745-1024x768.jpg 1024w, https:\/\/static-blogs.hoy.es\/wp-content\/uploads\/sites\/119\/2020\/05\/IMG_20200518_203745-300x225.jpg 300w, https:\/\/static-blogs.hoy.es\/wp-content\/uploads\/sites\/119\/2020\/05\/IMG_20200518_203745-768x576.jpg 768w, https:\/\/static-blogs.hoy.es\/wp-content\/uploads\/sites\/119\/2020\/05\/IMG_20200518_203745.jpg 1143w\" sizes=\"(max-width: 1024px) 100vw, 1024px\" \/>Una de mis &#8220;pda&#8221;. Tuve que recurrir a los l\u00e1pices de grafito, ya que algunas de mis libretas se mojaron corri\u00e9ndose la tinta y perdiendo muchas importantes anotaciones. En la libreta de la imagen vemos algo de gram\u00e1tica y palabras \u00fatiles durante un Kaffemik en casa (merienda) con Paninnguaq y Marina. No sal\u00eda de casa sin estas libretas.<\/p>\n<p>&nbsp;<\/p>\n<p><strong>Mis &#8220;PDA&#8221;<\/strong><\/p>\n<p>O como suelo llamarlas (PDA,<strong> P<\/strong>apel <strong>D<\/strong>e <strong>A<\/strong>puntar). Uno de los tesoros que a\u00fan conservo, son mis libretas de apuntes de los primeros a\u00f1os en Groenlandia, gracias a llevarlas encima, me han sacado de m\u00e1s de un l\u00edo. Siempre que ten\u00eda oportunidad anotaba tel\u00e9fonos de contactos, direcciones, rumbos y cron\u00f3metros para la navegaci\u00f3n sin gps, que he ido recabando de mis amigos groenlandeses.<\/p>\n<p>&nbsp;<\/p>\n<hr \/>\n<p>Corr\u00eda el a\u00f1o <strong>2015<\/strong>. Reci\u00e9n llegado a Groenlandia como otro verano m\u00e1s, comenz\u00e1bamos una nueva y emocionante temporada cargada de retos. Como siempre, surgir\u00edan nuevas aventuras all\u00e1 por el sur.<\/p>\n<p>Durante mi estancia vivo en una peque\u00f1a isla de unos 1500 habitantes mayoritariamente inuit, bastante alejado de la central de nuestra empresa, por eso, suelo pasar d\u00edas sin articular palabra en castellano.<\/p>\n<p>Este a\u00f1o iba a ser distinto, conocer\u00eda a un nuevo patr\u00f3n groenland\u00e9s, que por lo que me dijeron, hablaba muy bien espa\u00f1ol. Ser\u00eda una gran ayuda para poder comprender as\u00ed m\u00e1s detalles de una cultura tan diferente a la nuestra.<\/p>\n<p>JJ el nuevo patr\u00f3n, fue una grata sorpresa, habla con un ligero acento mejicano, curioso eso s\u00ed, ya que aprendi\u00f3 espa\u00f1ol leyendo la biblia durante los tres a\u00f1os que fue misionero morm\u00f3n en Utah, USA.<\/p>\n<hr \/>\n<p>Pero volvamos de nuevo a la an\u00e9cdota. Mi lejan\u00eda con nuestra empresa (<em>un d\u00eda de navegaci\u00f3n de distancia<\/em>) hace que la log\u00edstica sea m\u00e1s complicada, no tenga la ayuda de mis compa\u00f1eros, y haya que apa\u00f1\u00e1rselas buscando apoyo en los locales. As\u00ed se decidi\u00f3, para el montaje y el duro porteo de todo el material, contratar\u00eda\u00a0 a mis amigos y conocidos groenlandeses.<\/p>\n<div id=\"attachment_2494\" style=\"width: 959px\" class=\"wp-caption alignnone\"><a href=\"https:\/\/static-blogs.hoy.es\/wp-content\/uploads\/sites\/119\/2020\/05\/IMG_5143.jpg\"><img aria-describedby=\"caption-attachment-2494\" loading=\"lazy\" class=\"size-full wp-image-2494\" src=\"https:\/\/static-blogs.hoy.es\/wp-content\/uploads\/sites\/119\/2020\/05\/IMG_5143.jpg\" alt=\"\" width=\"949\" height=\"712\" srcset=\"https:\/\/static-blogs.hoy.es\/wp-content\/uploads\/sites\/119\/2020\/05\/IMG_5143.jpg 949w, https:\/\/static-blogs.hoy.es\/wp-content\/uploads\/sites\/119\/2020\/05\/IMG_5143-300x225.jpg 300w, https:\/\/static-blogs.hoy.es\/wp-content\/uploads\/sites\/119\/2020\/05\/IMG_5143-768x576.jpg 768w\" sizes=\"(max-width: 949px) 100vw, 949px\" \/><\/a><p id=\"caption-attachment-2494\" class=\"wp-caption-text\"><span style=\"font-size: 10pt; color: #000080;\">Foto del &#8220;comando de montaje&#8221;. Jensi, Jose Trejo, Agju, Junuuq y Jens Jacob (JJ). Junto a uno de nuestros domos reci\u00e9n montado. Fiordo de Tasermiut.<\/span><\/p><\/div>\n<p>&nbsp;<\/p>\n<p><strong>Curiosidades del idioma groenland\u00e9s (Kalaallisut)<\/strong><\/p>\n<p>La isla de Groenlandia ha estado incomunicada a otras culturas durante miles de a\u00f1os. Aunque los primeros (vikingos) europeos se asentaron hace unos mil a\u00f1os los primeros contactos con los exploradores fue hace unos quinientos a\u00f1os. Debido a este gran aislamiento su idioma apenas ha cambiado desde entonces, encontrando dificultades a la hora de trascribir muchas palabras, conceptos y acciones que ellos no conoc\u00edan.<\/p>\n<div id=\"attachment_2510\" style=\"width: 702px\" class=\"wp-caption alignnone\"><a href=\"https:\/\/static-blogs.hoy.es\/wp-content\/uploads\/sites\/119\/2020\/05\/IMG_20200516_192935_2.jpg\"><img aria-describedby=\"caption-attachment-2510\" loading=\"lazy\" class=\" wp-image-2510\" src=\"https:\/\/static-blogs.hoy.es\/wp-content\/uploads\/sites\/119\/2020\/05\/IMG_20200516_192935_2-300x257.jpg\" alt=\"\" width=\"692\" height=\"593\" srcset=\"https:\/\/static-blogs.hoy.es\/wp-content\/uploads\/sites\/119\/2020\/05\/IMG_20200516_192935_2-300x257.jpg 300w, https:\/\/static-blogs.hoy.es\/wp-content\/uploads\/sites\/119\/2020\/05\/IMG_20200516_192935_2-768x658.jpg 768w, https:\/\/static-blogs.hoy.es\/wp-content\/uploads\/sites\/119\/2020\/05\/IMG_20200516_192935_2.jpg 1005w\" sizes=\"(max-width: 692px) 100vw, 692px\" \/><\/a><p id=\"caption-attachment-2510\" class=\"wp-caption-text\">Peque\u00f1a gu\u00eda Ingl\u00e9s-groenland\u00e9s donde recoge las palabras m\u00e1s usuales.<\/p><\/div>\n<p>M\u00e1s modernamente su idioma ha ido avanzando y ha incluido palabras de origen dan\u00e9s debido al v\u00ednculo con las congregaciones religiosas que se instalaron all\u00e1 en el 1721. Solamente el 20% del lenguaje <em>kalaallisut<\/em> se puede traducir. Como en su mundo no exist\u00edan palabras, como por ejemplo: dinero, algunos alimentos y un largo etc\u00e9tera, lo que sol\u00edan hacer, era construir a trav\u00e9s de prefijos y\/o sufijos a ra\u00edz de cosas cotidianas, y as\u00ed construir nuevos significados y palabras, aqu\u00ed unos ejemplos:<\/p>\n<p><strong>\u00a0Sufijo (&#8230;asat , que se parece a&#8230;)\u00a0 \u00a0siorsaasat<\/strong>\u00a0 &#8220;que parece a arena&#8221; = az\u00facar hasta la llegada de los europeos no supieron qu\u00e9 era el az\u00facar.<\/p>\n<p><strong>Aningaasat<\/strong> &#8220;que parecen lunas&#8221;= las monedas.<\/p>\n<p>Pero&#8230;\u00bfy si lo complicamos un poquito m\u00e1s?<\/p>\n<p><em><span style=\"font-size: 12pt;\"><strong>\u00a0 \u00a0 \u00a0 Nalunaarasuataatilioqatigiiffissualiuersaarnialeraluallaraminngooq-aasiit<\/strong><\/span><\/em><\/p>\n<p>\u00a1Es una sola palabra este batiburrillo de letras! y significa, edificio de tel\u00e9grafos.<\/p>\n<p>&nbsp;<\/p>\n<p>El significado del t\u00edtulo de este blog es un color, azul celeste,\u00a0<strong>Tungujortoq-qaamassoq.<\/strong><\/p>\n<div id=\"attachment_2490\" style=\"width: 1034px\" class=\"wp-caption alignnone\"><img aria-describedby=\"caption-attachment-2490\" loading=\"lazy\" class=\"size-large wp-image-2490\" src=\"https:\/\/static-blogs.hoy.es\/wp-content\/uploads\/sites\/119\/2020\/05\/IMG_20200516_191332_2-1024x768.jpg\" alt=\"\" width=\"1024\" height=\"768\" srcset=\"https:\/\/static-blogs.hoy.es\/wp-content\/uploads\/sites\/119\/2020\/05\/IMG_20200516_191332_2-1024x768.jpg 1024w, https:\/\/static-blogs.hoy.es\/wp-content\/uploads\/sites\/119\/2020\/05\/IMG_20200516_191332_2-300x225.jpg 300w, https:\/\/static-blogs.hoy.es\/wp-content\/uploads\/sites\/119\/2020\/05\/IMG_20200516_191332_2-768x576.jpg 768w, https:\/\/static-blogs.hoy.es\/wp-content\/uploads\/sites\/119\/2020\/05\/IMG_20200516_191332_2.jpg 1120w\" sizes=\"(max-width: 1024px) 100vw, 1024px\" \/><p id=\"caption-attachment-2490\" class=\"wp-caption-text\"><span style=\"font-size: 10pt; color: #000080;\">Anotaciones de los n\u00fameros y colores en groenland\u00e9s \u00a1qu\u00e9 buena ayuda para montar la estructura de los domos!<\/span><\/p><\/div>\n<p><strong>Selecci\u00f3n natural\u00a0<\/strong><\/p>\n<p>En este trabajo sucumbes si no te adaptas a los constantes cambios. Los mayores h\u00e1ndicap a los que siempre me he enfrentado, han sido al tiempo atmosf\u00e9rico y la cultura inuit. Efectivamente, las condiciones meteorol\u00f3gicas son m\u00e1s extremas cuanto m\u00e1s nos acercamos a la punta m\u00e1s meridional de la gran isla blanca. Y se debe, porque se chocan dos mares fr\u00edos junto con la franja atmosf\u00e9rica polar, creando inestabilidad y cambios repentinos en el clima. Por otro lado, la compleja cultura inuit.<\/p>\n<p>Despu\u00e9s de unas cuantas llamadas encontramos la ayuda necesaria para volver abrir la zona del Sur. Ir\u00edamos recogiendo por el camino a los compa\u00f1eros procedentes de varias aldeas del extremo sur: a Jensi de Narsaq, a JJ de Qaqortoq y a Agju y Junuuq de Alluitsup Paa.<\/p>\n<p>Establecido &#8220;el comando de montaje&#8221; y estibados dos embarcaciones con todo lo necesario para estar tres d\u00edas dentro del fiordo de Tasermiut, fuimos dejando parte del equipo en los lugares habituales.<\/p>\n<p>Despu\u00e9s de un arduo porteo cuesta arriba de hierros, mesas, coberturas, bombonas de gas y comida, nos dispusimos a montar las grandes tiendas met\u00e1licas llamadas domo. Estas tiendas de campa\u00f1a capaces de aguantar fuertes vientos, las solemos utilizar como sal\u00f3n-cocina, y pueden albergar hasta 20 personas, pero lo m\u00e1s normal es que se utilicen para 14 personas como m\u00e1ximo.<\/p>\n<p>La instalaci\u00f3n de estas tiendas es algo compleja y lenta por la cantidad de piezas que lleva. Se compone de\u00a0 tuber\u00edas met\u00e1licas diferenciadas por colores, cada color indica una medida y tambi\u00e9n una cantidad, todo ensamblado al final por tornillos y tuercas. Por esto, necesitamos llevar el croquis de montaje. Si faltase tan solo una p\u00e1gina, no podr\u00edamos montar estas tiendas.<\/p>\n<p>Como digo, suele ser un montaje lento (cuatro horas) y a veces lioso, por este motivo, lo mejor es que haya &#8220;un director de orquesta&#8221; para dirigir el concierto, que se pondr\u00e1 en el centro del lugar donde quedar\u00e1 instalada la tienda. Y ah\u00ed entraba yo, el de &#8220;Badaj\u00f3&#8221;, iba a ser el director de orquesta al ser el \u00fanico que hab\u00eda sobrevivido a estos arduos montajes y sin equivocaciones&#8230; Pero claro, hab\u00eda un problema, el idioma, o m\u00e1s bien los idiomas, entre los cinco habl\u00e1bamos groenland\u00e9s, ingl\u00e9s, dan\u00e9s y espa\u00f1ol, pero no todos habl\u00e1bamos uno en com\u00fan, excepto el groenland\u00e9s (kalaallisut) que lo hablaban los cuatro groenland\u00e9s. Estaba claro, o ellos aprend\u00edan ingl\u00e9s o espa\u00f1ol, o yo ten\u00eda que aprender kalaallisut&#8230;Pues bien, ya sab\u00e9is quienes ganaron si mir\u00e1is la fotograf\u00eda de la libreta.<\/p>\n<div id=\"attachment_2492\" style=\"width: 1034px\" class=\"wp-caption alignnone\"><a href=\"https:\/\/static-blogs.hoy.es\/wp-content\/uploads\/sites\/119\/2020\/05\/IMG_5145.jpg\"><img aria-describedby=\"caption-attachment-2492\" loading=\"lazy\" class=\"size-large wp-image-2492\" src=\"https:\/\/static-blogs.hoy.es\/wp-content\/uploads\/sites\/119\/2020\/05\/IMG_5145-1024x768.jpg\" alt=\"\" width=\"1024\" height=\"768\" srcset=\"https:\/\/static-blogs.hoy.es\/wp-content\/uploads\/sites\/119\/2020\/05\/IMG_5145-1024x768.jpg 1024w, https:\/\/static-blogs.hoy.es\/wp-content\/uploads\/sites\/119\/2020\/05\/IMG_5145-300x225.jpg 300w, https:\/\/static-blogs.hoy.es\/wp-content\/uploads\/sites\/119\/2020\/05\/IMG_5145-768x576.jpg 768w, https:\/\/static-blogs.hoy.es\/wp-content\/uploads\/sites\/119\/2020\/05\/IMG_5145.jpg 1383w\" sizes=\"(max-width: 1024px) 100vw, 1024px\" \/><\/a><p id=\"caption-attachment-2492\" class=\"wp-caption-text\"><span style=\"font-size: 10pt; color: #000080;\">En la mano el croquis y la libreta donde anot\u00e9 los nombres de los colores y los n\u00fameros en (<a href=\"https:\/\/glosbe.com\/en\/kl\" rel=\"external nofollow\">kalaallisut<\/a>) idioma groenland\u00e9s para montar esta liosa estructura. Esta gran tienda de campa\u00f1a se compone de una serie de tubos de metal diferenciados por colores y longitudes, unidos por tornillos a unos discos. Se necesita la ayuda de tres personas y su croquis de instalaci\u00f3n para poder montar esta tienda. Est\u00e1 especialmente dise\u00f1ada para soportar fuertes vientos, su nombre es domo.<\/span><\/p><\/div>\n<p>&nbsp;<\/p>\n<p><strong>PARA VER M\u00c1S DE MIS AVENTURAS HAZ CLIC EN ESTOS ENLACES<\/strong><\/p>\n<p><strong><a href=\"https:\/\/www.facebook.com\/JoseTrejo404\/\" rel=\"external nofollow\">Facebook<\/a><\/strong><\/p>\n<p><em><strong>Para ver m\u00e1s fotos de mis viajes, puedes seguirme en este link<\/strong><\/em><\/p>\n<p><strong><a href=\"https:\/\/www.instagram.com\/josetrejo404\/?hl=es\" rel=\"external nofollow\">Instagram<\/a>\u00a0<\/strong><\/p>\n<p><a href=\"https:\/\/www.google.es\/search?q=%23UnExtreme%C3%B1oEnEl%C3%81rtico&amp;tbm=isch&amp;tbo=u&amp;source=univ&amp;sa=X&amp;ved=0ahUKEwjk4__i8fzYAhUBWxQKHd2fCmUQsAQILQ&amp;biw=1366&amp;bih=637\" rel=\"external nofollow\">#UnExtreme\u00f1oEnEl\u00c1rtico<\/a>\u00a0<a href=\"https:\/\/www.instagram.com\/explore\/tags\/proyectobaikal2019\/?hl=es\" rel=\"external nofollow\">#ProyectoBaikal2019<\/a>\u00a0<a href=\"https:\/\/www.instagram.com\/explore\/tags\/aventurascentrowagen\/?hl=es\" rel=\"external nofollow\">#aventurascentrowagen<\/a><\/p>\n<p><strong><a href=\"https:\/\/www.youtube.com\/channel\/UCkc4QXSFBOd_zSPTrQ2RdXQ\" rel=\"external nofollow\">YouTube<\/a><\/strong><\/p>\n<p><strong>Contacto:<\/strong>\u00a0mad4041@gmail.com<\/p>\n","protected":false},"excerpt":{"rendered":"<p>En esta nueva entrada os cuento una graciosa an\u00e9cdota y el significado del t\u00edtulo de este post. &nbsp; Una de mis &#8220;pda&#8221;. Tuve que recurrir a los l\u00e1pices de grafito, ya que algunas de mis libretas se mojaron corri\u00e9ndose la tinta y perdiendo muchas importantes anotaciones. En la libreta de la imagen vemos algo de [&hellip;]<\/p>\n","protected":false},"author":142,"featured_media":2492,"comment_status":"open","ping_status":"closed","sticky":false,"template":"","format":"standard","meta":[],"categories":[1],"tags":[914,913,67,99,101,909,910,782,911],"_links":{"self":[{"href":"https:\/\/blogs.hoy.es\/un-extremeno-en-el-artico\/wp-json\/wp\/v2\/posts\/2483"}],"collection":[{"href":"https:\/\/blogs.hoy.es\/un-extremeno-en-el-artico\/wp-json\/wp\/v2\/posts"}],"about":[{"href":"https:\/\/blogs.hoy.es\/un-extremeno-en-el-artico\/wp-json\/wp\/v2\/types\/post"}],"author":[{"embeddable":true,"href":"https:\/\/blogs.hoy.es\/un-extremeno-en-el-artico\/wp-json\/wp\/v2\/users\/142"}],"replies":[{"embeddable":true,"href":"https:\/\/blogs.hoy.es\/un-extremeno-en-el-artico\/wp-json\/wp\/v2\/comments?post=2483"}],"version-history":[{"count":23,"href":"https:\/\/blogs.hoy.es\/un-extremeno-en-el-artico\/wp-json\/wp\/v2\/posts\/2483\/revisions"}],"predecessor-version":[{"id":2658,"href":"https:\/\/blogs.hoy.es\/un-extremeno-en-el-artico\/wp-json\/wp\/v2\/posts\/2483\/revisions\/2658"}],"wp:featuredmedia":[{"embeddable":true,"href":"https:\/\/blogs.hoy.es\/un-extremeno-en-el-artico\/wp-json\/wp\/v2\/media\/2492"}],"wp:attachment":[{"href":"https:\/\/blogs.hoy.es\/un-extremeno-en-el-artico\/wp-json\/wp\/v2\/media?parent=2483"}],"wp:term":[{"taxonomy":"category","embeddable":true,"href":"https:\/\/blogs.hoy.es\/un-extremeno-en-el-artico\/wp-json\/wp\/v2\/categories?post=2483"},{"taxonomy":"post_tag","embeddable":true,"href":"https:\/\/blogs.hoy.es\/un-extremeno-en-el-artico\/wp-json\/wp\/v2\/tags?post=2483"}],"curies":[{"name":"wp","href":"https:\/\/api.w.org\/{rel}","templated":true}]}}