{"id":2517,"date":"2020-06-04T19:20:11","date_gmt":"2020-06-04T17:20:11","guid":{"rendered":"http:\/\/blogs.hoy.es\/un-extremeno-en-el-artico\/?p=2517"},"modified":"2020-06-18T21:24:45","modified_gmt":"2020-06-18T19:24:45","slug":"el-fiordo-prins-christian-sund-la-puerta-de-groenlandia-2a-parte","status":"publish","type":"post","link":"https:\/\/blogs.hoy.es\/un-extremeno-en-el-artico\/2020\/06\/04\/el-fiordo-prins-christian-sund-la-puerta-de-groenlandia-2a-parte\/","title":{"rendered":"El fiordo Prins Christian Sund, la puerta de Groenlandia, 2\u00aa parte"},"content":{"rendered":"<p><strong><a href=\"https:\/\/blogs.hoy.es\/un-extremeno-en-el-artico\/2020\/05\/10\/prins-christian-sund-explorando-un-fiordo-pintoresco-1o-parte\/\">Prins Christian Sund, explorando un fiordo pintoresco, 1\u00ba parte<\/a>\u00a0<\/strong><\/p>\n<p>Continuando con la exploraci\u00f3n de este fiordo, aqu\u00ed os dejo la segunda parte, y como me gustar\u00eda aportar m\u00e1s detalles sobre este viaje, sigo preparando otra selecci\u00f3n de fotograf\u00edas para la tercera y \u00faltima parte.<\/p>\n<div id=\"attachment_2521\" style=\"width: 793px\" class=\"wp-caption alignnone\"><a href=\"https:\/\/static-blogs.hoy.es\/wp-content\/uploads\/sites\/119\/2020\/05\/1-1.jpg\"><img aria-describedby=\"caption-attachment-2521\" loading=\"lazy\" class=\" wp-image-2521\" src=\"https:\/\/static-blogs.hoy.es\/wp-content\/uploads\/sites\/119\/2020\/05\/1-1-300x158.jpg\" alt=\"\" width=\"783\" height=\"412\" srcset=\"https:\/\/static-blogs.hoy.es\/wp-content\/uploads\/sites\/119\/2020\/05\/1-1-300x158.jpg 300w, https:\/\/static-blogs.hoy.es\/wp-content\/uploads\/sites\/119\/2020\/05\/1-1-768x405.jpg 768w, https:\/\/static-blogs.hoy.es\/wp-content\/uploads\/sites\/119\/2020\/05\/1-1.jpg 1015w\" sizes=\"(max-width: 783px) 100vw, 783px\" \/><\/a><p id=\"caption-attachment-2521\" class=\"wp-caption-text\">Singladura completa de la exploraci\u00f3n. Mapa en Beta de NunaGis.<\/p><\/div>\n<div class=\"mceTemp\"><\/div>\n<p>Aappilattoq, como digo, es la aldea m\u00e1s remota que te puedes encontrar aqu\u00ed en el Sur, y es debido a su situaci\u00f3n geogr\u00e1fica, aislada, completamente aislada. Es pr\u00e1cticamente inaccesible v\u00eda terrestre por lo abrupto del terreno colindante.<\/p>\n<p>No s\u00e9 a qui\u00e9n se le ocurrir\u00eda la gran idea de asentarse ah\u00ed, es cierto que est\u00e1 al abrigo de los terribles vientos, pero, \u00bfde qu\u00e9 le sirve? incluso est\u00e1 buena parte del a\u00f1o imposible de alcanzar por barco debido a la mala mar por la cercan\u00eda al extremo sur.<\/p>\n<p><strong>\u00a0Puerta de entrada a Groenlandia<\/strong><\/p>\n<p>Ya en los a\u00f1os cincuenta una serie de pol\u00edticos de origen groenland\u00e9s entre los cuales se encontraba el que lleg\u00f3 a ser presidente de Groenlandia<a href=\"https:\/\/en.wikipedia.org\/wiki\/Augo_Lynge\" rel=\"external nofollow\">\u00a0Augo Lynge<\/a>\u00a0, buscaban la manera de potenciar los olvidados y empobrecidos territorios de la complicada costa del Sur. Estos peque\u00f1os asentamientos hab\u00edan sufrido una gran recesi\u00f3n por el colapso de la pesca, arruin\u00e1ndose al invertir en nuevas casas tra\u00eddas de Dinamarca.<\/p>\n<p>Una comisi\u00f3n encabezada con Augo Lynge trataba de establecer nuevas rutas de comercio para los grandes buques de mercanc\u00edas que necesitaba la isla. Las dudas eran claras, c\u00f3mo establecer un itinerario de acceso cerca de la costa con la banquisa de temporada bloqueando todo el extremo sur.<\/p>\n<p>Hab\u00eda dos opciones: rodear el peligroso <a href=\"https:\/\/blogs.hoy.es\/un-extremeno-en-el-artico\/2018\/05\/08\/cabo-de-farewell-el-infame-cabo-del-adios-primera-parte\/\">cabo de Farewell<\/a> o acceder por el fiordo de Prins Christan Sund.<\/p>\n<p>La duda se resolver\u00eda pocos a\u00f1os despu\u00e9s debido a una fatal coincidencia, el hundimiento por impacto contra un iceberg del buque\u00a0 <a href=\"https:\/\/en.wikipedia.org\/wiki\/MS_Hans_Hedtoft\" rel=\"external nofollow\">Hans Hedtoft<\/a>. Fue el mejor barco de la marina danesa fabricado hasta la fecha, donde desapareci\u00f3 todo el pasaje (95 personas entre tripulantes y pasajeros) incluido el propio Augo Lynge. Debido a aquel accidente, el gobierno dan\u00e9s estableci\u00f3 al final una v\u00eda mar\u00edtima de acceso a trav\u00e9s del fiordo de Prins Christian Sund.<\/p>\n<p>En la actualidad, sigue siendo la v\u00eda m\u00e1s segura de entrada a Groenlandia a fin de evitar los peligros del cabo de Farewell. <em>Fuente Museo de Nanortalik, recortes de prensa del suceso.<\/em><\/p>\n<p>&nbsp;<\/p>\n<div id=\"attachment_2530\" style=\"width: 810px\" class=\"wp-caption alignnone\"><a href=\"https:\/\/static-blogs.hoy.es\/wp-content\/uploads\/sites\/119\/2020\/06\/2.jpg\"><img aria-describedby=\"caption-attachment-2530\" loading=\"lazy\" class=\" wp-image-2530\" src=\"https:\/\/static-blogs.hoy.es\/wp-content\/uploads\/sites\/119\/2020\/06\/2-300x200.jpg\" alt=\"\" width=\"800\" height=\"533\" srcset=\"https:\/\/static-blogs.hoy.es\/wp-content\/uploads\/sites\/119\/2020\/06\/2-300x200.jpg 300w, https:\/\/static-blogs.hoy.es\/wp-content\/uploads\/sites\/119\/2020\/06\/2.jpg 768w\" sizes=\"(max-width: 800px) 100vw, 800px\" \/><\/a><p id=\"caption-attachment-2530\" class=\"wp-caption-text\">Pilersuisoq es el nombre de la cadena de s\u00fapermercados de origen groenland\u00e9s. De las dos cadenas de supremercados que hay, es la que mejores precios se pueden encontrar dentro de lo cara que es la vida en Groenlandia. En ellos se puede adquirir: alimentos, ferreter\u00eda, mercer\u00eda, ropa, complementos, oficina postal, banco y armer\u00eda.<\/p><\/div>\n<p><strong>El tiempo nos acompa\u00f1a esta vez<\/strong><\/p>\n<p>Muchos han sido los intentos por llegar a esta peque\u00f1a aldea perdida entre estas enormes masas rocosas, y siempre que lo hemos conseguido ha sido apurando los l\u00edmites de la seguridad, pero esta vez el tiempo fue un buen compa\u00f1ero de viaje. Apenas hac\u00eda fr\u00edo, la niebla se disolvi\u00f3 al amanecer, era mediod\u00eda y el viento, nuestro peor enemigo, se fue desvaneciendo conforme nos adentramos por este abrupto fiordo.<\/p>\n<p>&nbsp;<\/p>\n<div id=\"attachment_2532\" style=\"width: 721px\" class=\"wp-caption alignnone\"><a href=\"https:\/\/static-blogs.hoy.es\/wp-content\/uploads\/sites\/119\/2020\/06\/DSC04926.jpg\"><img aria-describedby=\"caption-attachment-2532\" loading=\"lazy\" class=\" wp-image-2532\" src=\"https:\/\/static-blogs.hoy.es\/wp-content\/uploads\/sites\/119\/2020\/06\/DSC04926-300x200.jpg\" alt=\"\" width=\"711\" height=\"474\" srcset=\"https:\/\/static-blogs.hoy.es\/wp-content\/uploads\/sites\/119\/2020\/06\/DSC04926-300x200.jpg 300w, https:\/\/static-blogs.hoy.es\/wp-content\/uploads\/sites\/119\/2020\/06\/DSC04926-768x513.jpg 768w, https:\/\/static-blogs.hoy.es\/wp-content\/uploads\/sites\/119\/2020\/06\/DSC04926.jpg 800w\" sizes=\"(max-width: 711px) 100vw, 711px\" \/><\/a><p id=\"caption-attachment-2532\" class=\"wp-caption-text\">Un glaciar cae en vertical al fiordo, es el primer glaciar que se encuentra en nuestra ruta. En la carta n\u00e1utica se\u00f1ala que es un buen fondeadero al abrigo de los vientos. Este detalle hay que tenerlo siempre en cuenta, debido a la inestabilidad de la zona.<\/p><\/div>\n<p>&nbsp;<\/p>\n<p><strong>Colecci\u00f3n de frentes glaciares<\/strong><\/p>\n<p>\u00a1Hasta nueve! Nueve frentes glaciares se encuentran a lo largo de la orilla norte, todos procedentes del extremo m\u00e1s al sur del casquete polar. En la parte de donde venimos el verano ha deshecho buena parte de las nieves, solamente quedan los usuales neveros de las umbr\u00edas faldas de las monta\u00f1as. Pero aqu\u00ed es muy distinto, esta zona est\u00e1 bajo la influencia de la corriente fr\u00eda que proviene de la barrera de hielo cerca del Polo Norte. Hay nieve incluso en las peque\u00f1as playas. Playas de arena de sedimentos que han dejado las decenas de cascadas que bajan por las laderas de los r\u00edos subglaciares.<\/p>\n<p>El primer frente glaciar que nos topamos es al doblar un cabo. Al abrigo de una peque\u00f1a ensenada, una gran lengua de hielo baja de forma vertical desde m\u00e1s de un kil\u00f3metro de altura. Una cascada fluye encajonada entre la pared de la pulida roca y el hielo, que deja un potente y rugiente chorro de agua efervescente que se mezcla con una \u201csopa de hielo\u201d.<\/p>\n<p>&nbsp;<\/p>\n<div id=\"attachment_2534\" style=\"width: 810px\" class=\"wp-caption alignnone\"><a href=\"https:\/\/static-blogs.hoy.es\/wp-content\/uploads\/sites\/119\/2020\/06\/DSC04982.jpg\"><img aria-describedby=\"caption-attachment-2534\" loading=\"lazy\" class=\" wp-image-2534\" src=\"https:\/\/static-blogs.hoy.es\/wp-content\/uploads\/sites\/119\/2020\/06\/DSC04982-300x200.jpg\" alt=\"\" width=\"800\" height=\"533\" srcset=\"https:\/\/static-blogs.hoy.es\/wp-content\/uploads\/sites\/119\/2020\/06\/DSC04982-300x200.jpg 300w, https:\/\/static-blogs.hoy.es\/wp-content\/uploads\/sites\/119\/2020\/06\/DSC04982-768x512.jpg 768w, https:\/\/static-blogs.hoy.es\/wp-content\/uploads\/sites\/119\/2020\/06\/DSC04982.jpg 900w\" sizes=\"(max-width: 800px) 100vw, 800px\" \/><\/a><p id=\"caption-attachment-2534\" class=\"wp-caption-text\">Este fiordo es conocido como la puerta de entrada de Groenlandia. El crucero Deutzchland Nassau se adentra en la parte m\u00e1s angosta (500 metros de anchura) del fiordo Prins Christian Sund.<\/p><\/div>\n<p><strong>Crucero a lo lejos<\/strong><\/p>\n<p>El servicio meteorol\u00f3gico dan\u00e9s <a href=\"https:\/\/www.dmi.dk\/hav-og-is\/temaforside-den-groenlandske-istjeneste\/\" rel=\"external nofollow\">DMI<\/a> cuelga en su web el estado de la mar, y muy especialmente los movimientos de la <a href=\"https:\/\/es.wikipedia.org\/wiki\/Banquisa\" rel=\"external nofollow\">banquisa de hielo<\/a> en la costa. <em>Fuente <a href=\"https:\/\/www.dmi.dk\/\" rel=\"external nofollow\">dmi.dk<\/a><\/em><\/p>\n<p>A principios de primavera grandes superficies de hielo se sueltan de la helada costa Nordeste que son transportados por la corriente fr\u00eda que discurre de norte a sur, por el llamado canal de Dinamarca (zona comprendida entre la costa Este groenlandesa y la isla de Islandia), derivando hacia la entrada de los fiordos. Esas grandes superficies bloquean durante meses esta v\u00eda mar\u00edtima hasta principios de julio.<\/p>\n<p>A finales de julio, cuando la costa est\u00e1 libre de hielo, ya se dejan ver los primeros grandes buques. Una de estas enormes ciudades flotantes es el <a href=\"https:\/\/www.hollandamerica.com\/es_ES\/cruise-ships\/ms-zuiderdam\/4.html\" rel=\"external nofollow\">Zuiderdam<\/a> de la compa\u00f1\u00eda <a href=\"https:\/\/en.wikipedia.org\/wiki\/Holland_America_Line\" rel=\"external nofollow\">Holland America Line<\/a>.<\/p>\n<div id=\"attachment_2562\" style=\"width: 774px\" class=\"wp-caption alignnone\"><a href=\"https:\/\/static-blogs.hoy.es\/wp-content\/uploads\/sites\/119\/2020\/06\/DSC04427a.jpg\"><img aria-describedby=\"caption-attachment-2562\" loading=\"lazy\" class=\" wp-image-2562\" src=\"https:\/\/static-blogs.hoy.es\/wp-content\/uploads\/sites\/119\/2020\/06\/DSC04427a-300x196.jpg\" alt=\"\" width=\"764\" height=\"499\" srcset=\"https:\/\/static-blogs.hoy.es\/wp-content\/uploads\/sites\/119\/2020\/06\/DSC04427a-300x196.jpg 300w, https:\/\/static-blogs.hoy.es\/wp-content\/uploads\/sites\/119\/2020\/06\/DSC04427a-768x501.jpg 768w, https:\/\/static-blogs.hoy.es\/wp-content\/uploads\/sites\/119\/2020\/06\/DSC04427a.jpg 900w\" sizes=\"(max-width: 764px) 100vw, 764px\" \/><\/a><p id=\"caption-attachment-2562\" class=\"wp-caption-text\">El Zuiderdam de la compa\u00f1\u00eda <a href=\"https:\/\/www.hollandamerica.com\/es_ES.html\" rel=\"external nofollow\">Holland American Line<\/a>\u00a0, fondeado en la bah\u00eda de Nanortalik. Es un viejo conocido, todos los a\u00f1os lo veo en esta bah\u00eda procedente de Europa.<\/p><\/div>\n<p>Durante la singladura por este fiordo, los buques tienen la obligatoriedad de aminorar su marcha extremando la precauci\u00f3n\u00a0 por los peligrosos icebergs que vagan a la deriva. Otro peligro al que se enfrenta cualquier embarcaci\u00f3n son los pasos angostos donde las corrientes de agua se aceleran por el efecto de las mareas. Este fiordo es famoso por tener uno de esos estrechamientos. El paso de Qornop, lleg\u00e1ndose \u00a0a estrechar el fiordo hasta 500 metros de orilla a orilla.<\/p>\n<p>______________________________________________________________________________<\/p>\n<p>A lo lejos vemos un crucero, como siempre, a pesar del tama\u00f1o del buque, r\u00e1pidamente queda empeque\u00f1ecido por las laderas de las monta\u00f1as que caen hasta el agua.<\/p>\n<p>No me acabo de acostumbrar a dimensionar las cosas en este paisaje. A pesar de los a\u00f1os que llevo, si no las comparo con algo familiar, no me termino de dar cuenta de lo grande que es todo aqu\u00ed. Normalmente resulta m\u00e1s f\u00e1cil si se compara con alguna infraestructura o creaci\u00f3n humana, como una carretera, una l\u00ednea de postes telegr\u00e1ficos, una casa, etc.<\/p>\n<p>El crucero que navega con el rumbo contrario al nuestro, est\u00e1 pasando \u201ccerca\u201d de un iceberg. Comparando la dimensi\u00f3n de la mole helada con el buque, la altura de este queda igualada con la altura de la cubierta principal del buque. Momentos despu\u00e9s pasar\u00edamos cerca del transatl\u00e1ntico, d\u00e1ndonos cuenta de la verdadera magnitud del iceberg.<\/p>\n<div id=\"attachment_2536\" style=\"width: 810px\" class=\"wp-caption alignnone\"><a href=\"https:\/\/static-blogs.hoy.es\/wp-content\/uploads\/sites\/119\/2020\/06\/DSC05042.jpg\"><img aria-describedby=\"caption-attachment-2536\" loading=\"lazy\" class=\" wp-image-2536\" src=\"https:\/\/static-blogs.hoy.es\/wp-content\/uploads\/sites\/119\/2020\/06\/DSC05042-300x200.jpg\" alt=\"\" width=\"800\" height=\"533\" srcset=\"https:\/\/static-blogs.hoy.es\/wp-content\/uploads\/sites\/119\/2020\/06\/DSC05042-300x200.jpg 300w, https:\/\/static-blogs.hoy.es\/wp-content\/uploads\/sites\/119\/2020\/06\/DSC05042-768x512.jpg 768w, https:\/\/static-blogs.hoy.es\/wp-content\/uploads\/sites\/119\/2020\/06\/DSC05042.jpg 900w\" sizes=\"(max-width: 800px) 100vw, 800px\" \/><\/a><p id=\"caption-attachment-2536\" class=\"wp-caption-text\">La orilla norte est\u00e1 m\u00e1s erosionada por el empuje del casquete polar. Sobre este lado del fiordo se deslizan los nueve frentes glaciares. En cada recodo aparece una gran cascada de agua creando peque\u00f1as playas por el sedimento acumulado desde hace miles de a\u00f1os.<\/p><\/div>\n<p>&nbsp;<\/p>\n<div id=\"attachment_2538\" style=\"width: 799px\" class=\"wp-caption alignnone\"><a href=\"https:\/\/static-blogs.hoy.es\/wp-content\/uploads\/sites\/119\/2020\/06\/DSC05069.jpg\"><img aria-describedby=\"caption-attachment-2538\" loading=\"lazy\" class=\" wp-image-2538\" src=\"https:\/\/static-blogs.hoy.es\/wp-content\/uploads\/sites\/119\/2020\/06\/DSC05069-300x200.jpg\" alt=\"\" width=\"789\" height=\"526\" srcset=\"https:\/\/static-blogs.hoy.es\/wp-content\/uploads\/sites\/119\/2020\/06\/DSC05069-300x200.jpg 300w, https:\/\/static-blogs.hoy.es\/wp-content\/uploads\/sites\/119\/2020\/06\/DSC05069-768x512.jpg 768w, https:\/\/static-blogs.hoy.es\/wp-content\/uploads\/sites\/119\/2020\/06\/DSC05069.jpg 900w\" sizes=\"(max-width: 789px) 100vw, 789px\" \/><\/a><p id=\"caption-attachment-2538\" class=\"wp-caption-text\">En este fiordo se pueden ver una gama de diferentes de frentes glaciares. Este es segundo un glaciar colgante que vemos. Impresiona ver desde donde cae \u00a11120 metros de altura!<\/p><\/div>\n<p>&nbsp;<\/p>\n<p><strong>Deseosos por llegar a la estaci\u00f3n de radio<\/strong><\/p>\n<p>Seguimos hacia delante cerca de la orilla norte, ya que, como vemos en la carta n\u00e1utica, tiene los accidentes geogr\u00e1ficos m\u00e1s interesantes.<\/p>\n<p>En el siguiente fiordo hicimos una parada y como no, otros dos frentes glaciares nos aguardaban para ser admirados. Mientras tanto, desenroll\u00e9 la carta n\u00e1utica que llev\u00e1bamos guardada cuidadosamente en un cartucho de cart\u00f3n y envuelta en pl\u00e1stico y se la pas\u00e9 a Ram\u00f3n. Esta carta es como un talism\u00e1n para JJ y para m\u00ed, muchas noches mientras cen\u00e1bamos, la observ\u00e1bamos colgada en la pared de casa so\u00f1ando con este d\u00eda.<\/p>\n<p>Ahora desplegada estaba viva. Como siempre, cada vez que abr\u00edamos un mapa o carta n\u00e1utica, nos qued\u00e1bamos embelesados estudiando los detalles contenidos en aquel papel a fin de comparar lo que fuimos viendo durante el viaje y, tambi\u00e9n, las referencias que nos encontr\u00e1semos m\u00e1s adelante.<\/p>\n<div id=\"attachment_2563\" style=\"width: 765px\" class=\"wp-caption alignnone\"><a href=\"https:\/\/static-blogs.hoy.es\/wp-content\/uploads\/sites\/119\/2020\/06\/DSC05248.jpg\"><img aria-describedby=\"caption-attachment-2563\" loading=\"lazy\" class=\" wp-image-2563\" src=\"https:\/\/static-blogs.hoy.es\/wp-content\/uploads\/sites\/119\/2020\/06\/DSC05248-300x200.jpg\" alt=\"\" width=\"755\" height=\"503\" srcset=\"https:\/\/static-blogs.hoy.es\/wp-content\/uploads\/sites\/119\/2020\/06\/DSC05248-300x200.jpg 300w, https:\/\/static-blogs.hoy.es\/wp-content\/uploads\/sites\/119\/2020\/06\/DSC05248-768x512.jpg 768w, https:\/\/static-blogs.hoy.es\/wp-content\/uploads\/sites\/119\/2020\/06\/DSC05248.jpg 900w\" sizes=\"(max-width: 755px) 100vw, 755px\" \/><\/a><p id=\"caption-attachment-2563\" class=\"wp-caption-text\">Hielo de glaciar \u00a1dur\u00edsimo! hay que tener cuidado a la hora de incarle el diente&#8230;<\/p><\/div>\n<p>Pero antes de seguir, hacemos otro peque\u00f1o alto en el camino en una \u201csopa de hielo\u201d (corriente de agua que transporta hielo granizado), para tomar un pedazo grande y refrescarnos con su agua.<\/p>\n<div id=\"attachment_2540\" style=\"width: 810px\" class=\"wp-caption alignnone\"><a href=\"https:\/\/static-blogs.hoy.es\/wp-content\/uploads\/sites\/119\/2020\/06\/DSC05070.jpg\"><img aria-describedby=\"caption-attachment-2540\" loading=\"lazy\" class=\" wp-image-2540\" src=\"https:\/\/static-blogs.hoy.es\/wp-content\/uploads\/sites\/119\/2020\/06\/DSC05070-300x200.jpg\" alt=\"\" width=\"800\" height=\"533\" srcset=\"https:\/\/static-blogs.hoy.es\/wp-content\/uploads\/sites\/119\/2020\/06\/DSC05070-300x200.jpg 300w, https:\/\/static-blogs.hoy.es\/wp-content\/uploads\/sites\/119\/2020\/06\/DSC05070-768x512.jpg 768w, https:\/\/static-blogs.hoy.es\/wp-content\/uploads\/sites\/119\/2020\/06\/DSC05070.jpg 900w\" sizes=\"(max-width: 800px) 100vw, 800px\" \/><\/a><p id=\"caption-attachment-2540\" class=\"wp-caption-text\">Enorme lengua de hielo con un frente flotante de unos 40 metros de altura sobre el nivel del mar. A este tipo de frentes se denominan <a href=\"https:\/\/en.wikipedia.org\/wiki\/Ice_calving\" rel=\"external nofollow\">calving<\/a>.<\/p><\/div>\n<p>&nbsp;<\/p>\n<div id=\"attachment_2542\" style=\"width: 810px\" class=\"wp-caption alignnone\"><a href=\"https:\/\/static-blogs.hoy.es\/wp-content\/uploads\/sites\/119\/2020\/06\/DSC05082.jpg\"><img aria-describedby=\"caption-attachment-2542\" loading=\"lazy\" class=\" wp-image-2542\" src=\"https:\/\/static-blogs.hoy.es\/wp-content\/uploads\/sites\/119\/2020\/06\/DSC05082-300x200.jpg\" alt=\"\" width=\"800\" height=\"533\" srcset=\"https:\/\/static-blogs.hoy.es\/wp-content\/uploads\/sites\/119\/2020\/06\/DSC05082-300x200.jpg 300w, https:\/\/static-blogs.hoy.es\/wp-content\/uploads\/sites\/119\/2020\/06\/DSC05082-768x512.jpg 768w, https:\/\/static-blogs.hoy.es\/wp-content\/uploads\/sites\/119\/2020\/06\/DSC05082.jpg 900w\" sizes=\"(max-width: 800px) 100vw, 800px\" \/><\/a><p id=\"caption-attachment-2542\" class=\"wp-caption-text\">JJ mira atentamente las indicaciones de Jorge. Nos encontramos en un &#8220;peque\u00f1o&#8221; fiordo rodeado por dos lenguas de hielo.<\/p><\/div>\n<p>&nbsp;<\/p>\n<div id=\"attachment_2544\" style=\"width: 810px\" class=\"wp-caption alignnone\"><a href=\"https:\/\/static-blogs.hoy.es\/wp-content\/uploads\/sites\/119\/2020\/06\/DSC05103.jpg\"><img aria-describedby=\"caption-attachment-2544\" loading=\"lazy\" class=\" wp-image-2544\" src=\"https:\/\/static-blogs.hoy.es\/wp-content\/uploads\/sites\/119\/2020\/06\/DSC05103-300x200.jpg\" alt=\"\" width=\"800\" height=\"533\" srcset=\"https:\/\/static-blogs.hoy.es\/wp-content\/uploads\/sites\/119\/2020\/06\/DSC05103-300x200.jpg 300w, https:\/\/static-blogs.hoy.es\/wp-content\/uploads\/sites\/119\/2020\/06\/DSC05103.jpg 768w\" sizes=\"(max-width: 800px) 100vw, 800px\" \/><\/a><p id=\"caption-attachment-2544\" class=\"wp-caption-text\">Parada para hacer un picnic y admirar los alrededores dentro de este fiordo sin nombre. Ram\u00f3n mide distancias sobre la carta n\u00e1utica.<\/p><\/div>\n<p>&nbsp;<\/p>\n<div id=\"attachment_2546\" style=\"width: 810px\" class=\"wp-caption alignnone\"><a href=\"https:\/\/static-blogs.hoy.es\/wp-content\/uploads\/sites\/119\/2020\/06\/DSC05162.jpg\"><img aria-describedby=\"caption-attachment-2546\" loading=\"lazy\" class=\" wp-image-2546\" src=\"https:\/\/static-blogs.hoy.es\/wp-content\/uploads\/sites\/119\/2020\/06\/DSC05162-300x200.jpg\" alt=\"\" width=\"800\" height=\"533\" srcset=\"https:\/\/static-blogs.hoy.es\/wp-content\/uploads\/sites\/119\/2020\/06\/DSC05162-300x200.jpg 300w, https:\/\/static-blogs.hoy.es\/wp-content\/uploads\/sites\/119\/2020\/06\/DSC05162-768x512.jpg 768w, https:\/\/static-blogs.hoy.es\/wp-content\/uploads\/sites\/119\/2020\/06\/DSC05162.jpg 900w\" sizes=\"(max-width: 800px) 100vw, 800px\" \/><\/a><p id=\"caption-attachment-2546\" class=\"wp-caption-text\">Comparaci\u00f3n del entorno con un buque de 100 metros de eslora.<\/p><\/div>\n<p>&nbsp;<\/p>\n<div id=\"attachment_2547\" style=\"width: 810px\" class=\"wp-caption alignnone\"><a href=\"https:\/\/static-blogs.hoy.es\/wp-content\/uploads\/sites\/119\/2020\/06\/DSC05210.jpg\"><img aria-describedby=\"caption-attachment-2547\" loading=\"lazy\" class=\" wp-image-2547\" src=\"https:\/\/static-blogs.hoy.es\/wp-content\/uploads\/sites\/119\/2020\/06\/DSC05210-300x200.jpg\" alt=\"\" width=\"800\" height=\"533\" srcset=\"https:\/\/static-blogs.hoy.es\/wp-content\/uploads\/sites\/119\/2020\/06\/DSC05210-300x200.jpg 300w, https:\/\/static-blogs.hoy.es\/wp-content\/uploads\/sites\/119\/2020\/06\/DSC05210-768x512.jpg 768w, https:\/\/static-blogs.hoy.es\/wp-content\/uploads\/sites\/119\/2020\/06\/DSC05210.jpg 900w\" sizes=\"(max-width: 800px) 100vw, 800px\" \/><\/a><p id=\"caption-attachment-2547\" class=\"wp-caption-text\">Somos unos afortunados al ver tanta belleza natural a lo largo de las 60 millas de longitud de este fiordo.<\/p><\/div>\n<p>&nbsp;<\/p>\n<p>&nbsp;<\/p>\n<div id=\"attachment_2548\" style=\"width: 810px\" class=\"wp-caption alignnone\"><a href=\"https:\/\/static-blogs.hoy.es\/wp-content\/uploads\/sites\/119\/2020\/06\/x.jpg\"><img aria-describedby=\"caption-attachment-2548\" loading=\"lazy\" class=\" wp-image-2548\" src=\"https:\/\/static-blogs.hoy.es\/wp-content\/uploads\/sites\/119\/2020\/06\/x-300x225.jpg\" alt=\"\" width=\"800\" height=\"600\" srcset=\"https:\/\/static-blogs.hoy.es\/wp-content\/uploads\/sites\/119\/2020\/06\/x-300x225.jpg 300w, https:\/\/static-blogs.hoy.es\/wp-content\/uploads\/sites\/119\/2020\/06\/x-768x577.jpg 768w, https:\/\/static-blogs.hoy.es\/wp-content\/uploads\/sites\/119\/2020\/06\/x.jpg 900w\" sizes=\"(max-width: 800px) 100vw, 800px\" \/><\/a><p id=\"caption-attachment-2548\" class=\"wp-caption-text\">Mapa del itinerario desde <a href=\"https:\/\/es.wikipedia.org\/wiki\/Aappilattoq_(Kujalleq)\" rel=\"external nofollow\">Aappilattoq<\/a> hasta la costa Este, pasando por la estaci\u00f3n de radio Bluie East One. Los rect\u00e1ngulos marcan las paradas que realizamos durante la traves\u00eda.<\/p><\/div>\n<p><strong>Un horizonte infinito por nuestra proa<\/strong><\/p>\n<p>Conforme vamos avanzando, la silueta de las monta\u00f1as se va suavizando, es un indicativo de que nos aproximamos a la costa.<\/p>\n<p>JJ mira la pantalla del gps y se\u00f1ala con la mano una direcci\u00f3n hacia la derecha, es la estaci\u00f3n de radio, da un golpe de tim\u00f3n del Avannaq y pone rumbo directo para cruzar en diagonal todo el ancho del fiordo. Ensimismado fui correteando por la cubierta del Avannaq buscando el mejor \u00e1ngulo para la siguiente secuencia de disparos con mi c\u00e1mara, al levantar la vista \u00a1all\u00ed estaba! la l\u00ednea del horizonte sobre el Oc\u00e9ano Atl\u00e1ntico Norte.<\/p>\n<p>Continuar\u00e1\u2026 <strong>\u201c Prins Christian Sund, la estaci\u00f3n meteorol\u00f3gica Bluie East One, 3\u00aa parte\u201d<\/strong><\/p>\n<p>_______________________________________________________________________________<\/p>\n<p><strong><span style=\"font-size: 14pt;\">Gracias al apoyo y colaboraci\u00f3n de:<\/span><\/strong><\/p>\n<p><strong>Fuentes de informaci\u00f3n<\/strong>: Del museo de Nanortalik, peri\u00f3dicos originales sobre el hundimiento del buque Hans Heastof.<\/p>\n<p>Gracias por la ayuda de mis amigos del museo de Nanortalik: Klaus Jakobsen, David christoffersen<\/p>\n<p><strong>Entrevistas<\/strong>:<\/p>\n<p><em>Otto Frederiksen <\/em>(recientemente fallecido) hijo de uno de los desaparecidos en el accidente naval.<\/p>\n<p><em> Jorgen S.<\/em> t\u00e9cnico de mantenimiento durante 12 a\u00f1os de instalaciones meteorol\u00f3gicas y radio en varias estaciones en Groenlandia, entre ellas, la de\u00a0<em>Bluie East One <\/em>situada en el\u00a0 fiordo de <em>Prins Christian Sund.<\/em><\/p>\n<p><strong>Traducciones<\/strong> del dan\u00e9s y groenland\u00e9s a ingl\u00e9s y espa\u00f1ol por\u00a0<em>Jens Jacob<\/em>.<\/p>\n<p><strong>Cartograf\u00eda en papel<\/strong> de Saga maps (Qaqortoq Julianehab, Uummannarsuaq Kap Farvel)<\/p>\n<p><strong>Log\u00edstica<\/strong><\/p>\n<p><b>@Tierras Polares_viajes y expediciones<\/b><\/p>\n<p><strong><a href=\"https:\/\/tasermiutgreenland.com\/\" rel=\"external nofollow\">Tasermiut South Greenland Expeditions<\/a><\/strong><\/p>\n<hr \/>\n<p><strong>PARA VER M\u00c1S DE MIS AVENTURAS HAZ CLIC EN ESTOS ENLACES<\/strong><\/p>\n<p><strong><a href=\"https:\/\/www.facebook.com\/JoseTrejo404\/\" rel=\"external nofollow\">Facebook<\/a><\/strong><\/p>\n<p><em><strong>Para ver m\u00e1s fotos de mis viajes, puedes seguirme en este link<\/strong><\/em><\/p>\n<p><strong><a href=\"https:\/\/www.instagram.com\/josetrejo404\/?hl=es\" rel=\"external nofollow\">Instagram<\/a>\u00a0<\/strong><\/p>\n<p><a href=\"https:\/\/www.google.es\/search?q=%23UnExtreme%C3%B1oEnEl%C3%81rtico&amp;tbm=isch&amp;tbo=u&amp;source=univ&amp;sa=X&amp;ved=0ahUKEwjk4__i8fzYAhUBWxQKHd2fCmUQsAQILQ&amp;biw=1366&amp;bih=637\" rel=\"external nofollow\">#UnExtreme\u00f1oEnEl\u00c1rtico<\/a>\u00a0<a href=\"https:\/\/www.instagram.com\/explore\/tags\/proyectobaikal2019\/?hl=es\" rel=\"external nofollow\">#ProyectoBaikal2019<\/a>\u00a0<a href=\"https:\/\/www.instagram.com\/explore\/tags\/aventurascentrowagen\/?hl=es\" rel=\"external nofollow\">#aventurascentrowagen<\/a><\/p>\n<p><strong><a href=\"https:\/\/www.youtube.com\/channel\/UCkc4QXSFBOd_zSPTrQ2RdXQ\" rel=\"external nofollow\">YouTube<\/a><\/strong><\/p>\n<p><strong>Contacto:<\/strong>\u00a0mad4041@gmail.com<\/p>\n","protected":false},"excerpt":{"rendered":"<p>Prins Christian Sund, explorando un fiordo pintoresco, 1\u00ba parte\u00a0 Continuando con la exploraci\u00f3n de este fiordo, aqu\u00ed os dejo la segunda parte, y como me gustar\u00eda aportar m\u00e1s detalles sobre este viaje, sigo preparando otra selecci\u00f3n de fotograf\u00edas para la tercera y \u00faltima parte. Aappilattoq, como digo, es la aldea m\u00e1s remota que te puedes [&hellip;]<\/p>\n","protected":false},"author":142,"featured_media":2534,"comment_status":"open","ping_status":"closed","sticky":false,"template":"","format":"standard","meta":[],"categories":[1],"tags":[450,14,918,919,80,82,916,94,101,523,107,917,921,915,214,216,920],"_links":{"self":[{"href":"https:\/\/blogs.hoy.es\/un-extremeno-en-el-artico\/wp-json\/wp\/v2\/posts\/2517"}],"collection":[{"href":"https:\/\/blogs.hoy.es\/un-extremeno-en-el-artico\/wp-json\/wp\/v2\/posts"}],"about":[{"href":"https:\/\/blogs.hoy.es\/un-extremeno-en-el-artico\/wp-json\/wp\/v2\/types\/post"}],"author":[{"embeddable":true,"href":"https:\/\/blogs.hoy.es\/un-extremeno-en-el-artico\/wp-json\/wp\/v2\/users\/142"}],"replies":[{"embeddable":true,"href":"https:\/\/blogs.hoy.es\/un-extremeno-en-el-artico\/wp-json\/wp\/v2\/comments?post=2517"}],"version-history":[{"count":34,"href":"https:\/\/blogs.hoy.es\/un-extremeno-en-el-artico\/wp-json\/wp\/v2\/posts\/2517\/revisions"}],"predecessor-version":[{"id":2659,"href":"https:\/\/blogs.hoy.es\/un-extremeno-en-el-artico\/wp-json\/wp\/v2\/posts\/2517\/revisions\/2659"}],"wp:featuredmedia":[{"embeddable":true,"href":"https:\/\/blogs.hoy.es\/un-extremeno-en-el-artico\/wp-json\/wp\/v2\/media\/2534"}],"wp:attachment":[{"href":"https:\/\/blogs.hoy.es\/un-extremeno-en-el-artico\/wp-json\/wp\/v2\/media?parent=2517"}],"wp:term":[{"taxonomy":"category","embeddable":true,"href":"https:\/\/blogs.hoy.es\/un-extremeno-en-el-artico\/wp-json\/wp\/v2\/categories?post=2517"},{"taxonomy":"post_tag","embeddable":true,"href":"https:\/\/blogs.hoy.es\/un-extremeno-en-el-artico\/wp-json\/wp\/v2\/tags?post=2517"}],"curies":[{"name":"wp","href":"https:\/\/api.w.org\/{rel}","templated":true}]}}