{"id":2573,"date":"2020-06-10T00:41:51","date_gmt":"2020-06-09T22:41:51","guid":{"rendered":"http:\/\/blogs.hoy.es\/un-extremeno-en-el-artico\/?p=2573"},"modified":"2020-06-18T21:30:42","modified_gmt":"2020-06-18T19:30:42","slug":"sol-de-media-noche","status":"publish","type":"post","link":"https:\/\/blogs.hoy.es\/un-extremeno-en-el-artico\/2020\/06\/10\/sol-de-media-noche\/","title":{"rendered":"Sol de media noche"},"content":{"rendered":"<p>Los antiguos esquimales al ver la decoraci\u00f3n de las casas de los primeros misioneros europeos (1721) denominaron a aquel arte, con una palabra,\u00a0<strong><em>eqqumiitsuliaq<\/em>\u00a0<\/strong>y su significado fue &#8216;cosas extra\u00f1as que hacen otros&#8217;.<\/p>\n<div id=\"attachment_2574\" style=\"width: 789px\" class=\"wp-caption alignnone\"><a href=\"https:\/\/static-blogs.hoy.es\/wp-content\/uploads\/sites\/119\/2020\/06\/P7130043-copia.jpg\"><img aria-describedby=\"caption-attachment-2574\" loading=\"lazy\" class=\" wp-image-2574\" src=\"https:\/\/static-blogs.hoy.es\/wp-content\/uploads\/sites\/119\/2020\/06\/P7130043-copia-300x203.jpg\" alt=\"\" width=\"779\" height=\"527\" srcset=\"https:\/\/static-blogs.hoy.es\/wp-content\/uploads\/sites\/119\/2020\/06\/P7130043-copia-300x203.jpg 300w, https:\/\/static-blogs.hoy.es\/wp-content\/uploads\/sites\/119\/2020\/06\/P7130043-copia-768x521.jpg 768w, https:\/\/static-blogs.hoy.es\/wp-content\/uploads\/sites\/119\/2020\/06\/P7130043-copia.jpg 900w\" sizes=\"(max-width: 779px) 100vw, 779px\" \/><\/a><p id=\"caption-attachment-2574\" class=\"wp-caption-text\">Foto del Sol de medianoche, la tom\u00e9 en mar abierto a las puertas del fiordo de Uunartoq, verano de 2017<\/p><\/div>\n<p>Sin entender mucho en esto del arte de la fotograf\u00eda, no hace falta mirar detenidamente esta foto para ver los defectos, le falta luz quiz\u00e1s, est\u00e1 borrosa y tambi\u00e9n desenfocada. Por lo tanto, no tiene ning\u00fan valor para publicarla, incluso no deber\u00eda estar nada orgulloso por el resultado.<\/p>\n<p>________________________________________________________________________________<\/p>\n<p><strong>Retrospecci\u00f3n<\/strong><\/p>\n<p>En estos d\u00edas de &#8220;recogimiento&#8221; me dio por revisar y ordenar cosas, y entre ellas, estuve clasificando las fotos de mis 9 campa\u00f1as de verano en Groenlandia. Recuerdo el a\u00f1o en el que tom\u00e9 cada foto, todas ellas aunque sea peque\u00f1a, cuenta una historia. Cada una me sirve a modo de retrospecci\u00f3n, a veces sonr\u00edo y me digo,<\/p>\n<p><em>-Jose&#8230;qui\u00e9n te ha visto y qui\u00e9n te ve<\/em>.<\/p>\n<p>Me siento afortunado por haber vivido tantos momentos m\u00e1gicos por la geograf\u00eda groenlandesa. Muchos han sido\u00a0 imposibles de retratar y en otros casos, simplemente apagu\u00e9 la c\u00e1mara y los guard\u00e9 en mi retina.<\/p>\n<p>S\u00ed, hacer aquella foto con mi c\u00e1mara compacta carente de buen sensor, ajuste manual y el objetivo mojado, no fue tarea f\u00e1cil aunque me llevara solo un momento apretar el bot\u00f3n. Pero en realidad llegar a ese instante de luz y color necesit\u00e9 siete a\u00f1os&#8230;<\/p>\n<p>No lo program\u00e9, sali\u00f3 fruto de la casualidad, ten\u00eda la idea clara, eso s\u00ed. Ya hab\u00eda visto anteriormente aquellos atardeceres de &#8220;otro planeta&#8221;. Pero aquel d\u00eda en el bajo \u00c1rtico, sumergido en la penumbra del atardecer del solsticio de verano pude congelar ese momento.<\/p>\n<p><strong>El valor de las cosas<\/strong><\/p>\n<p>Reconozco mis limitaciones, escribir no es lo m\u00edo, quiz\u00e1s lo haga en este blog por la misma raz\u00f3n en la que he llevado a cabo algunas de mis experiencias, supongo que por superaci\u00f3n personal. Cumplir con ello un sue\u00f1o que cre\u00eda imposible, o solo reservado para los elegidos del Olimpo \u00a1qu\u00e9 iluso!<\/p>\n<p>Como digo, no acabo de entender el &#8220;planeta&#8221; del ser humano: lleno de c\u00f3digos de conducta, reglas y sofisticaci\u00f3n etc., es otra limitaci\u00f3n. En verdad no encajo, no soy sociable, posiblemente por timidez, aunque me llevo bien con la soledad. Quiz\u00e1s por ello, a veces, me falte las herramientas necesarias para poderme comunicar con los dem\u00e1s, y trate de hacerlo de otra manera.<\/p>\n<p>Quiz\u00e1s mi retiro anual de varios meses en esos mundos remotos y vac\u00edos, me ayuda a desintoxicarme y a contactar con mi instinto y sobrellevar mejor el mundo &#8216;civilizado&#8217;. Ese mismo mundo que monetiza cada acto que hacemos.<\/p>\n<p>Me pregunto a veces \u00bfpor qu\u00e9 hago las cosas? \u00bfqu\u00e9 consigo a cambio? o&#8230; \u00bfqu\u00e9 precio tendr\u00eda esta pu\u00f1etera foto si hubiera estado firmada por alguien en el que esta sociedad empatizase?<\/p>\n<p>&nbsp;<\/p>\n<p><strong>Momento foto<\/strong><\/p>\n<p>Principios de julio, inicio de temporada de 2017, reci\u00e9n llegado del calor de Badajoz a Qassiarsuk (Groenlandia). Siempre hay que apresurarse comenzando por bajar &#8220;mi&#8221; barco al agua. Estibar en \u00e9l todo lo necesario y comenzar la nueva temporada para &#8220;perderme&#8221; 9 semanas por los fiordos del extremo Sur.<\/p>\n<p>Cuesta adaptarse al ritmo y al clima groenland\u00e9s porque vengo de un lugar muy caluroso, y mi trabajo en Badajoz no me estresa. Pero ya tengo experiencia, nada m\u00e1s bajar del avi\u00f3n, mi cerebro cambia a modo operativo.<\/p>\n<p>Aquel a\u00f1o para echarme una mano, navegar\u00edan conmigo un par de novatos. La experiencia me dice, como casi siempre&#8230; que estos me meter\u00e1n en alg\u00fan problemilla.<\/p>\n<div id=\"attachment_2589\" style=\"width: 796px\" class=\"wp-caption alignnone\"><a href=\"https:\/\/static-blogs.hoy.es\/wp-content\/uploads\/sites\/119\/2020\/06\/P7130040_Moment.jpg\"><img aria-describedby=\"caption-attachment-2589\" loading=\"lazy\" class=\" wp-image-2589\" src=\"https:\/\/static-blogs.hoy.es\/wp-content\/uploads\/sites\/119\/2020\/06\/P7130040_Moment-300x169.jpg\" alt=\"\" width=\"786\" height=\"443\" srcset=\"https:\/\/static-blogs.hoy.es\/wp-content\/uploads\/sites\/119\/2020\/06\/P7130040_Moment-300x169.jpg 300w, https:\/\/static-blogs.hoy.es\/wp-content\/uploads\/sites\/119\/2020\/06\/P7130040_Moment-768x432.jpg 768w, https:\/\/static-blogs.hoy.es\/wp-content\/uploads\/sites\/119\/2020\/06\/P7130040_Moment.jpg 900w\" sizes=\"(max-width: 786px) 100vw, 786px\" \/><\/a><p id=\"caption-attachment-2589\" class=\"wp-caption-text\">Fotograma de v\u00eddeo de aquel instante.<\/p><\/div>\n<p>Todo listo.<\/p>\n<p>El viaje al Sur fue pasado por agua, una lluvia fina no nos abandon\u00f3 hasta casi el anochecer. Tuvimos suerte, las masas de hielo de banquisa que suelen bloquear el camino, estaban lo suficientemente abiertas como para dejarnos pasar a trav\u00e9s los intrincados canales y atravesar el paso de <em>Qangeq<\/em> y <em>Uumannarsuaq<\/em>.<\/p>\n<p>No hab\u00eda d\u00edas de margen, y tuve que llegar lo antes posible a mi zona de coordinaci\u00f3n.\u00a0Esto signific\u00f3 que el viaje lo hice en tan solo una jornada.<\/p>\n<p>Al encontrarnos a 60\u00ba N de latitud y cerca del\u00a0 solsticio de verano, pude apurar todas las horas de luz (20 horas). La latitud en la l\u00ednea del C\u00edrculo Polar es de 66\u00ba N, all\u00ed, en el solsticio de verano, el Sol\u00a0 nunca se oculta en el horizonte.<\/p>\n<p>________________________________________________________________________________<\/p>\n<p>Despu\u00e9s de tomar un curioso picnic para tres, preparado por V\u00edctor, uno de los chicos, consistente en: dos latas de sardinas, un pedazo de lomo, una barrita de cereales para cada uno, un mendrugo de pan, una libra de chocolate, y tres palillos con tres trozos de servilletas de papel a modo de cubiertos, continuamos el camino en medio de la lluvia.<\/p>\n<p>Mi atenci\u00f3n volvi\u00f3 a estar puesta delante de la proa del barco. La proximidad del hielo de los alrededores de la aldea de <em>Alluitsup Paa,<\/em> hizo que no me percatase de lo que dejaba atr\u00e1s, y me concentrara en capear la marejadilla procedente de mar abierto para llegar lo antes posible a nuestro destino, la isla de <em>Nanortalik<\/em>.<\/p>\n<p>Apenas ve\u00eda las cumbres de la isla de <em>Sermersoq<\/em> entre la nubosidad y la incipiente falta de luz. De repente, algo fren\u00f3 la embarcaci\u00f3n, se dej\u00f3 de escuchar el sonido del motor y nos embisti\u00f3 una ola par\u00e1ndonos en seco. El aire se silenci\u00f3 y nos envolvi\u00f3 la incertidumbre. Est\u00e1bamos a merced de la mar y la orilla m\u00e1s cercana apenas se ve\u00eda.<\/p>\n<p>Pero, &#8211;<em>\u00bfqu\u00e9 demonios ha pasado?<\/em> me pregunt\u00e9.<\/p>\n<p>Accion\u00e9 un par de veces el arranque del motor y no hubo respuesta, nos balance\u00e1bamos suavemente por la carga. V\u00edctor me llam\u00f3 la atenci\u00f3n con una voz de sorpresa,<\/p>\n<p><em>-\u00a1Jose mira atr\u00e1s!\u00a0<\/em><\/p>\n<p>Yo cre\u00ed que hab\u00edamos perdido algo y fij\u00e9 la vista en la popa mirando la espumosa estela en la superficie que se disolv\u00eda en la densa y oscura agua. Alc\u00e9 la mirada y all\u00ed estaba, un cielo rojo como si ardiera, y al fondo los \u00faltimos rayos de un sol rozando el horizonte. Las fr\u00edas y densas nubes cargadas de cristales de hielo reflejaban la luz muy alargada.<\/p>\n<p>De las tonalidades rojo fuego, fue pasando al violeta y del violeta, al azul cobalto intenso. A lo lejos en el horizonte, unas islas negras por el trasluz, y muy cerca de nosotros, dos enormes t\u00e9mpanos de hielo blanco que se tornaron en azul oscuro como el cielo.<\/p>\n<p>Sin apartar la mirada de ese paisaje irreal, desenfunde mi c\u00e1mara, y me olvid\u00e9 por unos momentos de la realidad, y la deriva de nuestro barco, se acababa de parar el tiempo. Embelesados, nos dejamos llevar por la mejor puesta de Sol de nuestra vida.<\/p>\n<p>Minutos despu\u00e9s volv\u00ed a la realidad y supe lo que nos hab\u00eda pasado, Aar\u00f3n mi otro ayudante, hab\u00eda apoyado su rodilla contra el contacto de arranque, y sin darse cuenta gir\u00f3 la llave parando la embarcaci\u00f3n. Al quedarse la palanca de gas en modo acelerado, el propio sistema de arranque qued\u00f3 desconectado. Hasta que no volv\u00ed a poner la palanca en modo neutro, no pude arrancar y continuar la marcha.<\/p>\n<p>Como siempre digo, inicios de temporada y novatos a la vista, la mezcla perfecta para meternos en un l\u00edo&#8230;<\/p>\n<p>&nbsp;<\/p>\n<p>Y ahora vuelvo a preguntarme, \u00bfTendr\u00e1 valor ahora la dichosa foto? Humildemente creo que si, o al menos habr\u00e1 merecido la pena conocer su peque\u00f1a historia.<\/p>\n<hr \/>\n<p><strong>PARA VER M\u00c1S DE MIS AVENTURAS HAZ CLIC EN ESTOS ENLACES<\/strong><\/p>\n<p><strong><a href=\"https:\/\/www.facebook.com\/JoseTrejo404\/\" rel=\"external nofollow\">Facebook<\/a><\/strong><\/p>\n<p><em><strong>Para ver m\u00e1s fotos de mis viajes, puedes seguirme en este link<\/strong><\/em><\/p>\n<p><strong><a href=\"https:\/\/www.instagram.com\/josetrejo404\/?hl=es\" rel=\"external nofollow\">Instagram<\/a>\u00a0<\/strong><\/p>\n<p><a href=\"https:\/\/www.google.es\/search?q=%23UnExtreme%C3%B1oEnEl%C3%81rtico&amp;tbm=isch&amp;tbo=u&amp;source=univ&amp;sa=X&amp;ved=0ahUKEwjk4__i8fzYAhUBWxQKHd2fCmUQsAQILQ&amp;biw=1366&amp;bih=637\" rel=\"external nofollow\">#UnExtreme\u00f1oEnEl\u00c1rtico<\/a>\u00a0<a href=\"https:\/\/www.instagram.com\/explore\/tags\/proyectobaikal2019\/?hl=es\" rel=\"external nofollow\">#ProyectoBaikal2019<\/a>\u00a0<a href=\"https:\/\/www.instagram.com\/explore\/tags\/aventurascentrowagen\/?hl=es\" rel=\"external nofollow\">#aventurascentrowagen<\/a><\/p>\n<p><strong><a href=\"https:\/\/www.youtube.com\/channel\/UCkc4QXSFBOd_zSPTrQ2RdXQ\" rel=\"external nofollow\">YouTube<\/a><\/strong><\/p>\n<p><strong>Contacto:<\/strong>\u00a0mad4041@gmail.com<\/p>\n","protected":false},"excerpt":{"rendered":"<p>Los antiguos esquimales al ver la decoraci\u00f3n de las casas de los primeros misioneros europeos (1721) denominaron a aquel arte, con una palabra,\u00a0eqqumiitsuliaq\u00a0y su significado fue &#8216;cosas extra\u00f1as que hacen otros&#8217;. Sin entender mucho en esto del arte de la fotograf\u00eda, no hace falta mirar detenidamente esta foto para ver los defectos, le falta luz [&hellip;]<\/p>\n","protected":false},"author":142,"featured_media":2574,"comment_status":"open","ping_status":"closed","sticky":false,"template":"","format":"standard","meta":[],"categories":[1],"tags":[923,580,14,882,547,922,852,926,925,924,571,210],"_links":{"self":[{"href":"https:\/\/blogs.hoy.es\/un-extremeno-en-el-artico\/wp-json\/wp\/v2\/posts\/2573"}],"collection":[{"href":"https:\/\/blogs.hoy.es\/un-extremeno-en-el-artico\/wp-json\/wp\/v2\/posts"}],"about":[{"href":"https:\/\/blogs.hoy.es\/un-extremeno-en-el-artico\/wp-json\/wp\/v2\/types\/post"}],"author":[{"embeddable":true,"href":"https:\/\/blogs.hoy.es\/un-extremeno-en-el-artico\/wp-json\/wp\/v2\/users\/142"}],"replies":[{"embeddable":true,"href":"https:\/\/blogs.hoy.es\/un-extremeno-en-el-artico\/wp-json\/wp\/v2\/comments?post=2573"}],"version-history":[{"count":29,"href":"https:\/\/blogs.hoy.es\/un-extremeno-en-el-artico\/wp-json\/wp\/v2\/posts\/2573\/revisions"}],"predecessor-version":[{"id":2660,"href":"https:\/\/blogs.hoy.es\/un-extremeno-en-el-artico\/wp-json\/wp\/v2\/posts\/2573\/revisions\/2660"}],"wp:featuredmedia":[{"embeddable":true,"href":"https:\/\/blogs.hoy.es\/un-extremeno-en-el-artico\/wp-json\/wp\/v2\/media\/2574"}],"wp:attachment":[{"href":"https:\/\/blogs.hoy.es\/un-extremeno-en-el-artico\/wp-json\/wp\/v2\/media?parent=2573"}],"wp:term":[{"taxonomy":"category","embeddable":true,"href":"https:\/\/blogs.hoy.es\/un-extremeno-en-el-artico\/wp-json\/wp\/v2\/categories?post=2573"},{"taxonomy":"post_tag","embeddable":true,"href":"https:\/\/blogs.hoy.es\/un-extremeno-en-el-artico\/wp-json\/wp\/v2\/tags?post=2573"}],"curies":[{"name":"wp","href":"https:\/\/api.w.org\/{rel}","templated":true}]}}