{"id":2677,"date":"2020-09-10T00:49:40","date_gmt":"2020-09-09T22:49:40","guid":{"rendered":"http:\/\/blogs.hoy.es\/un-extremeno-en-el-artico\/?p=2677"},"modified":"2020-09-14T19:28:01","modified_gmt":"2020-09-14T17:28:01","slug":"mi-viaje-a-baikal-asi-comenzo-la-aventura-parte-1","status":"publish","type":"post","link":"https:\/\/blogs.hoy.es\/un-extremeno-en-el-artico\/2020\/09\/10\/mi-viaje-a-baikal-asi-comenzo-la-aventura-parte-1\/","title":{"rendered":"Mi viaje a Baikal. As\u00ed comenz\u00f3 la aventura (Parte 1)"},"content":{"rendered":"<p>Despu\u00e9s de un peque\u00f1o descanso alejado del blog regreso con energ\u00edas renovadas. Y eso, a pesar del ambientillo que se respira por el mundo debido de un bichito microsc\u00f3pico&#8230;que al parecer, no hay otro tema de conversaci\u00f3n. Pero yo no le voy a darle gusto a esta moda, y voy a seguir con lo m\u00edo, o con lo que verdaderamente me hace feliz. As\u00ed uno se puede evadir de la rutina y de la l\u00fagubre realidad que se respira.<\/p>\n<p>Me hubiera gustado haberos contado en este tiempo, que estuvimos tras las huellas de la primera expedici\u00f3n extreme\u00f1a en el Alto \u00c1rtico (Svalbard) all\u00e1 por los a\u00f1os 80, y qu\u00e9 tal nos fue. O haberos contado si al fin una expedici\u00f3n cient\u00edfica hab\u00eda esclarecido la desaparici\u00f3n del peque\u00f1o titanic dan\u00e9s ,cerca de mi a\u00f1orada casa groenlandesa, en fin&#8230;<\/p>\n<p>A la espera de que las condiciones mejoren, me he propuesto dejaros en este blog el Bit\u00e1cora de los d\u00edas de expedici\u00f3n en el lago Baikal en varios cap\u00edtulos. Quiz\u00e1s escriba c\u00f3mo fueron aquellos intensos d\u00edas para as\u00ed liberarme y salir de la resaca que en cierto modo me afect\u00f3.<\/p>\n<p>Saludos a todos !!!<\/p>\n<div id=\"attachment_2678\" style=\"width: 710px\" class=\"wp-caption alignnone\"><a href=\"https:\/\/static-blogs.hoy.es\/wp-content\/uploads\/sites\/119\/2020\/09\/7.jpg\"><img aria-describedby=\"caption-attachment-2678\" loading=\"lazy\" class=\" wp-image-2678\" src=\"https:\/\/static-blogs.hoy.es\/wp-content\/uploads\/sites\/119\/2020\/09\/7-300x225.jpg\" alt=\"\" width=\"700\" height=\"525\" srcset=\"https:\/\/static-blogs.hoy.es\/wp-content\/uploads\/sites\/119\/2020\/09\/7-300x225.jpg 300w, https:\/\/static-blogs.hoy.es\/wp-content\/uploads\/sites\/119\/2020\/09\/7-768x576.jpg 768w, https:\/\/static-blogs.hoy.es\/wp-content\/uploads\/sites\/119\/2020\/09\/7-1024x768.jpg 1024w, https:\/\/static-blogs.hoy.es\/wp-content\/uploads\/sites\/119\/2020\/09\/7.jpg 1143w\" sizes=\"(max-width: 700px) 100vw, 700px\" \/><\/a><p id=\"caption-attachment-2678\" class=\"wp-caption-text\"><em>Los famosos bloques de hielo cristalino. Si ves un documental sobre este lago saldr\u00e1 esta t\u00edpica foto.<\/em><\/p><\/div>\n<p><strong>\u00bfPor qu\u00e9 el lago Baikal?<\/strong><\/p>\n<p>Los relatos de aventuras han formado parte de mi vida desde siempre. He ido siguiendo y estudiando paso a paso historias que me han ido motivando y llevando cada vez\u00a0 m\u00e1s lejos. Probablemente como hace un artista, que da forma y expresa lo que lleva dentro hasta culminar su obra. De hecho, me identifico con muchos de los artistas que me rodean, incluso, he mantenido gratas y clarificadoras charlas con alguno de ellos.<\/p>\n<p>As\u00ed hasta llegar a coincidir en inquietudes y el por qu\u00e9 de esa necesidad de materializar las emociones que me han ayudado a entender el por qu\u00e9 de arriesgar tanto.<\/p>\n<p>Para m\u00ed, lo que hago representa esos sentimientos que llevamos dentro. La fase de estudio, la motivaci\u00f3n, la actitud, el esfuerzo por materializarlo, son fundamentales para culminar esa \u2018obra\u2019.<\/p>\n<p>Hasta que dije s\u00ed a mi \u2018obra\u2019 o m\u00e1s bien &#8216;obras&#8217; han pasado muchos a\u00f1os, quiz\u00e1s demasiados, pero la \u2018empresa\u2019 en la que estaba a punto de embarcarme era demasiada incierta y peligrosa como para tomarme las cosas a la ligera.<\/p>\n<p>Recuerdo la ruta de las lagunas de Gredos en el invierno del 2007, cuando cruz\u00e1bamos una laguna helada. Un compa\u00f1ero me habl\u00f3 del lago m\u00e1s grande y profundo del planeta que permanec\u00eda helado muchos meses en el duro invierno siberiano. Me capt\u00f3 tanto la atenci\u00f3n que al llegar a casa tom\u00e9 mi viejo mapamundi y lo oje\u00e9 hasta encontrarlo. Mi primera impresi\u00f3n al ver su ubicaci\u00f3n y lejan\u00eda fue. -\u00a1<em>Qu\u00e9 demonios estoy pensando, esto es un imposible! \u00a1Es inabarcable para un ne\u00f3fito sin apenas experiencia como yo!\u00a0 <\/em><\/p>\n<p>Cada experiencia que iba teniendo con el paso del tiempo me llevaba m\u00e1s y m\u00e1s a lo que estaba a punto de hacer. Sin darme cuenta, aquel loco plan de atravesar el lago, se hab\u00eda quedado olvidado en el subconsciente . Pero lo que no sab\u00eda es que siempre estuvo oculto pero de forma latente, y que aflorar\u00e1 a\u00f1os m\u00e1s tarde en forma de pregunta cuando baj\u00e9 sano y salvo de una exploraci\u00f3n a un glaciar de la costa Este de Groenlandia.<\/p>\n<p>Al regreso de aquella peque\u00f1a expedici\u00f3n sent\u00ed paz, hab\u00eda superado el desasosiego de una situaci\u00f3n tremenda en un campo glaciar repleto de profundas grietas ocultas por la nieve. Hab\u00eda temido por mi vida y sobreviv\u00ed porque pens\u00e9 que iba a morir mientras avanzabamos horas tras horas hac\u00eda lo desconocido. No era la primera vez que sufr\u00eda ese temor tan paralizante, pero esta vez sent\u00ed alivio, algo profundo dentro se hab\u00eda ordenado y calmado.<\/p>\n<p>&nbsp;<\/p>\n<p>Para ir al lago me propuse dos objetivos: el primero de ellos era constatar de primera mano los efectos causados por las inusuales temperaturas en el invierno siberiano debido al calentamiento global en el Planeta.<\/p>\n<p>El segundo de mis objetivos, tomar m\u00e1s experiencia para futuras expediciones polares. Quer\u00eda poner a prueba mi capacidad mental con temperaturas bajas en una traves\u00eda sobre hielo y la presi\u00f3n de hacerla en solitario.<\/p>\n<p><strong>Planificando un viaje excepcional<\/strong><\/p>\n<p>Las redes sociales son una gran ayuda para conocer a personas con las mismas inquietudes y sue\u00f1os. As\u00ed fue como contact\u00e9 con David, presidente del club ciclista <a href=\"https:\/\/www.facebook.com\/fatbikebarcelona\/\" rel=\"external nofollow\"><em>Fatbike Barcelona<\/em><\/a><em> . <\/em>Viendo sus fotos de la ultramarat\u00f3n <em>Arctic Winter Race 150<\/em> comenc\u00e9 a seguirle. Como se suele decir \u201cDios los cr\u00eda y ellos se juntan\u201d\u2026yo tambi\u00e9n hab\u00eda participado en esta dura carrera en el C\u00edrculo Polar, pero en a\u00f1os diferentes.<\/p>\n<p>Vi que hab\u00eda estado en el lago Baikal en invierno, haciendo una traves\u00eda con bicis especiales para rodar por la nieve llamadas fatbikes. Buscando informaci\u00f3n para la log\u00edstica del viaje, volvi\u00f3 a aparecer David. Propon\u00eda regresar de nuevo al lago, pero esta vez a pie, hecho que me que motiv\u00f3 a escribirle para que me contara m\u00e1s detalles.<\/p>\n<p>Desde el primer momento conectamos y me propuso unirme a su proyecto y formar parte del grupo. Su intenci\u00f3n era atravesar el lago desde la aldea de <strong><em>Ust-Barguzin<\/em><\/strong> hasta <b><i>Khuzhir<\/i><\/b>, por la parte m\u00e1s ancha del lago, haciendo un recorrido de m\u00e1s de 100 kil\u00f3metros de distancia, en autosuficiencia, usando la t\u00e9cnica de <em>marcha n\u00f3rdica<\/em> (a pie y skys, tirando un con un trineo o pulka, en vez de llevar una pesada mochila a la espalda).<\/p>\n<p>Aunque mi idea de recorrido era distinta, coincid\u00eda en la manera de afrontar la ruta. Tras pensarlo un momento, decid\u00ed adaptarme a la parte inicial de su viaje y as\u00ed compartir gastos y su vital apoyo en la compleja log\u00edstica rusa. Ellos ten\u00edan los contactos y la experiencia sobre el terreno del pasado a\u00f1o, y ser\u00eda\u00a0una ayuda fundamental en los primeros d\u00edas en el lago como apoyo psicol\u00f3gico antes de separarme y seguir en solitario.<\/p>\n<p>Para poder adaptarme a la traves\u00eda del grupo, recort\u00e9 unos 180 kil\u00f3metros de traves\u00eda de mi plan inicial que era la de hacer la distancia completa del lago de extremo a extremo de 635 kil\u00f3metros.<\/p>\n<p>Con este cambio de planes, todos saldr\u00edamos del mismo punto de partida, el pueblo de <strong><em>Ust-Barguzin,<\/em> <\/strong>y mi traves\u00eda ser\u00eda al final de unos 450 kil\u00f3metros aproximadamente.<\/p>\n<div id=\"attachment_2679\" style=\"width: 718px\" class=\"wp-caption alignnone\"><a href=\"https:\/\/static-blogs.hoy.es\/wp-content\/uploads\/sites\/119\/2020\/09\/MAPA-3.jpg\"><img aria-describedby=\"caption-attachment-2679\" loading=\"lazy\" class=\" wp-image-2679\" src=\"https:\/\/static-blogs.hoy.es\/wp-content\/uploads\/sites\/119\/2020\/09\/MAPA-3-300x144.jpg\" alt=\"\" width=\"708\" height=\"340\" srcset=\"https:\/\/static-blogs.hoy.es\/wp-content\/uploads\/sites\/119\/2020\/09\/MAPA-3-300x144.jpg 300w, https:\/\/static-blogs.hoy.es\/wp-content\/uploads\/sites\/119\/2020\/09\/MAPA-3-768x368.jpg 768w, https:\/\/static-blogs.hoy.es\/wp-content\/uploads\/sites\/119\/2020\/09\/MAPA-3-1024x491.jpg 1024w, https:\/\/static-blogs.hoy.es\/wp-content\/uploads\/sites\/119\/2020\/09\/MAPA-3.jpg 1311w\" sizes=\"(max-width: 708px) 100vw, 708px\" \/><\/a><p id=\"caption-attachment-2679\" class=\"wp-caption-text\"><em>Medida directa sobre el mapa y trazado.<\/em><\/p><\/div>\n<p>Con mis nuevos amigos compartir\u00eda dos d\u00edas para cruzar la parte m\u00e1s ancha del lago (83 kil\u00f3metros de orilla a orilla), hasta el cabo Norte de la isla de <strong><em>Olkhon<\/em>, <\/strong>y luego separarme, para seguir el rumbo SW para tratar de llegar al pueblo de <strong><em>Kultuk<\/em>,<\/strong> situado en la orilla del extremo sur del lago, mi meta.<\/p>\n<p>____________________________________________________________________<\/p>\n<p><strong><em>Mi viaje a Baikal. El grupo se consolida<\/em><\/strong><em style=\"font-weight: bold;\">\u00a0(Parte 2)<\/em><\/p>\n<p>____________________________________________________________________<\/p>\n<p><strong>PARA VER M\u00c1S DE MIS AVENTURAS HAZ CLIC EN ESTOS ENLACES<\/strong><\/p>\n<p><strong><a href=\"https:\/\/www.facebook.com\/JoseTrejo404\/\" rel=\"external nofollow\">Facebook<\/a><\/strong><\/p>\n<p><em><strong>Para ver m\u00e1s fotos de mis viajes, puedes seguirme en este link<\/strong><\/em><\/p>\n<p><strong><a href=\"https:\/\/www.instagram.com\/josetrejo404\/?hl=es\" rel=\"external nofollow\">Instagram<\/a>\u00a0<\/strong><\/p>\n<p><a href=\"https:\/\/www.google.es\/search?q=%23UnExtreme%C3%B1oEnEl%C3%81rtico&amp;tbm=isch&amp;tbo=u&amp;source=univ&amp;sa=X&amp;ved=0ahUKEwjk4__i8fzYAhUBWxQKHd2fCmUQsAQILQ&amp;biw=1366&amp;bih=637\" rel=\"external nofollow\">#UnExtreme\u00f1oEnEl\u00c1rtico<\/a>\u00a0<a href=\"https:\/\/www.instagram.com\/explore\/tags\/proyectobaikal2019\/?hl=es\" rel=\"external nofollow\">#ProyectoBaikal2019<\/a>\u00a0<a href=\"https:\/\/www.instagram.com\/explore\/tags\/aventurascentrowagen\/?hl=es\" rel=\"external nofollow\">#aventurascentrowagen<\/a><\/p>\n<p><strong><a href=\"https:\/\/www.youtube.com\/channel\/UCkc4QXSFBOd_zSPTrQ2RdXQ\" rel=\"external nofollow\">YouTube<\/a><\/strong><\/p>\n<p><strong>Contacto:<\/strong>\u00a0mad4041@gmail.com<\/p>\n","protected":false},"excerpt":{"rendered":"<p>Despu\u00e9s de un peque\u00f1o descanso alejado del blog regreso con energ\u00edas renovadas. Y eso, a pesar del ambientillo que se respira por el mundo debido de un bichito microsc\u00f3pico&#8230;que al parecer, no hay otro tema de conversaci\u00f3n. Pero yo no le voy a darle gusto a esta moda, y voy a seguir con lo m\u00edo, [&hellip;]<\/p>\n","protected":false},"author":142,"featured_media":2678,"comment_status":"open","ping_status":"closed","sticky":false,"template":"","format":"standard","meta":[],"categories":[1],"tags":[946,765,704,766,813,372,947],"_links":{"self":[{"href":"https:\/\/blogs.hoy.es\/un-extremeno-en-el-artico\/wp-json\/wp\/v2\/posts\/2677"}],"collection":[{"href":"https:\/\/blogs.hoy.es\/un-extremeno-en-el-artico\/wp-json\/wp\/v2\/posts"}],"about":[{"href":"https:\/\/blogs.hoy.es\/un-extremeno-en-el-artico\/wp-json\/wp\/v2\/types\/post"}],"author":[{"embeddable":true,"href":"https:\/\/blogs.hoy.es\/un-extremeno-en-el-artico\/wp-json\/wp\/v2\/users\/142"}],"replies":[{"embeddable":true,"href":"https:\/\/blogs.hoy.es\/un-extremeno-en-el-artico\/wp-json\/wp\/v2\/comments?post=2677"}],"version-history":[{"count":5,"href":"https:\/\/blogs.hoy.es\/un-extremeno-en-el-artico\/wp-json\/wp\/v2\/posts\/2677\/revisions"}],"predecessor-version":[{"id":2684,"href":"https:\/\/blogs.hoy.es\/un-extremeno-en-el-artico\/wp-json\/wp\/v2\/posts\/2677\/revisions\/2684"}],"wp:featuredmedia":[{"embeddable":true,"href":"https:\/\/blogs.hoy.es\/un-extremeno-en-el-artico\/wp-json\/wp\/v2\/media\/2678"}],"wp:attachment":[{"href":"https:\/\/blogs.hoy.es\/un-extremeno-en-el-artico\/wp-json\/wp\/v2\/media?parent=2677"}],"wp:term":[{"taxonomy":"category","embeddable":true,"href":"https:\/\/blogs.hoy.es\/un-extremeno-en-el-artico\/wp-json\/wp\/v2\/categories?post=2677"},{"taxonomy":"post_tag","embeddable":true,"href":"https:\/\/blogs.hoy.es\/un-extremeno-en-el-artico\/wp-json\/wp\/v2\/tags?post=2677"}],"curies":[{"name":"wp","href":"https:\/\/api.w.org\/{rel}","templated":true}]}}