{"id":2685,"date":"2020-09-15T23:30:21","date_gmt":"2020-09-15T21:30:21","guid":{"rendered":"http:\/\/blogs.hoy.es\/un-extremeno-en-el-artico\/?p=2685"},"modified":"2020-09-15T23:30:21","modified_gmt":"2020-09-15T21:30:21","slug":"mi-viaje-a-baikal-el-grupo-se-consolida-parte-2","status":"publish","type":"post","link":"https:\/\/blogs.hoy.es\/un-extremeno-en-el-artico\/2020\/09\/15\/mi-viaje-a-baikal-el-grupo-se-consolida-parte-2\/","title":{"rendered":"Mi viaje a Baikal. El grupo se consolida\u00a0(Parte 2)"},"content":{"rendered":"<p><strong>El grupo<\/strong><\/p>\n<div id=\"attachment_2686\" style=\"width: 669px\" class=\"wp-caption alignnone\"><a href=\"https:\/\/static-blogs.hoy.es\/wp-content\/uploads\/sites\/119\/2020\/09\/IMG_20190303_010537.jpg\"><img aria-describedby=\"caption-attachment-2686\" loading=\"lazy\" class=\" wp-image-2686\" src=\"https:\/\/static-blogs.hoy.es\/wp-content\/uploads\/sites\/119\/2020\/09\/IMG_20190303_010537-300x225.jpg\" alt=\"\" width=\"659\" height=\"494\" srcset=\"https:\/\/static-blogs.hoy.es\/wp-content\/uploads\/sites\/119\/2020\/09\/IMG_20190303_010537-300x225.jpg 300w, https:\/\/static-blogs.hoy.es\/wp-content\/uploads\/sites\/119\/2020\/09\/IMG_20190303_010537-768x576.jpg 768w, https:\/\/static-blogs.hoy.es\/wp-content\/uploads\/sites\/119\/2020\/09\/IMG_20190303_010537-1024x768.jpg 1024w, https:\/\/static-blogs.hoy.es\/wp-content\/uploads\/sites\/119\/2020\/09\/IMG_20190303_010537.jpg 1600w\" sizes=\"(max-width: 659px) 100vw, 659px\" \/><\/a><p id=\"caption-attachment-2686\" class=\"wp-caption-text\"><em>De izquierda a derecha, Nacho, yo, Dani y David en la terminal del aeropuerto de Irkutsk. Faltan Pep y Kirsten<\/em>.<\/p><\/div>\n<p>Despu\u00e9s de varias semanas de mensajes, ten\u00edamos fecha de salida y billetes gestionados, ya no hab\u00eda marcha atr\u00e1s.<\/p>\n<p>Quiz\u00e1s a la hora de plantear un viaje as\u00ed, lo m\u00e1s dif\u00edcil es consolidar un grupo de personas, pero m\u00e1s dif\u00edcil a\u00fan, si los componentes no se conocen y viven alejados por la geograf\u00eda peninsular.<\/p>\n<p>El duro trabajo de materializar esta tarea recay\u00f3 en David. Incluso sin vernos, transmit\u00eda esa tenacidad necesaria para materializar este proyecto, claro estaba que tampoco se la iba a jugar, sin hacer sus tareas e ir indagando acerca de los posibles participantes por la experiencia necesaria para formar en esta aventura. Gracias a su entusiasmo, esta vital gesti\u00f3n, la encauz\u00f3 junto con la tarea de gestionar la &#8216;espesa&#8217; visa rusa.<\/p>\n<p>Despu\u00e9s de crear un grupo de wasap para el viaje, nos fuimos presentando y conociendo. Esta etapa fue la mar de divertida y emocionante. Desconocidos trabajando por un mismo fin, cada uno aportaba de sus experiencias y todos nos \u00edbamos nutriendo. Despu\u00e9s de miles de mensajes y v\u00eddeos, ten\u00edamos una idea muy bien definida de cada uno, lo \u00fanico que nos faltaba era encontrarnos &#8216;en vivo y en directo&#8217; en el aeropuerto de Mosc\u00fa.<\/p>\n<p>Al final el equipo quedaba de esta forma: David, Pep y Dani de Barcelona, miembros del club <a href=\"https:\/\/www.facebook.com\/fatbikebarcelona\/\" rel=\"external nofollow\"><em>Fatbike Barcelona<\/em><\/a>. Los tres ten\u00edan una dilatad\u00edsima experiencia, hab\u00edan hecho varias aventuras en los muchos lugares del planeta. Haciendo un peque\u00f1o seguimiento por sus redes sociales, David y Dani hab\u00edan regresado de Rusia y Mongolia unos meses antes. Y bueno, qu\u00e9 contar de Pep el mayor de los tres y compa\u00f1ero de otras tantas aventuras en monta\u00f1a con David en Aconcagua y el Elbrus y muchas m\u00e1s. Ya entrado en los sesenta, su bagaje era impresionante, desde monta\u00f1as de 8000 metros y muchas de ellas apenas pisadas por seres humanos. Pero lo que m\u00e1s me impresion\u00f3 de Pep fue su entusiasmo, energ\u00edas y las ganas de aventura. David y Pep, se conoc\u00edan adem\u00e1s por trabajar juntos en un hospital, David en el departamento de administraci\u00f3n y Pep como m\u00e9dico cirujano.\u00a0Dani es ingeniero de la Seat, y experto en moverse y buscarse la vida en los pa\u00edses &#8216;No tur\u00edsticos&#8217;. Ten\u00edamos un verdadero talisman de avanzadilla, ya que en caso de problemas de \u00faltima hora lo tendr\u00edamos a \u00e9l.<\/p>\n<p>Para terminar el equipo ven\u00edan la pareja formada por Kirsten y Nacho, de la empresa <a href=\"https:\/\/www.roundsquareadventures.com\/es\/\" rel=\"external nofollow\"><em>Round Square Avdenture<\/em><\/a><em>s.<\/em> \u00a0A ra\u00edz del viaje del a\u00f1o anterior para promocionar y poner a prueba los coches Seat Altea, desde <em><strong>Barcelona<\/strong> <\/em>a <em><strong>Ul\u00e1n Bator<\/strong><\/em> (Capital de Mongolia), David y compa\u00f1\u00eda, conocer\u00e1n a Kirsten y Nacho que eran los organizadores de la compleja log\u00edstica mongola en las monta\u00f1as de Altai, <em><strong>Mongolia<\/strong><\/em>.<\/p>\n<p>Al tratar un poquito m\u00e1s a David, ya me hac\u00eda una idea muy aproximada el tipo de persona que es.\u00a0 Te mostraba la ventura y acto seguido te metia el veneno en el cuerpo, as\u00ed con esa genialidad, uno a uno fue tejiendo el grupo. Hizo un gran trabajo, ya que para este tipo de l\u00edos, lo mejor era asegurarse de con qui\u00e9n te la vas a jugar, y creo que acert\u00f3 de pleno.<\/p>\n<p>Os cuento m\u00e1s de los elementos del grupo. Esta vez le toca a Kirsten, afincada en M\u00e1laga desde hace tiempo y de nacionalidad estadounidense, tambi\u00e9n una aventurera del <em>outdoor<\/em>, se ha recorrido el planeta varias veces, haciendo viajes nada convencionales a lugares tampoco nada convencionales. Como por ejemplo ir a esquiar a la Ant\u00e1rtida\u00a0 junto con Nacho, y para ello tuvieron que embarcarse en un velero y cruzar el terror\u00edfico estrecho de Drake.<\/p>\n<p>De Nacho \u00bfqu\u00e9 decir? Gu\u00eda de monta\u00f1a, escalada y rescatista, ha participado en innumerables expediciones tambi\u00e9n por todo el mundo. Conocedor como nadie de todo tipo de materiales de monta\u00f1a y t\u00e9cnicas de progresi\u00f3n y escalada. De hecho, fabric\u00f3 sus propios tornillos para fijar la tienda en el hielo del lago, e incluso las dos pulkas que llevaron. Desde el principio del viaje, a trav\u00e9s\u00a0 de wasap, estuvo innovando todo tipo de artilugios, adem\u00e1s de probar el equipo que llevar\u00edan. Algunas noches pasaron Kirsten y \u00e9l en la nieve de Sierra Nevada para aclimatarse al fr\u00edo.<\/p>\n<div id=\"attachment_2687\" style=\"width: 653px\" class=\"wp-caption alignnone\"><a href=\"https:\/\/static-blogs.hoy.es\/wp-content\/uploads\/sites\/119\/2020\/09\/1.jpg\"><img aria-describedby=\"caption-attachment-2687\" loading=\"lazy\" class=\" wp-image-2687\" src=\"https:\/\/static-blogs.hoy.es\/wp-content\/uploads\/sites\/119\/2020\/09\/1-300x225.jpg\" alt=\"\" width=\"643\" height=\"482\" srcset=\"https:\/\/static-blogs.hoy.es\/wp-content\/uploads\/sites\/119\/2020\/09\/1-300x225.jpg 300w, https:\/\/static-blogs.hoy.es\/wp-content\/uploads\/sites\/119\/2020\/09\/1-768x576.jpg 768w, https:\/\/static-blogs.hoy.es\/wp-content\/uploads\/sites\/119\/2020\/09\/1-1024x768.jpg 1024w, https:\/\/static-blogs.hoy.es\/wp-content\/uploads\/sites\/119\/2020\/09\/1.jpg 1143w\" sizes=\"(max-width: 643px) 100vw, 643px\" \/><\/a><p id=\"caption-attachment-2687\" class=\"wp-caption-text\"><em>Kirsten, Nacho, David, Dani (de espalda) y Pep estirando las piernas en uno de los altos del camino, durante el viaje de 700 kil\u00f3metros hasta el punto de partida.<\/em><\/p><\/div>\n<p><strong>El puzle encaja<\/strong><\/p>\n<p>Cada uno fue encajando dentro del viaje, aportando sus mejores cualidades. David como la cabeza visible y el encargado de consolidar el grupo. Dani, como el gestor de la log\u00edstica de transportes y hospedajes en Siberia, adem\u00e1s de camar\u00f3grafo y dron. Pep, por su experiencia transmitir\u00eda seguridad y templanza en caso de apuros y como no, el m\u00e9dico \u00a1qu\u00e9 botiqu\u00edn trajo! Nacho se convertir\u00eda en el solucionador de problemas t\u00e9cnicos, y Kirsten la fot\u00f3grafa y c\u00e1mara junto con Dani. Y un servidor ayudar\u00eda en lo que fuera con la comunicaci\u00f3n por sat\u00e9lite y gabinete de crisis, en caso de alg\u00fan apuro, y como orientaci\u00f3n durante el recorrido.<\/p>\n<p>___________________________________________________________________<\/p>\n<p>Mi viaje a Baikal. Nos veremos en Irkutsk (Parte 3)<\/p>\n<p>___________________________________________________________________<\/p>\n<p><strong>PARA VER M\u00c1S DE MIS AVENTURAS HAZ CLIC EN ESTOS ENLACES<\/strong><\/p>\n<p><strong><a href=\"https:\/\/www.facebook.com\/JoseTrejo404\/\" rel=\"external nofollow\">Facebook<\/a><\/strong><\/p>\n<p><em><strong>Para ver m\u00e1s fotos de mis viajes, puedes seguirme en este link<\/strong><\/em><\/p>\n<p><strong><a href=\"https:\/\/www.instagram.com\/josetrejo404\/?hl=es\" rel=\"external nofollow\">Instagram<\/a>\u00a0<\/strong><\/p>\n<p><a href=\"https:\/\/www.google.es\/search?q=%23UnExtreme%C3%B1oEnEl%C3%81rtico&amp;tbm=isch&amp;tbo=u&amp;source=univ&amp;sa=X&amp;ved=0ahUKEwjk4__i8fzYAhUBWxQKHd2fCmUQsAQILQ&amp;biw=1366&amp;bih=637\" rel=\"external nofollow\">#UnExtreme\u00f1oEnEl\u00c1rtico<\/a>\u00a0<a href=\"https:\/\/www.instagram.com\/explore\/tags\/proyectobaikal2019\/?hl=es\" rel=\"external nofollow\">#ProyectoBaikal2019<\/a>\u00a0<a href=\"https:\/\/www.instagram.com\/explore\/tags\/aventurascentrowagen\/?hl=es\" rel=\"external nofollow\">#aventurascentrowagen<\/a><\/p>\n<p><strong><a href=\"https:\/\/www.youtube.com\/channel\/UCkc4QXSFBOd_zSPTrQ2RdXQ\" rel=\"external nofollow\">YouTube<\/a><\/strong><\/p>\n<p><strong>Contacto:<\/strong>\u00a0mad4041@gmail.com<\/p>\n<p>&nbsp;<\/p>\n","protected":false},"excerpt":{"rendered":"<p>El grupo Despu\u00e9s de varias semanas de mensajes, ten\u00edamos fecha de salida y billetes gestionados, ya no hab\u00eda marcha atr\u00e1s. Quiz\u00e1s a la hora de plantear un viaje as\u00ed, lo m\u00e1s dif\u00edcil es consolidar un grupo de personas, pero m\u00e1s dif\u00edcil a\u00fan, si los componentes no se conocen y viven alejados por la geograf\u00eda peninsular. [&hellip;]<\/p>\n","protected":false},"author":142,"featured_media":2687,"comment_status":"open","ping_status":"closed","sticky":false,"template":"","format":"standard","meta":[],"categories":[1],"tags":[426,72,951,948,704,141,375,163,760,813,372,949],"_links":{"self":[{"href":"https:\/\/blogs.hoy.es\/un-extremeno-en-el-artico\/wp-json\/wp\/v2\/posts\/2685"}],"collection":[{"href":"https:\/\/blogs.hoy.es\/un-extremeno-en-el-artico\/wp-json\/wp\/v2\/posts"}],"about":[{"href":"https:\/\/blogs.hoy.es\/un-extremeno-en-el-artico\/wp-json\/wp\/v2\/types\/post"}],"author":[{"embeddable":true,"href":"https:\/\/blogs.hoy.es\/un-extremeno-en-el-artico\/wp-json\/wp\/v2\/users\/142"}],"replies":[{"embeddable":true,"href":"https:\/\/blogs.hoy.es\/un-extremeno-en-el-artico\/wp-json\/wp\/v2\/comments?post=2685"}],"version-history":[{"count":6,"href":"https:\/\/blogs.hoy.es\/un-extremeno-en-el-artico\/wp-json\/wp\/v2\/posts\/2685\/revisions"}],"predecessor-version":[{"id":2693,"href":"https:\/\/blogs.hoy.es\/un-extremeno-en-el-artico\/wp-json\/wp\/v2\/posts\/2685\/revisions\/2693"}],"wp:featuredmedia":[{"embeddable":true,"href":"https:\/\/blogs.hoy.es\/un-extremeno-en-el-artico\/wp-json\/wp\/v2\/media\/2687"}],"wp:attachment":[{"href":"https:\/\/blogs.hoy.es\/un-extremeno-en-el-artico\/wp-json\/wp\/v2\/media?parent=2685"}],"wp:term":[{"taxonomy":"category","embeddable":true,"href":"https:\/\/blogs.hoy.es\/un-extremeno-en-el-artico\/wp-json\/wp\/v2\/categories?post=2685"},{"taxonomy":"post_tag","embeddable":true,"href":"https:\/\/blogs.hoy.es\/un-extremeno-en-el-artico\/wp-json\/wp\/v2\/tags?post=2685"}],"curies":[{"name":"wp","href":"https:\/\/api.w.org\/{rel}","templated":true}]}}