{"id":2694,"date":"2020-09-18T00:59:57","date_gmt":"2020-09-17T22:59:57","guid":{"rendered":"http:\/\/blogs.hoy.es\/un-extremeno-en-el-artico\/?p=2694"},"modified":"2020-09-18T00:59:57","modified_gmt":"2020-09-17T22:59:57","slug":"el-asentamiento-esquimal-de-sermilik-una-historia-de-supervivencia","status":"publish","type":"post","link":"https:\/\/blogs.hoy.es\/un-extremeno-en-el-artico\/2020\/09\/18\/el-asentamiento-esquimal-de-sermilik-una-historia-de-supervivencia\/","title":{"rendered":"El asentamiento esquimal de Sermilik. Una historia de supervivencia."},"content":{"rendered":"<p>En el verano de 2016, me propuse buscar nuevos lugares para acceder al hielo del casquete polar. Aunque el 83% del territorio de Groenlandia est\u00e1 compuesto por hielo, hay muchos frentes glaciares que s\u00ed se pueden ver desde un barco, pero tratar de poner un pie encima sobre la superficie helada de un glaciar es otro tema.<\/p>\n<p>&nbsp;<\/p>\n<p>Era un domingo de mitad de agosto, la temporada estaba ya normalizada, ten\u00edamos por delante un d\u00eda de relativo relax. El clima sorpresivamente estaba estable a pesar del incipiente y lluvioso oto\u00f1o \u00e1rtico.<\/p>\n<p>El principal problema que tiene esta isla es lo monta\u00f1oso y abrupto que es el terreno. Siempre o casi siempre, el hielo se precipita directamente al mar sobre una superficie bastante inclinada en forma de cascada glaciar.<\/p>\n<p>Tambi\u00e9n se podr\u00eda acceder al hielo desde tierra firme, pero llevar\u00eda varios d\u00edas explorar cualquier acceso a alg\u00fan plat\u00f3 helado en b\u00fasqueda de una \u2018c\u00f3moda\u2019ruta . Hist\u00f3ricamente a los inuit no les ha interesado acceder a \u00e9l, porque dentro del casquete polar no hay nada de qu\u00e9 cazar. Por este motivo no hay antiguas rutas para subir ir al hielo.<\/p>\n<p>&nbsp;<\/p>\n<p>Mientras observaba los mapas, JJ se acerc\u00f3 a curiosear qu\u00e9 estaba tramando. Le indiqu\u00e9 con el dedo el fiordo de Sermilik y el de S\u00f8ndre\u00a0, \u00e9l a su vez, me apunt\u00f3 con su dedo otro lugar, un peque\u00f1o estrecho al Norte de una isla en la misma direcci\u00f3n de donde planeaba ir.<\/p>\n<div id=\"attachment_2696\" style=\"width: 342px\" class=\"wp-caption aligncenter\"><a href=\"https:\/\/static-blogs.hoy.es\/wp-content\/uploads\/sites\/119\/2020\/09\/1-1.jpg\"><img aria-describedby=\"caption-attachment-2696\" loading=\"lazy\" class=\" wp-image-2696\" src=\"https:\/\/static-blogs.hoy.es\/wp-content\/uploads\/sites\/119\/2020\/09\/1-1-191x300.jpg\" alt=\"\" width=\"332\" height=\"521\" srcset=\"https:\/\/static-blogs.hoy.es\/wp-content\/uploads\/sites\/119\/2020\/09\/1-1-191x300.jpg 191w, https:\/\/static-blogs.hoy.es\/wp-content\/uploads\/sites\/119\/2020\/09\/1-1-768x1204.jpg 768w, https:\/\/static-blogs.hoy.es\/wp-content\/uploads\/sites\/119\/2020\/09\/1-1-653x1024.jpg 653w, https:\/\/static-blogs.hoy.es\/wp-content\/uploads\/sites\/119\/2020\/09\/1-1.jpg 903w\" sizes=\"(max-width: 332px) 100vw, 332px\" \/><\/a><p id=\"caption-attachment-2696\" class=\"wp-caption-text\"><em>Sector del mapa de adonde queremos ir a explorar. El c\u00edrculo rojo indica el asentamiento esquimal, justo al lado del estrecho de Sermilik.<\/em><\/p><\/div>\n<p>Me cont\u00f3 una peque\u00f1a historia acerca de un antiguo asentamiento esquimal que hubo en ese estrecho. Pero antes de salir a aquellos fiordos, dimos un paseo para ver a nuestros amigos Klaus, David y Karls del museo de <a href=\"https:\/\/es.wikipedia.org\/wiki\/Nanortalik\" rel=\"external nofollow\">Nanortalik<\/a>, para sacar algo m\u00e1s de informaci\u00f3n de aquel antiguo asentamiento.<\/p>\n<p>Siempre que vamos al museo, me encuentro como en casa, Klaus y compa\u00f1\u00eda nos ofrecen caf\u00e9, mientras les asaltamos a preguntas. A veces, nos dirigimos a alguno de los edificios de este museo etnogr\u00e1fico, para ver antiguos mapas y fotograf\u00edas.<\/p>\n<p>JJ escucha atentamente a David las explicaciones en groenland\u00e9s mezclado con dan\u00e9s, mientras yo trato de hacer \u2018encaje de bolillos\u2019 intentando entender algo. Menos mal, que luego JJ me cuenta los detalles de la conversaci\u00f3n.<\/p>\n<p><a href=\"https:\/\/visitgreenland.com\/providers\/nanortalik-museum\/\" rel=\"external nofollow\">El museo de Nanortalik<\/a> guarda una valiosa informaci\u00f3n y objetos de los antiguos moradores e historias de los que habitaron en esa costa. Es f\u00e1cil encontrar yacimientos de bloques hechos de turba desmoronados por el efecto del tiempo, diseminadas por las llanuras cerca de las orillas. Se suelen encontrar f\u00e1cilmente, porque a su alrededor, crecen altas y densas gram\u00edneas espigadas nacidas de esa misma turba.<\/p>\n<div id=\"attachment_2697\" style=\"width: 451px\" class=\"wp-caption aligncenter\"><a href=\"https:\/\/static-blogs.hoy.es\/wp-content\/uploads\/sites\/119\/2020\/09\/4.jpg\"><img aria-describedby=\"caption-attachment-2697\" loading=\"lazy\" class=\" wp-image-2697\" src=\"https:\/\/static-blogs.hoy.es\/wp-content\/uploads\/sites\/119\/2020\/09\/4-300x225.jpg\" alt=\"\" width=\"441\" height=\"331\" srcset=\"https:\/\/static-blogs.hoy.es\/wp-content\/uploads\/sites\/119\/2020\/09\/4-300x225.jpg 300w, https:\/\/static-blogs.hoy.es\/wp-content\/uploads\/sites\/119\/2020\/09\/4-768x576.jpg 768w, https:\/\/static-blogs.hoy.es\/wp-content\/uploads\/sites\/119\/2020\/09\/4.jpg 915w\" sizes=\"(max-width: 441px) 100vw, 441px\" \/><\/a><p id=\"caption-attachment-2697\" class=\"wp-caption-text\"><em>Estrecho de Sermilik desde el asentamiento esquimal. Al fondo la cercana isla de Amitsoq (extremo Norte de Amitsoq).<\/em><\/p><\/div>\n<p>Los pobladores de esta ind\u00f3mita tierra, vivieron diseminados en peque\u00f1as unidades de dos o tres familias. Eran n\u00f3madas, aunque para pasar el invierno, llegaban a asentarse en unas peque\u00f1as casas hechas con bloques de piedra y turba vegetal. Por su baja altura y porque apenas carec\u00edan de luz en su interior m\u00e1s parec\u00edan cuevas. Dentro de la \u00fanica estancia que formaba este rudimentario refugio, se respiraba un aire viciado mezclado con fuerte olor corporal y el holl\u00edn de una humeante llama.<\/p>\n<p>Para calefactar la casa en los duros inviernos, se usaba una peque\u00f1a l\u00e1mpara de piedra caliza tallada y alimentada con aceite de foca, llamada <a href=\"https:\/\/www.google.com\/search?q=qulleq&amp;rlz=1C1CHBF_esES885ES885&amp;sxsrf=ALeKk02wFm5EZOeTDIEusSpDGsjR2oPjJQ:1600381375093&amp;tbm=isch&amp;source=iu&amp;ictx=1&amp;fir=t4ix-RyEhoadcM%252CTKzOr6RbzLnr4M%252C_&amp;vet=1&amp;usg=AI4_-kRj2Xo5bBV0sgbhvS0qewX8x79oTw&amp;sa=X&amp;ved=2ahUKEwjF9_eanfHrAhUOzhoKHajmAbkQ9QF6BAgLECI&amp;biw=1242&amp;bih=524#imgrc=t4ix-RyEhoadcM\"><strong><em>qulleq<\/em><\/strong><\/a>. Esta calefacci\u00f3n no bastaba para soportar el fr\u00edo, as\u00ed que todos los componentes de la \u2018casa\u2019, dorm\u00edan compartiendo el mismo lecho desnudos unos junto a otros envueltos en pieles de carib\u00fa.<\/p>\n<p>El hecho de vivir tan aislados propiciaba la endogamia entre padres e hijos, y esto facilitaba las enfermedades hereditarias y deformaciones entre los nacidos.<\/p>\n<p>Este problema ten\u00eda la familia de esta historia. Pero\u2026 \u00bfC\u00f3mo solucionarlo? Pensaban las mujeres. Esta sociedad normalmente matriarcal, decidi\u00f3 dar la soluci\u00f3n a este terrible problema por los \u00faltimos abortos.<\/p>\n<div id=\"attachment_2698\" style=\"width: 410px\" class=\"wp-caption aligncenter\"><a href=\"https:\/\/static-blogs.hoy.es\/wp-content\/uploads\/sites\/119\/2020\/09\/3.jpg\"><img aria-describedby=\"caption-attachment-2698\" loading=\"lazy\" class=\" wp-image-2698\" src=\"https:\/\/static-blogs.hoy.es\/wp-content\/uploads\/sites\/119\/2020\/09\/3-300x225.jpg\" alt=\"\" width=\"400\" height=\"300\" srcset=\"https:\/\/static-blogs.hoy.es\/wp-content\/uploads\/sites\/119\/2020\/09\/3-300x225.jpg 300w, https:\/\/static-blogs.hoy.es\/wp-content\/uploads\/sites\/119\/2020\/09\/3-768x576.jpg 768w, https:\/\/static-blogs.hoy.es\/wp-content\/uploads\/sites\/119\/2020\/09\/3.jpg 914w\" sizes=\"(max-width: 400px) 100vw, 400px\" \/><\/a><p id=\"caption-attachment-2698\" class=\"wp-caption-text\"><em>JJ recolecta los ricos ar\u00e1ndanos azules al lado de los restos de una casa de turba y una caba\u00f1a.<\/em><\/p><\/div>\n<p>Hab\u00eda llegado a o\u00eddos del campamento, de la presencia de una comunidad de forasteros por la zona, y quisieron pedirles ayuda. Estas mujeres hab\u00edan decidido a toda costa reforzar su sangre con la sangre de los forasteros y as\u00ed tratar de preservar sus familias.<\/p>\n<p>A primeros de 1920, una comunidad de mineros daneses y noruegos se hab\u00edan instalado en el extremo sur de la isla de Amitsoq para extraer mineral de grafito. Amitsoq, en lenguaje inuit significa isla alargada. Esta inexpugnable isla ofrec\u00eda una costa repleta de acantilados por su orilla Este y Norte, facilitando algo su acceso a trav\u00e9s de un estrecho y oculto valle en su interior.<\/p>\n<p>Aunque el campamento inuit no distaba mucho del minero, lo f\u00e1cil fue vencer las corrientes del peque\u00f1o estrecho que les separaba de tierra firme hasta la isla de Amitsoq, para luego tratar de atravesar a pie a lo largo la isla.<\/p>\n<p>&nbsp;<\/p>\n<p>Despu\u00e9s de haber circunnavegado esa tarde aquella isla, pudimos constatar que no pudo ser una tarea nada f\u00e1cil para aquellas mujeres, que al fin consumaron su plan.<\/p>\n<p>Sent\u00ed escalofr\u00edos al visitar aquel solitario lugar, \u00a0lo que ser\u00eda haber vivido dentro de esos montones de h\u00fameda <a href=\"https:\/\/es.wikipedia.org\/wiki\/Turba\" rel=\"external nofollow\">turba<\/a> en esa \u00e9poca, donde la selecci\u00f3n natural eleg\u00eda a los m\u00e1s fuertes y capaces. Esta es otra de las historias de supervivencia que incluso he podido ver y tocar sobre el terreno.<\/p>\n<p>Al final de aquella soleada tarde, aplazamos nuestra peque\u00f1a exploraci\u00f3n hacia los frentes glaciares del fiordo S\u00f8ndre, para hacerla unas semanas despu\u00e9s junto con Ram\u00f3n y otros amigos .<\/p>\n<div id=\"attachment_2699\" style=\"width: 410px\" class=\"wp-caption aligncenter\"><a href=\"https:\/\/static-blogs.hoy.es\/wp-content\/uploads\/sites\/119\/2020\/09\/2.jpg\"><img aria-describedby=\"caption-attachment-2699\" loading=\"lazy\" class=\" wp-image-2699\" src=\"https:\/\/static-blogs.hoy.es\/wp-content\/uploads\/sites\/119\/2020\/09\/2-300x225.jpg\" alt=\"\" width=\"400\" height=\"300\" srcset=\"https:\/\/static-blogs.hoy.es\/wp-content\/uploads\/sites\/119\/2020\/09\/2-300x225.jpg 300w, https:\/\/static-blogs.hoy.es\/wp-content\/uploads\/sites\/119\/2020\/09\/2-768x577.jpg 768w, https:\/\/static-blogs.hoy.es\/wp-content\/uploads\/sites\/119\/2020\/09\/2.jpg 875w\" sizes=\"(max-width: 400px) 100vw, 400px\" \/><\/a><p id=\"caption-attachment-2699\" class=\"wp-caption-text\"><em>Orilla Este de la isla de Amitsoq. Ese d\u00eda tuvimos la oportunidad de circunnavegar por completo la abrupta costa de la isla de Amitsoq. M\u00e1s vale una imagen para explicar lo dif\u00edcil que puede resultar tratar de ir por tierra de la punta norte hasta la punta sur de la isla, de 20 kil\u00f3metros de longitud.<\/em><\/p><\/div>\n<div id=\"attachment_2700\" style=\"width: 390px\" class=\"wp-caption aligncenter\"><a href=\"https:\/\/static-blogs.hoy.es\/wp-content\/uploads\/sites\/119\/2020\/09\/8.jpg\"><img aria-describedby=\"caption-attachment-2700\" loading=\"lazy\" class=\" wp-image-2700\" src=\"https:\/\/static-blogs.hoy.es\/wp-content\/uploads\/sites\/119\/2020\/09\/8-300x188.jpg\" alt=\"\" width=\"380\" height=\"238\" srcset=\"https:\/\/static-blogs.hoy.es\/wp-content\/uploads\/sites\/119\/2020\/09\/8-300x188.jpg 300w, https:\/\/static-blogs.hoy.es\/wp-content\/uploads\/sites\/119\/2020\/09\/8-768x481.jpg 768w, https:\/\/static-blogs.hoy.es\/wp-content\/uploads\/sites\/119\/2020\/09\/8.jpg 1024w\" sizes=\"(max-width: 380px) 100vw, 380px\" \/><\/a><p id=\"caption-attachment-2700\" class=\"wp-caption-text\"><em>Familia inuit groenlandesa (1917) <a href=\"https:\/\/www.wikiwand.com\/en\/Reindeer_hunting_in_Greenland\" rel=\"external nofollow\">Wikiwand.com<\/a><\/em><\/p><\/div>\n<p>Aqu\u00ed os dejo la historia de los mineros de<strong><a href=\"https:\/\/blogs.hoy.es\/un-extremeno-en-el-artico\/2020\/02\/19\/la-remota-mina-de-amitsoq\/\"> la remota isla de Amitsoq.<\/a><\/strong><\/p>\n<p>_______________________________________________________________________________<\/p>\n<p><strong>PARA VER M\u00c1S DE MIS AVENTURAS HAZ CLIC EN ESTOS ENLACES<\/strong><\/p>\n<p><strong><a href=\"https:\/\/www.facebook.com\/JoseTrejo404\/\" rel=\"external nofollow\">Facebook<\/a><\/strong><\/p>\n<p><em><strong>Para ver m\u00e1s fotos de mis viajes, puedes seguirme en este link<\/strong><\/em><\/p>\n<p><strong><a href=\"https:\/\/www.instagram.com\/josetrejo404\/?hl=es\" rel=\"external nofollow\">Instagram<\/a>\u00a0<\/strong><\/p>\n<p><a href=\"https:\/\/www.google.es\/search?q=%23UnExtreme%C3%B1oEnEl%C3%81rtico&amp;tbm=isch&amp;tbo=u&amp;source=univ&amp;sa=X&amp;ved=0ahUKEwjk4__i8fzYAhUBWxQKHd2fCmUQsAQILQ&amp;biw=1366&amp;bih=637\" rel=\"external nofollow\">#UnExtreme\u00f1oEnEl\u00c1rtico<\/a>\u00a0<a href=\"https:\/\/www.instagram.com\/explore\/tags\/proyectobaikal2019\/?hl=es\" rel=\"external nofollow\">#ProyectoBaikal2019<\/a>\u00a0<a href=\"https:\/\/www.instagram.com\/explore\/tags\/aventurascentrowagen\/?hl=es\" rel=\"external nofollow\">#aventurascentrowagen<\/a><\/p>\n<p><strong><a href=\"https:\/\/www.youtube.com\/channel\/UCkc4QXSFBOd_zSPTrQ2RdXQ\" rel=\"external nofollow\">YouTube<\/a><\/strong><\/p>\n<p><strong>Contacto:<\/strong>\u00a0mad4041@gmail.com<\/p>\n","protected":false},"excerpt":{"rendered":"<p>En el verano de 2016, me propuse buscar nuevos lugares para acceder al hielo del casquete polar. Aunque el 83% del territorio de Groenlandia est\u00e1 compuesto por hielo, hay muchos frentes glaciares que s\u00ed se pueden ver desde un barco, pero tratar de poner un pie encima sobre la superficie helada de un glaciar es [&hellip;]<\/p>\n","protected":false},"author":142,"featured_media":2698,"comment_status":"open","ping_status":"closed","sticky":false,"template":"","format":"standard","meta":[],"categories":[1],"tags":[414,954,69,119,953,952,556,379],"_links":{"self":[{"href":"https:\/\/blogs.hoy.es\/un-extremeno-en-el-artico\/wp-json\/wp\/v2\/posts\/2694"}],"collection":[{"href":"https:\/\/blogs.hoy.es\/un-extremeno-en-el-artico\/wp-json\/wp\/v2\/posts"}],"about":[{"href":"https:\/\/blogs.hoy.es\/un-extremeno-en-el-artico\/wp-json\/wp\/v2\/types\/post"}],"author":[{"embeddable":true,"href":"https:\/\/blogs.hoy.es\/un-extremeno-en-el-artico\/wp-json\/wp\/v2\/users\/142"}],"replies":[{"embeddable":true,"href":"https:\/\/blogs.hoy.es\/un-extremeno-en-el-artico\/wp-json\/wp\/v2\/comments?post=2694"}],"version-history":[{"count":2,"href":"https:\/\/blogs.hoy.es\/un-extremeno-en-el-artico\/wp-json\/wp\/v2\/posts\/2694\/revisions"}],"predecessor-version":[{"id":2701,"href":"https:\/\/blogs.hoy.es\/un-extremeno-en-el-artico\/wp-json\/wp\/v2\/posts\/2694\/revisions\/2701"}],"wp:featuredmedia":[{"embeddable":true,"href":"https:\/\/blogs.hoy.es\/un-extremeno-en-el-artico\/wp-json\/wp\/v2\/media\/2698"}],"wp:attachment":[{"href":"https:\/\/blogs.hoy.es\/un-extremeno-en-el-artico\/wp-json\/wp\/v2\/media?parent=2694"}],"wp:term":[{"taxonomy":"category","embeddable":true,"href":"https:\/\/blogs.hoy.es\/un-extremeno-en-el-artico\/wp-json\/wp\/v2\/categories?post=2694"},{"taxonomy":"post_tag","embeddable":true,"href":"https:\/\/blogs.hoy.es\/un-extremeno-en-el-artico\/wp-json\/wp\/v2\/tags?post=2694"}],"curies":[{"name":"wp","href":"https:\/\/api.w.org\/{rel}","templated":true}]}}