{"id":2738,"date":"2022-01-28T12:40:53","date_gmt":"2022-01-28T11:40:53","guid":{"rendered":"https:\/\/blogs.hoy.es\/un-extremeno-en-el-artico\/?p=2738"},"modified":"2022-01-28T12:40:53","modified_gmt":"2022-01-28T11:40:53","slug":"he-vuelto","status":"publish","type":"post","link":"https:\/\/blogs.hoy.es\/un-extremeno-en-el-artico\/2022\/01\/28\/he-vuelto\/","title":{"rendered":"\u00a1He vuelto!"},"content":{"rendered":"<p>Hola amigos y seguidores de este blog.<\/p>\n<p>He vuelto para retomar este espacio donde he ido relatando mis aventuras en el \u00e1rtico, y que debido a la pandemia me sent\u00ed obligado a parar en seco.<\/p>\n<p>Me gustar\u00eda dar una peque\u00f1a explicaci\u00f3n del porqu\u00e9 de mi ausencia, por fidelidad sobre todo, a los que esperaban semanalmente nuevas entradas del blog, y a los que me han apoyado desde que comenc\u00e9 a publicar mis aventurillas en este medio.<\/p>\n<p>Este blog para m\u00ed, es un cuaderno de bit\u00e1cora, un guion donde voy escribiendo una historia de constancia y superaci\u00f3n frente a situaciones que jam\u00e1s hab\u00eda conocido. Tambi\u00e9n, por supuesto, es un recuerdo de todo lo vivido y aprendido. Por \u00faltimo, escribo para que pueda ser una peque\u00f1a referencia a otros en la b\u00fasqueda de su camino en este mundo tan fascinante.<\/p>\n<p>Observando desde mi ventana las nubes pasar\u2026, me hice esta pregunta:<\/p>\n<p>&#8211; \u00bfDe qu\u00e9 voy a escribir si me falta el motor que da sentido al concepto de esta p\u00e1gina metido en este esperpento?<\/p>\n<p>No quer\u00eda vivir de los recuerdos y escribir cosas del pasado, mientras evolucionaba la situaci\u00f3n desde la \u201cc\u00e1rcel\u201d. Quer\u00eda seguir relatando mis experiencias en presente.<\/p>\n<p>Despu\u00e9s de intentar mi proyecto de mar a mar, <a href=\"https:\/\/blogs.hoy.es\/un-extremeno-en-el-artico\/2020\/09\/25\/la-senda-pirenaica-una-aventura-para-desconectar-de-mar-a-mar\/\">https:\/\/blogs.hoy.es\/un-extremeno-en-el-artico\/2020\/09\/25\/la-senda-pirenaica-una-aventura-para-desconectar-de-mar-a-mar\/<\/a> ,y \u00a0regresar del viaje en solitario por Espa\u00f1a, vapuleado, observado y perseguido, tom\u00e9 la decisi\u00f3n de parar el blog hasta que volvieran vientos m\u00e1s favorables.<\/p>\n<p>Participar en el dialogo polarizado de besugos, \u201cellos\u201d y \u201cnosotros\u201d, no me interesa, y menos ser un posible c\u00f3mplice de la desinformaci\u00f3n. Tampoco usar mi blog, para crear un debate que me resbala al verlo inservible y carente de sentido com\u00fan, en un mundo de censuras y miedo.<\/p>\n<p>&nbsp;<\/p>\n<p>Ultima entrada de aquel improvisado viaje de <a href=\"https:\/\/www.facebook.com\/JoseTrejo404\/photos\/a.1911285385634065\/3464696720292916\/\" rel=\"external nofollow\">mar a mar,<\/a>\u00a0despu\u00e9s de 1160 kil\u00f3metros de viaje atravesando Espa\u00f1a desde Badajoz a San Sebasti\u00e1n en bici, para luego hacer andando la senda pirenaica desde Ir\u00fan (mar Cant\u00e1brico), hasta el cabo de Creus (mar Mediterr\u00e1neo).<\/p>\n<p>Al final se convertir\u00eda en un viaje improvisado por el camino de Santiago del Norte, debido al cierre perimetral de Navarra, bloqueando cualquier posibilidad de realizar la ruta pirenaica.<\/p>\n<p>No quer\u00eda regresar a casa con las manos vac\u00edas o casi vac\u00edas, hasta recorrer los 800 kil\u00f3metros que me hab\u00eda propuesto hacer andando despu\u00e9s de haber hecho 850 kil\u00f3metros en bici, y enviar a <em>Dorothy<\/em>, la bici, de regreso a Badajoz. As\u00ed huir\u00eda de tanta norma, cierres perimetrales y del mundo mascarilla, que fueron pis\u00e1ndome los talones desde Ir\u00fan.<\/p>\n<p>Pero despu\u00e9s de casi atravesar Cantabria hacia Finisterre, durmiendo en bosques, prados o en alg\u00fan albergue que todav\u00eda se atrev\u00eda a estar abierto, vi truncados mis planes al enterarme que Asturias segu\u00eda la misma tendencia que Navarra.<\/p>\n<div id=\"attachment_2747\" style=\"width: 490px\" class=\"wp-caption alignnone\"><a href=\"https:\/\/static-blogs.hoy.es\/wp-content\/uploads\/sites\/119\/2022\/01\/123060562_3464696723626249_6536234032100466161_n-2.jpg\"><img aria-describedby=\"caption-attachment-2747\" loading=\"lazy\" class=\"wp-image-2747 size-full\" src=\"https:\/\/static-blogs.hoy.es\/wp-content\/uploads\/sites\/119\/2022\/01\/123060562_3464696723626249_6536234032100466161_n-2.jpg\" alt=\"\" width=\"480\" height=\"640\" srcset=\"https:\/\/static-blogs.hoy.es\/wp-content\/uploads\/sites\/119\/2022\/01\/123060562_3464696723626249_6536234032100466161_n-2.jpg 480w, https:\/\/static-blogs.hoy.es\/wp-content\/uploads\/sites\/119\/2022\/01\/123060562_3464696723626249_6536234032100466161_n-2-225x300.jpg 225w\" sizes=\"(max-width: 480px) 100vw, 480px\" \/><\/a><p id=\"caption-attachment-2747\" class=\"wp-caption-text\">Ultima foto desde Poo de Pli\u00e9galos.<\/p><\/div>\n<p>.<\/p>\n<p>.<\/p>\n<p>.<\/p>\n<p>Bueno, pasando p\u00e1gina, regreso esperanzado con un nuevo proyecto bajo el brazo. Un proyecto con dos a\u00f1os de retraso que ya hab\u00eda anunciado en la charla de AULA HOY, que ofrecimos en el colegio de farmac\u00e9uticos de Badajoz, y que hemos retomado con mucha ilusi\u00f3n hace unas semanas.<\/p>\n<p>&nbsp;<\/p>\n<p>Se trata de una expedici\u00f3n al Alto \u00e1rtico llamada <strong>#SPITZBERG8022<\/strong>. En las siguientes entradas de este blog, os ir\u00e9 \u00a0contando detalles de esta nueva <strong>aventura \u00c1rtica.<\/strong><\/p>\n<p><strong>\u00a0<\/strong><\/p>\n<p style=\"text-align: center;\"><strong>\u00a1\u00a1Salud para todos!! Comenzamos.<\/strong><\/p>\n<hr \/>\n<p><strong>PARA VER M\u00c1S DE MIS AVENTURAS HAZ CLIC EN ESTOS ENLACES<\/strong><\/p>\n<p><strong><a href=\"https:\/\/www.facebook.com\/JoseTrejo404\/\" rel=\"external nofollow\">Facebook<\/a><\/strong><\/p>\n<p><em><strong>Para ver m\u00e1s fotos de mis viajes, puedes seguirme en este link<\/strong><\/em><\/p>\n<p><strong><a href=\"https:\/\/www.instagram.com\/josetrejo404\/?hl=es\" rel=\"external nofollow\">Instagram<\/a>\u00a0<\/strong><\/p>\n<p><a href=\"https:\/\/www.google.es\/search?q=%23UnExtreme%C3%B1oEnEl%C3%81rtico&amp;tbm=isch&amp;tbo=u&amp;source=univ&amp;sa=X&amp;ved=0ahUKEwjk4__i8fzYAhUBWxQKHd2fCmUQsAQILQ&amp;biw=1366&amp;bih=637\" rel=\"external nofollow\">#UnExtreme\u00f1oEnEl\u00c1rtico<\/a>\u00a0<a href=\"https:\/\/www.instagram.com\/explore\/tags\/proyectobaikal2019\/?hl=es\" rel=\"external nofollow\">#SPITZBERG8022<\/a>\u00a0<a href=\"https:\/\/www.instagram.com\/explore\/tags\/aventurascentrowagen\/?hl=es\" rel=\"external nofollow\">#aventurascentrowagen<\/a><\/p>\n<p><strong><a href=\"https:\/\/www.youtube.com\/channel\/UCkc4QXSFBOd_zSPTrQ2RdXQ\" rel=\"external nofollow\">YouTube<\/a><\/strong><\/p>\n<p><strong>Contacto:<\/strong>\u00a0mad4041@gmail.com<\/p>\n","protected":false},"excerpt":{"rendered":"<p>Hola amigos y seguidores de este blog. He vuelto para retomar este espacio donde he ido relatando mis aventuras en el \u00e1rtico, y que debido a la pandemia me sent\u00ed obligado a parar en seco. Me gustar\u00eda dar una peque\u00f1a explicaci\u00f3n del porqu\u00e9 de mi ausencia, por fidelidad sobre todo, a los que esperaban semanalmente [&hellip;]<\/p>\n","protected":false},"author":142,"featured_media":2763,"comment_status":"open","ping_status":"closed","sticky":false,"template":"","format":"standard","meta":[],"categories":[1],"tags":[426,963,512,965,964],"_links":{"self":[{"href":"https:\/\/blogs.hoy.es\/un-extremeno-en-el-artico\/wp-json\/wp\/v2\/posts\/2738"}],"collection":[{"href":"https:\/\/blogs.hoy.es\/un-extremeno-en-el-artico\/wp-json\/wp\/v2\/posts"}],"about":[{"href":"https:\/\/blogs.hoy.es\/un-extremeno-en-el-artico\/wp-json\/wp\/v2\/types\/post"}],"author":[{"embeddable":true,"href":"https:\/\/blogs.hoy.es\/un-extremeno-en-el-artico\/wp-json\/wp\/v2\/users\/142"}],"replies":[{"embeddable":true,"href":"https:\/\/blogs.hoy.es\/un-extremeno-en-el-artico\/wp-json\/wp\/v2\/comments?post=2738"}],"version-history":[{"count":3,"href":"https:\/\/blogs.hoy.es\/un-extremeno-en-el-artico\/wp-json\/wp\/v2\/posts\/2738\/revisions"}],"predecessor-version":[{"id":2764,"href":"https:\/\/blogs.hoy.es\/un-extremeno-en-el-artico\/wp-json\/wp\/v2\/posts\/2738\/revisions\/2764"}],"wp:featuredmedia":[{"embeddable":true,"href":"https:\/\/blogs.hoy.es\/un-extremeno-en-el-artico\/wp-json\/wp\/v2\/media\/2763"}],"wp:attachment":[{"href":"https:\/\/blogs.hoy.es\/un-extremeno-en-el-artico\/wp-json\/wp\/v2\/media?parent=2738"}],"wp:term":[{"taxonomy":"category","embeddable":true,"href":"https:\/\/blogs.hoy.es\/un-extremeno-en-el-artico\/wp-json\/wp\/v2\/categories?post=2738"},{"taxonomy":"post_tag","embeddable":true,"href":"https:\/\/blogs.hoy.es\/un-extremeno-en-el-artico\/wp-json\/wp\/v2\/tags?post=2738"}],"curies":[{"name":"wp","href":"https:\/\/api.w.org\/{rel}","templated":true}]}}