{"id":2765,"date":"2022-01-31T13:30:56","date_gmt":"2022-01-31T12:30:56","guid":{"rendered":"https:\/\/blogs.hoy.es\/un-extremeno-en-el-artico\/?p=2765"},"modified":"2022-02-03T22:44:59","modified_gmt":"2022-02-03T21:44:59","slug":"asi-comenzo-la-expedicion-spitzberg-8022","status":"publish","type":"post","link":"https:\/\/blogs.hoy.es\/un-extremeno-en-el-artico\/2022\/01\/31\/asi-comenzo-la-expedicion-spitzberg-8022\/","title":{"rendered":"As\u00ed comenz\u00f3 la expedici\u00f3n #SPITZBERG 8022"},"content":{"rendered":"<hr \/>\n<p><span style=\"color: #0000ff;\"><strong>&#8220;\u00bfCoincidencia\u2026? Ning\u00fan reencuentro es coincidencia&#8221;.<\/strong><\/span><\/p>\n<p><span style=\"color: #0000ff;\"><strong>\u201cAnd\u00e1bamos sin buscarnos pero sabiendo que and\u00e1bamos para encontrarnos\u201d<\/strong>\u00a0 \u00a0 \u00a0 \u00a0Julio Cort\u00e1zar<\/span><\/p>\n<hr \/>\n<p>All\u00e1 por octubre del a\u00f1o 2011 reci\u00e9n llegado de mi primera temporada en Groenlandia, me invitaron en la radio para que les contara c\u00f3mo me fue por aquellas tierras heladas.<\/p>\n<p>Ajeno a quien me estaba escuchando a trav\u00e9s de las ondas, el director de una sucursal bancaria se puso en contacto conmigo d\u00edas despu\u00e9s. Alguien quer\u00eda conocerme.<\/p>\n<p>En la puerta en la venta Don Jos\u00e9, a las afueras de Badajoz, esperaba a alguien de la banca que ten\u00eda cierto inter\u00e9s en mi historia.<\/p>\n<p>A la hora acordada vi aparecer un gran coche oscuro conducido por un chofer. De este coche se baj\u00f3 un se\u00f1or de pelo cano de unos sesenta a\u00f1os. Me reconoci\u00f3, y salud\u00e1ndome me invit\u00f3 a entrar en la venta para tomar el caf\u00e9 prometido. Ricardo de nombre, hab\u00eda vuelto loco a uno de sus directores para que encontrara mi n\u00famero de tel\u00e9fono como fuera.<\/p>\n<p>Despu\u00e9s de escuchar mis aventurillas por <strong>Groenlandia<\/strong>, vino su turno, me cont\u00f3 que all\u00e1 por el a\u00f1o ochenta se embarc\u00f3 en la aventura de su vida cerca del<strong> Polo<\/strong>, como \u00e9l dec\u00eda. Fue al <strong>\u00c1rtico<\/strong>, a un lugar llamado<strong> Spitzberg<\/strong><em>, <\/em>en el archipi\u00e9lago de <strong>Svalbard<\/strong>, junto a varios compa\u00f1eros, todos ellos extreme\u00f1os. Fueron a escalar unas monta\u00f1as, e incluso bautizaron uno de los picos aun v\u00edrgenes de aquel remoto lugar.<\/p>\n<p>Todo aquel inter\u00e9s por mi historia se deb\u00eda, a si tendr\u00eda suficiente experiencia para guiarle y ayudarle a regresar a aquel lugar a\u00f1orado. Fui sincero con Ricardo, todav\u00eda no estaba preparado para tal empresa y que sent\u00eda haberle hecho perder su tiempo. Nos despedimos en el dintel de la puerta de la cafeter\u00eda, viendo en \u00e9l cierta mirada de resignaci\u00f3n.<\/p>\n<p>Pasaron algunos a\u00f1os, y en Zafra escalando en el Castellar, preguntamos a los escaladores del lugar, por una placa que hab\u00eda atornillada sobre una de las v\u00edas de escalada con el nombre de \u2018<a href=\"https:\/\/lossantosdemaimona.hoy.es\/actualidad\/2013-10-23\/este-viernes-inaugura-pabellon-multiusos-1240.html\" rel=\"external nofollow\">Antonio Galea<\/a>\u2019 \u00bfA caso alguien se accident\u00f3 y muri\u00f3 en aquella v\u00eda?<\/p>\n<p>La placa de recuerdo correspond\u00eda a un monta\u00f1ero de los Santos de Maimona fallecido por una avalancha en el <strong>Pumori,<\/strong> en <strong>la cordillera del Himalaya<\/strong>. Este monta\u00f1ero a\u00f1os antes hab\u00eda participado en otra expedici\u00f3n, pero esta vez en el <strong>\u00c1rtico<\/strong>\u00a0\u00bfQu\u00e9 casualidad, no?<\/p>\n<p><a href=\"https:\/\/lossantosdemaimona.hoy.es\/actualidad\/2013-10-23\/este-viernes-inaugura-pabellon-multiusos-1240.html\" rel=\"external nofollow\">https:\/\/lossantosdemaimona.hoy.es\/actualidad\/2013-10-23\/este-viernes-inaugura-pabellon-multiusos-1240.html<\/a><\/p>\n<p>Desde que regres\u00e9 de Siberia y despu\u00e9s de 9 a\u00f1os de intensas experiencias por tierras del bajo \u00c1rtico, me sent\u00eda con suficiente fortaleza para afrontar un nuevo proyecto, pero esta vez, \u00a0quer\u00eda subir a\u00fan m\u00e1s el list\u00f3n, viajar al salvaje <strong>Alto \u00c1rtico<\/strong>.<\/p>\n<p>En mi b\u00fasqueda de informaci\u00f3n sobre viajes y exploraciones recientes que pudieran dar m\u00e1s sentido a lo que pretend\u00eda hacer, me puse a investigar y encontr\u00e9 varias noticias relacionadas con un art\u00edculo que me llam\u00f3 la atenci\u00f3n.<\/p>\n<p>Se trataba de la conmemoraci\u00f3n del 30 aniversario de la primera<a href=\"https:\/\/www.hoy.es\/20110217\/mas-actualidad\/sociedad\/documental-recuerda-primera-expedicion-201102171302.html\" rel=\"external nofollow\"> Expedici\u00f3n Polar Extreme\u00f1a<\/a>. Incluso se hab\u00eda hecho un documental con todos los componentes, excepto dos que fallecieron en el 1989 en una expedici\u00f3n al Himalaya, uno de ellos, era Antonio Galea.<\/p>\n<hr \/>\n<p>Mi cabeza comenzaba a forjar un proyecto, donde habr\u00eda estos ingredientes:<\/p>\n<p><strong>HISTORIA<\/strong>\/ Hab\u00eda una gran historia de aventureros extreme\u00f1os, y quise seguir sus pasos compartiendo y comparando nuestros diferentes viajes con 42 a\u00f1os de diferencia. Adem\u00e1s de hacer un homenaje por su \u201ccuarenta\u201d aniversario.<\/p>\n<p><strong>DEPORTE<\/strong>\/ Realizar un viaje con nuestro esfuerzo f\u00edsico y completamente autosuficiente. Mediante la t\u00e9cnica de esqu\u00ed de traves\u00eda n\u00f3rdico y trineo (pulka).<\/p>\n<p><strong>EXPLORACI\u00d3N<\/strong>\/ La curiosidad de mirar un mapa y so\u00f1ar. Trazar l\u00edneas en \u00e9l, y estudiar la orograf\u00eda para planificar un viaje hacia lo desconocido.<\/p>\n<p><strong>OBJETIVO<\/strong>\/ Siempre me ha llamado la atenci\u00f3n los paisajes dist\u00f3picos en algunas de mis lecturas o en cine. <em>&#8216;Se puede ver c\u00f3mo el paisaje cambia sobre un mundo irreal donde la humanidad desaparece por un cataclismo o una cat\u00e1strofe nuclear, y la naturaleza recupera de nuevo el espacio<\/em>&#8216;. Por ello elegimos el asentamiento minero ruso abandonado, la ciudad fantasma de <strong>Pyramiden<\/strong>.<\/p>\n<hr \/>\n<p>Con los mapas trazados sobre la mesa, un Drive para ir colgando todos los detalles que se nos ocurr\u00edan de la log\u00edstica, la lista del equipo y varios documentales sobre <strong>Pyramiden<\/strong>, tocaba conocer a algunos de los protagonistas de la <a href=\"https:\/\/www.hoy.es\/20110217\/mas-actualidad\/sociedad\/documental-recuerda-primera-expedicion-201102171302.html\" rel=\"external nofollow\">\u201c<strong>Expedici\u00f3n Polar Extreme\u00f1a Spitzberg 80<\/strong>&#8220;<\/a>.<\/p>\n<p>No fue dif\u00edcil encontrar al Jefe de la expedici\u00f3n y a su mujer, Santiago Brun y Mar\u00eda Gemio, \u00fanica integrante femenina de la nombrada expedici\u00f3n al vivir en la ciudad de Badajoz.<\/p>\n<p>Quedamos para conocernos en la antigua tienda de \u201cExplorer Badajoz\u201d, y bajo el brazo la pareja me trajo un regalo, era su precioso y preciado documental del treinta aniversario.<\/p>\n<p>El \u00faltimo y m\u00e1s emocinante de los ingredientes de esta nueva aventura estaba ya en la olla.<\/p>\n<p>Cuando llegu\u00e9 a casa, lo vision\u00e9 varias veces con el mapa interactivo de <a href=\"https:\/\/toposvalbard.npolar.no\/\" rel=\"external nofollow\"><strong>toposvalbard<\/strong><\/a>, anotando y siguiendo aquella aventura de fiordo en fiordo y de cima a cima.<\/p>\n<p>Y as\u00ed naci\u00f3 nuestra idea llamada <strong>#SPITZBERG8022<\/strong>.<\/p>\n<p>Le quisimos dejar <strong>Spitzberg<\/strong> (antiguo nombre de origen \u00a0franc\u00e9s) como el documental del treinta aniversario, a pesar de que en la actualidad se llama\u00a0<strong>Spitzbergen<\/strong>. Esta isla es la m\u00e1s grande del archipi\u00e9lago de <a href=\"https:\/\/es.wikipedia.org\/wiki\/Svalbard_y_Jan_Mayen\" rel=\"external nofollow\"><strong>Svalbard<\/strong><\/a>, situado a tan solo 1000 kil\u00f3metros del Polo Norte.<\/p>\n<hr \/>\n<p><strong>PARA VER M\u00c1S DE MIS AVENTURAS HAZ CLIC EN ESTOS ENLACES<\/strong><\/p>\n<p><strong><a href=\"https:\/\/www.facebook.com\/JoseTrejo404\/\" rel=\"external nofollow\">Facebook<\/a><\/strong><\/p>\n<p><em><strong>Para ver m\u00e1s fotos de mis viajes, puedes seguirme en este link<\/strong><\/em><\/p>\n<p><strong><a href=\"https:\/\/www.instagram.com\/josetrejo404\/?hl=es\" rel=\"external nofollow\">Instagram<\/a>\u00a0<\/strong><\/p>\n<p><a href=\"https:\/\/www.google.es\/search?q=%23UnExtreme%C3%B1oEnEl%C3%81rtico&amp;tbm=isch&amp;tbo=u&amp;source=univ&amp;sa=X&amp;ved=0ahUKEwjk4__i8fzYAhUBWxQKHd2fCmUQsAQILQ&amp;biw=1366&amp;bih=637\" rel=\"external nofollow\">#UnExtreme\u00f1oEnEl\u00c1rtico<\/a>\u00a0<a href=\"https:\/\/www.instagram.com\/explore\/tags\/proyectobaikal2019\/?hl=es\" rel=\"external nofollow\">#SPITZBERG8022<\/a>\u00a0<a href=\"https:\/\/www.instagram.com\/explore\/tags\/aventurascentrowagen\/?hl=es\" rel=\"external nofollow\">#aventurascentrowagen<\/a><\/p>\n<p><strong><a href=\"https:\/\/www.youtube.com\/channel\/UCkc4QXSFBOd_zSPTrQ2RdXQ\" rel=\"external nofollow\">YouTube<\/a><\/strong><\/p>\n<p><strong>Contacto:<\/strong>\u00a0mad4041@gmail.com<\/p>\n<hr \/>\n<p>&nbsp;<\/p>\n<p>&nbsp;<\/p>\n<p>&nbsp;<\/p>\n","protected":false},"excerpt":{"rendered":"<p>&#8220;\u00bfCoincidencia\u2026? Ning\u00fan reencuentro es coincidencia&#8221;. \u201cAnd\u00e1bamos sin buscarnos pero sabiendo que and\u00e1bamos para encontrarnos\u201d\u00a0 \u00a0 \u00a0 \u00a0Julio Cort\u00e1zar All\u00e1 por octubre del a\u00f1o 2011 reci\u00e9n llegado de mi primera temporada en Groenlandia, me invitaron en la radio para que les contara c\u00f3mo me fue por aquellas tierras heladas. Ajeno a quien me estaba escuchando a [&hellip;]<\/p>\n","protected":false},"author":142,"featured_media":2770,"comment_status":"open","ping_status":"closed","sticky":false,"template":"","format":"standard","meta":[],"categories":[1],"tags":[863,14,968,72,967,74,101,852,183,966,869,969,886],"_links":{"self":[{"href":"https:\/\/blogs.hoy.es\/un-extremeno-en-el-artico\/wp-json\/wp\/v2\/posts\/2765"}],"collection":[{"href":"https:\/\/blogs.hoy.es\/un-extremeno-en-el-artico\/wp-json\/wp\/v2\/posts"}],"about":[{"href":"https:\/\/blogs.hoy.es\/un-extremeno-en-el-artico\/wp-json\/wp\/v2\/types\/post"}],"author":[{"embeddable":true,"href":"https:\/\/blogs.hoy.es\/un-extremeno-en-el-artico\/wp-json\/wp\/v2\/users\/142"}],"replies":[{"embeddable":true,"href":"https:\/\/blogs.hoy.es\/un-extremeno-en-el-artico\/wp-json\/wp\/v2\/comments?post=2765"}],"version-history":[{"count":14,"href":"https:\/\/blogs.hoy.es\/un-extremeno-en-el-artico\/wp-json\/wp\/v2\/posts\/2765\/revisions"}],"predecessor-version":[{"id":2782,"href":"https:\/\/blogs.hoy.es\/un-extremeno-en-el-artico\/wp-json\/wp\/v2\/posts\/2765\/revisions\/2782"}],"wp:featuredmedia":[{"embeddable":true,"href":"https:\/\/blogs.hoy.es\/un-extremeno-en-el-artico\/wp-json\/wp\/v2\/media\/2770"}],"wp:attachment":[{"href":"https:\/\/blogs.hoy.es\/un-extremeno-en-el-artico\/wp-json\/wp\/v2\/media?parent=2765"}],"wp:term":[{"taxonomy":"category","embeddable":true,"href":"https:\/\/blogs.hoy.es\/un-extremeno-en-el-artico\/wp-json\/wp\/v2\/categories?post=2765"},{"taxonomy":"post_tag","embeddable":true,"href":"https:\/\/blogs.hoy.es\/un-extremeno-en-el-artico\/wp-json\/wp\/v2\/tags?post=2765"}],"curies":[{"name":"wp","href":"https:\/\/api.w.org\/{rel}","templated":true}]}}