{"id":2784,"date":"2022-02-21T16:56:57","date_gmt":"2022-02-21T15:56:57","guid":{"rendered":"https:\/\/blogs.hoy.es\/un-extremeno-en-el-artico\/?p=2784"},"modified":"2022-02-22T17:44:46","modified_gmt":"2022-02-22T16:44:46","slug":"la-quedada-preparativos-para-spitzberg8022","status":"publish","type":"post","link":"https:\/\/blogs.hoy.es\/un-extremeno-en-el-artico\/2022\/02\/21\/la-quedada-preparativos-para-spitzberg8022\/","title":{"rendered":"La quedada. Preparativos para #SPITZBERG8022"},"content":{"rendered":"<hr \/>\n<p><span style=\"color: #003366;\"><em>A\u00f1o 2020, comienza la primavera.<\/em><\/span><\/p>\n<p><span style=\"color: #003366;\"><em>Como si fuera una tempestad de nubes negras, una amenaza en ciernes avanza implacable sobre el Planeta. Los territorios toman medidas dr\u00e1sticas cerrando sus puertas y confinando \u00a1Esto es la guerra! dicen algunos.<\/em><\/span><\/p>\n<p><span style=\"color: #003366;\"><em>El mundo gris, m\u00e1s gris que nunca, coge fuerza y saca sus mejores galas, las del miedo. Voces se alzan en contra de un solo criterio, \u00a0pero son neutralizadas r\u00e1pidamente, son los llamados disidentes, luego le cambiaran el nombre.<\/em><\/span><\/p>\n<p><span style=\"color: #003366;\"><em>La oscura tempestad campa de barrio en barrio y de esquina en esquina. Ha nacido un nuevo perfil en el mundo, el delator del vecino. Parapetado tras las cortinas de las ventanas le hace el trabajo sucio al mundo gris.<\/em><\/span><\/p>\n<p><span style=\"color: #003366;\"><em>En esta guerra hay tres actores, los que dicen que s\u00ed, los que dicen que no y la oscura tempestad. El mundo gris lucha feroz entre los que s\u00ed y los que no, y mientras tanto, la oscura tempestad se r\u00ede y hace lo que le viene en gana.<\/em><\/span><\/p>\n<p><span style=\"color: #003366;\"><em>Se establecen criterios de maquillaje para la lucha contra la oscura tempestad y se visten con una nueva prenda, la prenda de la salvaci\u00f3n.<\/em><\/span><\/p>\n<p><span style=\"color: #003366;\"><em>Dos a\u00f1os m\u00e1s tarde, la prenda de la salvaci\u00f3n no es m\u00e1s que una moda para calmar el miedo.<\/em><\/span><\/p>\n<p><span style=\"color: #003366;\"><em>La oscura tempestad se quedar\u00e1 para siempre. Nunca hubo tal guerra contra la oscura tempestad, ya que la oscura tempestad, conoc\u00eda bien el instinto de sus dos adversarios, solamente se sent\u00f3 a observar y ver c\u00f3mo se destru\u00edan.<\/em><\/span><\/p>\n<hr \/>\n<p><span style=\"font-size: 14pt; color: #0000ff;\"><strong>\u201cLa mejor forma de predecir el futuro, es construirlo\u201d<\/strong> Alan Kay<\/span><\/p>\n<p>Despu\u00e9s de la tormenta viene la calma \u00a1Al fin!<\/p>\n<p>Con tanta nube negra e incoherencia, necesitaba vitamina D a kilos, endorfinas y mandar a la mierda el mundo virtual y el mundo pand\u00e9mico.<\/p>\n<p>En tan solo 20 d\u00edas de terapia de choque compartiendo el tiempo con mis amigos Nuria, Mike y Jes\u00fas, la p\u00f3cima fue: carrera a pie, patines, escalada en roca, en hielo, alpinismo y arrastrar a Wilson, la rueda. As\u00ed recuper\u00e9 el \u2018musculo\u2019 de mi estado mental.<\/p>\n<p>El tono de mi rostro cambi\u00f3, del blanquecino al moreno por tantas horas al sol, seguido de una sonrisa que iba creciendo cuanto m\u00e1s horas le dedicaba al deporte al aire libre.<\/p>\n<p>M\u00e1s tarde llego lo m\u00e1s ansiado, el <em>brainstorming<\/em> (lluvia de ideas) en mi cabeza. Acababa de vencer la inercia del enfermizo s\u00edndrome de la \u201ccueva\u201d provocada por estos dos a\u00f1os de \u2018c\u00e1rcel\u2019.<\/p>\n<hr \/>\n<p><strong>La quedada.<\/strong><\/p>\n<p>Hab\u00eda fecha de la quedada para reencontrarnos y poner cosas en com\u00fan acerca del proyecto polar #SPITZBERG8022. Despu\u00e9s de tanto tiempo de incertidumbre y cambios de planes, nos ver\u00edamos a mediados de enero.<\/p>\n<div id=\"attachment_2787\" style=\"width: 1546px\" class=\"wp-caption alignnone\"><a href=\"https:\/\/static-blogs.hoy.es\/wp-content\/uploads\/sites\/119\/2022\/02\/271939521_4788821581213750_8232517128685070859_n-1.jpg\"><img aria-describedby=\"caption-attachment-2787\" loading=\"lazy\" class=\"size-full wp-image-2787\" src=\"https:\/\/static-blogs.hoy.es\/wp-content\/uploads\/sites\/119\/2022\/02\/271939521_4788821581213750_8232517128685070859_n-1.jpg\" alt=\"\" width=\"1536\" height=\"2048\" srcset=\"https:\/\/static-blogs.hoy.es\/wp-content\/uploads\/sites\/119\/2022\/02\/271939521_4788821581213750_8232517128685070859_n-1.jpg 1536w, https:\/\/static-blogs.hoy.es\/wp-content\/uploads\/sites\/119\/2022\/02\/271939521_4788821581213750_8232517128685070859_n-1-225x300.jpg 225w, https:\/\/static-blogs.hoy.es\/wp-content\/uploads\/sites\/119\/2022\/02\/271939521_4788821581213750_8232517128685070859_n-1-768x1024.jpg 768w\" sizes=\"(max-width: 1536px) 100vw, 1536px\" \/><\/a><p id=\"caption-attachment-2787\" class=\"wp-caption-text\"><em>\u00a1Esto marcha! A primeros de enero ya tengo mi ansiado \u201cfur\u00a0<a href=\"https:\/\/www.seafursewing.com\/shop-all\/p\/custom-fur-ruff\" rel=\"external nofollow\">ruff<\/a>\u201d, protecci\u00f3n contra los vientos polares.<\/em><br \/><em>Juani (@Labores Juani), la mejor costurera que conozco, ha instalado esta piel natural en la capucha de mi vieja chaqueta de Goretex<\/em>.<\/p><\/div>\n<div id=\"attachment_2789\" style=\"width: 1930px\" class=\"wp-caption alignnone\"><a href=\"https:\/\/static-blogs.hoy.es\/wp-content\/uploads\/sites\/119\/2022\/02\/C0037_Moment.jpg\"><img aria-describedby=\"caption-attachment-2789\" loading=\"lazy\" class=\"size-full wp-image-2789\" src=\"https:\/\/static-blogs.hoy.es\/wp-content\/uploads\/sites\/119\/2022\/02\/C0037_Moment.jpg\" alt=\"\" width=\"1920\" height=\"1080\" srcset=\"https:\/\/static-blogs.hoy.es\/wp-content\/uploads\/sites\/119\/2022\/02\/C0037_Moment.jpg 1920w, https:\/\/static-blogs.hoy.es\/wp-content\/uploads\/sites\/119\/2022\/02\/C0037_Moment-300x169.jpg 300w, https:\/\/static-blogs.hoy.es\/wp-content\/uploads\/sites\/119\/2022\/02\/C0037_Moment-768x432.jpg 768w, https:\/\/static-blogs.hoy.es\/wp-content\/uploads\/sites\/119\/2022\/02\/C0037_Moment-1024x576.jpg 1024w\" sizes=\"(max-width: 1920px) 100vw, 1920px\" \/><\/a><p id=\"caption-attachment-2789\" class=\"wp-caption-text\"><em>Pr\u00e1cticas. Con mi amigo Jes\u00fas recordamos c\u00f3mo hacer un <a href=\"https:\/\/www.petzl.com\/ES\/es\/Sport\/Marcha-por-glaciar-en-cordada-de-dos\" rel=\"external nofollow\">polipasto<\/a> de emergencia, en caso de una ca\u00edda dentro de alguna grieta en los glaciares que atravesaremos durante nuestra traves\u00eda por el hielo de la isla de <a href=\"https:\/\/es.wikipedia.org\/wiki\/Spitsbergen\" rel=\"external nofollow\">Spitzberg<\/a>.<\/em><\/p><\/div>\n<p>&nbsp;<\/p>\n<p>Mediados de enero, en la fecha acordada, espero a mis compa\u00f1eros junto al calor de la estufa de le\u00f1a en una casa de la sierra de B\u00e9jar. El primero en llegar es Jorge, al final cada uno ha venido en su coche por problema de horarios.<\/p>\n<p>Despu\u00e9s de un fuerte abrazo, no paramos de charlar a la espera de Gontzal, las ganas de aventura se impregna en las paredes del bonito y acogedor refugio. A la hora suena el tel\u00e9fono, Gontzal acaba de llagar a la solitaria aldea.<\/p>\n<p>Otro abrazo para Gontzal y descargamos sus cosas en la casa. M\u00e1s sonrisas y buenas vibraciones se respiran en la estancia.<\/p>\n<p>A Gontzal lo conoc\u00ed all\u00e1 por el 2019 en el mism\u00edsimo lago <a href=\"https:\/\/es.wikipedia.org\/wiki\/Lago_Baikal\" rel=\"external nofollow\">Baikal<\/a>, dos d\u00edas antes de recibir un mensaje a m\u00ed m\u00f3vil, que fortuitamente encontr\u00f3 cobertura, me escrib\u00eda, que \u00e9l y Kepa viajaban por el lago Baikal con rumbo Norte. Contactaba con la escasa esperanza de poder vernos en alg\u00fan lugar de este inmenso lago de 636 kil\u00f3metros de longitud.<\/p>\n<p>Nos conocimos semanas antes por una llamada de tel\u00e9fono que Kepa, su compa\u00f1ero de viaje, me hizo para preguntarme unos detalles de c\u00f3mo gestionar la enrevesada visa rusa. Y all\u00ed est\u00e1bamos los tres, como tres agujas en un pajar, en medio de Siberia en el centro del lago helado m\u00e1s profundo del Planeta.<\/p>\n<p>A Jorge lo conozco desde hace varios a\u00f1os, somos grandes amigos, \u00a0fuimos compa\u00f1eros de trabajo\u00a0 en Groenlandia tambi\u00e9n. Juntos hemos hecho muchas aventurillas por aquellos mares, monta\u00f1as y hielos jejejeje.<\/p>\n<div id=\"attachment_2791\" style=\"width: 1453px\" class=\"wp-caption alignnone\"><a href=\"https:\/\/static-blogs.hoy.es\/wp-content\/uploads\/sites\/119\/2022\/02\/IMG_20190311_081839.jpg\"><img aria-describedby=\"caption-attachment-2791\" loading=\"lazy\" class=\"size-full wp-image-2791\" src=\"https:\/\/static-blogs.hoy.es\/wp-content\/uploads\/sites\/119\/2022\/02\/IMG_20190311_081839.jpg\" alt=\"\" width=\"1443\" height=\"1083\" srcset=\"https:\/\/static-blogs.hoy.es\/wp-content\/uploads\/sites\/119\/2022\/02\/IMG_20190311_081839.jpg 1443w, https:\/\/static-blogs.hoy.es\/wp-content\/uploads\/sites\/119\/2022\/02\/IMG_20190311_081839-300x225.jpg 300w, https:\/\/static-blogs.hoy.es\/wp-content\/uploads\/sites\/119\/2022\/02\/IMG_20190311_081839-768x576.jpg 768w, https:\/\/static-blogs.hoy.es\/wp-content\/uploads\/sites\/119\/2022\/02\/IMG_20190311_081839-1024x769.jpg 1024w\" sizes=\"(max-width: 1443px) 100vw, 1443px\" \/><\/a><p id=\"caption-attachment-2791\" class=\"wp-caption-text\"><em>Kepa a la derecha y Gontzal en el centro. En medio del Lago Baikal 2019<\/em><\/p><\/div>\n<div id=\"attachment_2792\" style=\"width: 778px\" class=\"wp-caption alignnone\"><a href=\"https:\/\/static-blogs.hoy.es\/wp-content\/uploads\/sites\/119\/2022\/02\/IMG_2791.jpg\"><img aria-describedby=\"caption-attachment-2792\" loading=\"lazy\" class=\"size-full wp-image-2792\" src=\"https:\/\/static-blogs.hoy.es\/wp-content\/uploads\/sites\/119\/2022\/02\/IMG_2791.jpg\" alt=\"\" width=\"768\" height=\"576\" srcset=\"https:\/\/static-blogs.hoy.es\/wp-content\/uploads\/sites\/119\/2022\/02\/IMG_2791.jpg 768w, https:\/\/static-blogs.hoy.es\/wp-content\/uploads\/sites\/119\/2022\/02\/IMG_2791-300x225.jpg 300w\" sizes=\"(max-width: 768px) 100vw, 768px\" \/><\/a><p id=\"caption-attachment-2792\" class=\"wp-caption-text\"><em>Con Jorge en el casquete polar. Una exploraci\u00f3n de alto riesgo sobre la vertiente de la solitaria costa Sureste de Groenlandia. 2017<\/em><\/p><\/div>\n<p>La charla se prolong\u00f3 hasta m\u00e1s all\u00e1 de la dos de la madrugada, hab\u00eda qua hablar de muchas cosas y tan solo ten\u00edamos tres d\u00edas.<\/p>\n<p>Los puntos\u00a0 que se trataron fueron, el estudio pormenorizado de la ruta m\u00e1s viable y segura hasta la ciudad fantasma de Pyramiden. Otro punto clave fue cu\u00e1ntos d\u00edas necesitar\u00edamos para enfrentar esta ruta. Al final decidimos 26 d\u00edas, necesitar\u00edamos d\u00edas de aclimataci\u00f3n al fr\u00edo, gestiones de log\u00edstica: alquiler del arma, combustible y etc. Y por supuesto, d\u00edas de margen, en el Alto \u00c1rtico seguramente tangamos d\u00edas de muy mal tiempo.<\/p>\n<div id=\"attachment_2795\" style=\"width: 778px\" class=\"wp-caption alignnone\"><a href=\"https:\/\/static-blogs.hoy.es\/wp-content\/uploads\/sites\/119\/2022\/02\/C0042_Moment.jpg\"><img aria-describedby=\"caption-attachment-2795\" loading=\"lazy\" class=\"size-full wp-image-2795\" src=\"https:\/\/static-blogs.hoy.es\/wp-content\/uploads\/sites\/119\/2022\/02\/C0042_Moment.jpg\" alt=\"\" width=\"768\" height=\"432\" srcset=\"https:\/\/static-blogs.hoy.es\/wp-content\/uploads\/sites\/119\/2022\/02\/C0042_Moment.jpg 768w, https:\/\/static-blogs.hoy.es\/wp-content\/uploads\/sites\/119\/2022\/02\/C0042_Moment-300x169.jpg 300w\" sizes=\"(max-width: 768px) 100vw, 768px\" \/><\/a><p id=\"caption-attachment-2795\" class=\"wp-caption-text\"><em>Estudiamos una ruta circular l\u00f3gica en los mapas. El handicap es el fiordo que no estar\u00e1 helado y habr\u00e1 que improvisar sobre la marcha.\u00a0 Adem\u00e1s marcamos una ruta hecha por un grupo de bielorrusos a\u00f1os atras.<\/em><\/p><\/div>\n<p>&nbsp;<\/p>\n<p>Otros puntos\u00a0 importantes eran, conocer de cada uno: sus fortalezas y sus debilidades. Llegando el caso, podr\u00edamos contar los unos de los otros en alguna situaci\u00f3n de supervivencia.<\/p>\n<hr \/>\n<p>Al ser yo el conocedor de la sierra de Gredos, por cercan\u00eda, hice de anfitri\u00f3n para mis compa\u00f1eros.<\/p>\n<p>Ya por la ma\u00f1ana temprano nos esperaba la ascensi\u00f3n al pico Almanzor por la ruta normal. Pero por si las moscas y debido a las condiciones t\u00e9cnicas de la nieve, ir\u00edamos bien pertrechados con equipo de alpinismo.<\/p>\n<p>Un tiempo anticicl\u00f3nico nos regal\u00f3 las mejores condiciones y sensaciones en mi querida monta\u00f1a. Tiempo esplendoroso sobre un paisaje magnifico con un mar de nubes incluido \u00bfQui\u00e9n podr\u00eda pedir m\u00e1s?<\/p>\n<p>Una vez de regreso a la plataforma, para reponer fuerzas en la cena, nos fuimos a por unos pepitos de ternera, como manda nuestra tradici\u00f3n. Las necesitar\u00edamos para el d\u00eda siguiente, pero antes, en la velada seguimos con la charla monogr\u00e1fica de nuestro viaje.<\/p>\n<p>La ma\u00f1ana siguiente el tour ser\u00eda ir a la sierra de B\u00e9jar, otro de mis talismanes, las cascadas de Pe\u00f1a negra de Becedas y escalar en hielo.<\/p>\n<p>&nbsp;<\/p>\n<div id=\"attachment_2796\" style=\"width: 1610px\" class=\"wp-caption alignnone\"><a href=\"https:\/\/static-blogs.hoy.es\/wp-content\/uploads\/sites\/119\/2022\/02\/IMG-20220128-WA0010_2.jpg\"><img aria-describedby=\"caption-attachment-2796\" loading=\"lazy\" class=\"size-full wp-image-2796\" src=\"https:\/\/static-blogs.hoy.es\/wp-content\/uploads\/sites\/119\/2022\/02\/IMG-20220128-WA0010_2.jpg\" alt=\"\" width=\"1600\" height=\"902\" srcset=\"https:\/\/static-blogs.hoy.es\/wp-content\/uploads\/sites\/119\/2022\/02\/IMG-20220128-WA0010_2.jpg 1600w, https:\/\/static-blogs.hoy.es\/wp-content\/uploads\/sites\/119\/2022\/02\/IMG-20220128-WA0010_2-300x169.jpg 300w, https:\/\/static-blogs.hoy.es\/wp-content\/uploads\/sites\/119\/2022\/02\/IMG-20220128-WA0010_2-768x433.jpg 768w, https:\/\/static-blogs.hoy.es\/wp-content\/uploads\/sites\/119\/2022\/02\/IMG-20220128-WA0010_2-1024x577.jpg 1024w\" sizes=\"(max-width: 1600px) 100vw, 1600px\" \/><\/a><p id=\"caption-attachment-2796\" class=\"wp-caption-text\"><em>El \u201cdreamteam\u201d el equipo so\u00f1ado, est\u00e1 al completo en la cima m\u00e1s alta de la sierra de Gredos, el pico Almanzor. Foto de Gontzal<\/em><\/p><\/div>\n<div id=\"attachment_2798\" style=\"width: 1090px\" class=\"wp-caption alignnone\"><a href=\"https:\/\/static-blogs.hoy.es\/wp-content\/uploads\/sites\/119\/2022\/02\/C0054_Moment.jpg\"><img aria-describedby=\"caption-attachment-2798\" loading=\"lazy\" class=\"size-full wp-image-2798\" src=\"https:\/\/static-blogs.hoy.es\/wp-content\/uploads\/sites\/119\/2022\/02\/C0054_Moment.jpg\" alt=\"\" width=\"1080\" height=\"1080\" srcset=\"https:\/\/static-blogs.hoy.es\/wp-content\/uploads\/sites\/119\/2022\/02\/C0054_Moment.jpg 1080w, https:\/\/static-blogs.hoy.es\/wp-content\/uploads\/sites\/119\/2022\/02\/C0054_Moment-150x150.jpg 150w, https:\/\/static-blogs.hoy.es\/wp-content\/uploads\/sites\/119\/2022\/02\/C0054_Moment-300x300.jpg 300w, https:\/\/static-blogs.hoy.es\/wp-content\/uploads\/sites\/119\/2022\/02\/C0054_Moment-768x768.jpg 768w, https:\/\/static-blogs.hoy.es\/wp-content\/uploads\/sites\/119\/2022\/02\/C0054_Moment-1024x1024.jpg 1024w\" sizes=\"(max-width: 1080px) 100vw, 1080px\" \/><\/a><p id=\"caption-attachment-2798\" class=\"wp-caption-text\"><em>Aprovechando que las cascadas de hielo de Pe\u00f1a negra de Becedas estaban formadas, al d\u00eda siguiente fuimos a visitarlas y jugar un poco con la escalada en hielo.<\/em><\/p><\/div>\n<p>A decir verdad, la ansiada quedada no sali\u00f3 mejor imposible, en tiempo, en actividades y sobre todo en buen\u00edsimas vibraciones. Ya sabemos algo m\u00e1s de cada uno. Hacer estas actividades de monta\u00f1a eran el pretexto perfecto de donde saldr\u00e1 un liderazgo, y cada uno de nosotros tendr\u00e1 su espacio, aqu\u00ed nadie manda, cada uno liderar\u00e1 seg\u00fan instinto y experiencia, los dem\u00e1s le seguiremos. Ser\u00e1 quiz\u00e1s lo m\u00e1s interesante y complejo en todo el viaje, confiar en el compa\u00f1ero, sobre todo en las situaciones de alta tensi\u00f3n, que las tendremos.<\/p>\n<p>Tres d\u00edas han dado para mucho, el equipo est\u00e1 bien afianzado en un mismo objetivo. Las ganas de esta aventura est\u00e1n intactas apesar del tiempo que ha transcurrido, y somos conscientes de ello.<\/p>\n<hr \/>\n<p><strong>PARA VER M\u00c1S DE MIS AVENTURAS HAZ CLIC EN ESTOS ENLACES<\/strong><\/p>\n<p><strong><a href=\"https:\/\/www.facebook.com\/JoseTrejo404\/\" rel=\"external nofollow\">Facebook<\/a><\/strong><\/p>\n<p><em><strong>Para ver m\u00e1s fotos de mis viajes, puedes seguirme en este link<\/strong><\/em><\/p>\n<p><strong><a href=\"https:\/\/www.instagram.com\/josetrejo404\/?hl=es\" rel=\"external nofollow\">Instagram<\/a>\u00a0<\/strong><\/p>\n<p><a href=\"https:\/\/www.google.es\/search?q=%23UnExtreme%C3%B1oEnEl%C3%81rtico&amp;tbm=isch&amp;tbo=u&amp;source=univ&amp;sa=X&amp;ved=0ahUKEwjk4__i8fzYAhUBWxQKHd2fCmUQsAQILQ&amp;biw=1366&amp;bih=637\" rel=\"external nofollow\">#UnExtreme\u00f1oEnEl\u00c1rtico<\/a>\u00a0<a href=\"https:\/\/www.instagram.com\/explore\/tags\/proyectobaikal2019\/?hl=es\" rel=\"external nofollow\">#SPITZBERG8022<\/a>\u00a0<a href=\"https:\/\/www.instagram.com\/explore\/tags\/aventurascentrowagen\/?hl=es\" rel=\"external nofollow\">#aventurascentrowagen<\/a><\/p>\n<p><strong><a href=\"https:\/\/www.youtube.com\/channel\/UCkc4QXSFBOd_zSPTrQ2RdXQ\" rel=\"external nofollow\">YouTube<\/a><\/strong><\/p>\n<p><strong>Contacto:<\/strong>\u00a0mad4041@gmail.com<\/p>\n<hr \/>\n<p>&nbsp;<\/p>\n","protected":false},"excerpt":{"rendered":"<p>A\u00f1o 2020, comienza la primavera. Como si fuera una tempestad de nubes negras, una amenaza en ciernes avanza implacable sobre el Planeta. Los territorios toman medidas dr\u00e1sticas cerrando sus puertas y confinando \u00a1Esto es la guerra! dicen algunos. El mundo gris, m\u00e1s gris que nunca, coge fuerza y saca sus mejores galas, las del miedo. [&hellip;]<\/p>\n","protected":false},"author":142,"featured_media":2796,"comment_status":"open","ping_status":"closed","sticky":false,"template":"","format":"standard","meta":[],"categories":[1],"tags":[863,687,74,975,101,976,971,972,973,974,869],"_links":{"self":[{"href":"https:\/\/blogs.hoy.es\/un-extremeno-en-el-artico\/wp-json\/wp\/v2\/posts\/2784"}],"collection":[{"href":"https:\/\/blogs.hoy.es\/un-extremeno-en-el-artico\/wp-json\/wp\/v2\/posts"}],"about":[{"href":"https:\/\/blogs.hoy.es\/un-extremeno-en-el-artico\/wp-json\/wp\/v2\/types\/post"}],"author":[{"embeddable":true,"href":"https:\/\/blogs.hoy.es\/un-extremeno-en-el-artico\/wp-json\/wp\/v2\/users\/142"}],"replies":[{"embeddable":true,"href":"https:\/\/blogs.hoy.es\/un-extremeno-en-el-artico\/wp-json\/wp\/v2\/comments?post=2784"}],"version-history":[{"count":29,"href":"https:\/\/blogs.hoy.es\/un-extremeno-en-el-artico\/wp-json\/wp\/v2\/posts\/2784\/revisions"}],"predecessor-version":[{"id":2821,"href":"https:\/\/blogs.hoy.es\/un-extremeno-en-el-artico\/wp-json\/wp\/v2\/posts\/2784\/revisions\/2821"}],"wp:featuredmedia":[{"embeddable":true,"href":"https:\/\/blogs.hoy.es\/un-extremeno-en-el-artico\/wp-json\/wp\/v2\/media\/2796"}],"wp:attachment":[{"href":"https:\/\/blogs.hoy.es\/un-extremeno-en-el-artico\/wp-json\/wp\/v2\/media?parent=2784"}],"wp:term":[{"taxonomy":"category","embeddable":true,"href":"https:\/\/blogs.hoy.es\/un-extremeno-en-el-artico\/wp-json\/wp\/v2\/categories?post=2784"},{"taxonomy":"post_tag","embeddable":true,"href":"https:\/\/blogs.hoy.es\/un-extremeno-en-el-artico\/wp-json\/wp\/v2\/tags?post=2784"}],"curies":[{"name":"wp","href":"https:\/\/api.w.org\/{rel}","templated":true}]}}