{"id":2826,"date":"2022-05-16T14:19:29","date_gmt":"2022-05-16T12:19:29","guid":{"rendered":"https:\/\/blogs.hoy.es\/un-extremeno-en-el-artico\/?p=2826"},"modified":"2022-05-17T23:43:55","modified_gmt":"2022-05-17T21:43:55","slug":"diario-de-la-travesia-polar-vasco-extremena-spitzberg8022-dia-1-campamento-perritos","status":"publish","type":"post","link":"https:\/\/blogs.hoy.es\/un-extremeno-en-el-artico\/2022\/05\/16\/diario-de-la-travesia-polar-vasco-extremena-spitzberg8022-dia-1-campamento-perritos\/","title":{"rendered":"Diario de la traves\u00eda polar &#8220;vasco-extreme\u00f1a&#8221; #SPITZBERG8022. D\u00eda 1 -Campamento &#8220;perritos&#8221;"},"content":{"rendered":"<p>Una semana me ha costado volverme a acostumbrar al asfalto, las luces led y al mundanal ruido humano. Despu\u00e9s de estar un mes de traves\u00eda por el Alto \u00e1rtico volver a conectar, ha llevado su proceso.<\/p>\n<p>La vuelta de las vacaciones son siempre algo traum\u00e1ticas, pero quiz\u00e1s mucho m\u00e1s si cave, si regresas de otro &#8220;mundo&#8221; o esa es la impresi\u00f3n que hemos tra\u00eddo lo tres participantes de esta expedici\u00f3n polar.<\/p>\n<p>En la sucesivas 21 entradas del blog, os har\u00e9 llegar el diario de la traves\u00eda polar <a href=\"https:\/\/www.facebook.com\/hashtag\/spitzberg8022\" rel=\"external nofollow\">#SPITZBERG8022<\/a>\u00a0que hemos culminado justo hace una semana.<\/p>\n<p><strong>Si quer\u00e9is situaros durante nuestro recorrido en un mapa interactivo de Svalbard, hacer clic <a href=\"https:\/\/toposvalbard.npolar.no\/\" rel=\"external nofollow\">aqu\u00ed<\/a><\/strong><\/p>\n<p>Pero antes de comenzar con el diario de esta expedici\u00f3n polar, os voy a recordar un par de detalles para que se entienda mejor este \u00faltimo proyecto.<\/p>\n<p>El nombre del proyecto es\u00a0\u00a0<a href=\"https:\/\/www.facebook.com\/hashtag\/spitzberg8022\" rel=\"external nofollow\">#SPITZBERG8022<\/a>. Spitzberg es uno de los dos nombres que tiene la mayor de la islas del archipi\u00e9lago noruego de <a href=\"https:\/\/es.wikipedia.org\/wiki\/Svalbard\" rel=\"external nofollow\">Svalbard<\/a>. He tomado el nombre antiguo de la isla en honor a la &#8221;\u00a0<a href=\"https:\/\/www.hoy.es\/20110217\/mas-actualidad\/sociedad\/documental-recuerda-primera-expedicion-201102171302.html\" rel=\"external nofollow\">Expedici\u00f3n de Polar Extreme\u00f1a del a\u00f1o 1980 &#8220;<\/a>, y por la cual me he inspirado y seguido de alguna manera de aquella \u00e9pica expedici\u00f3n extreme\u00f1a. El n\u00famero 8022, son realmente dos pares de n\u00fameros. El n\u00famero &#8217;80&#8217; por el a\u00f1o de la expedici\u00f3n de hace 42 a\u00f1os, y el &#8217;22&#8217; es el a\u00f1o actual y cuando hemos terminado nuestra expedici\u00f3n en el mismo lugar que ellos.<\/p>\n<p>Nuestra traves\u00eda polar no pudo seguir los pasos de la expedici\u00f3n del a\u00f1o 80 debido a lo inaccesible del lugar porque los fiordos est\u00e1n helados y no se puede navegar en abril. Adem\u00e1s de que para acceder a la poblaci\u00f3n cient\u00edfica de <a href=\"https:\/\/es.wikipedia.org\/wiki\/Ny-%C3%85lesund\" rel=\"external nofollow\">Ny-\u00e5lesund<\/a> tienes que ser invitado.<\/p>\n<p>La traves\u00eda que al final dise\u00f1amos fue una traves\u00eda polar sobre esqu\u00eds, circular en el sentido de la agujas del reloj, m\u00e1s que de monta\u00f1a, como la expedici\u00f3n de los a\u00f1os ochenta.<\/p>\n<p>La salida fue desde la capital de Svalbard, <a href=\"https:\/\/es.wikipedia.org\/wiki\/Longyearbyen\" rel=\"external nofollow\">Longyearbyen<\/a>, hasta la ciudad fantasma rusa de Pyramiden en total autonom\u00eda y sin log\u00edstica exterior. Usamos para el viaje la t\u00e9cnica de <a href=\"https:\/\/www.sport-conrad.com\/blog\/en\/cross-country-skiing-guide-styles-classic-skating-backcountry\/#:~:text=The%20difference%20is%2C%20backcountry%20skis,fields%2C%20valleys%2C%20and%20woods!\" rel=\"external nofollow\">esqu\u00ed n\u00f3rdico o backcountry<\/a> arrastrando un trineo o <a href=\"https:\/\/en.wikipedia.org\/wiki\/Pulk\" rel=\"external nofollow\">pulka<\/a> para llevar todo el equipo (comida, tienda de campa\u00f1a, combustible y ropa).<\/p>\n<p>La distancia recorrida total aproximada fue de 305 kil\u00f3metros. Alcanzamos una temperatura m\u00ednima de -30\u00baC (medido por nuestro term\u00f3metro). El desnivel\u00a0 positivo aproximado fue de 4300 metros.<\/p>\n<hr \/>\n<p>D\u00eda 1, Campamento &#8216;perritos&#8217; -9\u00baC de temperatura m\u00ednima.<\/p>\n<p>Salida desde el lejano albergue situado al fondo del valle de Longyearbyen.<\/p>\n<p>La bajada hacia el valle fue ca\u00f3tica. Atravesar la ciudad y su trafico fue una yincana. Las pesadas pulkas reci\u00e9n cargadas (60 kilos)\u00a0 hac\u00edan que se volcasen en las cunetas tratando de evitar pasar por cualquier lugar que no hubiera nieve para no da\u00f1ar el fondo de las pulkas. Pasamos por vecindarios, entre casas, coches y parques, para as\u00ed evitar el contacto con la tierra o el abrasivo asfalto. Extenuante!<\/p>\n<div id=\"attachment_2835\" style=\"width: 573px\" class=\"wp-caption alignnone\"><a href=\"https:\/\/static-blogs.hoy.es\/wp-content\/uploads\/sites\/119\/2022\/05\/VID-20220413-WA0002_exported_5065_2.jpg\"><img aria-describedby=\"caption-attachment-2835\" loading=\"lazy\" class=\"size-full wp-image-2835\" src=\"https:\/\/static-blogs.hoy.es\/wp-content\/uploads\/sites\/119\/2022\/05\/VID-20220413-WA0002_exported_5065_2.jpg\" alt=\"\" width=\"563\" height=\"335\" srcset=\"https:\/\/static-blogs.hoy.es\/wp-content\/uploads\/sites\/119\/2022\/05\/VID-20220413-WA0002_exported_5065_2.jpg 563w, https:\/\/static-blogs.hoy.es\/wp-content\/uploads\/sites\/119\/2022\/05\/VID-20220413-WA0002_exported_5065_2-300x179.jpg 300w\" sizes=\"(max-width: 563px) 100vw, 563px\" \/><\/a><p id=\"caption-attachment-2835\" class=\"wp-caption-text\"><em>Ultimando las pulkas fuera del albergue.<\/em><\/p><\/div>\n<p>Gontzal ya desde el albergue se puso sus esqu\u00edes y baj\u00f3 m\u00e1s r\u00e1pido, luego Jorge se anim\u00f3 he hizo lo mismo. Yo no les segu\u00ed y continu\u00e9 bajando a pie, cruzando por donde pod\u00eda. Buscaba pasos para atravesar f\u00e1cilmente, pero el peso de las pulkas nos obligaba a parar y ayudarnos entre los tres. Tirar, empujar y levantar la carga entre tuber\u00edas y montones de nieve recogida de las carreteras. Fue trabajoso, comentamos las ganas de salir de la cuidad y de las miradas de los paseantes.<\/p>\n<p>Dos horas m\u00e1s tarde conseguimos llegar al comienzo del gran valle de <em>Aventdalen<\/em>, el verdadero comienzo de la ruta que marqu\u00e9 en mi mapa de papel.<\/p>\n<p><em>Aventdalen<\/em> es lo m\u00e1s parecido a una autopista pero para motos de nieve, pasan constantemente. Grupos de ocho o hasta doce motos circulan en fila india sobre la compactada nieve. La combusti\u00f3n de los motores deja un rastro de olor inconfundible.<\/p>\n<p>Al cruzar la \u00faltima carretera decid\u00ed al fin, ponerme sobre mis flamantes esqu\u00edes. Iba a ser la primera vez que usaba este tipo material y esquiaba. Ya aprender\u00eda mirando a mis compa\u00f1eros esquiar, pens\u00e9&#8230;<\/p>\n<p>Al alejarnos de la humanidad, nos adentr\u00e1bamos en un paisaje blanco inmenso, repleto de nieve virgen.<\/p>\n<p>Una vez observado la progresi\u00f3n sobre los esqu\u00edes de mis compa\u00f1eros, les segu\u00ed dando tumbos y clavando los palos de esqu\u00ed a los lados para evitar caerme de lado.<\/p>\n<p>Las fijaciones de <em>backcountry<\/em> n\u00f3rdico solo se sujetan a la puntera de las botas a trav\u00e9s de una barra que tiene en las punteras. Las fijaciones son fijas, lo cual no se sueltan de la bota. En caso de ca\u00edda hay que volver a soltar la fijaci\u00f3n del esqu\u00ed y volverse a incorporar para luego fijar la bota de nuevo, y as\u00ed estuve durante horas el primer d\u00eda, parec\u00eda una croqueta rebozada en nieve seca.<\/p>\n<p>18 kil\u00f3metros de traves\u00eda m\u00e1s tarde, decidimos que ya era hora de atravesar el valle y acampar en un lateral junto a unas casas de madera que ve\u00edamos a lo lejos.<\/p>\n<p>Una de las primeras curiosidades es la distancia en el \u00e1rtico. La falta de contaminaci\u00f3n y polvo, hace m\u00e1s n\u00edtido el paisaje, lo que aparentemente est\u00e1 cerca, lo normal es que nos cueste otras dos horas de esqu\u00ed, como ocurri\u00f3.<\/p>\n<p>La nieve reci\u00e9n ca\u00edda tapaba el lecho de un ancho r\u00edo helado y los batacazos de los tres se fueron sumando hasta llegar cerca de las casetas de madera.<\/p>\n<p>Ladridos de perros no avis\u00f3 de que \u00edbamos a acampar cerca de las instalaciones de un criadero de perros de trineo. Esta noche tendr\u00edamos serenata pensamos. Pero decidimos quedarnos, as\u00ed si labrasen nos alertar\u00eda de la presencia de alg\u00fan oso polar despistado. Fue la \u00fanica noche que no montamos la valla de alarma perimetral.<\/p>\n<div id=\"attachment_2837\" style=\"width: 1090px\" class=\"wp-caption alignnone\"><a href=\"https:\/\/static-blogs.hoy.es\/wp-content\/uploads\/sites\/119\/2022\/05\/FB_IMG_1652701648274.jpg\"><img aria-describedby=\"caption-attachment-2837\" loading=\"lazy\" class=\"size-full wp-image-2837\" src=\"https:\/\/static-blogs.hoy.es\/wp-content\/uploads\/sites\/119\/2022\/05\/FB_IMG_1652701648274.jpg\" alt=\"\" width=\"1080\" height=\"608\" srcset=\"https:\/\/static-blogs.hoy.es\/wp-content\/uploads\/sites\/119\/2022\/05\/FB_IMG_1652701648274.jpg 1080w, https:\/\/static-blogs.hoy.es\/wp-content\/uploads\/sites\/119\/2022\/05\/FB_IMG_1652701648274-300x169.jpg 300w, https:\/\/static-blogs.hoy.es\/wp-content\/uploads\/sites\/119\/2022\/05\/FB_IMG_1652701648274-768x432.jpg 768w, https:\/\/static-blogs.hoy.es\/wp-content\/uploads\/sites\/119\/2022\/05\/FB_IMG_1652701648274-1024x576.jpg 1024w\" sizes=\"(max-width: 1080px) 100vw, 1080px\" \/><\/a><p id=\"caption-attachment-2837\" class=\"wp-caption-text\">D\u00eda 1.<br \/>Campamento &#8216;Perritos&#8217;.<\/p><\/div>\n<hr \/>\n<hr \/>\n<p><strong>PARA VER M\u00c1S DE MIS AVENTURAS HAZ CLIC EN ESTOS ENLACES<\/strong><\/p>\n<p><strong><a href=\"https:\/\/www.facebook.com\/JoseTrejo404\/\" rel=\"external nofollow\">Facebook<\/a><\/strong><\/p>\n<p><em><strong>Para ver m\u00e1s fotos de mis viajes, puedes seguirme en este link<\/strong><\/em><\/p>\n<p><strong><a href=\"https:\/\/www.instagram.com\/josetrejo404\/?hl=es\" rel=\"external nofollow\">Instagram<\/a>\u00a0<\/strong><\/p>\n<p><a href=\"https:\/\/www.google.es\/search?q=%23UnExtreme%C3%B1oEnEl%C3%81rtico&amp;tbm=isch&amp;tbo=u&amp;source=univ&amp;sa=X&amp;ved=0ahUKEwjk4__i8fzYAhUBWxQKHd2fCmUQsAQILQ&amp;biw=1366&amp;bih=637\" rel=\"external nofollow\">#UnExtreme\u00f1oEnEl\u00c1rtico<\/a>\u00a0<a href=\"https:\/\/www.instagram.com\/explore\/tags\/proyectobaikal2019\/?hl=es\" rel=\"external nofollow\">#SPITZBERG8022<\/a>\u00a0<a href=\"https:\/\/www.instagram.com\/explore\/tags\/aventurascentrowagen\/?hl=es\" rel=\"external nofollow\">#aventurascentrowagen<\/a><\/p>\n<p><strong><a href=\"https:\/\/www.youtube.com\/channel\/UCkc4QXSFBOd_zSPTrQ2RdXQ\" rel=\"external nofollow\">YouTube<\/a><\/strong><\/p>\n<p><strong>Contacto:<\/strong>\u00a0mad4041@gmail.com<\/p>\n<p>&nbsp;<\/p>\n","protected":false},"excerpt":{"rendered":"<p>Una semana me ha costado volverme a acostumbrar al asfalto, las luces led y al mundanal ruido humano. Despu\u00e9s de estar un mes de traves\u00eda por el Alto \u00e1rtico volver a conectar, ha llevado su proceso. La vuelta de las vacaciones son siempre algo traum\u00e1ticas, pero quiz\u00e1s mucho m\u00e1s si cave, si regresas de otro [&hellip;]<\/p>\n","protected":false},"author":142,"featured_media":2837,"comment_status":"open","ping_status":"closed","sticky":false,"template":"","format":"standard","meta":[],"categories":[1],"tags":[977,863,719,978,980,872,707,966,979,886],"_links":{"self":[{"href":"https:\/\/blogs.hoy.es\/un-extremeno-en-el-artico\/wp-json\/wp\/v2\/posts\/2826"}],"collection":[{"href":"https:\/\/blogs.hoy.es\/un-extremeno-en-el-artico\/wp-json\/wp\/v2\/posts"}],"about":[{"href":"https:\/\/blogs.hoy.es\/un-extremeno-en-el-artico\/wp-json\/wp\/v2\/types\/post"}],"author":[{"embeddable":true,"href":"https:\/\/blogs.hoy.es\/un-extremeno-en-el-artico\/wp-json\/wp\/v2\/users\/142"}],"replies":[{"embeddable":true,"href":"https:\/\/blogs.hoy.es\/un-extremeno-en-el-artico\/wp-json\/wp\/v2\/comments?post=2826"}],"version-history":[{"count":21,"href":"https:\/\/blogs.hoy.es\/un-extremeno-en-el-artico\/wp-json\/wp\/v2\/posts\/2826\/revisions"}],"predecessor-version":[{"id":2868,"href":"https:\/\/blogs.hoy.es\/un-extremeno-en-el-artico\/wp-json\/wp\/v2\/posts\/2826\/revisions\/2868"}],"wp:featuredmedia":[{"embeddable":true,"href":"https:\/\/blogs.hoy.es\/un-extremeno-en-el-artico\/wp-json\/wp\/v2\/media\/2837"}],"wp:attachment":[{"href":"https:\/\/blogs.hoy.es\/un-extremeno-en-el-artico\/wp-json\/wp\/v2\/media?parent=2826"}],"wp:term":[{"taxonomy":"category","embeddable":true,"href":"https:\/\/blogs.hoy.es\/un-extremeno-en-el-artico\/wp-json\/wp\/v2\/categories?post=2826"},{"taxonomy":"post_tag","embeddable":true,"href":"https:\/\/blogs.hoy.es\/un-extremeno-en-el-artico\/wp-json\/wp\/v2\/tags?post=2826"}],"curies":[{"name":"wp","href":"https:\/\/api.w.org\/{rel}","templated":true}]}}