{"id":2849,"date":"2022-05-18T08:05:10","date_gmt":"2022-05-18T06:05:10","guid":{"rendered":"https:\/\/blogs.hoy.es\/un-extremeno-en-el-artico\/?p=2849"},"modified":"2022-05-18T10:07:41","modified_gmt":"2022-05-18T08:07:41","slug":"dia-2-campamento-passhytta-travesia-polar-spitzberg8022","status":"publish","type":"post","link":"https:\/\/blogs.hoy.es\/un-extremeno-en-el-artico\/2022\/05\/18\/dia-2-campamento-passhytta-travesia-polar-spitzberg8022\/","title":{"rendered":"D\u00eda 2, campamento Passhytta. Traves\u00eda polar #SPITZBERG8022"},"content":{"rendered":"<p><strong>D\u00eda 2,<\/strong> campamento Passhytta.<\/p>\n<p>La temperatura m\u00ednima del d\u00eda fue de -12\u00baC,\u00a0ligera brisa de 5 km\/h de viento Este.<\/p>\n<p><strong>Si quer\u00e9is situaros durante nuestro recorrido en un mapa interactivo de Svalbard hacer clic <a href=\"https:\/\/toposvalbard.npolar.no\/\" rel=\"external nofollow\">aqu\u00ed<\/a><\/strong><\/p>\n<p>Una de las curiosidades m\u00e1s llamativas del Alto \u00c1rtico a finales del solsticio de invierno es la altura del Sol. Despu\u00e9s de largas semanas de oscuridad perenne en Svalbard, los rayos del Sol se dejan ver sobre el horizonte, ganando m\u00e1s protagonismo conforme avanza el mes de marzo.<\/p>\n<p>La energ\u00eda del Sol provoca un gran cambio en la vida y costumbres de los pobladores \u00e1rticos, salen del g\u00e9lido letargo del invieno y la oscuridad.<\/p>\n<p>Como si fuera en progresi\u00f3n geom\u00e9trica, el Sol se hace el due\u00f1o indiscutible hasta llegar al 20 de abril, cuando deja de haber noche y hay luz perpetua. A este llamativo efecto se le llama <a href=\"https:\/\/www.visitnorway.es\/que-hacer-en-noruega\/atractivos-naturales\/sol-de-medianoche\/\" rel=\"external nofollow\">Sol de media noche<\/a>, o para que nos entendamos, el Sol no desaparecer\u00e1 detr\u00e1s de la l\u00ednea del horizonte de nuevo hasta el 22 de agosto, y habr\u00e1 luz solar las 24 horas.<\/p>\n<p>Esta situaci\u00f3n es debida al desv\u00edo del eje de rotaci\u00f3n de la Tierra, que queda inclinada sobre el Sol hacia el hemisferio norte, &#8216;iluminando&#8217; desde la l\u00ednea imaginaria del C\u00edrculo Polar \u00c1rtico hasta el Polo Norte Geogr\u00e1fico. Cuanto m\u00e1s nos acerquemos al Polo Norte habr\u00e1 m\u00e1s d\u00edas de luz sin noche. Es el caso del archipi\u00e9lago de Svalbard que est\u00e1 a tan solo 1000 kil\u00f3metros del Polo Norte.<\/p>\n<p>Este momento del a\u00f1o tan particular fue el que nos encontramos en nuestra expedici\u00f3n, no vimos ni la luna ni las estrellas en todo el mes de viaje.<\/p>\n<hr \/>\n<p>Reci\u00e9n llegados a Svalbard deb\u00edamos hacer acopio de comida, combustible y pilas. Pilas de esas de litio que aguantan temperaturas bajas para alimentar nuestras linternas frontales que \u00a1NUNCA! usamos. No fuimos conscientes de que no las \u00edbamos a necesitar hasta la segunda &#8220;noche&#8221; en la tienda de campa\u00f1a.<\/p>\n<p>Al tener cobertura telef\u00f3nica convencional, envi\u00e9 fotos a algunos de mis contactos por esta curiosidad. Una de esas fotos la envi\u00e9 a Mar\u00eda Gemio, \u00fanica mujer y componente de la <a href=\"https:\/\/www.hoy.es\/v\/20110314\/plasencia\/primera-expedicion-polar-extremadura-20110314.html\" rel=\"external nofollow\">Expedici\u00f3n Polar Extreme\u00f1a del 1980<\/a>. Ella me respondi\u00f3 que ellos en su expedici\u00f3n en julio del 80 llevaron un reloj de agujas que marcaba las 24 horas, porque a veces no sab\u00edan si eran las 3 del mediod\u00eda o las 3 de la &#8216;noche&#8217;.<\/p>\n<p>Igualmente nos ocurri\u00f3 a nosotros, al haber tanta luz, no par\u00e1bamos de avanzar, y hasta que ya el cansancio hac\u00eda mella, no mont\u00e1bamos el campamento. Esta tendencia nos dur\u00f3 casi una semana, ya que hubo d\u00edas que nos fuimos al saco de dormir bien entrada las 2 de la &#8216;madrugada&#8217;.<\/p>\n<div id=\"attachment_2854\" style=\"width: 765px\" class=\"wp-caption alignnone\"><a href=\"https:\/\/static-blogs.hoy.es\/wp-content\/uploads\/sites\/119\/2022\/05\/IMG_20220517_220925_2.jpg\"><img aria-describedby=\"caption-attachment-2854\" loading=\"lazy\" class=\"size-full wp-image-2854\" src=\"https:\/\/static-blogs.hoy.es\/wp-content\/uploads\/sites\/119\/2022\/05\/IMG_20220517_220925_2.jpg\" alt=\"\" width=\"755\" height=\"600\" srcset=\"https:\/\/static-blogs.hoy.es\/wp-content\/uploads\/sites\/119\/2022\/05\/IMG_20220517_220925_2.jpg 755w, https:\/\/static-blogs.hoy.es\/wp-content\/uploads\/sites\/119\/2022\/05\/IMG_20220517_220925_2-300x238.jpg 300w\" sizes=\"(max-width: 755px) 100vw, 755px\" \/><\/a><p id=\"caption-attachment-2854\" class=\"wp-caption-text\"><em>Marcas de las posiciones y rumbos m\u00e1s importantes de la ruta que seguimos. Passhytta y sus coordenadas anotadas en el papel, uno de los plan B de la traves\u00eda.<\/em><\/p><\/div>\n<p><strong>Campamento Passhytta.<\/strong><\/p>\n<p>Passhytta es una casa de madera, es la \u00faltima casa que nos encontraremos en la ruta marcada antes de entrar en lo m\u00e1s salvaje de la isla de Spitzbergen<strong>. <\/strong>A partir\u00a0del valle de Sasselanden, en direcci\u00f3n al mar se encuentra la marcaci\u00f3n de parque nacional, y territorio indiscutible del oso polar, es ah\u00ed donde nos dirigimos.<\/p>\n<p>Siempre hay que tener un plan B, y por ese motivo\u00a0Passhytta la marqu\u00e9 en el mapa como una referencia de emergencia. Ser\u00e1 tambi\u00e9n nuestro paso de regreso y el primer refugio que pudi\u00e9ramos utilizar en caso de problemas.<\/p>\n<p>Al terminar la jornada del segundo d\u00eda, quisimos acampar en las inmediaciones para conocer esa casa, y por ello, al segundo campamento le llamamos como a este refugio, <em>Passhytta<\/em>.<\/p>\n<div id=\"attachment_2855\" style=\"width: 3454px\" class=\"wp-caption alignnone\"><a href=\"https:\/\/static-blogs.hoy.es\/wp-content\/uploads\/sites\/119\/2022\/05\/IMG_20220415_090248_2.jpg\"><img aria-describedby=\"caption-attachment-2855\" loading=\"lazy\" class=\"size-full wp-image-2855\" src=\"https:\/\/static-blogs.hoy.es\/wp-content\/uploads\/sites\/119\/2022\/05\/IMG_20220415_090248_2.jpg\" alt=\"\" width=\"3444\" height=\"2454\" srcset=\"https:\/\/static-blogs.hoy.es\/wp-content\/uploads\/sites\/119\/2022\/05\/IMG_20220415_090248_2.jpg 3444w, https:\/\/static-blogs.hoy.es\/wp-content\/uploads\/sites\/119\/2022\/05\/IMG_20220415_090248_2-300x214.jpg 300w, https:\/\/static-blogs.hoy.es\/wp-content\/uploads\/sites\/119\/2022\/05\/IMG_20220415_090248_2-768x547.jpg 768w, https:\/\/static-blogs.hoy.es\/wp-content\/uploads\/sites\/119\/2022\/05\/IMG_20220415_090248_2-1024x730.jpg 1024w\" sizes=\"(max-width: 3444px) 100vw, 3444px\" \/><\/a><p id=\"caption-attachment-2855\" class=\"wp-caption-text\"><em>Campamento Passhytta. Con el refugio del mismo nombre al fondo.<\/em><\/p><\/div>\n<hr \/>\n<p><strong>PARA VER M\u00c1S DE MIS AVENTURAS HAZ CLIC EN ESTOS ENLACES<\/strong><\/p>\n<p><strong><a href=\"https:\/\/www.facebook.com\/JoseTrejo404\/\" rel=\"external nofollow\">Facebook<\/a><\/strong><\/p>\n<p><strong><i>Para ver m\u00e1s fotos de mis viajes, puedes seguirme en este link<\/i><\/strong><\/p>\n<p><strong><a href=\"https:\/\/www.instagram.com\/josetrejo404\/?hl=es\" rel=\"external nofollow\">Instagram<\/a>\u00a0<\/strong><\/p>\n<p><a href=\"https:\/\/www.google.es\/search?q=%23UnExtreme%C3%B1oEnEl%C3%81rtico&amp;tbm=isch&amp;tbo=u&amp;source=univ&amp;sa=X&amp;ved=0ahUKEwjk4__i8fzYAhUBWxQKHd2fCmUQsAQILQ&amp;biw=1366&amp;bih=637\" rel=\"external nofollow\">#UnExtreme\u00f1oEnEl\u00c1rtico<\/a>\u00a0<a href=\"https:\/\/www.instagram.com\/explore\/tags\/proyectobaikal2019\/?hl=es\" rel=\"external nofollow\">#SPITZBERG8022<\/a>\u00a0<a href=\"https:\/\/www.instagram.com\/explore\/tags\/aventurascentrowagen\/?hl=es\" rel=\"external nofollow\">#aventurascentrowagen<\/a><\/p>\n<p><strong><a href=\"https:\/\/www.youtube.com\/channel\/UCkc4QXSFBOd_zSPTrQ2RdXQ\" rel=\"external nofollow\">YouTube<\/a><\/strong><\/p>\n<p><strong>Contacto:<\/strong>\u00a0mad4041@gmail.com<\/p>\n","protected":false},"excerpt":{"rendered":"<p>D\u00eda 2, campamento Passhytta. La temperatura m\u00ednima del d\u00eda fue de -12\u00baC,\u00a0ligera brisa de 5 km\/h de viento Este. Si quer\u00e9is situaros durante nuestro recorrido en un mapa interactivo de Svalbard hacer clic aqu\u00ed Una de las curiosidades m\u00e1s llamativas del Alto \u00c1rtico a finales del solsticio de invierno es la altura del Sol. Despu\u00e9s [&hellip;]<\/p>\n","protected":false},"author":142,"featured_media":2854,"comment_status":"open","ping_status":"closed","sticky":false,"template":"","format":"standard","meta":[],"categories":[1],"tags":[863,36,72,984,106,176,983,508,519,985,981,969],"_links":{"self":[{"href":"https:\/\/blogs.hoy.es\/un-extremeno-en-el-artico\/wp-json\/wp\/v2\/posts\/2849"}],"collection":[{"href":"https:\/\/blogs.hoy.es\/un-extremeno-en-el-artico\/wp-json\/wp\/v2\/posts"}],"about":[{"href":"https:\/\/blogs.hoy.es\/un-extremeno-en-el-artico\/wp-json\/wp\/v2\/types\/post"}],"author":[{"embeddable":true,"href":"https:\/\/blogs.hoy.es\/un-extremeno-en-el-artico\/wp-json\/wp\/v2\/users\/142"}],"replies":[{"embeddable":true,"href":"https:\/\/blogs.hoy.es\/un-extremeno-en-el-artico\/wp-json\/wp\/v2\/comments?post=2849"}],"version-history":[{"count":18,"href":"https:\/\/blogs.hoy.es\/un-extremeno-en-el-artico\/wp-json\/wp\/v2\/posts\/2849\/revisions"}],"predecessor-version":[{"id":2882,"href":"https:\/\/blogs.hoy.es\/un-extremeno-en-el-artico\/wp-json\/wp\/v2\/posts\/2849\/revisions\/2882"}],"wp:featuredmedia":[{"embeddable":true,"href":"https:\/\/blogs.hoy.es\/un-extremeno-en-el-artico\/wp-json\/wp\/v2\/media\/2854"}],"wp:attachment":[{"href":"https:\/\/blogs.hoy.es\/un-extremeno-en-el-artico\/wp-json\/wp\/v2\/media?parent=2849"}],"wp:term":[{"taxonomy":"category","embeddable":true,"href":"https:\/\/blogs.hoy.es\/un-extremeno-en-el-artico\/wp-json\/wp\/v2\/categories?post=2849"},{"taxonomy":"post_tag","embeddable":true,"href":"https:\/\/blogs.hoy.es\/un-extremeno-en-el-artico\/wp-json\/wp\/v2\/tags?post=2849"}],"curies":[{"name":"wp","href":"https:\/\/api.w.org\/{rel}","templated":true}]}}