{"id":2870,"date":"2022-05-19T08:00:36","date_gmt":"2022-05-19T06:00:36","guid":{"rendered":"https:\/\/blogs.hoy.es\/un-extremeno-en-el-artico\/?p=2870"},"modified":"2022-05-19T08:27:54","modified_gmt":"2022-05-19T06:27:54","slug":"dia-3-campamento-renos-travesia-polar-spitzberg8022","status":"publish","type":"post","link":"https:\/\/blogs.hoy.es\/un-extremeno-en-el-artico\/2022\/05\/19\/dia-3-campamento-renos-travesia-polar-spitzberg8022\/","title":{"rendered":"D\u00eda 3, campamento Renos. Traves\u00eda polar #SPITZBERG8022"},"content":{"rendered":"<p><strong>D\u00eda 3<\/strong>, campamento Renos.<\/p>\n<p>La temperatura m\u00ednima del d\u00eda fue de -10\u00baC, ligera brisa de 6 km\/h con viento h\u00famedo del Oeste. Muy nuboso, nev\u00f3 ligeramente.<\/p>\n<p><strong>Si quer\u00e9is situaros durante nuestro recorrido en un mapa interactivo de Svalbard hacer clic <a href=\"https:\/\/toposvalbard.npolar.no\/\" rel=\"external nofollow\">aqu\u00ed<\/a><\/strong><\/p>\n<p>Desde Passhytta bajamos c\u00f3modamente hasta conectar con el enorme valle de Sassendalen. La anchura de esta depresi\u00f3n es de unos ocho kil\u00f3metros. Todo el valle est\u00e1 flanqueado de monta\u00f1as tapizadas de nieve de unos 1000 metros de altura.<\/p>\n<p>Estas cumbres se caracterizan por acabar en una meseta y sus laderas tiene llamativas franjas horizontales de roca estratificada que se vuelven muy verticales a medida que conectan con la cumbre.<\/p>\n<p>Con tanto blanco alrededor, en el momento que la nubosidad tapa el Sol, las referencias desaparecen, se ve a duras penas las franjas verticales de las paredes y la oriencaci\u00f3n visual es p\u00e9sima como ocurrir\u00eda muchas veces. Hubo d\u00edas que solo conseguimos acertar a ver dos colores, el blanco \u00a1como no! y ese color oscuro de las paredes verticales en las monta\u00f1as, \u00fanico lugar donde no se sostiene la nieve.<\/p>\n<p>La novedad en el tercer campamento fue alguna hora de guardia que hice alrededor de la tienda de campa\u00f1a y dentro del per\u00edmetro de la valla de alarma, que desde ese d\u00eda, montar\u00eda todos los d\u00edas. En otras entradas de este diario me centrar\u00e9 en explicar c\u00f3mo funcionaba la valla de alarma y para qu\u00e9 la instal\u00e1bamos.<\/p>\n<p><strong>Guardias en el campamento <a href=\"https:\/\/oceanwide-expeditions.com\/es\/destacados\/vida-silvestre\/reno-de-svalbard#:~:text=Los%20renos%20de%20Svalbard%20son,m%C3%A1s%20claro%20en%20el%20invierno.\" rel=\"external nofollow\">Renos<\/a>.<\/strong><\/p>\n<p>Ya nos hab\u00edan avisado por activa y por pasiva de estar muy pendientes del oso polar. A partir de este d\u00eda est\u00e1bamos lo suficientemente alejados del mundanal ruido humano y demasiado cerca del borde del mar helado o <a href=\"https:\/\/es.wikipedia.org\/wiki\/Banquisa\" rel=\"external nofollow\">banquisa<\/a>, h\u00e1bitat del se\u00f1or del \u00c1rtico, el <a href=\"https:\/\/es.wikipedia.org\/wiki\/Ursus_maritimus\" rel=\"external nofollow\">oso polar<\/a>.<\/p>\n<p>Condicionados por tantas advertencias sobre el oso, decidimos probar a hacer guardias aquella &#8216;noche&#8217;. Al estar durmiendo cerca de la puerta de la tienda me ofrec\u00ed para esa ardua tarea, porner la alarma del tel\u00e9fono y salir del c\u00e1lido saco de dormir y echar un vistazo, total, con la luz que hab\u00eda y la distancia que se pod\u00eda observar ser\u00eda suficiente levantarme cada hora dos horas o as\u00ed. Pero no contamos que est\u00e1bamos bajo la influencia de un frente c\u00e1lido.<\/p>\n<p>Esa noche nev\u00f3 y la gran distacia del enorme valle de Sassenladen, se limit\u00f3 a unos cientos de metros por decir algo.<\/p>\n<p>Al observar a m\u00ed alrededor durante uno de esos ratos de guardia, entre la niebla de la ventisca, vi unos bultos que se mov\u00edan a unos 300 metros sin salir de un \u00e1rea determinada por el color oscuro del suelo. Era una peque\u00f1a manada de los rechonchos <a href=\"https:\/\/oceanwide-expeditions.com\/es\/destacados\/vida-silvestre\/reno-de-svalbard#:~:text=Los%20renos%20de%20Svalbard%20son,m%C3%A1s%20claro%20en%20el%20invierno.\" rel=\"external nofollow\">renos de Svalbard<\/a> que pac\u00edan tratando de arrancar algunos brotes de musgo y l\u00edquenes sobre una calva del terreno. Algo me tranquilizaba al observarles tan distra\u00eddos, incluso vi a alguno echado dormitando en medio de la nevada. Pens\u00e9, si estos renos est\u00e1n tan tranquilos \u00bfporqu\u00e9 estaba yo tan obcecado mirando a los alrededores cargando con &#8216;Peter&#8217; nuestro <a href=\"https:\/\/es.wikipedia.org\/wiki\/Mauser_98\" rel=\"external nofollow\">viejo fusil alem\u00e1n,\u00a0<\/a>como si fuera un soldado montando guardia, \u00a1rid\u00edculo! Y me fui al calor del saco de dormir de nuevo.<\/p>\n<div id=\"attachment_2876\" style=\"width: 778px\" class=\"wp-caption alignnone\"><a href=\"https:\/\/static-blogs.hoy.es\/wp-content\/uploads\/sites\/119\/2022\/05\/IMG_20220416_000454_2.jpg\"><img aria-describedby=\"caption-attachment-2876\" loading=\"lazy\" class=\"size-full wp-image-2876\" src=\"https:\/\/static-blogs.hoy.es\/wp-content\/uploads\/sites\/119\/2022\/05\/IMG_20220416_000454_2.jpg\" alt=\"\" width=\"768\" height=\"576\" srcset=\"https:\/\/static-blogs.hoy.es\/wp-content\/uploads\/sites\/119\/2022\/05\/IMG_20220416_000454_2.jpg 768w, https:\/\/static-blogs.hoy.es\/wp-content\/uploads\/sites\/119\/2022\/05\/IMG_20220416_000454_2-300x225.jpg 300w\" sizes=\"(max-width: 768px) 100vw, 768px\" \/><\/a><p id=\"caption-attachment-2876\" class=\"wp-caption-text\"><em>Primera guardia. Toda la ropa de abrigo es poca para estar fuera de la tienda cuando est\u00e1s parado.<\/em><\/p><\/div>\n<p>A la ma\u00f1ana siguiente, los renos segu\u00edan en el mismo lugar igual de tranquilos, y pens\u00e9 en lo absurdo de aquella fr\u00eda guardia de la noche anterior.<\/p>\n<div id=\"attachment_2877\" style=\"width: 778px\" class=\"wp-caption alignnone\"><a href=\"https:\/\/static-blogs.hoy.es\/wp-content\/uploads\/sites\/119\/2022\/05\/IMG_20220416_000519_2.jpg\"><img aria-describedby=\"caption-attachment-2877\" loading=\"lazy\" class=\"size-full wp-image-2877\" src=\"https:\/\/static-blogs.hoy.es\/wp-content\/uploads\/sites\/119\/2022\/05\/IMG_20220416_000519_2.jpg\" alt=\"\" width=\"768\" height=\"592\" srcset=\"https:\/\/static-blogs.hoy.es\/wp-content\/uploads\/sites\/119\/2022\/05\/IMG_20220416_000519_2.jpg 768w, https:\/\/static-blogs.hoy.es\/wp-content\/uploads\/sites\/119\/2022\/05\/IMG_20220416_000519_2-300x231.jpg 300w\" sizes=\"(max-width: 768px) 100vw, 768px\" \/><\/a><p id=\"caption-attachment-2877\" class=\"wp-caption-text\"><em>La ventisca de nieve sobre un paisaje blanco provoca el efecto &#8216;whiteout&#8217;, desaparece el contraste, la l\u00ednea del horizonte y la tercera dimensi\u00f3n. Es como estar ciego, ves solo blanco.<\/em><\/p><\/div>\n<hr \/>\n<p><strong>PARA VER M\u00c1S DE MIS AVENTURAS HAZ CLIC EN ESTOS ENLACES<\/strong><\/p>\n<p><strong><a href=\"https:\/\/www.facebook.com\/JoseTrejo404\/\" rel=\"external nofollow\">Facebook<\/a><\/strong><\/p>\n<p><strong><i>Para ver m\u00e1s fotos de mis viajes, puedes seguirme en este link<\/i><\/strong><\/p>\n<p><strong><a href=\"https:\/\/www.instagram.com\/josetrejo404\/?hl=es\" rel=\"external nofollow\">Instagram<\/a>\u00a0<\/strong><\/p>\n<p><a href=\"https:\/\/www.google.es\/search?q=%23UnExtreme%C3%B1oEnEl%C3%81rtico&amp;tbm=isch&amp;tbo=u&amp;source=univ&amp;sa=X&amp;ved=0ahUKEwjk4__i8fzYAhUBWxQKHd2fCmUQsAQILQ&amp;biw=1366&amp;bih=637\" rel=\"external nofollow\">#UnExtreme\u00f1oEnEl\u00c1rtico<\/a>\u00a0<a href=\"https:\/\/www.instagram.com\/explore\/tags\/proyectobaikal2019\/?hl=es\" rel=\"external nofollow\">#SPITZBERG8022<\/a>\u00a0<a href=\"https:\/\/www.instagram.com\/explore\/tags\/aventurascentrowagen\/?hl=es\" rel=\"external nofollow\">#aventurascentrowagen<\/a><\/p>\n<p><strong><a href=\"https:\/\/www.youtube.com\/channel\/UCkc4QXSFBOd_zSPTrQ2RdXQ\" rel=\"external nofollow\">YouTube<\/a><\/strong><\/p>\n<p><strong>Contacto:<\/strong>\u00a0mad4041@gmail.com<\/p>\n","protected":false},"excerpt":{"rendered":"<p>D\u00eda 3, campamento Renos. La temperatura m\u00ednima del d\u00eda fue de -10\u00baC, ligera brisa de 6 km\/h con viento h\u00famedo del Oeste. Muy nuboso, nev\u00f3 ligeramente. Si quer\u00e9is situaros durante nuestro recorrido en un mapa interactivo de Svalbard hacer clic aqu\u00ed Desde Passhytta bajamos c\u00f3modamente hasta conectar con el enorme valle de Sassendalen. La anchura [&hellip;]<\/p>\n","protected":false},"author":142,"featured_media":2876,"comment_status":"open","ping_status":"closed","sticky":false,"template":"","format":"standard","meta":[],"categories":[1],"tags":[977,21,731,987,176,988,986,886],"_links":{"self":[{"href":"https:\/\/blogs.hoy.es\/un-extremeno-en-el-artico\/wp-json\/wp\/v2\/posts\/2870"}],"collection":[{"href":"https:\/\/blogs.hoy.es\/un-extremeno-en-el-artico\/wp-json\/wp\/v2\/posts"}],"about":[{"href":"https:\/\/blogs.hoy.es\/un-extremeno-en-el-artico\/wp-json\/wp\/v2\/types\/post"}],"author":[{"embeddable":true,"href":"https:\/\/blogs.hoy.es\/un-extremeno-en-el-artico\/wp-json\/wp\/v2\/users\/142"}],"replies":[{"embeddable":true,"href":"https:\/\/blogs.hoy.es\/un-extremeno-en-el-artico\/wp-json\/wp\/v2\/comments?post=2870"}],"version-history":[{"count":21,"href":"https:\/\/blogs.hoy.es\/un-extremeno-en-el-artico\/wp-json\/wp\/v2\/posts\/2870\/revisions"}],"predecessor-version":[{"id":2902,"href":"https:\/\/blogs.hoy.es\/un-extremeno-en-el-artico\/wp-json\/wp\/v2\/posts\/2870\/revisions\/2902"}],"wp:featuredmedia":[{"embeddable":true,"href":"https:\/\/blogs.hoy.es\/un-extremeno-en-el-artico\/wp-json\/wp\/v2\/media\/2876"}],"wp:attachment":[{"href":"https:\/\/blogs.hoy.es\/un-extremeno-en-el-artico\/wp-json\/wp\/v2\/media?parent=2870"}],"wp:term":[{"taxonomy":"category","embeddable":true,"href":"https:\/\/blogs.hoy.es\/un-extremeno-en-el-artico\/wp-json\/wp\/v2\/categories?post=2870"},{"taxonomy":"post_tag","embeddable":true,"href":"https:\/\/blogs.hoy.es\/un-extremeno-en-el-artico\/wp-json\/wp\/v2\/tags?post=2870"}],"curies":[{"name":"wp","href":"https:\/\/api.w.org\/{rel}","templated":true}]}}