{"id":2889,"date":"2022-05-23T08:00:33","date_gmt":"2022-05-23T06:00:33","guid":{"rendered":"https:\/\/blogs.hoy.es\/un-extremeno-en-el-artico\/?p=2889"},"modified":"2022-05-26T08:44:00","modified_gmt":"2022-05-26T06:44:00","slug":"dia-4-campamento-huellas-de-oso-travesia-polar-spitzberg8022","status":"publish","type":"post","link":"https:\/\/blogs.hoy.es\/un-extremeno-en-el-artico\/2022\/05\/23\/dia-4-campamento-huellas-de-oso-travesia-polar-spitzberg8022\/","title":{"rendered":"D\u00eda 4, campamento Huellas de oso. Traves\u00eda polar #SPITZBERG8022"},"content":{"rendered":"<p><strong>D\u00eda 4<\/strong>, campamento Huellas de oso.<\/p>\n<p>La temperatura m\u00ednima del d\u00eda fue de -11\u00baC, brisa moderada de 10 km\/h con viento Sur, sensaci\u00f3n t\u00e9rmica -17\u00baC (seg\u00fan tabla AEMET). Nubes y claros, nieve polvo.<\/p>\n<p><strong>Si quer\u00e9is situaros durante nuestro recorrido en un mapa interactivo de Svalbard hacer clic <a href=\"https:\/\/toposvalbard.npolar.no\/\" rel=\"external nofollow\">aqu\u00ed<\/a><\/strong><\/p>\n<p>El clima \u00c1rtico en general es muy cambiante, en un mismo d\u00eda puedes experimentar las cuatro estaciones. El cuarto d\u00eda fue uno de ellos.<\/p>\n<p>Antes de comenzar a esquiar tuvimos que tomar un rumbo con la br\u00fajula hacia un punto apenas visible del borde inferior de un promontorio. Esta referencia a los minutos desapareci\u00f3 difumin\u00e1ndose la l\u00ednea del horizonte. Agradecimos haber tomado el rumbo, y con \u00e9l, llegamos hasta la siguiente referencia, las roderas marcadas en la nieve por las motos de nieve que se dirig\u00edan hacia la costa como nosotros.<\/p>\n<p>El siguiente punto era alcanzar una caba\u00f1a de emergencia situada al borde en la costa del bello fiordo de <a href=\"https:\/\/www.visitnorway.es\/listings\/tempelfjorden-poli-arctici\/7695\/\" rel=\"external nofollow\">Tempelfjorden<\/a>. Este fiordo es tan espectacular como peligroso.<\/p>\n<p>Un d\u00eda antes, el grupo de la polic\u00eda \u00e1rtica, en su patrulla de regreso de su caba\u00f1a junto al refugio de emergencias del borde fiordo, se acerc\u00f3 al <a href=\"https:\/\/blogs.hoy.es\/un-extremeno-en-el-artico\/2022\/05\/18\/dia-2-campamento-passhytta-travesia-polar-spitzberg8022\/\">campamento de Passhytta<\/a>, para ver si todos los permisos de expedici\u00f3n y armas estaban en orden en nuestra expedici\u00f3n.<\/p>\n<p>Ya que se desviaron a inspeccionar nuestros papeles, les preguntamos acerca del espesor del hielo que tendr\u00edamos para cruzar d\u00edas despu\u00e9s. Pero las advertencias no se limitaron al peligroso cruce por encima del hielo de la banquisa y ni en el espesor del hielo, si no m\u00e1s bien sobre los osos. Al mostrarles los trazos marcados en m\u00ed mapa, preguntaron directamente a m\u00ed, al ser el responsable del rifle, si ten\u00eda suficiente experiencia en su manejo, y nos contaron un ataque de oso ocurrido al borde de las caba\u00f1as hace un tiempo.<\/p>\n<hr \/>\n<p><strong>El ataque de un oso polar<\/strong><\/p>\n<p>Un chico fue atacado por un oso durante una de las\u00a0 excursiones en moto que suelen dirigirse hasta el borde del hielo de Tempelfjorden. Una distracci\u00f3n al descansar en la ruta fue lo suficiente para ser sorprendido por un oso polar que merodeaba buscando algo de basura entre de las caba\u00f1as.<\/p>\n<p>El oso se abalanz\u00f3 sobre el ni\u00f1o de 15 a\u00f1os. El gu\u00eda de la excursi\u00f3n al advertir los gritos cercanos, apunt\u00f3 con su arma al animal, y esta no efectu\u00f3 el disparo, el seguro del arma estaba trabado. El gu\u00eda trat\u00f3 y trat\u00f3 de destrabar el rifle, al no poder conseguirlo presenci\u00f3 la escena m\u00e1s dantesca de su vida. El hambriento oso, en un instante, hab\u00eda acabado con la vida del chico y comenz\u00f3 a devorarlo delante de los horrorizados excursionistas que nada pudieron hacer para salvar la vida del ni\u00f1o.<\/p>\n<hr \/>\n<p>La nubosidad y la falta de visibilidad por la ventisca nos acompa\u00f1\u00f3 hasta dar con las caba\u00f1as de la polic\u00eda y de emergencias. Dimos un vistazo y nos quedamos en la confortable caba\u00f1a, y as\u00ed tomar algo caliente para reponernos un poco.<\/p>\n<p>El viento fuera de la caba\u00f1a sopl\u00f3 con fuerza y los copos de nieve y hielo se mov\u00edan en horizontal. !Parec\u00eda polvo seco!<\/p>\n<p>El fuerte viento desplaz\u00f3 la nubosidad y dej\u00f3 un sol con las luces de la tarde iluminando con tonos c\u00e1lidos las laderas de las monta\u00f1as del fiordo, se convirti\u00f3 en un lugar de luces m\u00e1gicas. Tonos anaranjados, violeta sobre el blanco\/azulado de la nieve, junto con los estratos negros caracter\u00edsticos de las monta\u00f1as de Svalbard.<\/p>\n<div id=\"attachment_2909\" style=\"width: 1167px\" class=\"wp-caption alignnone\"><a href=\"https:\/\/static-blogs.hoy.es\/wp-content\/uploads\/sites\/119\/2022\/05\/w.jpg\"><img aria-describedby=\"caption-attachment-2909\" loading=\"lazy\" class=\"wp-image-2909 size-full\" src=\"https:\/\/static-blogs.hoy.es\/wp-content\/uploads\/sites\/119\/2022\/05\/w.jpg\" alt=\"\" width=\"1157\" height=\"571\" srcset=\"https:\/\/static-blogs.hoy.es\/wp-content\/uploads\/sites\/119\/2022\/05\/w.jpg 1157w, https:\/\/static-blogs.hoy.es\/wp-content\/uploads\/sites\/119\/2022\/05\/w-300x148.jpg 300w, https:\/\/static-blogs.hoy.es\/wp-content\/uploads\/sites\/119\/2022\/05\/w-768x379.jpg 768w, https:\/\/static-blogs.hoy.es\/wp-content\/uploads\/sites\/119\/2022\/05\/w-1024x505.jpg 1024w\" sizes=\"(max-width: 1157px) 100vw, 1157px\" \/><\/a><p id=\"caption-attachment-2909\" class=\"wp-caption-text\"><em>Primeras huellas de oso polar sobre el hielo marino del fiordo de Tempelfjorden.<\/em><\/p><\/div>\n<p>Deseosos de pisar el hielo de banquisa del fiordo, atravesamos con cuidado las grietas del borde junto a la costa. Estas grietas son causadas por el efecto de las mareas, al subir y bajar el nivel del mar la costra helada llamada banquisa se rompe en el borde de la tierra.<\/p>\n<p>Deb\u00edamos cruzar el fiordo a la otra orilla para llegar al paso de monta\u00f1a, pero haciendo una par\u00e1bola ya que podr\u00edamos entrar en una zona de hielo de menor grosor. Siguiendo las recomendaciones de la polic\u00eda \u00e1rtica, nos adentramos en el hielo unas decenas de metros y avanzamos paralelo a la costa hasta alcanzar la siguiente referencia del mapa, el Kapp Schoultz. En ese punto virar\u00edamos para cruzar. Pero antes, cada cierto tiempo, deber\u00edamos ir haciendo &#8220;catas&#8221; en el espesor del hielo con uno de mis tornillos de escalada en hielo. Gontzal despu\u00e9s de su ca\u00edda en el lago Baikal en el a\u00f1o 2019, no quer\u00eda esta vez probar el agua salada.<\/p>\n<p>Comparando nuestra log\u00edstica con la del v\u00eddeo del treinta aniversario de la <a href=\"https:\/\/www.hoy.es\/20110217\/mas-actualidad\/sociedad\/documental-recuerda-primera-expedicion-201102171302.html\" rel=\"external nofollow\">Expedici\u00f3n Polar Extreme\u00f1a de 1980<\/a>, ellos no tuvieron hielo s\u00f3lido para cruzar los fiordos al ser en el mes de julio su expedici\u00f3n. Se trajeron desde Espa\u00f1a un par de zodiac inflables y a motor, y con ellas hicieron todas las aproximaciones a la costa navegando entre los t\u00e9mpanos de hielo de los fiordos.<\/p>\n<div id=\"attachment_2908\" style=\"width: 1069px\" class=\"wp-caption alignnone\"><a href=\"https:\/\/static-blogs.hoy.es\/wp-content\/uploads\/sites\/119\/2022\/05\/Captura.jpg\"><img aria-describedby=\"caption-attachment-2908\" loading=\"lazy\" class=\"size-full wp-image-2908\" src=\"https:\/\/static-blogs.hoy.es\/wp-content\/uploads\/sites\/119\/2022\/05\/Captura.jpg\" alt=\"\" width=\"1059\" height=\"603\" srcset=\"https:\/\/static-blogs.hoy.es\/wp-content\/uploads\/sites\/119\/2022\/05\/Captura.jpg 1059w, https:\/\/static-blogs.hoy.es\/wp-content\/uploads\/sites\/119\/2022\/05\/Captura-300x171.jpg 300w, https:\/\/static-blogs.hoy.es\/wp-content\/uploads\/sites\/119\/2022\/05\/Captura-768x437.jpg 768w, https:\/\/static-blogs.hoy.es\/wp-content\/uploads\/sites\/119\/2022\/05\/Captura-1024x583.jpg 1024w\" sizes=\"(max-width: 1059px) 100vw, 1059px\" \/><\/a><p id=\"caption-attachment-2908\" class=\"wp-caption-text\"><em>Jorge inspecciona con los prism\u00e1ticos el fiordo por si tenemos compa\u00f1\u00eda.\u00a0<\/em><\/p><\/div>\n<hr \/>\n<p><strong>PARA VER M\u00c1S DE MIS AVENTURAS HAZ CLIC EN ESTOS ENLACES<\/strong><\/p>\n<p><strong><a href=\"https:\/\/www.facebook.com\/JoseTrejo404\/\" rel=\"external nofollow\">Facebook<\/a><\/strong><\/p>\n<p><strong><i>Para ver m\u00e1s fotos de mis viajes, puedes seguirme en este link<\/i><\/strong><\/p>\n<p><strong><a href=\"https:\/\/www.instagram.com\/josetrejo404\/?hl=es\" rel=\"external nofollow\">Instagram<\/a>\u00a0<\/strong><\/p>\n<p><a href=\"https:\/\/www.google.es\/search?q=%23UnExtreme%C3%B1oEnEl%C3%81rtico&amp;tbm=isch&amp;tbo=u&amp;source=univ&amp;sa=X&amp;ved=0ahUKEwjk4__i8fzYAhUBWxQKHd2fCmUQsAQILQ&amp;biw=1366&amp;bih=637\" rel=\"external nofollow\">#UnExtreme\u00f1oEnEl\u00c1rtico<\/a>\u00a0<a href=\"https:\/\/www.instagram.com\/explore\/tags\/proyectobaikal2019\/?hl=es\" rel=\"external nofollow\">#SPITZBERG8022<\/a>\u00a0<a href=\"https:\/\/www.instagram.com\/explore\/tags\/aventurascentrowagen\/?hl=es\" rel=\"external nofollow\">#aventurascentrowagen<\/a><\/p>\n<p><strong><a href=\"https:\/\/www.youtube.com\/channel\/UCkc4QXSFBOd_zSPTrQ2RdXQ\" rel=\"external nofollow\">YouTube<\/a><\/strong><\/p>\n<p><strong>Contacto:<\/strong>\u00a0mad4041@gmail.com<\/p>\n","protected":false},"excerpt":{"rendered":"<p>D\u00eda 4, campamento Huellas de oso. La temperatura m\u00ednima del d\u00eda fue de -11\u00baC, brisa moderada de 10 km\/h con viento Sur, sensaci\u00f3n t\u00e9rmica -17\u00baC (seg\u00fan tabla AEMET). Nubes y claros, nieve polvo. Si quer\u00e9is situaros durante nuestro recorrido en un mapa interactivo de Svalbard hacer clic aqu\u00ed El clima \u00c1rtico en general es muy [&hellip;]<\/p>\n","protected":false},"author":142,"featured_media":2908,"comment_status":"open","ping_status":"closed","sticky":false,"template":"","format":"standard","meta":[],"categories":[1],"tags":[990,886,989],"_links":{"self":[{"href":"https:\/\/blogs.hoy.es\/un-extremeno-en-el-artico\/wp-json\/wp\/v2\/posts\/2889"}],"collection":[{"href":"https:\/\/blogs.hoy.es\/un-extremeno-en-el-artico\/wp-json\/wp\/v2\/posts"}],"about":[{"href":"https:\/\/blogs.hoy.es\/un-extremeno-en-el-artico\/wp-json\/wp\/v2\/types\/post"}],"author":[{"embeddable":true,"href":"https:\/\/blogs.hoy.es\/un-extremeno-en-el-artico\/wp-json\/wp\/v2\/users\/142"}],"replies":[{"embeddable":true,"href":"https:\/\/blogs.hoy.es\/un-extremeno-en-el-artico\/wp-json\/wp\/v2\/comments?post=2889"}],"version-history":[{"count":15,"href":"https:\/\/blogs.hoy.es\/un-extremeno-en-el-artico\/wp-json\/wp\/v2\/posts\/2889\/revisions"}],"predecessor-version":[{"id":2941,"href":"https:\/\/blogs.hoy.es\/un-extremeno-en-el-artico\/wp-json\/wp\/v2\/posts\/2889\/revisions\/2941"}],"wp:featuredmedia":[{"embeddable":true,"href":"https:\/\/blogs.hoy.es\/un-extremeno-en-el-artico\/wp-json\/wp\/v2\/media\/2908"}],"wp:attachment":[{"href":"https:\/\/blogs.hoy.es\/un-extremeno-en-el-artico\/wp-json\/wp\/v2\/media?parent=2889"}],"wp:term":[{"taxonomy":"category","embeddable":true,"href":"https:\/\/blogs.hoy.es\/un-extremeno-en-el-artico\/wp-json\/wp\/v2\/categories?post=2889"},{"taxonomy":"post_tag","embeddable":true,"href":"https:\/\/blogs.hoy.es\/un-extremeno-en-el-artico\/wp-json\/wp\/v2\/tags?post=2889"}],"curies":[{"name":"wp","href":"https:\/\/api.w.org\/{rel}","templated":true}]}}