{"id":2917,"date":"2022-05-25T13:15:43","date_gmt":"2022-05-25T11:15:43","guid":{"rendered":"https:\/\/blogs.hoy.es\/un-extremeno-en-el-artico\/?p=2917"},"modified":"2022-05-25T13:30:24","modified_gmt":"2022-05-25T11:30:24","slug":"dia-5-campamento-pobre-travesia-polar-spitzberg8022","status":"publish","type":"post","link":"https:\/\/blogs.hoy.es\/un-extremeno-en-el-artico\/2022\/05\/25\/dia-5-campamento-pobre-travesia-polar-spitzberg8022\/","title":{"rendered":"D\u00eda 5, campamento &#8216;Pobre&#8217;. Traves\u00eda polar #SPITZBERG8022"},"content":{"rendered":"<p><strong>D\u00eda 5<\/strong>, campamento &#8216;Pobre&#8217;.<\/p>\n<p>La temperatura m\u00ednima del d\u00eda fue de -10\u00baC,\u00a0ligera brisa de 5 km\/h de viento Nordeste. Sol en la ma\u00f1ana. Ventisca y niebla con visibilidad de 50 metros por la tarde.<\/p>\n<p><strong>Si quer\u00e9is situaros durante nuestro recorrido en un mapa interactivo de Svalbard hacer clic\u00a0<a href=\"https:\/\/toposvalbard.npolar.no\/\" rel=\"external nofollow\">aqu\u00ed<\/a><\/strong><\/p>\n<div class=\"cxmmr5t8 oygrvhab hcukyx3x c1et5uql o9v6fnle ii04i59q\">\n<div dir=\"auto\">Despu\u00e9s de pasar una noche sin poder dormir por una pesadilla de Gontzal gritando &#8211; \u00a1&#8221;El oso se ha saltado la valla! \u00a1Correr!&#8221;. No pegamos ojo. Seguramente fue porque la tarde antes al cruzar la banquisa del fiordo helado de Tempelfjorden, nos topamos con las primeras huellas del oso polar.<\/div>\n<\/div>\n<div dir=\"auto\"><\/div>\n<div dir=\"auto\">\n<div id=\"attachment_2929\" style=\"width: 4010px\" class=\"wp-caption alignnone\"><a href=\"https:\/\/static-blogs.hoy.es\/wp-content\/uploads\/sites\/119\/2022\/05\/IMG_20220415_110648_2.jpg\"><img aria-describedby=\"caption-attachment-2929\" loading=\"lazy\" class=\"size-full wp-image-2929\" src=\"https:\/\/static-blogs.hoy.es\/wp-content\/uploads\/sites\/119\/2022\/05\/IMG_20220415_110648_2.jpg\" alt=\"\" width=\"4000\" height=\"3000\" srcset=\"https:\/\/static-blogs.hoy.es\/wp-content\/uploads\/sites\/119\/2022\/05\/IMG_20220415_110648_2.jpg 4000w, https:\/\/static-blogs.hoy.es\/wp-content\/uploads\/sites\/119\/2022\/05\/IMG_20220415_110648_2-300x225.jpg 300w, https:\/\/static-blogs.hoy.es\/wp-content\/uploads\/sites\/119\/2022\/05\/IMG_20220415_110648_2-768x576.jpg 768w, https:\/\/static-blogs.hoy.es\/wp-content\/uploads\/sites\/119\/2022\/05\/IMG_20220415_110648_2-1024x768.jpg 1024w\" sizes=\"(max-width: 4000px) 100vw, 4000px\" \/><\/a><p id=\"caption-attachment-2929\" class=\"wp-caption-text\"><em>Vista de uno de los lanzadores de bengalas hecho a mano con material in\u00fatil de un motor de reacci\u00f3n del avi\u00f3n F-5 de la valla perimetral de alarma. La bengala de color rojo una vez activada, salta hacia arriba generando una explosi\u00f3n.<\/em><\/p><\/div>\n<\/div>\n<div dir=\"auto\"><\/div>\n<div class=\"cxmmr5t8 oygrvhab hcukyx3x c1et5uql o9v6fnle ii04i59q\">\n<div dir=\"auto\">El d\u00eda fue duro, mucho desnivel por el primer paso de monta\u00f1a (550 metros). Mucha inclinaci\u00f3n, que incluso nos vimos obligados a quitarnos los esqu\u00eds y clavar las punteras de las botas para arrastrar las pulkas de unos 60 kilos para tratar de no resbalar hacia abajo por el peso.<\/div>\n<div dir=\"auto\"><\/div>\n<div dir=\"auto\">Lo m\u00e1s dif\u00edcil fue subir SIN NINGUNA visibilidad al interminable collado, que a veces daba la sensaci\u00f3n de que se mov\u00eda alej\u00e1ndose. En muchos momentos debido a la falta de referencias, andar metidos en la envoltura blanca nos mareaba, era como ir a ciegas. A veces miraba hacia mis pies y manos para comprobar que todav\u00eda pod\u00eda ver, y as\u00ed evitaba esa extra\u00f1a sensaci\u00f3n de desenfoque para evitar el mareo.<\/div>\n<div dir=\"auto\"><\/div>\n<\/div>\n<div class=\"cxmmr5t8 oygrvhab hcukyx3x c1et5uql o9v6fnle ii04i59q\">\n<div dir=\"auto\">Todo era blanco sin contraste. Y la constante presencia del oso que no ve\u00edamos, lo hac\u00eda sino peor, al tener que mirar hacia todos lados constantemente. De vez en cuando, volv\u00edamos la vista hacia atr\u00e1s para comprobar a qu\u00e9 distancia estaba el \u00faltimo del grupo.<\/div>\n<div dir=\"auto\"><\/div>\n<div dir=\"auto\"><\/div>\n<\/div>\n<div class=\"cxmmr5t8 oygrvhab hcukyx3x c1et5uql o9v6fnle ii04i59q\">\n<div dir=\"auto\">Llegar abajo al valle despu\u00e9s de la c\u00f3moda y reponedora bajada, nos dio un alivio temporal, casi 9 horas penando y andando a ciegas nos consumi\u00f3. Pero era hora de montar el campamento, sab\u00edamos por experiencia que ese trabajo nos llevar\u00eda alrededor de dos horas, pero no fue as\u00ed tampoco. La nieve reci\u00e9n ca\u00edda parec\u00eda espuma y no sosten\u00eda la tienda, menos si cabe la valla perimetral de seguridad que hab\u00eda que instalar.<\/div>\n<div dir=\"auto\"><\/div>\n<div dir=\"auto\">Cansados, helados y un poco irascibles, aguantamos nuestros impulsos entre ca\u00eddas y sobreesfuerzos andando en la penosa nieve. Mientras tanto, me tocaba buscar rocas y despegarlas del suelo helado para luego tratar de asegurar los postes de la valla.<\/div>\n<div dir=\"auto\"><\/div>\n<div dir=\"auto\">Tres horas m\u00e1s tarde y en medio de una fea y nevosa tarde, pudimos entrar en la tienda de campa\u00f1a y descansar.<\/div>\n<div dir=\"auto\">A este campamento decidimos llamarle campamento &#8216;Pobre&#8217;.<\/div>\n<div dir=\"auto\"><\/div>\n<div dir=\"auto\">La blanducha nieve hizo inc\u00f3moda la superficie de la tienda, pero no nos import\u00f3, ya que al encender el potente infernillo entramos en un casi \u00e9xtasis de confort.<\/div>\n<\/div>\n<div dir=\"auto\"><\/div>\n<div dir=\"auto\">\n<div id=\"attachment_2923\" style=\"width: 970px\" class=\"wp-caption alignnone\"><a href=\"https:\/\/static-blogs.hoy.es\/wp-content\/uploads\/sites\/119\/2022\/05\/facebook_1653306765764_6934471180871284553.jpg\"><img aria-describedby=\"caption-attachment-2923\" loading=\"lazy\" class=\"size-full wp-image-2923\" src=\"https:\/\/static-blogs.hoy.es\/wp-content\/uploads\/sites\/119\/2022\/05\/facebook_1653306765764_6934471180871284553.jpg\" alt=\"\" width=\"960\" height=\"540\" srcset=\"https:\/\/static-blogs.hoy.es\/wp-content\/uploads\/sites\/119\/2022\/05\/facebook_1653306765764_6934471180871284553.jpg 960w, https:\/\/static-blogs.hoy.es\/wp-content\/uploads\/sites\/119\/2022\/05\/facebook_1653306765764_6934471180871284553-300x169.jpg 300w, https:\/\/static-blogs.hoy.es\/wp-content\/uploads\/sites\/119\/2022\/05\/facebook_1653306765764_6934471180871284553-768x432.jpg 768w\" sizes=\"(max-width: 960px) 100vw, 960px\" \/><\/a><p id=\"caption-attachment-2923\" class=\"wp-caption-text\"><em>El primer regalo del d\u00eda, un radiante y c\u00e1lido d\u00eda soleado.<\/em><\/p><\/div>\n<\/div>\n<div class=\"cxmmr5t8 oygrvhab hcukyx3x c1et5uql o9v6fnle ii04i59q\">\n<div dir=\"auto\"><\/div>\n<\/div>\n<div class=\"cxmmr5t8 oygrvhab hcukyx3x c1et5uql o9v6fnle ii04i59q\">\n<div dir=\"auto\">A la ma\u00f1ana siguiente, al levantarnos y salir de la tienda nos esperaba un hermoso regalo. El Sol radiante emanaba energ\u00eda sobre un paisaje brutal. Solo hab\u00eda dos colores: un cielo azul y un fondo blanco puro de monta\u00f1as tapadas por nieve perpet\u00faa.<\/div>\n<\/div>\n<hr \/>\n<p><strong>PARA VER M\u00c1S DE MIS AVENTURAS HAZ CLIC EN ESTOS ENLACES<\/strong><\/p>\n<p><strong><a href=\"https:\/\/www.facebook.com\/JoseTrejo404\/\" rel=\"external nofollow\">Facebook<\/a><\/strong><\/p>\n<p><strong><i>Para ver m\u00e1s fotos de mis viajes, puedes seguirme en este link<\/i><\/strong><\/p>\n<p><strong><a href=\"https:\/\/www.instagram.com\/josetrejo404\/?hl=es\" rel=\"external nofollow\">Instagram<\/a>\u00a0<\/strong><\/p>\n<p><a href=\"https:\/\/www.google.es\/search?q=%23UnExtreme%C3%B1oEnEl%C3%81rtico&amp;tbm=isch&amp;tbo=u&amp;source=univ&amp;sa=X&amp;ved=0ahUKEwjk4__i8fzYAhUBWxQKHd2fCmUQsAQILQ&amp;biw=1366&amp;bih=637\" rel=\"external nofollow\">#UnExtreme\u00f1oEnEl\u00c1rtico<\/a>\u00a0<a href=\"https:\/\/www.instagram.com\/explore\/tags\/proyectobaikal2019\/?hl=es\" rel=\"external nofollow\">#SPITZBERG8022<\/a>\u00a0<a href=\"https:\/\/www.instagram.com\/explore\/tags\/aventurascentrowagen\/?hl=es\" rel=\"external nofollow\">#aventurascentrowagen<\/a><\/p>\n<p><strong><a href=\"https:\/\/www.youtube.com\/channel\/UCkc4QXSFBOd_zSPTrQ2RdXQ\" rel=\"external nofollow\">YouTube<\/a><\/strong><\/p>\n","protected":false},"excerpt":{"rendered":"<p>D\u00eda 5, campamento &#8216;Pobre&#8217;. La temperatura m\u00ednima del d\u00eda fue de -10\u00baC,\u00a0ligera brisa de 5 km\/h de viento Nordeste. Sol en la ma\u00f1ana. Ventisca y niebla con visibilidad de 50 metros por la tarde. Si quer\u00e9is situaros durante nuestro recorrido en un mapa interactivo de Svalbard hacer clic\u00a0aqu\u00ed Despu\u00e9s de pasar una noche sin poder [&hellip;]<\/p>\n","protected":false},"author":142,"featured_media":2923,"comment_status":"open","ping_status":"closed","sticky":false,"template":"","format":"standard","meta":[],"categories":[1],"tags":[977,446,989,991,992,231],"_links":{"self":[{"href":"https:\/\/blogs.hoy.es\/un-extremeno-en-el-artico\/wp-json\/wp\/v2\/posts\/2917"}],"collection":[{"href":"https:\/\/blogs.hoy.es\/un-extremeno-en-el-artico\/wp-json\/wp\/v2\/posts"}],"about":[{"href":"https:\/\/blogs.hoy.es\/un-extremeno-en-el-artico\/wp-json\/wp\/v2\/types\/post"}],"author":[{"embeddable":true,"href":"https:\/\/blogs.hoy.es\/un-extremeno-en-el-artico\/wp-json\/wp\/v2\/users\/142"}],"replies":[{"embeddable":true,"href":"https:\/\/blogs.hoy.es\/un-extremeno-en-el-artico\/wp-json\/wp\/v2\/comments?post=2917"}],"version-history":[{"count":13,"href":"https:\/\/blogs.hoy.es\/un-extremeno-en-el-artico\/wp-json\/wp\/v2\/posts\/2917\/revisions"}],"predecessor-version":[{"id":2938,"href":"https:\/\/blogs.hoy.es\/un-extremeno-en-el-artico\/wp-json\/wp\/v2\/posts\/2917\/revisions\/2938"}],"wp:featuredmedia":[{"embeddable":true,"href":"https:\/\/blogs.hoy.es\/un-extremeno-en-el-artico\/wp-json\/wp\/v2\/media\/2923"}],"wp:attachment":[{"href":"https:\/\/blogs.hoy.es\/un-extremeno-en-el-artico\/wp-json\/wp\/v2\/media?parent=2917"}],"wp:term":[{"taxonomy":"category","embeddable":true,"href":"https:\/\/blogs.hoy.es\/un-extremeno-en-el-artico\/wp-json\/wp\/v2\/categories?post=2917"},{"taxonomy":"post_tag","embeddable":true,"href":"https:\/\/blogs.hoy.es\/un-extremeno-en-el-artico\/wp-json\/wp\/v2\/tags?post=2917"}],"curies":[{"name":"wp","href":"https:\/\/api.w.org\/{rel}","templated":true}]}}