{"id":2939,"date":"2022-05-31T12:47:24","date_gmt":"2022-05-31T10:47:24","guid":{"rendered":"https:\/\/blogs.hoy.es\/un-extremeno-en-el-artico\/?p=2939"},"modified":"2022-06-09T23:12:16","modified_gmt":"2022-06-09T21:12:16","slug":"dia-6-campamento-rico-travesia-polar-spitzberg8022","status":"publish","type":"post","link":"https:\/\/blogs.hoy.es\/un-extremeno-en-el-artico\/2022\/05\/31\/dia-6-campamento-rico-travesia-polar-spitzberg8022\/","title":{"rendered":"D\u00eda 6, campamento \u2018Rico\u2019. Traves\u00eda polar #SPITZBERG8022"},"content":{"rendered":"<p><strong>D\u00eda 6<\/strong>, campamento &#8216;Rico&#8217;.<\/p>\n<p>D\u00eda soleado, la temperatura m\u00ednima fue de -13\u00baC. ligera brisa de 7 &#8211; 11 km\/h de viento Nordeste con rachas moderadas de 20 -29 km\/h con sensaci\u00f3n t\u00e9rmica de -26\u00ba C.<\/p>\n<p><strong>Si quer\u00e9is situaros durante nuestro recorrido en un mapa interactivo de Svalbard hacer clic\u00a0<a href=\"https:\/\/toposvalbard.npolar.no\/\" rel=\"external nofollow\">aqu\u00ed<\/a><\/strong><\/p>\n<p>La ma\u00f1ana nos despert\u00f3 el calor que hab\u00eda dentro de la tienda de campa\u00f1a. Medimos la temperatura y nos sorprendi\u00f3 los +15\u00baC que ten\u00edamos, pero, al salir a hacer el primer piss fuera, la cosa segu\u00eda igual de g\u00e9lida como todos los d\u00edas.<\/p>\n<p>El brillante Sol y la poca brisa nos animaba a explorar el lugar. El paisaje n\u00edtido y el azul del cielo contrastaban con el hermoso paisaje blanco del enorme valle de B\u00fcnson Land.<\/p>\n<p>La ruta marcada para este d\u00eda, ser\u00eda remontando el valle hasta el fondo de este, para luego virar hac\u00eda el siguiente paso de monta\u00f1a.<\/p>\n<p>Al mirar el mapa, vimos marcado un cuadradito negro cerca del r\u00edo helado que est\u00e1bamos remontando. Correspond\u00eda a la \u00fanica caba\u00f1a de emergencias de todo el valle. Decidimos que parar\u00edamos a tomar un picnic al abrigo de esta.<\/p>\n<p>Jam\u00e1s hab\u00edamos visto ninguno de nosotros tal cantidad de nieve a nuestro alrededor. Si haber estado en la Ant\u00e1rtida se nos antojaba un paisaje parecido.\u00a0 Todo el valle franqueado de monta\u00f1as de paredes verticales cubiertas de nieve virgen reci\u00e9n ca\u00edda de la noche antes.<\/p>\n<div id=\"attachment_2944\" style=\"width: 615px\" class=\"wp-caption alignnone\"><a href=\"https:\/\/static-blogs.hoy.es\/wp-content\/uploads\/sites\/119\/2022\/05\/C0011_Moment-1.jpg\"><img aria-describedby=\"caption-attachment-2944\" loading=\"lazy\" class=\" wp-image-2944\" src=\"https:\/\/static-blogs.hoy.es\/wp-content\/uploads\/sites\/119\/2022\/05\/C0011_Moment-1-300x197.jpg\" alt=\"\" width=\"605\" height=\"397\" srcset=\"https:\/\/static-blogs.hoy.es\/wp-content\/uploads\/sites\/119\/2022\/05\/C0011_Moment-1-300x197.jpg 300w, https:\/\/static-blogs.hoy.es\/wp-content\/uploads\/sites\/119\/2022\/05\/C0011_Moment-1-768x505.jpg 768w, https:\/\/static-blogs.hoy.es\/wp-content\/uploads\/sites\/119\/2022\/05\/C0011_Moment-1-1024x673.jpg 1024w, https:\/\/static-blogs.hoy.es\/wp-content\/uploads\/sites\/119\/2022\/05\/C0011_Moment-1.jpg 1643w\" sizes=\"(max-width: 605px) 100vw, 605px\" \/><\/a><p id=\"caption-attachment-2944\" class=\"wp-caption-text\"><em>D\u00eda de disfrute sobre nieve virgen reci\u00e9n ca\u00edda.<\/em><\/p><\/div>\n<p>Abrir huella con los esqu\u00eds sobre esa nieve pura nos inspiraba durante el avance a pesar del freno que hac\u00edan las pulkas. Hab\u00eda que tener especial cuidado y protegerse de la gran refracci\u00f3n del sol, o nos quemar\u00eda la poca piel que quedaba al aire y como no! ir siempre con las gafas de sol m\u00e1s oscuras que llev\u00e1semos.<\/p>\n<p>A lo lejos encontramos la caba\u00f1a marcada en el mapa, al acercarnos a ella, nos llevamos un peque\u00f1o chasco, estaba clausurada por el mal estado. Pesamos, si en alg\u00fan momento necesit\u00e1semos guarecernos, agarrar\u00edamos una palanca de hierro que hab\u00eda apoyada cerca de la puerta apuntalada y para adentro..<\/p>\n<p>Durante la merienda al abrigo de la caba\u00f1a abandonada, el viento comenz\u00f3 a subir por el valle. Era un aviso y la hora de recoger y seguir nuestro camino hacia el fondo del valle.<\/p>\n<p>Al ir cerca del rio Gipsdalselva del valle, pudimos ver el efecto llamado de &#8216;overflow&#8217;. Se trata de una inundaci\u00f3n de agua helada pero en estado l\u00edquido que rebosa por encima del hielo, y que a veces est\u00e1 tapada por nieve reci\u00e9n ca\u00edda. Esta situaci\u00f3n puede entablar cierto peligro, ya que, sin darte cuenta entras en una zona de &#8216;arenas movedizas&#8217; que te puede hundir y empapar.<\/p>\n<p>Decidimos rodear las zonas azuladas del valle, a fin de evitar esas &#8216;arenas movedizas&#8217;.<\/p>\n<p>&nbsp;<\/p>\n<p><strong>El viento, nuestro enemigo<\/strong><\/p>\n<p>Remont\u00e1bamos el valle siguiendo una huella dejada por las dos \u00fanicas motos de nieve que pasaron cerca. La subida fue c\u00f3moda al ir pisando las roderas. Solo bastaron unos 200 metros de desnivel para darnos cuenta que la nieve era de otra calidad, m\u00e1s consistente y asentada, lo que ayudaba a deslizar con menos resistencia las pulkas.<\/p>\n<p>De pronto, el suave viendo procedente del mar rol\u00f3, y nos comenz\u00f3 a golpear de frente. La sensaci\u00f3n t\u00e9rmica baj\u00f3 de repente helando manos y cara. Hab\u00eda que seguir, pero antes, parar para coger un par de manoplas m\u00e1s gruesas, otra bufanda y colocarnos las gafas de ventisca para cubrir aun m\u00e1s la cara.<\/p>\n<p>Un par de kil\u00f3metros m\u00e1s tarde, se intu\u00eda el paso de monta\u00f1a, pero ya era tarde para comenzar a subir, y decidimos parar con m\u00e1s tiempo esta vez, y recrearse en montar el campamento. Esta vez la nieve asentada facilitar\u00eda el montaje de la tienda y sobre todo podr\u00eda instalar mejor los postes de la valla de alarma perimetral.<\/p>\n<p><strong>Campamento &#8216;Rico&#8217;<\/strong><\/p>\n<div id=\"attachment_2947\" style=\"width: 358px\" class=\"wp-caption alignnone\"><a href=\"https:\/\/static-blogs.hoy.es\/wp-content\/uploads\/sites\/119\/2022\/05\/Captura-1.jpg\"><img aria-describedby=\"caption-attachment-2947\" loading=\"lazy\" class=\" wp-image-2947\" src=\"https:\/\/static-blogs.hoy.es\/wp-content\/uploads\/sites\/119\/2022\/05\/Captura-1-300x180.jpg\" alt=\"\" width=\"348\" height=\"209\" srcset=\"https:\/\/static-blogs.hoy.es\/wp-content\/uploads\/sites\/119\/2022\/05\/Captura-1-300x180.jpg 300w, https:\/\/static-blogs.hoy.es\/wp-content\/uploads\/sites\/119\/2022\/05\/Captura-1-768x461.jpg 768w, https:\/\/static-blogs.hoy.es\/wp-content\/uploads\/sites\/119\/2022\/05\/Captura-1.jpg 982w\" sizes=\"(max-width: 348px) 100vw, 348px\" \/><\/a><p id=\"caption-attachment-2947\" class=\"wp-caption-text\"><em>Posici\u00f3n del campamento &#8216;Rico&#8217;<\/em><\/p><\/div>\n<p>Con qu\u00e9 poco nos conformamos, pensamos,\u00a0 hoy hay nieve asentada en una superficie completamente llana para dormir, y encima, esta vez, podemos admirar el majestuoso paisaje.<\/p>\n<div id=\"attachment_2945\" style=\"width: 417px\" class=\"wp-caption alignnone\"><a href=\"https:\/\/static-blogs.hoy.es\/wp-content\/uploads\/sites\/119\/2022\/05\/VID_20220418_221616_exported_18329_2.jpg\"><img aria-describedby=\"caption-attachment-2945\" loading=\"lazy\" class=\" wp-image-2945\" src=\"https:\/\/static-blogs.hoy.es\/wp-content\/uploads\/sites\/119\/2022\/05\/VID_20220418_221616_exported_18329_2-300x169.jpg\" alt=\"\" width=\"407\" height=\"229\" srcset=\"https:\/\/static-blogs.hoy.es\/wp-content\/uploads\/sites\/119\/2022\/05\/VID_20220418_221616_exported_18329_2-300x169.jpg 300w, https:\/\/static-blogs.hoy.es\/wp-content\/uploads\/sites\/119\/2022\/05\/VID_20220418_221616_exported_18329_2-768x432.jpg 768w, https:\/\/static-blogs.hoy.es\/wp-content\/uploads\/sites\/119\/2022\/05\/VID_20220418_221616_exported_18329_2-1024x576.jpg 1024w, https:\/\/static-blogs.hoy.es\/wp-content\/uploads\/sites\/119\/2022\/05\/VID_20220418_221616_exported_18329_2.jpg 1920w\" sizes=\"(max-width: 407px) 100vw, 407px\" \/><\/a><p id=\"caption-attachment-2945\" class=\"wp-caption-text\"><em>En la comodidad de la tienda. Todo es diferente cuando la ropa est\u00e1 seca.<\/em><\/p><\/div>\n<hr \/>\n<p><strong>PARA VER M\u00c1S DE MIS AVENTURAS HAZ CLIC EN ESTOS ENLACES<\/strong><\/p>\n<p><strong><a href=\"https:\/\/www.facebook.com\/JoseTrejo404\/\" rel=\"external nofollow\">Facebook<\/a><\/strong><\/p>\n<p><strong><i>Para ver m\u00e1s fotos de mis viajes, puedes seguirme en este link<\/i><\/strong><\/p>\n<p><strong><a href=\"https:\/\/www.instagram.com\/josetrejo404\/?hl=es\" rel=\"external nofollow\">Instagram<\/a>\u00a0<\/strong><\/p>\n<p><a href=\"https:\/\/www.google.es\/search?q=%23UnExtreme%C3%B1oEnEl%C3%81rtico&amp;tbm=isch&amp;tbo=u&amp;source=univ&amp;sa=X&amp;ved=0ahUKEwjk4__i8fzYAhUBWxQKHd2fCmUQsAQILQ&amp;biw=1366&amp;bih=637\" rel=\"external nofollow\">#UnExtreme\u00f1oEnEl\u00c1rtico<\/a>\u00a0<a href=\"https:\/\/www.instagram.com\/explore\/tags\/proyectobaikal2019\/?hl=es\" rel=\"external nofollow\">#SPITZBERG8022<\/a>\u00a0<a href=\"https:\/\/www.instagram.com\/explore\/tags\/aventurascentrowagen\/?hl=es\" rel=\"external nofollow\">#aventurascentrowagen<\/a><\/p>\n","protected":false},"excerpt":{"rendered":"<p>D\u00eda 6, campamento &#8216;Rico&#8217;. D\u00eda soleado, la temperatura m\u00ednima fue de -13\u00baC. ligera brisa de 7 &#8211; 11 km\/h de viento Nordeste con rachas moderadas de 20 -29 km\/h con sensaci\u00f3n t\u00e9rmica de -26\u00ba C. Si quer\u00e9is situaros durante nuestro recorrido en un mapa interactivo de Svalbard hacer clic\u00a0aqu\u00ed La ma\u00f1ana nos despert\u00f3 el calor [&hellip;]<\/p>\n","protected":false},"author":142,"featured_media":3038,"comment_status":"open","ping_status":"closed","sticky":false,"template":"","format":"standard","meta":[],"categories":[1],"tags":[994,996,506,993,995],"_links":{"self":[{"href":"https:\/\/blogs.hoy.es\/un-extremeno-en-el-artico\/wp-json\/wp\/v2\/posts\/2939"}],"collection":[{"href":"https:\/\/blogs.hoy.es\/un-extremeno-en-el-artico\/wp-json\/wp\/v2\/posts"}],"about":[{"href":"https:\/\/blogs.hoy.es\/un-extremeno-en-el-artico\/wp-json\/wp\/v2\/types\/post"}],"author":[{"embeddable":true,"href":"https:\/\/blogs.hoy.es\/un-extremeno-en-el-artico\/wp-json\/wp\/v2\/users\/142"}],"replies":[{"embeddable":true,"href":"https:\/\/blogs.hoy.es\/un-extremeno-en-el-artico\/wp-json\/wp\/v2\/comments?post=2939"}],"version-history":[{"count":5,"href":"https:\/\/blogs.hoy.es\/un-extremeno-en-el-artico\/wp-json\/wp\/v2\/posts\/2939\/revisions"}],"predecessor-version":[{"id":2953,"href":"https:\/\/blogs.hoy.es\/un-extremeno-en-el-artico\/wp-json\/wp\/v2\/posts\/2939\/revisions\/2953"}],"wp:featuredmedia":[{"embeddable":true,"href":"https:\/\/blogs.hoy.es\/un-extremeno-en-el-artico\/wp-json\/wp\/v2\/media\/3038"}],"wp:attachment":[{"href":"https:\/\/blogs.hoy.es\/un-extremeno-en-el-artico\/wp-json\/wp\/v2\/media?parent=2939"}],"wp:term":[{"taxonomy":"category","embeddable":true,"href":"https:\/\/blogs.hoy.es\/un-extremeno-en-el-artico\/wp-json\/wp\/v2\/categories?post=2939"},{"taxonomy":"post_tag","embeddable":true,"href":"https:\/\/blogs.hoy.es\/un-extremeno-en-el-artico\/wp-json\/wp\/v2\/tags?post=2939"}],"curies":[{"name":"wp","href":"https:\/\/api.w.org\/{rel}","templated":true}]}}