{"id":2950,"date":"2022-06-03T23:59:17","date_gmt":"2022-06-03T21:59:17","guid":{"rendered":"https:\/\/blogs.hoy.es\/un-extremeno-en-el-artico\/?p=2950"},"modified":"2022-06-04T07:59:40","modified_gmt":"2022-06-04T05:59:40","slug":"dia-7-campamento-explosion-de-bengala-travesia-polar-spitzberg8022","status":"publish","type":"post","link":"https:\/\/blogs.hoy.es\/un-extremeno-en-el-artico\/2022\/06\/03\/dia-7-campamento-explosion-de-bengala-travesia-polar-spitzberg8022\/","title":{"rendered":"D\u00eda 7, campamento \u2018Explosi\u00f3n de bengala\u2019. Traves\u00eda polar #SPITZBERG8022"},"content":{"rendered":"<p>D\u00eda de sol y nubes, la temperatura m\u00ednima fue de -11\u00baC. <a href=\"https:\/\/nauticaformacion.es\/escalas-de-beaufort-douglas-la-fuerza-del-viento-el-oleaje\/\" rel=\"external nofollow\">Brisa d\u00e9bil<\/a> de 12 &#8211; 19 km\/h de Nordeste con rachas moderadas de 20 -29 km\/h con <a href=\"https:\/\/www.weather.gov\/safety\/winter-spanish-windchill\" rel=\"external nofollow\">sensaci\u00f3n t\u00e9rmica<\/a> de -26\u00ba C.<\/p>\n<p><strong>Si quer\u00e9is situaros durante nuestro recorrido en un mapa interactivo de Svalbard hacer clic\u00a0<a href=\"https:\/\/toposvalbard.npolar.no\/\" rel=\"external nofollow\">aqu\u00ed<\/a><\/strong><\/p>\n<p>Desde el campamento &#8216;Rico&#8217; se intu\u00eda el siguiente paso de monta\u00f1a que tendr\u00edamos ese d\u00eda. Las curvas de nivel indicaban que no ser\u00eda una tarea sencilla, mucha inclinaci\u00f3n. El paso de monta\u00f1a discurr\u00eda entre gargantas y z\u00f3calos donde se embalsaban lagunas heladas con el preocupante efecto &#8216;overflow&#8217; desbordamiento (agua l\u00edquida que inunda por encima del hielo, y queda oculta por la nieve polvo del d\u00eda anterior).<\/p>\n<p>Hac\u00eda rato que no llev\u00e1bamos puestos los esqu\u00eds debido al fuerte desnivel. Al principio las rampas eran de unas decenas de metros, luego, otro rellano y su lago helado, para m\u00e1s tarde, seguir ascendiendo cada vez m\u00e1s metros seguidos de rampa.<\/p>\n<p>Al adentrarnos por aquel paso de monta\u00f1a, se dejaba notar que la temperatura ca\u00eda, y cada vez hab\u00eda menos visibilidad. Cuando el brillo del Sol lo ocultaba las nubes, desaparec\u00edan las referencias, todo absolutamente todo, era blanco y sin contraste. Era como andar a ciegas con los ojos abiertos llenos de un mareante blanco.<\/p>\n<p>En algunos momentos, la l\u00ednea del horizonte quedaba borrada por la agobiante ventisca que pasaba barriendo de vez en cuando las crestas de las monta\u00f1as. Los copos de nieve iban dificultando los rastros dejados por las motos de nieve que aparentemente segu\u00edan el mismo camino.<\/p>\n<p>Las rampas cada vez eran m\u00e1s inclinadas y para no resbalar por el peso de las pulkas, ten\u00edamos que hincar las punteras de la botas en la nieve. Se nos hizo muy pesado este paso, m\u00e1s que el anterior. La falta de visibilidad tambi\u00e9n agobiaba al no vislumbrar el final del collado, se hizo eterno.<\/p>\n<p>Despu\u00e9s de mucho tirar y penar, alcanzamos el gran llano del collado. Decidimos quitar las &#8216;focas&#8217; a los esqu\u00eds y tratar de bajar esquiando. Digo lo de tratar de bajar esquiando, ya que estos esqu\u00eds no est\u00e1n hechos para bajar, y solo los m\u00e1s expertos consiguen domarlos. Pueden llegar a ser peligrosos al no soltarse en caso de ca\u00edda.<\/p>\n<p>La bajada por el glaciar Nordenski\u00f6ldbreen fue un placer, a pesar de tener visibilidad reducida. Nos subimos a las pulkas y nos lanz\u00e1bamos por las rampas m\u00e1s inclinadas \u00a1disfrutamos como cr\u00edos desliz\u00e1ndonos!<\/p>\n<p>&nbsp;<\/p>\n<p><strong>Campamento &#8216;explosi\u00f3n de bengala<\/strong>&#8216;<\/p>\n<p>Buscamos un lugar para acampar a unos cuatro kil\u00f3metros del borde de la banquisa. Volv\u00edamos a estar expuestos a la constante presencia del oso al ser la banquisa su h\u00e1bitat. Aunque se han encontrado huelas del oso en cualquier lugar de Svalbard, cerca del mar es donde se registran m\u00e1s ataques.<\/p>\n<p>Todos los d\u00edas montaba la valla de la alarma perimetral. Despu\u00e9s de 7 d\u00edas de montaje diario lo hab\u00eda automatizado bastante, si no fuera por el insoportable dolor de manos sin guantes que me dejaba el trabajo &#8216;fino&#8217; de poner los sensibles pasadores del hilo que activaba la alarma. Si mal recuerdo, la temperatura m\u00e1s fr\u00eda en la que tuve que bregar con el hilo de sedal y los pasadores fue -23\u00baC \u00a1y sin guantes!<\/p>\n<p>Cada lugar elegido para acampar era un peque\u00f1o desaf\u00edo, ten\u00eda diferentes caracter\u00edsticas, y este d\u00eda, la principal caracter\u00edstica era que no hab\u00eda mucho espesor de nieve. Pinchar y asegurar los postes de la alarma, mi principal cometido en el campamento, iba a ser complicado.<\/p>\n<p>Con menos de un palmo de nieve, los postes de la valla no me daban nada de confianza, y menos estar tan expuestos a la presencia de un depredador tan extraordinario. A mi alrededor sobresal\u00edan rocas de la morrena lateral, pero estas estaban solidificadas al suelo por el hielo.<\/p>\n<p>Usando el piolet y poco a poco, fui recolectando rocas suficientes para montar los postes de la dichosa valla. El cansancio del d\u00eda y el fr\u00edo al parar de hacer ejercicio, no hacia m\u00e1s que exasperarme en el montaje. Primero pon\u00eda un poste como referencia, el que no ten\u00eda lanza bengalas de los cuatro, luego, enganchaba a unos de los dos c\u00e1ncamos que ten\u00eda el hilo de pesca. Hab\u00eda que tener especial cuidado de no enrollarse el hilo o quedar\u00eda in\u00fatil el carrete. Todo el montaje se hac\u00eda con guantes finos, y sufriendo un poquito.<\/p>\n<p>La parte m\u00e1s delicada del montaje de las bengalas, era cuando una vez conectados los cuatro postes con el hilo, hab\u00eda que tirar de los resortes de los lanzadores y poner el pasador en el orificio del eje del resorte. El hilo deb\u00eda estar lo suficientemente tensado, pero a su vez, que este no activara los pasadores de las bengalas por exceso de tensi\u00f3n. Llevar las manos paralizadas por el fr\u00edo no ayudaba en esta tarea, y ocurri\u00f3. Unos de los disparadores se me resbal\u00f3 al introducir el pasador y explot\u00f3 lanzando la bengala explosiva hacia el cielo pasando a escasos cent\u00edmetros de mi cara.<\/p>\n<p>Jorge que todav\u00eda estaba fuera de la tienda de campa\u00f1a presenci\u00f3 el fogonazo, me vio caer hacia atr\u00e1s y sali\u00f3 corriendo para ayudarme. Al verme medio en shock se pens\u00f3 lo peor, que la bengala hab\u00eda explotado en m\u00ed cara. Al incorporarme, vi la cara de m\u00ed amigo desencajada y el tono de voz denotaba un gran nerviosismo.<\/p>\n<p>La mezcla de cansancio, manos congeladas, prisas por el fr\u00edo y no llevar desenroscadas las bengalas, provocaron un disparo fortuito. Al final fue un peque\u00f1o susto que me dej\u00f3 la cara manchada y oliendo a p\u00f3lvora durante d\u00edas. Tuvimos suerte, y lo digo en general, porque cada uno ten\u00eda una tarea en esta traves\u00eda. No era una opci\u00f3n el rescate de alguno de nosotros.<\/p>\n<div id=\"attachment_2966\" style=\"width: 592px\" class=\"wp-caption alignnone\"><a href=\"https:\/\/static-blogs.hoy.es\/wp-content\/uploads\/sites\/119\/2022\/06\/VID_20220420_080044_exported_5865_2.jpg\"><img aria-describedby=\"caption-attachment-2966\" loading=\"lazy\" class=\" wp-image-2966\" src=\"https:\/\/static-blogs.hoy.es\/wp-content\/uploads\/sites\/119\/2022\/06\/VID_20220420_080044_exported_5865_2-300x169.jpg\" alt=\"\" width=\"582\" height=\"328\" srcset=\"https:\/\/static-blogs.hoy.es\/wp-content\/uploads\/sites\/119\/2022\/06\/VID_20220420_080044_exported_5865_2-300x169.jpg 300w, https:\/\/static-blogs.hoy.es\/wp-content\/uploads\/sites\/119\/2022\/06\/VID_20220420_080044_exported_5865_2-768x432.jpg 768w, https:\/\/static-blogs.hoy.es\/wp-content\/uploads\/sites\/119\/2022\/06\/VID_20220420_080044_exported_5865_2-1024x576.jpg 1024w, https:\/\/static-blogs.hoy.es\/wp-content\/uploads\/sites\/119\/2022\/06\/VID_20220420_080044_exported_5865_2.jpg 1920w\" sizes=\"(max-width: 582px) 100vw, 582px\" \/><\/a><p id=\"caption-attachment-2966\" class=\"wp-caption-text\"><em>Amanece con buena visibilidad. Vemos nuestro objetivo al fondo, Pyramiden.<\/em><\/p><\/div>\n<p>&nbsp;<\/p>\n<div id=\"attachment_2963\" style=\"width: 584px\" class=\"wp-caption alignnone\"><a href=\"https:\/\/static-blogs.hoy.es\/wp-content\/uploads\/sites\/119\/2022\/06\/Captura-3.jpg\"><img aria-describedby=\"caption-attachment-2963\" loading=\"lazy\" class=\" wp-image-2963\" src=\"https:\/\/static-blogs.hoy.es\/wp-content\/uploads\/sites\/119\/2022\/06\/Captura-3-300x163.jpg\" alt=\"\" width=\"574\" height=\"312\" srcset=\"https:\/\/static-blogs.hoy.es\/wp-content\/uploads\/sites\/119\/2022\/06\/Captura-3-300x163.jpg 300w, https:\/\/static-blogs.hoy.es\/wp-content\/uploads\/sites\/119\/2022\/06\/Captura-3-768x418.jpg 768w, https:\/\/static-blogs.hoy.es\/wp-content\/uploads\/sites\/119\/2022\/06\/Captura-3-1024x558.jpg 1024w, https:\/\/static-blogs.hoy.es\/wp-content\/uploads\/sites\/119\/2022\/06\/Captura-3.jpg 1410w\" sizes=\"(max-width: 574px) 100vw, 574px\" \/><\/a><p id=\"caption-attachment-2963\" class=\"wp-caption-text\"><em>El punto rojo es donde est\u00e1 el campamento 7. desde ah\u00ed podemos ver las chimeneas de la entrada del puerto de Pyramiden.<\/em><\/p><\/div>\n<hr \/>\n<p><strong>PARA VER M\u00c1S DE MIS AVENTURAS HAZ CLIC EN ESTOS ENLACES<\/strong><\/p>\n<p><strong><a href=\"https:\/\/www.facebook.com\/JoseTrejo404\/\" rel=\"external nofollow\">Facebook<\/a><\/strong><\/p>\n<p><strong><i>Para ver m\u00e1s fotos de mis viajes, puedes seguirme en este link<\/i><\/strong><\/p>\n<p><strong><a href=\"https:\/\/www.instagram.com\/josetrejo404\/?hl=es\" rel=\"external nofollow\">Instagram<\/a>\u00a0<\/strong><\/p>\n<p><a href=\"https:\/\/www.google.es\/search?q=%23UnExtreme%C3%B1oEnEl%C3%81rtico&amp;tbm=isch&amp;tbo=u&amp;source=univ&amp;sa=X&amp;ved=0ahUKEwjk4__i8fzYAhUBWxQKHd2fCmUQsAQILQ&amp;biw=1366&amp;bih=637\" rel=\"external nofollow\">#UnExtreme\u00f1oEnEl\u00c1rtico<\/a>\u00a0<a href=\"https:\/\/www.instagram.com\/explore\/tags\/proyectobaikal2019\/?hl=es\" rel=\"external nofollow\">#SPITZBERG8022<\/a>\u00a0<a href=\"https:\/\/www.instagram.com\/explore\/tags\/aventurascentrowagen\/?hl=es\" rel=\"external nofollow\">#aventurascentrowagen<\/a><\/p>\n","protected":false},"excerpt":{"rendered":"<p>D\u00eda de sol y nubes, la temperatura m\u00ednima fue de -11\u00baC. Brisa d\u00e9bil de 12 &#8211; 19 km\/h de Nordeste con rachas moderadas de 20 -29 km\/h con sensaci\u00f3n t\u00e9rmica de -26\u00ba C. Si quer\u00e9is situaros durante nuestro recorrido en un mapa interactivo de Svalbard hacer clic\u00a0aqu\u00ed Desde el campamento &#8216;Rico&#8217; se intu\u00eda el siguiente [&hellip;]<\/p>\n","protected":false},"author":142,"featured_media":2956,"comment_status":"open","ping_status":"closed","sticky":false,"template":"","format":"standard","meta":[],"categories":[1],"tags":[997,506,966,993,886],"_links":{"self":[{"href":"https:\/\/blogs.hoy.es\/un-extremeno-en-el-artico\/wp-json\/wp\/v2\/posts\/2950"}],"collection":[{"href":"https:\/\/blogs.hoy.es\/un-extremeno-en-el-artico\/wp-json\/wp\/v2\/posts"}],"about":[{"href":"https:\/\/blogs.hoy.es\/un-extremeno-en-el-artico\/wp-json\/wp\/v2\/types\/post"}],"author":[{"embeddable":true,"href":"https:\/\/blogs.hoy.es\/un-extremeno-en-el-artico\/wp-json\/wp\/v2\/users\/142"}],"replies":[{"embeddable":true,"href":"https:\/\/blogs.hoy.es\/un-extremeno-en-el-artico\/wp-json\/wp\/v2\/comments?post=2950"}],"version-history":[{"count":23,"href":"https:\/\/blogs.hoy.es\/un-extremeno-en-el-artico\/wp-json\/wp\/v2\/posts\/2950\/revisions"}],"predecessor-version":[{"id":2981,"href":"https:\/\/blogs.hoy.es\/un-extremeno-en-el-artico\/wp-json\/wp\/v2\/posts\/2950\/revisions\/2981"}],"wp:featuredmedia":[{"embeddable":true,"href":"https:\/\/blogs.hoy.es\/un-extremeno-en-el-artico\/wp-json\/wp\/v2\/media\/2956"}],"wp:attachment":[{"href":"https:\/\/blogs.hoy.es\/un-extremeno-en-el-artico\/wp-json\/wp\/v2\/media?parent=2950"}],"wp:term":[{"taxonomy":"category","embeddable":true,"href":"https:\/\/blogs.hoy.es\/un-extremeno-en-el-artico\/wp-json\/wp\/v2\/categories?post=2950"},{"taxonomy":"post_tag","embeddable":true,"href":"https:\/\/blogs.hoy.es\/un-extremeno-en-el-artico\/wp-json\/wp\/v2\/tags?post=2950"}],"curies":[{"name":"wp","href":"https:\/\/api.w.org\/{rel}","templated":true}]}}