{"id":2982,"date":"2022-06-07T23:31:31","date_gmt":"2022-06-07T21:31:31","guid":{"rendered":"https:\/\/blogs.hoy.es\/un-extremeno-en-el-artico\/?p=2982"},"modified":"2022-06-08T08:49:53","modified_gmt":"2022-06-08T06:49:53","slug":"dia-8-pyramiden-parte-i-travesia-polar-spitzberg8022","status":"publish","type":"post","link":"https:\/\/blogs.hoy.es\/un-extremeno-en-el-artico\/2022\/06\/07\/dia-8-pyramiden-parte-i-travesia-polar-spitzberg8022\/","title":{"rendered":"D\u00eda 8, Pyramiden, parte I. Traves\u00eda polar #SPITZBERG8022"},"content":{"rendered":"<p>D\u00eda de sol y nubes, la temperatura m\u00ednima fue de -11\u00baC. <a href=\"https:\/\/nauticaformacion.es\/escalas-de-beaufort-douglas-la-fuerza-del-viento-el-oleaje\/\" rel=\"external nofollow\">Brisa d\u00e9bil<\/a> de 12 &#8211; 19 km\/h de Nordeste con rachas moderadas de 20 -29 km\/h con <a href=\"https:\/\/www.weather.gov\/safety\/winter-spanish-windchill\" rel=\"external nofollow\">sensaci\u00f3n t\u00e9rmica<\/a> de -26\u00ba C. Lo mismo que el d\u00eda anterior.<\/p>\n<p><strong>Si quer\u00e9is situaros durante nuestro recorrido en un mapa interactivo de Svalbard hacer clic\u00a0<a href=\"https:\/\/toposvalbard.npolar.no\/\" rel=\"external nofollow\">aqu\u00ed<\/a><\/strong><\/p>\n<p>A lo lejos, mirando la orilla de enfrente del fiordo de <a href=\"https:\/\/www.google.es\/search?q=Billefjorden&amp;tbm=isch&amp;chips=q:billefjorden,online_chips:glaciar:Asfiz7HkjyI%3D&amp;hl=es&amp;sa=X&amp;ved=2ahUKEwi97dmj3pn4AhUE_hoKHbG1AmQQ4lYoAXoECAEQIQ&amp;biw=1349&amp;bih=625\" rel=\"external nofollow\">Billefjorden<\/a>, se ve\u00edan las dos esbeltas torres de la central t\u00e9rmica de la ciudad fantasma de <a href=\"https:\/\/es.wikipedia.org\/wiki\/Pyramiden\" rel=\"external nofollow\">Pyramiden<\/a>. Entre un amasijo de hierros oxidados se intu\u00eda la larga cinta transportadora para transbordar el carb\u00f3n mineral hacia el muelle.<\/p>\n<p>Otra estructura que se pod\u00eda ver desde nuestro <a href=\"https:\/\/blogs.hoy.es\/un-extremeno-en-el-artico\/2022\/06\/03\/dia-7-campamento-explosion-de-bengala-travesia-polar-spitzberg8022\/\">campamento<\/a>, era la pasarela que sub\u00eda directa hac\u00eda las entra\u00f1as de <a href=\"https:\/\/es.wikipedia.org\/wiki\/Pyramiden\" rel=\"external nofollow\">Pyramiden<\/a>, la monta\u00f1a con el nombre por el cual se bautiz\u00f3 la ciudad. Se trataba de una larga y contin\u00faa galer\u00eda cerrada por los costados y por el techo, que hac\u00eda de protecci\u00f3n para los railes de las vagonetas, y proteg\u00edan a los mineros del terrible clima.<\/p>\n<p>&nbsp;<\/p>\n<p>Aquella ma\u00f1ana lo \u00fanico que hab\u00eda que hacer, era seguir bajando la morrena lateral del glaciar Nordeski\u00f6ldbreen por las a veces empinadas rampas, para luego ir en llano sobre el hielo del fiordo helado. Tan solo nos quedaban unos cuatro kil\u00f3metros para alcanzar el borde de la banquisa del fiordo de\u00a0<a href=\"https:\/\/www.google.es\/search?q=Billefjorden&amp;tbm=isch&amp;chips=q:billefjorden,online_chips:glaciar:Asfiz7HkjyI%3D&amp;hl=es&amp;sa=X&amp;ved=2ahUKEwi97dmj3pn4AhUE_hoKHbG1AmQQ4lYoAXoECAEQIQ&amp;biw=1349&amp;bih=625\" rel=\"external nofollow\">Billefjorden.<\/a><\/p>\n<p>De nuevo nos encontr\u00e1bamos en territorio &#8216;comanche&#8217;, zona de osos polares.<\/p>\n<p>Desde antes que lleg\u00e1semos al Alto \u00c1rtico, mucha gente nos advirti\u00f3 a donde nos \u00edbamos a meter y de lo terrible que podr\u00eda ser un oso polar si te pilla distra\u00eddo. Alguno, incluso, trat\u00f3 de quitarme la idea por el enorme peligro al que me expon\u00eda. Es una realidad, la densidad que hay de este majestuoso animal en Svalbard, es raz\u00f3n de sobra para persuadir a cualquiera por actica y por pasiva.<\/p>\n<p>Incluso al leer el permiso que hay que solicitar al<a href=\"https:\/\/hmong.es\/wiki\/Law_enforcement_in_Svalbard\" rel=\"external nofollow\"> Gobernador de Svalbard<\/a> lo pone bien clarito, qu\u00e9 tipo de sistemas de alarma, qu\u00e9 defensas tienes que llevar, as\u00ed como saber de armas de fuego. Por otro lado, las empresas de alquiler de armas son muy exigentes para quienes tratan de alquilar un rifle o un revolver. Te hacen pasar por varios filtros, sobre todo qu\u00e9 tipo de experiencias has tenido con armas y si alguna vez tuviste un encuentro con el oso polar.<\/p>\n<p>En m\u00ed caso particular, cumpl\u00eda ampliamente todos los requisitos, incluido eso del encuentro con el oso polar, al venir de Groenlandia, y de una zona muy especial (extremo sur) en particular, donde es relativamente com\u00fan encontrarte con alg\u00fan oso.<\/p>\n<p>El asunto de llevar un arma para salvar el pellejo suele dar grima, porque como digo, es un peligro real, y seg\u00fan las vivencias de muchos colegas, estar en el archipi\u00e9lago de <a href=\"https:\/\/es.wikipedia.org\/wiki\/Svalbard#:~:text=Consiste%20en%20un%20grupo%20de,poblado%20m%C3%A1s%20grande%20es%20Longyearbyen.\" rel=\"external nofollow\">Svalbard<\/a> es demasiado psicol\u00f3gico, a veces insoportable si vas a pasar mucho tiempo expuesto. Estar a la defensiva y mirar a tu alrededor constantemente es muy extenuante, sobre todo cuando te metes en la tienda de campa\u00f1a y caes en un sue\u00f1o profundo debido al cansancio producido por el esfuerzo f\u00edsico. No digamos nada si encima la visibilidad es p\u00e9sima.<\/p>\n<div id=\"attachment_2988\" style=\"width: 339px\" class=\"wp-caption alignnone\"><a href=\"https:\/\/static-blogs.hoy.es\/wp-content\/uploads\/sites\/119\/2022\/06\/FB_IMG_1547554685925.jpg\"><img aria-describedby=\"caption-attachment-2988\" loading=\"lazy\" class=\" wp-image-2988\" src=\"https:\/\/static-blogs.hoy.es\/wp-content\/uploads\/sites\/119\/2022\/06\/FB_IMG_1547554685925-300x200.jpg\" alt=\"\" width=\"329\" height=\"219\" srcset=\"https:\/\/static-blogs.hoy.es\/wp-content\/uploads\/sites\/119\/2022\/06\/FB_IMG_1547554685925-300x200.jpg 300w, https:\/\/static-blogs.hoy.es\/wp-content\/uploads\/sites\/119\/2022\/06\/FB_IMG_1547554685925.jpg 600w\" sizes=\"(max-width: 329px) 100vw, 329px\" \/><\/a><p id=\"caption-attachment-2988\" class=\"wp-caption-text\"><em>Foto de internet. Ataque de oso polar a un campamento. Resolute Bay, \u00c1rtico canadiense.<\/em><\/p><\/div>\n<div id=\"attachment_2989\" style=\"width: 342px\" class=\"wp-caption alignnone\"><a href=\"https:\/\/static-blogs.hoy.es\/wp-content\/uploads\/sites\/119\/2022\/06\/FB_IMG_1547554682021.jpg\"><img aria-describedby=\"caption-attachment-2989\" loading=\"lazy\" class=\" wp-image-2989\" src=\"https:\/\/static-blogs.hoy.es\/wp-content\/uploads\/sites\/119\/2022\/06\/FB_IMG_1547554682021-194x300.jpg\" alt=\"\" width=\"332\" height=\"513\" srcset=\"https:\/\/static-blogs.hoy.es\/wp-content\/uploads\/sites\/119\/2022\/06\/FB_IMG_1547554682021-194x300.jpg 194w, https:\/\/static-blogs.hoy.es\/wp-content\/uploads\/sites\/119\/2022\/06\/FB_IMG_1547554682021.jpg 388w\" sizes=\"(max-width: 332px) 100vw, 332px\" \/><\/a><p id=\"caption-attachment-2989\" class=\"wp-caption-text\"><em>Foto de internet. Dentro de la tienda de campa\u00f1a atacada por el oso descansaba un minero. La foto fue tomada en el hospital. Solo pongo la m\u00e1s amable de todas. Salv\u00f3 la vida por un cazador que pasaba cerca.\u00a0Resolute Bay, \u00c1rtico canadiense.<\/em><\/p><\/div>\n<p>Quiz\u00e1s lo que m\u00e1s se teme, es cuando llegue el momento de interactuar con el rey del \u00c1rtico, el oso polar, y es que te merodee y vaya siguiendo tus pasos. Tiempo atr\u00e1s pude contactar con un gu\u00eda noruego que trabaja en <a href=\"https:\/\/es.wikipedia.org\/wiki\/Svalbard#:~:text=Consiste%20en%20un%20grupo%20de,poblado%20m%C3%A1s%20grande%20es%20Longyearbyen.\" rel=\"external nofollow\">Svalbard<\/a>, y me cont\u00f3 que tuvieron que pedir rescate por helic\u00f3ptero debido a un oso que les sigui\u00f3 durante tres d\u00edas. El cansancio se hizo cada vez m\u00e1s profundo y no pod\u00edan dormir por la presencia de la hambrienta bestia.<\/p>\n<p>&nbsp;<\/p>\n<p><strong>A las puertas de Pyramiden, la ciudad sovi\u00e9tica fantasma<\/strong><\/p>\n<p>A lo lejos se ve\u00eda cada vez m\u00e1s n\u00edtida una de las metas del proyecto <b>#SPITZBERG8022 <\/b>la famosa cuidad sovi\u00e9tica\u00a0abandonada.<\/p>\n<p>Avisados por la polic\u00eda de la presencia de osos por la zona, fuimos m\u00e1s pendientes de nuestro alrededor dentro de la banquisa. La cantidad de focas del lugar hac\u00eda que hubiera osos merodeando en b\u00fasqueda de su comida habitual.<\/p>\n<p>No tardamos en toparnos con las primeras focas,\u00a0esta retozaba panza arriba cerca de uno de los agujeros de &#8216;salvamento&#8217; horadado con sus afiladas garras. Al acercarnos m\u00e1s a la foca, esta se gir\u00f3 y de un movimiento serpenteante se introdujo en el orifico desapareciendo en las g\u00e9lidas aguas del fiordo.<\/p>\n<p>La visibilidad empeor\u00f3, los copos de nieve intranquilizaba el avance lento del grupo. Cada varios segundos alguno de nosotros se paraba y oteaba el horizonte haciendo un giro de 180 grados buscando a los compa\u00f1eros, y luego, a algo enorme de color blanco, y que se sostuviera sobre cuatro patas.<\/p>\n<p>Se hizo largo el cruce del fiordo a pesar de ser llano y con nieve asentada. No nos preocupaba demasiado la orientaci\u00f3n de la ruta, ya que todas la huellas de moto de nieve se dirig\u00edan hacia Pyramiden.<\/p>\n<p>De repente o\u00edmos la voz de Gontzal, miramos hacia \u00e9l, y nos fijamos en el gesto que hac\u00eda con el bast\u00f3n de esqu\u00ed, acababa de toparse con otras huelas de oso. Las huellas se cruzaban perpendicularmente hacia el fondo de la ensenada de Petuniabukta. Pero mirando m\u00e1s detenidamente el rastro, pudimos comprobar que eran dos pares de huellas, era una hembra con un cachorro.<\/p>\n<div id=\"attachment_2998\" style=\"width: 310px\" class=\"wp-caption alignnone\"><a href=\"https:\/\/static-blogs.hoy.es\/wp-content\/uploads\/sites\/119\/2022\/06\/VID_20220420_160348_exported_1900.jpg\"><img aria-describedby=\"caption-attachment-2998\" loading=\"lazy\" class=\" wp-image-2998\" src=\"https:\/\/static-blogs.hoy.es\/wp-content\/uploads\/sites\/119\/2022\/06\/VID_20220420_160348_exported_1900-169x300.jpg\" alt=\"\" width=\"300\" height=\"533\" srcset=\"https:\/\/static-blogs.hoy.es\/wp-content\/uploads\/sites\/119\/2022\/06\/VID_20220420_160348_exported_1900-169x300.jpg 169w, https:\/\/static-blogs.hoy.es\/wp-content\/uploads\/sites\/119\/2022\/06\/VID_20220420_160348_exported_1900-768x1365.jpg 768w, https:\/\/static-blogs.hoy.es\/wp-content\/uploads\/sites\/119\/2022\/06\/VID_20220420_160348_exported_1900-576x1024.jpg 576w, https:\/\/static-blogs.hoy.es\/wp-content\/uploads\/sites\/119\/2022\/06\/VID_20220420_160348_exported_1900.jpg 1080w\" sizes=\"(max-width: 300px) 100vw, 300px\" \/><\/a><p id=\"caption-attachment-2998\" class=\"wp-caption-text\"><em>Las huellas pertenecen a una osa y su cachorro, a tan solo cinco kil\u00f3metros de la ciudad fantasma. <a href=\"https:\/\/www.instagram.com\/reel\/Cdfne2XAwTZ\/\" rel=\"external nofollow\">Ver reel<\/a>\u00a0<\/em><\/p><\/div>\n<p>La llegada a nuestra ansiada meta, Pyramiden, fue como envuelta en el misterio. Al llegar al atardecer, el Sol envuelto en nubes plomizas, pintaba de colores ocres los perfiles de la piramidal monta\u00f1a. A sus faldas permanec\u00eda congelada en el tiempo la fantasmag\u00f3rica cuidad.<\/p>\n<p>Una imagen nos tranquiliz\u00f3, al levantar la vista del suelo helado del fiordo, encima de la enorme torre de transvase del mineral, vimos una bandera, era la rusa. Pero al seguir el avance hasta la ciudad, nos dimos cuenta de que en realidad eran dos banderas, la otra era noruega.<\/p>\n<p>Informaciones cruzadas d\u00edas antes de nuestra llegada a Svalbard, debido al conflicto armado entre Rusia y Ucrania, hac\u00eda presagiar que no ser\u00edamos bien recibidos en suelo ruso, pero al aumentar el zoom de mi c\u00e1mara sobre un lejano cartel, me atrap\u00f3 un sentimiento de serenidad. En los lugares tan apartados al mundo, las cosas son muy diferentes, no cala la propaganda, los amigos son y seguir\u00e1n si\u00e9ndolo a pesar de que muchos se empe\u00f1en en tratar de enemistarlos, solo es la parte de una mala pol\u00edtica, e intereses econ\u00f3micos en manos de unos pocos que &#8216;afean&#8217; todo lo que tocan.<\/p>\n<p>En un cartel de la entrada a la ciudad lo pon\u00eda bien claro,<strong> &#8216;Friendly area with all peoples&#8217; lugar amable con todas las personas.<\/strong><\/p>\n<hr \/>\n<p><strong>PARA VER M\u00c1S DE MIS AVENTURAS HAZ CLIC EN ESTOS ENLACES<\/strong><\/p>\n<p><strong><a href=\"https:\/\/www.facebook.com\/JoseTrejo404\/\" rel=\"external nofollow\">Facebook<\/a><\/strong><\/p>\n<p><strong><i>Para ver m\u00e1s fotos de mis viajes, puedes seguirme en este link<\/i><\/strong><\/p>\n<p><strong><a href=\"https:\/\/www.instagram.com\/josetrejo404\/?hl=es\" rel=\"external nofollow\">Instagram<\/a>\u00a0<\/strong><\/p>\n<p><a href=\"https:\/\/www.google.es\/search?q=%23UnExtreme%C3%B1oEnEl%C3%81rtico&amp;tbm=isch&amp;tbo=u&amp;source=univ&amp;sa=X&amp;ved=0ahUKEwjk4__i8fzYAhUBWxQKHd2fCmUQsAQILQ&amp;biw=1366&amp;bih=637\" rel=\"external nofollow\">#UnExtreme\u00f1oEnEl\u00c1rtico<\/a>\u00a0<a href=\"https:\/\/www.instagram.com\/explore\/tags\/proyectobaikal2019\/?hl=es\" rel=\"external nofollow\">#SPITZBERG8022<\/a>\u00a0<a href=\"https:\/\/www.instagram.com\/explore\/tags\/aventurascentrowagen\/?hl=es\" rel=\"external nofollow\">#aventurascentrowagen<\/a><\/p>\n","protected":false},"excerpt":{"rendered":"<p>D\u00eda de sol y nubes, la temperatura m\u00ednima fue de -11\u00baC. Brisa d\u00e9bil de 12 &#8211; 19 km\/h de Nordeste con rachas moderadas de 20 -29 km\/h con sensaci\u00f3n t\u00e9rmica de -26\u00ba C. Lo mismo que el d\u00eda anterior. Si quer\u00e9is situaros durante nuestro recorrido en un mapa interactivo de Svalbard hacer clic\u00a0aqu\u00ed A lo [&hellip;]<\/p>\n","protected":false},"author":142,"featured_media":2997,"comment_status":"open","ping_status":"closed","sticky":false,"template":"","format":"standard","meta":[],"categories":[1],"tags":[977,863,998,999,1000,1006,94,1003,101,1001,1002,1004,966,813,1005],"_links":{"self":[{"href":"https:\/\/blogs.hoy.es\/un-extremeno-en-el-artico\/wp-json\/wp\/v2\/posts\/2982"}],"collection":[{"href":"https:\/\/blogs.hoy.es\/un-extremeno-en-el-artico\/wp-json\/wp\/v2\/posts"}],"about":[{"href":"https:\/\/blogs.hoy.es\/un-extremeno-en-el-artico\/wp-json\/wp\/v2\/types\/post"}],"author":[{"embeddable":true,"href":"https:\/\/blogs.hoy.es\/un-extremeno-en-el-artico\/wp-json\/wp\/v2\/users\/142"}],"replies":[{"embeddable":true,"href":"https:\/\/blogs.hoy.es\/un-extremeno-en-el-artico\/wp-json\/wp\/v2\/comments?post=2982"}],"version-history":[{"count":26,"href":"https:\/\/blogs.hoy.es\/un-extremeno-en-el-artico\/wp-json\/wp\/v2\/posts\/2982\/revisions"}],"predecessor-version":[{"id":3012,"href":"https:\/\/blogs.hoy.es\/un-extremeno-en-el-artico\/wp-json\/wp\/v2\/posts\/2982\/revisions\/3012"}],"wp:featuredmedia":[{"embeddable":true,"href":"https:\/\/blogs.hoy.es\/un-extremeno-en-el-artico\/wp-json\/wp\/v2\/media\/2997"}],"wp:attachment":[{"href":"https:\/\/blogs.hoy.es\/un-extremeno-en-el-artico\/wp-json\/wp\/v2\/media?parent=2982"}],"wp:term":[{"taxonomy":"category","embeddable":true,"href":"https:\/\/blogs.hoy.es\/un-extremeno-en-el-artico\/wp-json\/wp\/v2\/categories?post=2982"},{"taxonomy":"post_tag","embeddable":true,"href":"https:\/\/blogs.hoy.es\/un-extremeno-en-el-artico\/wp-json\/wp\/v2\/tags?post=2982"}],"curies":[{"name":"wp","href":"https:\/\/api.w.org\/{rel}","templated":true}]}}