{"id":3013,"date":"2022-06-09T09:39:35","date_gmt":"2022-06-09T07:39:35","guid":{"rendered":"https:\/\/blogs.hoy.es\/un-extremeno-en-el-artico\/?p=3013"},"modified":"2022-06-09T13:41:09","modified_gmt":"2022-06-09T11:41:09","slug":"dia-9-pyramiden-el-hotel-surrealista-parte-ii-travesia-polar-spitzberg8022","status":"publish","type":"post","link":"https:\/\/blogs.hoy.es\/un-extremeno-en-el-artico\/2022\/06\/09\/dia-9-pyramiden-el-hotel-surrealista-parte-ii-travesia-polar-spitzberg8022\/","title":{"rendered":"D\u00eda 9, Pyramiden. El hotel surrealista. parte II. Traves\u00eda polar #SPITZBERG8022"},"content":{"rendered":"<p>D\u00eda de sol y muy nuboso por la tarde, la temperatura m\u00ednima fue de -11\u00baC.\u00a0<a href=\"https:\/\/nauticaformacion.es\/escalas-de-beaufort-douglas-la-fuerza-del-viento-el-oleaje\/\" rel=\"external nofollow\">Brisa muy d\u00e9bil<\/a>\u00a0de 6 \u2013 11 km\/h de Suroeste con\u00a0<a href=\"https:\/\/www.weather.gov\/safety\/winter-spanish-windchill\" rel=\"external nofollow\">sensaci\u00f3n t\u00e9rmica<\/a>\u00a0de -16\u00ba C.<\/p>\n<p><strong>Si quer\u00e9is situaros durante nuestro recorrido en un mapa interactivo de Svalbard hacer clic\u00a0<a href=\"https:\/\/toposvalbard.npolar.no\/\" rel=\"external nofollow\">aqu\u00ed<\/a><\/strong><\/p>\n<div id=\"attachment_3019\" style=\"width: 656px\" class=\"wp-caption alignnone\"><a href=\"https:\/\/static-blogs.hoy.es\/wp-content\/uploads\/sites\/119\/2022\/06\/YDXJ0444_Moment.jpg\"><img aria-describedby=\"caption-attachment-3019\" loading=\"lazy\" class=\" wp-image-3019\" src=\"https:\/\/static-blogs.hoy.es\/wp-content\/uploads\/sites\/119\/2022\/06\/YDXJ0444_Moment-300x169.jpg\" alt=\"\" width=\"646\" height=\"364\" srcset=\"https:\/\/static-blogs.hoy.es\/wp-content\/uploads\/sites\/119\/2022\/06\/YDXJ0444_Moment-300x169.jpg 300w, https:\/\/static-blogs.hoy.es\/wp-content\/uploads\/sites\/119\/2022\/06\/YDXJ0444_Moment-768x432.jpg 768w, https:\/\/static-blogs.hoy.es\/wp-content\/uploads\/sites\/119\/2022\/06\/YDXJ0444_Moment-1024x576.jpg 1024w, https:\/\/static-blogs.hoy.es\/wp-content\/uploads\/sites\/119\/2022\/06\/YDXJ0444_Moment.jpg 1920w\" sizes=\"(max-width: 646px) 100vw, 646px\" \/><\/a><p id=\"caption-attachment-3019\" class=\"wp-caption-text\"><em>Gontzal hace una parada para admirar la monta\u00f1a llamada Pyramiden. Se ve la larga galer\u00eda que sube por la monta\u00f1a hasta la boca de la mina.<\/em><\/p><\/div>\n<p>Unas de las situaciones m\u00e1s extra\u00f1as que vivimos durante la traves\u00eda en <a href=\"https:\/\/es.wikipedia.org\/wiki\/Svalbard\" rel=\"external nofollow\">Svalbard<\/a>, fue al llegar a la ciudad abandonada de Pyramiden. &#8216;Abandonada&#8217;, bueno, eso pens\u00e1bamos, abandonada lo que se dice abandonada no estaba.<\/p>\n<p><a href=\"https:\/\/es.wikipedia.org\/wiki\/Pyramiden\" rel=\"external nofollow\">Pyramiden<\/a> nos recibi\u00f3 con una humareda negra procedente de un edificio, seguido del ruido del motor de una excavadora que andaba haciendo maniobras a su alrededor. M\u00e1s tarde, un convoy de motos de nieve entraban en el silencioso poblado.<\/p>\n<div id=\"attachment_3018\" style=\"width: 670px\" class=\"wp-caption alignnone\"><a href=\"https:\/\/static-blogs.hoy.es\/wp-content\/uploads\/sites\/119\/2022\/06\/YDXJ0444a.jpg\"><img aria-describedby=\"caption-attachment-3018\" loading=\"lazy\" class=\" wp-image-3018\" src=\"https:\/\/static-blogs.hoy.es\/wp-content\/uploads\/sites\/119\/2022\/06\/YDXJ0444a-300x232.jpg\" alt=\"\" width=\"660\" height=\"510\" srcset=\"https:\/\/static-blogs.hoy.es\/wp-content\/uploads\/sites\/119\/2022\/06\/YDXJ0444a-300x232.jpg 300w, https:\/\/static-blogs.hoy.es\/wp-content\/uploads\/sites\/119\/2022\/06\/YDXJ0444a-768x594.jpg 768w, https:\/\/static-blogs.hoy.es\/wp-content\/uploads\/sites\/119\/2022\/06\/YDXJ0444a-1024x793.jpg 1024w, https:\/\/static-blogs.hoy.es\/wp-content\/uploads\/sites\/119\/2022\/06\/YDXJ0444a.jpg 1062w\" sizes=\"(max-width: 660px) 100vw, 660px\" \/><\/a><p id=\"caption-attachment-3018\" class=\"wp-caption-text\"><em>Estamos alcanzando la orilla para entrar en la ciudad. Al fondo el ic\u00f3nico s\u00edmbolo de Pyramiden. Y una extra\u00f1a humareda negra que sale de un edificio.<\/em><\/p><\/div>\n<p>Nos adelantaron y saludaron al pasar, se dirig\u00edan al centro, desapareciendo al torcer la esquina de un edificio de cuatro plantas pr\u00e1cticamente nuevo. Decidimos seguirles para ver d\u00f3nde iban.<\/p>\n<p>Mirando a los alrededores, busc\u00e1bamos alg\u00fan edificio abierto para pasar la noche, y estar m\u00e1s relajados, al menos, un par de d\u00edas de la omnipresente presencia del oso.<\/p>\n<p>&nbsp;<\/p>\n<p>Llev\u00e1bamos vagando una semana por esta inh\u00f3spita tierra y ya nos hab\u00edamos acostumbrado a convivir con las siempre temperaturas bajo cero, la rutina de dormir en una tienda de campa\u00f1a y la tensi\u00f3n de estar en alerta en todo momento, no solo por el oso, sino por evitar cualquier percance de alguno de nosotros en el equipo o f\u00edsico.<\/p>\n<p>Las caras quemadas por la exposici\u00f3n a los elementos, denotaban un look desali\u00f1ado. Una semana de sudadas continuas tirando de las pulkas, subiendo cuestas y sin ducha, ni siquiera lavarse la cara, nos daba un aspecto de vagabundos &#8216;\u00e1rticos&#8217;, menos mal que con tanto fr\u00edo el tema del olor apenas se percib\u00eda dentro de la tienda&#8230;<\/p>\n<p>&nbsp;<\/p>\n<p>Al torcer la esquina siguiendo las motos de nieve, nos topamos con un aparcamiento repleto de ellas. Hab\u00eda remolques usados por las motos de nieve repletos de lo que parec\u00eda dep\u00f3sitos de combustible, equipos de acampada, adem\u00e1s de cofres de aluminio, que supuestamente albergar\u00edan comida y equipos de supervivencia. Algunas de estas motos de oruga, llevaban en un lateral un estuche donde iba el habitual rifle, necesario para poder adentrarse en este paraje.<\/p>\n<p>Al revisar de nuevo el edificio nos dimos cuenta del peque\u00f1o cartel en color rojo donde estaban escritos los n\u00fameros <strong>78\u00ba 40&#8242;, PYRAMIDEN\/\u041f\u0438\u0440\u0430\u043c\u0438\u0434\u0430. <\/strong>Los n\u00fameros se refer\u00edan a la latitud donde est\u00e1 ubicado este edificio, siendo tambi\u00e9n la oficina postal m\u00e1s septentrional del Hemisferio Norte.<\/p>\n<div id=\"attachment_3020\" style=\"width: 672px\" class=\"wp-caption alignnone\"><a href=\"https:\/\/static-blogs.hoy.es\/wp-content\/uploads\/sites\/119\/2022\/06\/YDXJ0454_.jpg\"><img aria-describedby=\"caption-attachment-3020\" loading=\"lazy\" class=\" wp-image-3020\" src=\"https:\/\/static-blogs.hoy.es\/wp-content\/uploads\/sites\/119\/2022\/06\/YDXJ0454_-300x169.jpg\" alt=\"\" width=\"662\" height=\"373\" srcset=\"https:\/\/static-blogs.hoy.es\/wp-content\/uploads\/sites\/119\/2022\/06\/YDXJ0454_-300x169.jpg 300w, https:\/\/static-blogs.hoy.es\/wp-content\/uploads\/sites\/119\/2022\/06\/YDXJ0454_-768x432.jpg 768w, https:\/\/static-blogs.hoy.es\/wp-content\/uploads\/sites\/119\/2022\/06\/YDXJ0454_-1024x576.jpg 1024w, https:\/\/static-blogs.hoy.es\/wp-content\/uploads\/sites\/119\/2022\/06\/YDXJ0454_.jpg 1920w\" sizes=\"(max-width: 662px) 100vw, 662px\" \/><\/a><p id=\"caption-attachment-3020\" class=\"wp-caption-text\"><em>El brindis m\u00e1s insospechado del mundo. Qu\u00e9 sensaci\u00f3n tan extra\u00f1a, cambiar de repente la cabeza modo expedici\u00f3n polar al confort de la civilizaci\u00f3n en un abrir y cerrar de ojos.<\/em><\/p><\/div>\n<p>Decidimos entrar a curiosear el solitario y extra\u00f1o hotel. Al abrir la puerta y entrar en el peque\u00f1o descansillo, nos sacudi\u00f3 un golpe de aire caliente. Despu\u00e9s de tantos d\u00edas bajo cero, era un tanto agobiante volver a un lugar con calefacci\u00f3n.<\/p>\n<p>En el hall del hotel, dentro de la recepci\u00f3n un chico de pelo azulado anota algo sobre un papel, al o\u00edr ruido en la estancia alz\u00f3 la vista y sali\u00f3 de la recepci\u00f3n. Como si fuera un loro de repetici\u00f3n, solt\u00f3 una charla de bienvenida en un perfecto ingl\u00e9s, con acento ruso. Una vez terminada la &#8216;chapa&#8217;, el delgaducho muchacho de pelo azulado, nos invito a pasar a la siguiente estancia, era otro hall lleno de perchas y estanter\u00edas para dejar calzado y donde colgar el pesado equipo polar.<\/p>\n<p>Seguidamente, el sonriente\u00a0recepcionista nos esper\u00f3 hasta que nos quit\u00e1ramos la ropa que comenzaba a sobrar debido a los 24\u00baC de la calefacci\u00f3n.<\/p>\n<p>Entramos los tres en modo autom\u00e1tico recibiendo &#8216;ordenes&#8217; de aquel gallareta que no paraba de hablar, y acabamos andando por un ancho pasillo en calcetines y manga corta. Mientras segu\u00edamos al peculiar personaje por el largo pasillo, nos mir\u00e1bamos incr\u00e9dulos, para luego seguir observando los detalles del restaurado edificio sovi\u00e9tico de los ochenta.<\/p>\n<p>Abri\u00f3 la siguiente puerta invit\u00e1ndonos a entrar a la otra estancia, era un gran sal\u00f3n-restaurante con sof\u00e1s a un lado y al otro, mesas, algunas de ellas estaban listas con vajilla y ensaladeras a la espera de comensales. Al fondo, dentro de una barra, un camarero secando unas copas nos segu\u00eda con la mirada.<\/p>\n<p>Nos acomodamos y miramos a los alrededores incr\u00e9dulos esperando ver seguidamente a un conejo con una chistera saltando en la confortable estancia de colores chillones. Nos recordaba al cuento de Alicia en el pa\u00eds de las maravillas. Ese pensamiento nos pas\u00f3 por la cabeza y lo comentamos tomando una gran jarra de cerveza.<\/p>\n<p>Acab\u00e1bamos de sobrevivir a las terribles condiciones \u00e1rticas, y al ataque de osos hambrientos, para en un periquete estar en la seguridad de un edificio calefactado de la famosa ciudad abandonada del Alto \u00c1rtico, atendidos por amigables rusos, en un decorado bien cuidado, de la antigua uni\u00f3n sovi\u00e9tica, y con una gran jarra de fr\u00eda cerveza rusa en las manos.<\/p>\n<hr \/>\n<p><strong>PARA VER M\u00c1S DE MIS AVENTURAS HAZ CLIC EN ESTOS ENLACES<\/strong><\/p>\n<p><strong><a href=\"https:\/\/www.facebook.com\/JoseTrejo404\/\" rel=\"external nofollow\">Facebook<\/a><\/strong><\/p>\n<p><strong><i>Para ver m\u00e1s fotos de mis viajes, puedes seguirme en este link<\/i><\/strong><\/p>\n<p><strong><a href=\"https:\/\/www.instagram.com\/josetrejo404\/?hl=es\" rel=\"external nofollow\">Instagram<\/a>\u00a0<\/strong><\/p>\n<p><a href=\"https:\/\/www.google.es\/search?q=%23UnExtreme%C3%B1oEnEl%C3%81rtico&amp;tbm=isch&amp;tbo=u&amp;source=univ&amp;sa=X&amp;ved=0ahUKEwjk4__i8fzYAhUBWxQKHd2fCmUQsAQILQ&amp;biw=1366&amp;bih=637\" rel=\"external nofollow\">#UnExtreme\u00f1oEnEl\u00c1rtico<\/a>\u00a0<a href=\"https:\/\/www.instagram.com\/explore\/tags\/proyectobaikal2019\/?hl=es\" rel=\"external nofollow\">#SPITZBERG8022<\/a>\u00a0<a href=\"https:\/\/www.instagram.com\/explore\/tags\/aventurascentrowagen\/?hl=es\" rel=\"external nofollow\">#aventurascentrowagen<\/a><\/p>\n","protected":false},"excerpt":{"rendered":"<p>D\u00eda de sol y muy nuboso por la tarde, la temperatura m\u00ednima fue de -11\u00baC.\u00a0Brisa muy d\u00e9bil\u00a0de 6 \u2013 11 km\/h de Suroeste con\u00a0sensaci\u00f3n t\u00e9rmica\u00a0de -16\u00ba C. Si quer\u00e9is situaros durante nuestro recorrido en un mapa interactivo de Svalbard hacer clic\u00a0aqu\u00ed Unas de las situaciones m\u00e1s extra\u00f1as que vivimos durante la traves\u00eda en Svalbard, fue [&hellip;]<\/p>\n","protected":false},"author":142,"featured_media":3015,"comment_status":"open","ping_status":"closed","sticky":false,"template":"","format":"standard","meta":[],"categories":[1],"tags":[1008,966,1009,898,886,1007],"_links":{"self":[{"href":"https:\/\/blogs.hoy.es\/un-extremeno-en-el-artico\/wp-json\/wp\/v2\/posts\/3013"}],"collection":[{"href":"https:\/\/blogs.hoy.es\/un-extremeno-en-el-artico\/wp-json\/wp\/v2\/posts"}],"about":[{"href":"https:\/\/blogs.hoy.es\/un-extremeno-en-el-artico\/wp-json\/wp\/v2\/types\/post"}],"author":[{"embeddable":true,"href":"https:\/\/blogs.hoy.es\/un-extremeno-en-el-artico\/wp-json\/wp\/v2\/users\/142"}],"replies":[{"embeddable":true,"href":"https:\/\/blogs.hoy.es\/un-extremeno-en-el-artico\/wp-json\/wp\/v2\/comments?post=3013"}],"version-history":[{"count":18,"href":"https:\/\/blogs.hoy.es\/un-extremeno-en-el-artico\/wp-json\/wp\/v2\/posts\/3013\/revisions"}],"predecessor-version":[{"id":3035,"href":"https:\/\/blogs.hoy.es\/un-extremeno-en-el-artico\/wp-json\/wp\/v2\/posts\/3013\/revisions\/3035"}],"wp:featuredmedia":[{"embeddable":true,"href":"https:\/\/blogs.hoy.es\/un-extremeno-en-el-artico\/wp-json\/wp\/v2\/media\/3015"}],"wp:attachment":[{"href":"https:\/\/blogs.hoy.es\/un-extremeno-en-el-artico\/wp-json\/wp\/v2\/media?parent=3013"}],"wp:term":[{"taxonomy":"category","embeddable":true,"href":"https:\/\/blogs.hoy.es\/un-extremeno-en-el-artico\/wp-json\/wp\/v2\/categories?post=3013"},{"taxonomy":"post_tag","embeddable":true,"href":"https:\/\/blogs.hoy.es\/un-extremeno-en-el-artico\/wp-json\/wp\/v2\/tags?post=3013"}],"curies":[{"name":"wp","href":"https:\/\/api.w.org\/{rel}","templated":true}]}}