{"id":3036,"date":"2022-06-19T18:49:26","date_gmt":"2022-06-19T16:49:26","guid":{"rendered":"https:\/\/blogs.hoy.es\/un-extremeno-en-el-artico\/?p=3036"},"modified":"2022-06-20T09:51:42","modified_gmt":"2022-06-20T07:51:42","slug":"dia-9-pyramiden-la-ciudad-perdida-del-artico-parte-iii-travesia-polar-spitzberg8022","status":"publish","type":"post","link":"https:\/\/blogs.hoy.es\/un-extremeno-en-el-artico\/2022\/06\/19\/dia-9-pyramiden-la-ciudad-perdida-del-artico-parte-iii-travesia-polar-spitzberg8022\/","title":{"rendered":"D\u00eda 9, Pyramiden. La ciudad perdida del \u00c1rtico, parte III. Traves\u00eda polar #SPITZBERG8022"},"content":{"rendered":"<p>D\u00eda de sol y muy nuboso por la tarde, la temperatura m\u00ednima fue de -11\u00baC.\u00a0<a href=\"https:\/\/nauticaformacion.es\/escalas-de-beaufort-douglas-la-fuerza-del-viento-el-oleaje\/\" rel=\"external nofollow\">Brisa muy d\u00e9bil<\/a>\u00a0de 6 \u2013 11 km\/h de Suroeste con\u00a0<a href=\"https:\/\/www.weather.gov\/safety\/winter-spanish-windchill\" rel=\"external nofollow\">sensaci\u00f3n t\u00e9rmica<\/a>\u00a0de -16\u00ba C.<\/p>\n<p><strong>Si quer\u00e9is situaros durante nuestro recorrido en un mapa interactivo de Svalbard hacer clic\u00a0<a href=\"https:\/\/toposvalbard.npolar.no\/\" rel=\"external nofollow\">aqu\u00ed<\/a><\/strong><\/p>\n<p>Desde que supe de la existencia de este archipi\u00e9lago en el Alto \u00c1rtico, y m\u00e1s a\u00fan, de la historia de la ciudad fantasma de Pyramiden, siempre tuve en la cabeza tratar de visitarla como fuera. El inter\u00e9s que me provocaba el misterio que la rodea me atrap\u00f3, y m\u00e1s por su lejan\u00eda del mundo conocido, es casi inaxcesible. En invierno solo se puede llegar en moto de nieve o esquiando, lo que la hace a\u00fan m\u00e1s interesante para emprender una aventura.<\/p>\n<div id=\"attachment_3058\" style=\"width: 657px\" class=\"wp-caption alignnone\"><a href=\"https:\/\/static-blogs.hoy.es\/wp-content\/uploads\/sites\/119\/2022\/06\/Map_of_Pyramiden_Svalbard.jpg\"><img aria-describedby=\"caption-attachment-3058\" loading=\"lazy\" class=\" wp-image-3058\" src=\"https:\/\/static-blogs.hoy.es\/wp-content\/uploads\/sites\/119\/2022\/06\/Map_of_Pyramiden_Svalbard-300x146.jpg\" alt=\"\" width=\"647\" height=\"315\" srcset=\"https:\/\/static-blogs.hoy.es\/wp-content\/uploads\/sites\/119\/2022\/06\/Map_of_Pyramiden_Svalbard-300x146.jpg 300w, https:\/\/static-blogs.hoy.es\/wp-content\/uploads\/sites\/119\/2022\/06\/Map_of_Pyramiden_Svalbard-768x374.jpg 768w, https:\/\/static-blogs.hoy.es\/wp-content\/uploads\/sites\/119\/2022\/06\/Map_of_Pyramiden_Svalbard-1024x498.jpg 1024w\" sizes=\"(max-width: 647px) 100vw, 647px\" \/><\/a><p id=\"caption-attachment-3058\" class=\"wp-caption-text\"><em>Mapa de Pyramiden.<\/em><\/p><\/div>\n<p>En este viaje hacia el Norte la filosof\u00eda era en modo de autosuficiencia, eso significaba que no depender\u00edamos de ninguna ayuda exterior, por ello cargar\u00edamos con todo el equipo necesario durante el tiempo que durara la traves\u00eda. Pero al llegar a la ciudad fantasma, nos topamos con otra realidad, Pyramiden no estaba tan abandonado, hab\u00eda comenzado a florecer de nuevo pero para el turismo de masas.<\/p>\n<p>El hotel Pyramiden fue uno de los ejemplos de ese floreciente turismo. El aparcamiento de enfrente estaba repleto de motos de nieve y de log\u00edstica para viajes. Los pocos habitantes que hab\u00eda en aquella ciudad perdida trabajaban por y para el turismo. Al preguntares, respond\u00edan con expectativas de que en un futuro no muy cercano la cuidad volver\u00eda a estar habitada. La filosof\u00eda de la traves\u00eda se vio trucada por unas pocas horas en modo civilizaci\u00f3n al pisar las instalaciones de aquel extravagante hotel.<\/p>\n<p>Dentro de los planes, los tres quer\u00edamos tener la experiencia de pasar un par de noches durmiendo en los edificios abandonados y visitar aquel extra\u00f1o lugar. Al preguntar en la recepci\u00f3n del hotel, amablemente nos dijeron alguno de esos antiguos edificios. Al d\u00eda siguiente, el recepcionista se desdijo, diciendo que se hab\u00eda equivocado al darnos aquella informaci\u00f3n, pero para nosotros ese comentario ol\u00eda a venta de noches de hotel, y no le hicimos caso.<\/p>\n<div id=\"attachment_3048\" style=\"width: 661px\" class=\"wp-caption alignnone\"><a href=\"https:\/\/static-blogs.hoy.es\/wp-content\/uploads\/sites\/119\/2022\/06\/P1110758.jpg\"><img aria-describedby=\"caption-attachment-3048\" loading=\"lazy\" class=\" wp-image-3048\" src=\"https:\/\/static-blogs.hoy.es\/wp-content\/uploads\/sites\/119\/2022\/06\/P1110758-300x225.jpg\" alt=\"\" width=\"651\" height=\"488\" srcset=\"https:\/\/static-blogs.hoy.es\/wp-content\/uploads\/sites\/119\/2022\/06\/P1110758-300x225.jpg 300w, https:\/\/static-blogs.hoy.es\/wp-content\/uploads\/sites\/119\/2022\/06\/P1110758-768x576.jpg 768w, https:\/\/static-blogs.hoy.es\/wp-content\/uploads\/sites\/119\/2022\/06\/P1110758.jpg 1024w\" sizes=\"(max-width: 651px) 100vw, 651px\" \/><\/a><p id=\"caption-attachment-3048\" class=\"wp-caption-text\"><em>Nuestro refugio por dos d\u00edas en el antiguo edificio de las oficinas de la mina. Buscamos una habitaci\u00f3n segura de la segunda planta, para estar m\u00e1s tranquilos por las visitas abituales de los oso polares atrancamos las escaleras con unas estructuras de madera. Foto Jorge G.<\/em><\/p><\/div>\n<p>La ciudad es grande, hay dos tipos de construcciones, los edificios antiguos de la mina en los a\u00f1os 20 cuando pertenecieron a Suecia, y las construcciones rusas, estas \u00faltimas m\u00e1s modernas. El estado de las primeras edificaciones es de bastante abandono, algunas de ellas han colapsado y otras est\u00e1n quemadas. En cambio, los edificios sovi\u00e9ticos est\u00e1n en muy buen estado.<\/p>\n<p>La ciudad permanece custodiada por dos organismos, uno noruego y otro ruso. Pr\u00e1cticamente todo est\u00e1 cerrado con candados, y para acceder al interior de las instalaciones tienes que pagar un tour con un gu\u00eda del lugar. La \u00fanica instalaci\u00f3n que visitamos fue la casa de la cultura. Este edificio es el m\u00e1s grande y predominante de la plaza central, acoge una tienda de suvenirs en la planta superior.<\/p>\n<p>En la planta inferior est\u00e1 la pista deportiva de futbol y baloncesto, est\u00e1 todo en perfecto estado. Tambi\u00e9n este lugar alberg\u00f3 la sala de proyecciones y juegos. Es curioso ver un video juego &#8216;electr\u00f3nico&#8217; de los 80\/90, el t\u00edpico de las salas de recreativos con las inscripciones en ruso. Todav\u00eda permanecen en las paredes los carteles de algunas pel\u00edculas de los ochenta, incluso algunas de origen americano.<\/p>\n<div id=\"attachment_3057\" style=\"width: 662px\" class=\"wp-caption alignnone\"><a href=\"https:\/\/static-blogs.hoy.es\/wp-content\/uploads\/sites\/119\/2022\/06\/DSC01389-1.jpg\"><img aria-describedby=\"caption-attachment-3057\" loading=\"lazy\" class=\" wp-image-3057\" src=\"https:\/\/static-blogs.hoy.es\/wp-content\/uploads\/sites\/119\/2022\/06\/DSC01389-1-300x215.jpg\" alt=\"\" width=\"652\" height=\"467\" srcset=\"https:\/\/static-blogs.hoy.es\/wp-content\/uploads\/sites\/119\/2022\/06\/DSC01389-1-300x215.jpg 300w, https:\/\/static-blogs.hoy.es\/wp-content\/uploads\/sites\/119\/2022\/06\/DSC01389-1-768x549.jpg 768w, https:\/\/static-blogs.hoy.es\/wp-content\/uploads\/sites\/119\/2022\/06\/DSC01389-1.jpg 800w\" sizes=\"(max-width: 652px) 100vw, 652px\" \/><\/a><p id=\"caption-attachment-3057\" class=\"wp-caption-text\"><em>Bloques de pisos con las ventanas ocupadas por nidos de p\u00e1jaros. La naturaleza va recuperando su espacio, o al menos de momento.<\/em><\/p><\/div>\n<div id=\"attachment_3051\" style=\"width: 661px\" class=\"wp-caption alignnone\"><a href=\"https:\/\/static-blogs.hoy.es\/wp-content\/uploads\/sites\/119\/2022\/06\/P1110775.jpg\"><img aria-describedby=\"caption-attachment-3051\" loading=\"lazy\" class=\" wp-image-3051\" src=\"https:\/\/static-blogs.hoy.es\/wp-content\/uploads\/sites\/119\/2022\/06\/P1110775-300x225.jpg\" alt=\"\" width=\"651\" height=\"488\" srcset=\"https:\/\/static-blogs.hoy.es\/wp-content\/uploads\/sites\/119\/2022\/06\/P1110775-300x225.jpg 300w, https:\/\/static-blogs.hoy.es\/wp-content\/uploads\/sites\/119\/2022\/06\/P1110775-768x576.jpg 768w, https:\/\/static-blogs.hoy.es\/wp-content\/uploads\/sites\/119\/2022\/06\/P1110775.jpg 1024w\" sizes=\"(max-width: 651px) 100vw, 651px\" \/><\/a><p id=\"caption-attachment-3051\" class=\"wp-caption-text\"><em>Edificios de viviendas detr\u00e1s de Gontzal, y otro ic\u00f3nico s\u00edmbolo de la ciudad, el monumento del mal dibujado oso polar y los &#8216;incorrectos&#8217; 79\u00ba N, realmente son 78\u00ba40&#8242; N. Se nota el buen estado de conservaci\u00f3n de los edificios al ver un detalle, no hay ventanas rotas. Foto Jorge G.<\/em><\/p><\/div>\n<div id=\"attachment_3061\" style=\"width: 662px\" class=\"wp-caption alignnone\"><a href=\"https:\/\/static-blogs.hoy.es\/wp-content\/uploads\/sites\/119\/2022\/06\/YDXJ0477_Moment.jpg\"><img aria-describedby=\"caption-attachment-3061\" loading=\"lazy\" class=\" wp-image-3061\" src=\"https:\/\/static-blogs.hoy.es\/wp-content\/uploads\/sites\/119\/2022\/06\/YDXJ0477_Moment-300x215.jpg\" alt=\"\" width=\"652\" height=\"467\" srcset=\"https:\/\/static-blogs.hoy.es\/wp-content\/uploads\/sites\/119\/2022\/06\/YDXJ0477_Moment-300x215.jpg 300w, https:\/\/static-blogs.hoy.es\/wp-content\/uploads\/sites\/119\/2022\/06\/YDXJ0477_Moment-768x549.jpg 768w, https:\/\/static-blogs.hoy.es\/wp-content\/uploads\/sites\/119\/2022\/06\/YDXJ0477_Moment.jpg 800w\" sizes=\"(max-width: 652px) 100vw, 652px\" \/><\/a><p id=\"caption-attachment-3061\" class=\"wp-caption-text\"><em>Galer\u00eda de subida hacia la boca de la mina. Se puede observar el hielo que lo cubre todo, &#8216;no me gustar\u00eda haber estado trabajando en invierno en este lugar&#8217;. Este pensamiento lo repetimos los tres. Cuando llegamos a lo alto de la boca de la mina, hac\u00eda tiempo que hab\u00eda dejado de contar los m\u00e1s de mil pelda\u00f1os de madera de la larga y empinada pasarela. Esta dura subida est\u00e1 cubierta por una chapa para protegerse de los terribles vendabales.<\/em><\/p><\/div>\n<hr \/>\n<p><strong>PARA VER M\u00c1S DE MIS AVENTURAS HAZ CLIC EN ESTOS ENLACES<\/strong><\/p>\n<p><strong><a href=\"https:\/\/www.facebook.com\/JoseTrejo404\/\" rel=\"external nofollow\">Facebook<\/a><\/strong><\/p>\n<p><strong><i>Para ver m\u00e1s fotos de mis viajes, puedes seguirme en este link<\/i><\/strong><\/p>\n<p><strong><a href=\"https:\/\/www.instagram.com\/josetrejo404\/?hl=es\" rel=\"external nofollow\">Instagram<\/a>\u00a0<\/strong><\/p>\n<p><a href=\"https:\/\/www.google.es\/search?q=%23UnExtreme%C3%B1oEnEl%C3%81rtico&amp;tbm=isch&amp;tbo=u&amp;source=univ&amp;sa=X&amp;ved=0ahUKEwjk4__i8fzYAhUBWxQKHd2fCmUQsAQILQ&amp;biw=1366&amp;bih=637\" rel=\"external nofollow\">#UnExtreme\u00f1oEnEl\u00c1rtico<\/a>\u00a0<a href=\"https:\/\/www.instagram.com\/explore\/tags\/proyectobaikal2019\/?hl=es\" rel=\"external nofollow\">#SPITZBERG8022<\/a>\u00a0<a href=\"https:\/\/www.instagram.com\/explore\/tags\/aventurascentrowagen\/?hl=es\" rel=\"external nofollow\">#aventurascentrowagen<\/a><\/p>\n","protected":false},"excerpt":{"rendered":"<p>D\u00eda de sol y muy nuboso por la tarde, la temperatura m\u00ednima fue de -11\u00baC.\u00a0Brisa muy d\u00e9bil\u00a0de 6 \u2013 11 km\/h de Suroeste con\u00a0sensaci\u00f3n t\u00e9rmica\u00a0de -16\u00ba C. Si quer\u00e9is situaros durante nuestro recorrido en un mapa interactivo de Svalbard hacer clic\u00a0aqu\u00ed Desde que supe de la existencia de este archipi\u00e9lago en el Alto \u00c1rtico, y [&hellip;]<\/p>\n","protected":false},"author":142,"featured_media":3044,"comment_status":"open","ping_status":"closed","sticky":false,"template":"","format":"standard","meta":[],"categories":[1],"tags":[863,1010,883,966],"_links":{"self":[{"href":"https:\/\/blogs.hoy.es\/un-extremeno-en-el-artico\/wp-json\/wp\/v2\/posts\/3036"}],"collection":[{"href":"https:\/\/blogs.hoy.es\/un-extremeno-en-el-artico\/wp-json\/wp\/v2\/posts"}],"about":[{"href":"https:\/\/blogs.hoy.es\/un-extremeno-en-el-artico\/wp-json\/wp\/v2\/types\/post"}],"author":[{"embeddable":true,"href":"https:\/\/blogs.hoy.es\/un-extremeno-en-el-artico\/wp-json\/wp\/v2\/users\/142"}],"replies":[{"embeddable":true,"href":"https:\/\/blogs.hoy.es\/un-extremeno-en-el-artico\/wp-json\/wp\/v2\/comments?post=3036"}],"version-history":[{"count":26,"href":"https:\/\/blogs.hoy.es\/un-extremeno-en-el-artico\/wp-json\/wp\/v2\/posts\/3036\/revisions"}],"predecessor-version":[{"id":3078,"href":"https:\/\/blogs.hoy.es\/un-extremeno-en-el-artico\/wp-json\/wp\/v2\/posts\/3036\/revisions\/3078"}],"wp:featuredmedia":[{"embeddable":true,"href":"https:\/\/blogs.hoy.es\/un-extremeno-en-el-artico\/wp-json\/wp\/v2\/media\/3044"}],"wp:attachment":[{"href":"https:\/\/blogs.hoy.es\/un-extremeno-en-el-artico\/wp-json\/wp\/v2\/media?parent=3036"}],"wp:term":[{"taxonomy":"category","embeddable":true,"href":"https:\/\/blogs.hoy.es\/un-extremeno-en-el-artico\/wp-json\/wp\/v2\/categories?post=3036"},{"taxonomy":"post_tag","embeddable":true,"href":"https:\/\/blogs.hoy.es\/un-extremeno-en-el-artico\/wp-json\/wp\/v2\/tags?post=3036"}],"curies":[{"name":"wp","href":"https:\/\/api.w.org\/{rel}","templated":true}]}}