{"id":3068,"date":"2022-06-21T12:13:46","date_gmt":"2022-06-21T10:13:46","guid":{"rendered":"https:\/\/blogs.hoy.es\/un-extremeno-en-el-artico\/?p=3068"},"modified":"2022-06-22T21:55:32","modified_gmt":"2022-06-22T19:55:32","slug":"dia-10-campamento-osos-polares-travesia-polar-spitzberg8022","status":"publish","type":"post","link":"https:\/\/blogs.hoy.es\/un-extremeno-en-el-artico\/2022\/06\/21\/dia-10-campamento-osos-polares-travesia-polar-spitzberg8022\/","title":{"rendered":"D\u00eda 10,  Campamento osos polares. Traves\u00eda polar #SPITZBERG8022"},"content":{"rendered":"<p>D\u00eda muy nuboso, la temperatura m\u00ednima fue de -13\u00baC.\u00a0<a href=\"https:\/\/nauticaformacion.es\/escalas-de-beaufort-douglas-la-fuerza-del-viento-el-oleaje\/\" rel=\"external nofollow\">Brisa fresca<\/a>\u00a0de 30 &#8211; 39 km\/h de Noroeste con\u00a0<a href=\"https:\/\/www.weather.gov\/safety\/winter-spanish-windchill\" rel=\"external nofollow\">sensaci\u00f3n t\u00e9rmica<\/a>\u00a0de -32\u00ba C.<\/p>\n<p><strong>Si quer\u00e9is situaros durante nuestro recorrido en un mapa interactivo de Svalbard hacer clic\u00a0<a href=\"https:\/\/toposvalbard.npolar.no\/\" rel=\"external nofollow\">aqu\u00ed<\/a><\/strong><\/p>\n<p>La zona de Pyramiden siempre ha tenido fama de un lugar con mucho peligro debido al oso polar. La densidad de focas en el fiordo es la raz\u00f3n por la que el gran depredador est\u00e9 muy presente. Otro motivo es la propia ciudad, la curiosidad y el hambre del animal, hace que se adentre sin ning\u00fan miedo en los dominios del hombre.<\/p>\n<p>La ma\u00f1ana que nos despedimos de Pyramiden, nos hicieron la \u00faltima advertencia acerca del oso. La noche antes, una hembra y su cachorro se acercaron a la ciudad, hab\u00eda pisadas por todos lados. La hembra desesperada merode\u00f3 por los alrededores del edificio del hotel y el edificio crematorio del horno humeante, distancia demasiado cercana de donde hab\u00edamos pasado las dos \u00faltimas noches.<\/p>\n<p>Al salir del muelle, y dejar atr\u00e1s las estructuras oxidadas de las gr\u00faas de carga, la ciudad comenz\u00f3 a sumirse en una luz blanquecina por los copos de nieve que la cubr\u00edan. El viento soplaba de costado y cortaba al salir del abrigo del muelle. Al rato, volv\u00ed la mirada atr\u00e1s para echar el \u00faltimo vistazo, y vi como la ciudad se desvanec\u00eda en medio de la densa nubosidad.<\/p>\n<hr \/>\n<p>Solo esper\u00e1bamos que en medio del fiordo no tener compa\u00f1\u00eda, \u00e9ramos un blanco perfecto. Regres\u00e1bamos sobre nuestras huellas sabiendo que deb\u00edamos esquiar los m\u00e1s de 10 kil\u00f3metros de distancia para cruzar la banquisa. Y como otros d\u00edas, la visibilidad no nos estaba acompa\u00f1ando, pero este d\u00eda era peor, solo con pensar que el depredador pod\u00eda estar muy cerca pis\u00e1ndonos los talones, y no lo podr\u00edamos ver con suficiente antelaci\u00f3n como para reaccionar.<\/p>\n<p>Andar tirando de la pulka tampoco ayudaba, eso era lo que pensaba constantemente. A cada momento, alguno de nosotros se paraba, y daba un vistazo a los alrededores tratando de mirar entre la ventisca y la falta de contraste a algo que nos siguiera.<\/p>\n<p>Hab\u00eda que protegerse del costado izquierdo, ya que la nieve helada de la ventisca &#8216;perforaba&#8217; la piel. Las gafas de ventisca eran tan necesarias como in\u00fatiles, de una manera nos daban confort y por el otro apenas ve\u00edas.<\/p>\n<p>And\u00e1bamos con tensi\u00f3n arrastrando las pulkas, intent\u00e1bamos igualar el ritmo del grupo para llevar una marcha lo m\u00e1s constante para tratar de salir del hielo marino lo antes posible. Hasta el momento pod\u00edamos ver el enorme frente glaciar de Nordenski\u00f6ldbreen, y por las dudas, d\u00edas antes, hab\u00edamos tomado la posici\u00f3n gps encaso de que el angosto\u00a0paso de subida lo tapara la ventisca.<\/p>\n<div id=\"attachment_3091\" style=\"width: 660px\" class=\"wp-caption alignnone\"><a href=\"https:\/\/static-blogs.hoy.es\/wp-content\/uploads\/sites\/119\/2022\/06\/P1120050.jpg\"><img aria-describedby=\"caption-attachment-3091\" loading=\"lazy\" class=\" wp-image-3091\" src=\"https:\/\/static-blogs.hoy.es\/wp-content\/uploads\/sites\/119\/2022\/06\/P1120050-300x214.jpg\" alt=\"\" width=\"650\" height=\"464\" srcset=\"https:\/\/static-blogs.hoy.es\/wp-content\/uploads\/sites\/119\/2022\/06\/P1120050-300x214.jpg 300w, https:\/\/static-blogs.hoy.es\/wp-content\/uploads\/sites\/119\/2022\/06\/P1120050-768x548.jpg 768w, https:\/\/static-blogs.hoy.es\/wp-content\/uploads\/sites\/119\/2022\/06\/P1120050.jpg 1000w\" sizes=\"(max-width: 650px) 100vw, 650px\" \/><\/a><p id=\"caption-attachment-3091\" class=\"wp-caption-text\"><em>Armados y en constante alerta. Esta es la definici\u00f3n cuando realizas una traves\u00eda en Svalbard o en cualquier lugar del Alto \u00c1rtico. Foto Jorge G.<\/em><\/p><\/div>\n<p>Justo en la mitad del fiordo de Billefjorden hicimos una parada para tomar un t\u00e9 y algo para comer. Mientras Gontzal y yo sac\u00e1bamos el tente en pie de las pulkas, Jorge sacaba sus prism\u00e1ticos. Como todos los d\u00edas, dos de las pulkas se convertir\u00edan en el asiento improvisado y corta vientos para el piscolabis, y como siempre, yo permanec\u00eda de pie, no me gusta parar tanto el ritmo y enfriarme.<\/p>\n<p>Despu\u00e9s del picoteo, Jorge volvi\u00f3 a entretenerse con los prism\u00e1ticos, pero esta vez, en vez de dirigir su mirada al frente glaciar, gir\u00f3 hacia la izquierda donde hab\u00eda peor visi\u00f3n.<\/p>\n<p>-\u00a1<em>Ostras!<\/em> exclam\u00f3 Jorge.<\/p>\n<p>&#8211;<em>Creo que veo algo en el cabo de la izquierda<\/em>. Dijo.<\/p>\n<p>Al rato, otra exclamaci\u00f3n <em>-\u00a1No puede ser, estoy viendo un oso! \u00a1 Mi primer oso polar!<\/em><\/p>\n<p>Gontzal y yo nos miramos y bromeamos con Jorge. <em>-Venga ya, ser\u00e1 una foca gorda. <\/em>Dijimos.<\/p>\n<p>Jorge cambi\u00f3 el tono de voz y apoy\u00e1ndose sobre uno de sus bastones volvi\u00f3 a dirigir los prism\u00e1ticos hacia el mismo lugar.<\/p>\n<p><em>-\u00a1All\u00ed est\u00e1, lo veo, es un oso, y parece grande!<\/em><\/p>\n<p>Esta vez, el animal al pasar por delante de unos oscuros acantilados se ve\u00eda mejor. Este, se paraba y oteaba el horizonte, luego bajaba la cabeza y segu\u00eda su marcha hacia el peque\u00f1o fiordo de Petuniabukta.<\/p>\n<p>Concentrados tratando de encontrarle sin los prism\u00e1ticos, logramos localizarle cerca de un cabo por sus movimientos. Los primeros momentos de tensi\u00f3n se mezclaron con alivio, al fin nos top\u00e1bamos con el rey del \u00e1rtico y le pon\u00edamos cuerpo. La presi\u00f3n psicol\u00f3gica desapareci\u00f3, est\u00e1bamos viendo aquel precioso animal en su medio. Con sonrisa c\u00f3mplice nos miramos, est\u00e1bamos viviendo un hecho ins\u00f3lito en la traves\u00eda, la naturaleza \u00e1rtica en su pura esencia.<\/p>\n<p>Se acababa de quitar aquel miedo ancestral e instintivo de la presa (nosotros) con el depredador (el oso polar). Al fin lo ve\u00edamos a una distancia de seguridad, unos 500 metros, y pod\u00edamos recrearnos intercambiando los prism\u00e1ticos.<\/p>\n<p>Despu\u00e9s de un tiempo mirando al enorme oso, decidimos reanudar la marcha para entrar en calor, pocos minutos faltaron para quedarnos helados. Pero antes de iniciar la marcha, el rifle no ir\u00eda metido en mi mochila, sino colgado en el hombro. Jorge era el responsable de la pistola de bengalas y hizo lo propio, la puso m\u00e1s a mano dejando una bengala de luz preparada en la rec\u00e1mara.<\/p>\n<div id=\"attachment_3085\" style=\"width: 659px\" class=\"wp-caption alignnone\"><a href=\"https:\/\/static-blogs.hoy.es\/wp-content\/uploads\/sites\/119\/2022\/06\/MAPA-OSO.jpg\"><img aria-describedby=\"caption-attachment-3085\" loading=\"lazy\" class=\" wp-image-3085\" src=\"https:\/\/static-blogs.hoy.es\/wp-content\/uploads\/sites\/119\/2022\/06\/MAPA-OSO-300x182.jpg\" alt=\"\" width=\"649\" height=\"394\" srcset=\"https:\/\/static-blogs.hoy.es\/wp-content\/uploads\/sites\/119\/2022\/06\/MAPA-OSO-300x182.jpg 300w, https:\/\/static-blogs.hoy.es\/wp-content\/uploads\/sites\/119\/2022\/06\/MAPA-OSO-768x465.jpg 768w, https:\/\/static-blogs.hoy.es\/wp-content\/uploads\/sites\/119\/2022\/06\/MAPA-OSO-1024x621.jpg 1024w, https:\/\/static-blogs.hoy.es\/wp-content\/uploads\/sites\/119\/2022\/06\/MAPA-OSO.jpg 1028w\" sizes=\"(max-width: 649px) 100vw, 649px\" \/><\/a><p id=\"caption-attachment-3085\" class=\"wp-caption-text\"><em>Momentos de tensi\u00f3n. Nos topamos en &#8216;campo abierto&#8217; con tres osos polares a la vez. <a href=\"https:\/\/toposvalbard.npolar.no\/\" rel=\"external nofollow\">Toposvalbard<\/a><\/em><\/p><\/div>\n<p>De frente, mirando en direcci\u00f3n al glaciar, nuestro objetivo, Jorge vuelve a dar una voz.<em>-\u00a1No puede ser!<\/em><\/p>\n<p>De repente se para, y se vuelve hacia su pulka para tomar los prism\u00e1ticos. Se pone en pie y r\u00e1pidamente apunta fijamente hacia unos t\u00e9manos de hielo que aparecen entre la niebla.<\/p>\n<p><em>-\u00a1Se mueve, es otro oso!<\/em>\u00a0Grit\u00f3.<\/p>\n<p><em>-No, no espera, le sigue algo m\u00e1s peque\u00f1o.<\/em>\u00a0<em>Son dos osos, son una hembra y un cachorro.<\/em> Afirm\u00f3 Jorge.<\/p>\n<div id=\"attachment_3093\" style=\"width: 660px\" class=\"wp-caption alignnone\"><a href=\"https:\/\/static-blogs.hoy.es\/wp-content\/uploads\/sites\/119\/2022\/06\/DSC01446.jpg\"><img aria-describedby=\"caption-attachment-3093\" loading=\"lazy\" class=\" wp-image-3093\" src=\"https:\/\/static-blogs.hoy.es\/wp-content\/uploads\/sites\/119\/2022\/06\/DSC01446-300x214.jpg\" alt=\"\" width=\"650\" height=\"464\" srcset=\"https:\/\/static-blogs.hoy.es\/wp-content\/uploads\/sites\/119\/2022\/06\/DSC01446-300x214.jpg 300w, https:\/\/static-blogs.hoy.es\/wp-content\/uploads\/sites\/119\/2022\/06\/DSC01446-768x549.jpg 768w, https:\/\/static-blogs.hoy.es\/wp-content\/uploads\/sites\/119\/2022\/06\/DSC01446-1024x731.jpg 1024w, https:\/\/static-blogs.hoy.es\/wp-content\/uploads\/sites\/119\/2022\/06\/DSC01446.jpg 1085w\" sizes=\"(max-width: 650px) 100vw, 650px\" \/><\/a><p id=\"caption-attachment-3093\" class=\"wp-caption-text\">Nos sentimos afortunados al ver este majestuoso animal del Alto \u00c1rtico, a pesar del peligro que corremos aqu\u00ed.<\/p><\/div>\n<p>Parados de nuevo esper\u00e1bamos la reacci\u00f3n de la osa y su cachorro que aparec\u00edan cada vez m\u00e1s n\u00edtidos de la niebla. Segu\u00edan las huellas de las motos de nieve que iban a pasar cerca de nuestra posici\u00f3n. Me adelant\u00e9 al convoy y les di el alto a los moteros. El grupo era de unas 10 motos de nieve, el gu\u00eda del convoy, un tipo grande, par\u00f3 en frente de m\u00ed, girando la cabeza, esper\u00f3 a que todo el grupo llegase antes de escucharme.<\/p>\n<p>Les advert\u00ed de un gran oso macho que andaba en el lugar hacia donde se dirig\u00edan, mientras tanto, aquel tipo grande me avisaba de que se acababa de cruzar en medio de la niebla con la hembra a tan solo 100 a metros.<\/p>\n<p>Aquella mediod\u00eda tuvimos mucha suerte, el gran macho hab\u00eda desaparecido hacia el peque\u00f1o fiordo, y la hembra dio la media vuelta para cruzarse delante de nosotros sin m\u00e1s atenci\u00f3n que mirar hacia atr\u00e1s en busca de su peque\u00f1o cachorro.<\/p>\n<p>As\u00ed, sin actuar, tan solo parados en campo abierto, esperamos que los osos desaparecieran de la enorme planicie helada, seguimos la marcha, pero sin dejar de mirar con atenci\u00f3n el camino que segu\u00eda la osa y su cachorro.<\/p>\n<p>&nbsp;<\/p>\n<p>El miedo por la sugesti\u00f3n del &#8220;hombre del saco&#8221; el oso polar, se hab\u00eda atenuando al ver los animales. Pero es cierto tambi\u00e9n, que si un ejemplar de estos nos hubiera seguido, no hubi\u00e9ramos tenido m\u00e1s remedio que pedir rescate, o buscar cualquier modo de transporte que nos sacara para poner kil\u00f3metros de distancia. Ser\u00eda dif\u00edcil descansar o incluso permanecer dentro de la tienda de campa\u00f1a sin estar comi\u00e9ndonos la cabeza a pesar de montar la alarma perimetral.<\/p>\n<div id=\"attachment_3097\" style=\"width: 660px\" class=\"wp-caption alignnone\"><a href=\"https:\/\/static-blogs.hoy.es\/wp-content\/uploads\/sites\/119\/2022\/06\/P1120065.jpg\"><img aria-describedby=\"caption-attachment-3097\" loading=\"lazy\" class=\" wp-image-3097\" src=\"https:\/\/static-blogs.hoy.es\/wp-content\/uploads\/sites\/119\/2022\/06\/P1120065-300x214.jpg\" alt=\"\" width=\"650\" height=\"464\" srcset=\"https:\/\/static-blogs.hoy.es\/wp-content\/uploads\/sites\/119\/2022\/06\/P1120065-300x214.jpg 300w, https:\/\/static-blogs.hoy.es\/wp-content\/uploads\/sites\/119\/2022\/06\/P1120065-768x548.jpg 768w, https:\/\/static-blogs.hoy.es\/wp-content\/uploads\/sites\/119\/2022\/06\/P1120065.jpg 1000w\" sizes=\"(max-width: 650px) 100vw, 650px\" \/><\/a><p id=\"caption-attachment-3097\" class=\"wp-caption-text\"><em>Volvemos a subir el empinado frente glaciar. Habr\u00e1 que alejarse del fiordo todo lo que puedan las fuerzas y buscar un lugar para acampar. Foto Jorge G.<\/em><\/p><\/div>\n<div id=\"attachment_3100\" style=\"width: 659px\" class=\"wp-caption alignnone\"><a href=\"https:\/\/static-blogs.hoy.es\/wp-content\/uploads\/sites\/119\/2022\/06\/P1120082.jpg\"><img aria-describedby=\"caption-attachment-3100\" loading=\"lazy\" class=\" wp-image-3100\" src=\"https:\/\/static-blogs.hoy.es\/wp-content\/uploads\/sites\/119\/2022\/06\/P1120082-300x214.jpg\" alt=\"\" width=\"649\" height=\"463\" srcset=\"https:\/\/static-blogs.hoy.es\/wp-content\/uploads\/sites\/119\/2022\/06\/P1120082-300x214.jpg 300w, https:\/\/static-blogs.hoy.es\/wp-content\/uploads\/sites\/119\/2022\/06\/P1120082-768x548.jpg 768w, https:\/\/static-blogs.hoy.es\/wp-content\/uploads\/sites\/119\/2022\/06\/P1120082.jpg 878w\" sizes=\"(max-width: 649px) 100vw, 649px\" \/><\/a><p id=\"caption-attachment-3100\" class=\"wp-caption-text\"><em>Amanecer soleado. Debido al cansancio del d\u00eda anterior por los momentos de tensi\u00f3n con los osos y la fuerte subida, acampamos demasiado cerca del fiordo.<\/em><\/p><\/div>\n<hr \/>\n<p><strong>PARA VER M\u00c1S DE MIS AVENTURAS HAZ CLIC EN ESTOS ENLACES<\/strong><\/p>\n<p><strong><a href=\"https:\/\/www.facebook.com\/JoseTrejo404\/\" rel=\"external nofollow\">Facebook<\/a><\/strong><\/p>\n<p><strong><i>Para ver m\u00e1s fotos de mis viajes, puedes seguirme en este link<\/i><\/strong><\/p>\n<p><strong><a href=\"https:\/\/www.instagram.com\/josetrejo404\/?hl=es\" rel=\"external nofollow\">Instagram<\/a>\u00a0<\/strong><\/p>\n<p><a href=\"https:\/\/www.google.es\/search?q=%23UnExtreme%C3%B1oEnEl%C3%81rtico&amp;tbm=isch&amp;tbo=u&amp;source=univ&amp;sa=X&amp;ved=0ahUKEwjk4__i8fzYAhUBWxQKHd2fCmUQsAQILQ&amp;biw=1366&amp;bih=637\" rel=\"external nofollow\">#UnExtreme\u00f1oEnEl\u00c1rtico<\/a>\u00a0<a href=\"https:\/\/www.instagram.com\/explore\/tags\/proyectobaikal2019\/?hl=es\" rel=\"external nofollow\">#SPITZBERG8022<\/a>\u00a0<a href=\"https:\/\/www.instagram.com\/explore\/tags\/aventurascentrowagen\/?hl=es\" rel=\"external nofollow\">#aventurascentrowagen<\/a><\/p>\n","protected":false},"excerpt":{"rendered":"<p>D\u00eda muy nuboso, la temperatura m\u00ednima fue de -13\u00baC.\u00a0Brisa fresca\u00a0de 30 &#8211; 39 km\/h de Noroeste con\u00a0sensaci\u00f3n t\u00e9rmica\u00a0de -32\u00ba C. Si quer\u00e9is situaros durante nuestro recorrido en un mapa interactivo de Svalbard hacer clic\u00a0aqu\u00ed La zona de Pyramiden siempre ha tenido fama de un lugar con mucho peligro debido al oso polar. La densidad de [&hellip;]<\/p>\n","protected":false},"author":142,"featured_media":3081,"comment_status":"open","ping_status":"closed","sticky":false,"template":"","format":"standard","meta":[],"categories":[1],"tags":[863,14,998,1013,1012,82,1011,176,1004,707,966,886,1014],"_links":{"self":[{"href":"https:\/\/blogs.hoy.es\/un-extremeno-en-el-artico\/wp-json\/wp\/v2\/posts\/3068"}],"collection":[{"href":"https:\/\/blogs.hoy.es\/un-extremeno-en-el-artico\/wp-json\/wp\/v2\/posts"}],"about":[{"href":"https:\/\/blogs.hoy.es\/un-extremeno-en-el-artico\/wp-json\/wp\/v2\/types\/post"}],"author":[{"embeddable":true,"href":"https:\/\/blogs.hoy.es\/un-extremeno-en-el-artico\/wp-json\/wp\/v2\/users\/142"}],"replies":[{"embeddable":true,"href":"https:\/\/blogs.hoy.es\/un-extremeno-en-el-artico\/wp-json\/wp\/v2\/comments?post=3068"}],"version-history":[{"count":21,"href":"https:\/\/blogs.hoy.es\/un-extremeno-en-el-artico\/wp-json\/wp\/v2\/posts\/3068\/revisions"}],"predecessor-version":[{"id":3112,"href":"https:\/\/blogs.hoy.es\/un-extremeno-en-el-artico\/wp-json\/wp\/v2\/posts\/3068\/revisions\/3112"}],"wp:featuredmedia":[{"embeddable":true,"href":"https:\/\/blogs.hoy.es\/un-extremeno-en-el-artico\/wp-json\/wp\/v2\/media\/3081"}],"wp:attachment":[{"href":"https:\/\/blogs.hoy.es\/un-extremeno-en-el-artico\/wp-json\/wp\/v2\/media?parent=3068"}],"wp:term":[{"taxonomy":"category","embeddable":true,"href":"https:\/\/blogs.hoy.es\/un-extremeno-en-el-artico\/wp-json\/wp\/v2\/categories?post=3068"},{"taxonomy":"post_tag","embeddable":true,"href":"https:\/\/blogs.hoy.es\/un-extremeno-en-el-artico\/wp-json\/wp\/v2\/tags?post=3068"}],"curies":[{"name":"wp","href":"https:\/\/api.w.org\/{rel}","templated":true}]}}