{"id":3111,"date":"2022-06-23T12:14:55","date_gmt":"2022-06-23T10:14:55","guid":{"rendered":"https:\/\/blogs.hoy.es\/un-extremeno-en-el-artico\/?p=3111"},"modified":"2022-06-23T16:05:41","modified_gmt":"2022-06-23T14:05:41","slug":"dia-11-campamento-collado-tormentoso-travesia-polar-spitzberg8022","status":"publish","type":"post","link":"https:\/\/blogs.hoy.es\/un-extremeno-en-el-artico\/2022\/06\/23\/dia-11-campamento-collado-tormentoso-travesia-polar-spitzberg8022\/","title":{"rendered":"D\u00eda 11, Campamento collado tormentoso. Traves\u00eda polar #SPITZBERG8022"},"content":{"rendered":"<p>D\u00eda muy nuboso, la temperatura m\u00ednima fue de -24\u00baC.\u00a0<a href=\"https:\/\/nauticaformacion.es\/escalas-de-beaufort-douglas-la-fuerza-del-viento-el-oleaje\/\" rel=\"external nofollow\">Brisa fresca<\/a>\u00a0de 40 \u2013 50 km\/h de Noroeste con\u00a0<a href=\"https:\/\/www.weather.gov\/safety\/winter-spanish-windchill\" rel=\"external nofollow\">sensaci\u00f3n t\u00e9rmica<\/a>\u00a0de <span style=\"color: #000080;\"><strong>-53\u00ba C<\/strong>.<\/span><\/p>\n<p><strong>Si quer\u00e9is situaros durante nuestro recorrido en un mapa interactivo de Svalbard hacer clic\u00a0<a href=\"https:\/\/toposvalbard.npolar.no\/\" rel=\"external nofollow\">aqu\u00ed<\/a><\/strong><\/p>\n<p>Para llegar a Sabine Land, el campo de hielo m\u00e1s grande de Spitzbergen, hay que subir por cualquiera de los glaciares que vierten a los fiordos.<\/p>\n<p>Despu\u00e9s de estudiar los mapas y ver las im\u00e1genes sat\u00e9lite, optamos por remontar e ir al campo de hielo de Sabine con el prop\u00f3sito de hacer una traves\u00eda circular. El reto era complejo, principalmente por las escasas opciones que tendr\u00edamos en los cruces de los fiordos que deb\u00edamos atravesar a pie por encima del hielo marino.<\/p>\n<p>D\u00edas antes de nuestra llegada a Svalbard, monitoriz\u00e1bamos la evoluci\u00f3n de la banquisa o hielo marino, viendo c\u00f3mo crec\u00eda y menguaba la superficie helada. Otra parte de estos diagramas informaba del espesor del hielo, dato fundamental de seguridad para la traves\u00eda.<\/p>\n<p>Hab\u00eda incertidumbre s\u00ed, mucha, debido a la ambigua informaci\u00f3n de los partes de hielo, su actualizaci\u00f3n y repentinos cambios, transformaba el panorama constantemente. Tampoco ayudaba los consejos sobre la ruta de algunos colegas. Ellos dec\u00edan de dejar los cruces de los fiordos helados para el final de la ruta, otros incluso nos advirtieron que nos se nos ocurriera pisar el hielo marino por lo altamente complejo que suele ser en abril, la \u00e9poca que elegimos.<\/p>\n<p>Por \u00faltimo, el tan nombrado calentamiento global. Y por si esto fuera poco, la corriente c\u00e1lida del Golfo afectaba directamente al fiordo de Billefjorden, fiordo principal. Con estos ingredientes, nos \u00edbamos a enfrentar a un verdadero reto durante la traves\u00eda.<\/p>\n<p>Caer en el hielo no era una opci\u00f3n, por supuesto.<\/p>\n<p><strong>Llega el verdadero fr\u00edo<\/strong><\/p>\n<p>Nubes negras se ciernen frente a nosotros en la direcci\u00f3n que debemos seguir para alcanzar al campo de hielo de Sabine Land.<\/p>\n<div id=\"attachment_3118\" style=\"width: 673px\" class=\"wp-caption alignnone\"><a href=\"https:\/\/static-blogs.hoy.es\/wp-content\/uploads\/sites\/119\/2022\/06\/P1120120.jpg\"><img aria-describedby=\"caption-attachment-3118\" loading=\"lazy\" class=\" wp-image-3118\" src=\"https:\/\/static-blogs.hoy.es\/wp-content\/uploads\/sites\/119\/2022\/06\/P1120120-300x200.jpg\" alt=\"\" width=\"663\" height=\"442\" srcset=\"https:\/\/static-blogs.hoy.es\/wp-content\/uploads\/sites\/119\/2022\/06\/P1120120-300x200.jpg 300w, https:\/\/static-blogs.hoy.es\/wp-content\/uploads\/sites\/119\/2022\/06\/P1120120-768x512.jpg 768w, https:\/\/static-blogs.hoy.es\/wp-content\/uploads\/sites\/119\/2022\/06\/P1120120.jpg 1000w\" sizes=\"(max-width: 663px) 100vw, 663px\" \/><\/a><p id=\"caption-attachment-3118\" class=\"wp-caption-text\"><a href=\"https:\/\/www.instagram.com\/p\/Ceio26gNHtR\/?utm_source=ig_web_copy_link\" rel=\"external nofollow\"><em>El clima del #Alto\u00c1rtico produc\u00eda situaciones extremas. Del radiante y c\u00e1lido Sol, a la ventisca de hielo m\u00e1s profunda. Pas\u00e1bamos de los normales -10\u00baC y ligera brisa, a los terribles -24\u00baC con vendavales de hielo.<\/em><\/a><br \/><em>La opci\u00f3n era avanzar y avanzar. Hacia delante, siempre hacia delante.<\/em><br \/><em>Foto de Jorge G.<\/em><\/p><\/div>\n<p>De la ma\u00f1ana soleada, pasamos al mediod\u00eda de ventisca de copos de hielo lanzados desde los acantilados de las monta\u00f1as que nos flanqueaban. Por la tarde tuvimos que cambiar las finas manoplas cubre vientos a las gruesas, el viento g\u00e9lido congelaba la respiraci\u00f3n y toda la transpiraci\u00f3n que emanaba del cuerpo quedaba helada.<\/p>\n<p>En el cuello y cara se hab\u00eda formado una gruesa costra de hielo, llegu\u00e9 a tener unos mocos helados de 7 cent\u00edmetros, que por mucho que despegara, al poco rato se volv\u00edan a formar. Mi gorro de color azul cambi\u00f3 al color blanco por el sudor de mi cabeza.<\/p>\n<p>El extenuante trabajo de arrastrar la pulka sobre aquella rampa de nieve blanda nos hac\u00eda jadear, y de vez en cuando, obligaba a parar para tomar m\u00e1s aire, cada vez la largu\u00edsima cuesta se iba haciendo m\u00e1s pesada y empinada.<\/p>\n<p>Progresar con las focas puestas en los esqu\u00eds ayudaba, pero en llano nos frenaba, y hac\u00eda el avance\u00a0\u00a0m\u00e1s pesado y lento. Fatigados, deb\u00edamos hacer cortas paradas para hidratarnos tomando algo caliente que nos reconfortara y diese energ\u00eda. No pod\u00edamos parar mucho tiempo o el cuerpo entrar\u00eda en un peligroso entumecimiento.<\/p>\n<p>&nbsp;<\/p>\n<p><a href=\"https:\/\/static-blogs.hoy.es\/wp-content\/uploads\/sites\/119\/2022\/06\/YDXJ0539_b.jpg\"><img loading=\"lazy\" class=\" wp-image-3120\" src=\"https:\/\/static-blogs.hoy.es\/wp-content\/uploads\/sites\/119\/2022\/06\/YDXJ0539_b-300x210.jpg\" alt=\"\" width=\"661\" height=\"463\" srcset=\"https:\/\/static-blogs.hoy.es\/wp-content\/uploads\/sites\/119\/2022\/06\/YDXJ0539_b-300x210.jpg 300w, https:\/\/static-blogs.hoy.es\/wp-content\/uploads\/sites\/119\/2022\/06\/YDXJ0539_b-768x538.jpg 768w, https:\/\/static-blogs.hoy.es\/wp-content\/uploads\/sites\/119\/2022\/06\/YDXJ0539_b-1024x718.jpg 1024w, https:\/\/static-blogs.hoy.es\/wp-content\/uploads\/sites\/119\/2022\/06\/YDXJ0539_b.jpg 1538w\" sizes=\"(max-width: 661px) 100vw, 661px\" \/><\/a><\/p>\n<div class=\"_a9zr\">\n<div class=\"_ab8w _ab94 _ab99 _ab9f _ab9m _ab9p _abbh\"><span class=\"_aap6 _aap7 _aap8\" style=\"font-size: 10pt;\"><a class=\"oajrlxb2 g5ia77u1 qu0x051f esr5mh6w e9989ue4 r7d6kgcz rq0escxv nhd2j8a9 nc684nl6 p7hjln8o kvgmc6g5 cxmmr5t8 oygrvhab hcukyx3x jb3vyjys rz4wbd8a qt6c0cv9 a8nywdso i1ao9s8h esuyzwwr f1sip0of lzcic4wl _acan _acao _acat _acaw _a6hd\" tabindex=\"0\" role=\"link\" href=\"https:\/\/www.instagram.com\/josetrejo404\/\" rel=\"external nofollow\">Instagram josetrejo404<\/a><\/span><\/div>\n<div class=\"_a9zs\"><span class=\"_aacl _aaco _aacu _aacx _aad7 _aade\" style=\"font-size: 10pt;\"><em>Ventisca de polvo de hielo en un d\u00eda de Sol y nubes.<\/em><br \/>\n<em>Esta nieve en polvo tan seca hac\u00eda el mismo efecto que la arena de playa, te golpeaba la cara y al esquiar era inconsistente y floja.<\/em><br \/>\n<em>Progresar sin esqu\u00eds ser\u00eda un imposible.<\/em><\/span><\/div>\n<\/div>\n<p>Al parar hab\u00eda que tirar del abrigo m\u00e1s grueso, sin sentarse ni quitarnos los guantes, intercambi\u00e1bamos la taza de t\u00e9. Hab\u00eda que morder la barrita de cereal con cuidado, sino ser\u00eda f\u00e1cil acabar con alg\u00fan diente roto, parec\u00edan turr\u00f3n del duro. Las paradas eran cada vez m\u00e1s cortas, hasta que alcanzamos la rampa del collado, la inclinaci\u00f3n no nos dar\u00eda tregua alguna hasta llegar a la cota m\u00e1xima.<\/p>\n<p>Y como ya era habitual, en los pasos de monta\u00f1a, la niebla estaba presente, lo que infring\u00eda m\u00e1s presi\u00f3n psicol\u00f3gica paso tras paso sin sentir que la inclinaci\u00f3n no acababa de remitir. Subir como en un manto blanco sin ver el final se hizo largu\u00edsimo aquel d\u00eda tormentoso.<\/p>\n<p>Jorge tiraba y tiraba, y al fin notamos que la empinada cuesta se suavizaba. En una de las paradas nos juntamos, para decidir en qu\u00e9 momento buscar un lugar lo suficientemente protegido del terror\u00edfico viento del Noroeste del cercano Polo Norte.<\/p>\n<p>El viento ahullaba y no nos o\u00edamos apenas. Tratamos de ver alg\u00fan lugar al abrigo, pero no lo encontramos. Deb\u00edamos parar donde fuera porque nos est\u00e1bamos helando por la terror\u00edfica sensaci\u00f3n t\u00e9rmica del vendaval.<\/p>\n<p>Parados sobre la inclinada rampa de bajada, no ve\u00edamos m\u00e1s all\u00e1 de unas decenas de metros, as\u00ed que, decidimos montar la tienda. R\u00e1pidamente hab\u00eda que ponerse m\u00e1s ropa encima y comenzar la ardua tarea de asentar y cavar una fosa para la gran tienda. Moverse constantemente fue la manera de generar calor en el cuerpo, y de vez en cuando met\u00edamos las manos debajo del abrigo para calentarlas.<\/p>\n<p>Fue duro instalar nuestro refugio, y una vez montado, hubo que hacer un peque\u00f1o muro para cortar m\u00e1s el viento.<\/p>\n<p>Mientras mis compa\u00f1eros iban colocando las cosas dentro de la tienda, a m\u00ed me tocaba otra tarea, la valla perimetral. Pensaba que all\u00ed arriba no ser\u00eda necesario montarla, de hecho, trat\u00e9 de convencer a mis amigos de que no ser\u00eda necesaria aquella noche. Pero los dos me miraron raro, estaban convencidos de que esa pregunta se responder\u00eda solo con aquella mirada.<\/p>\n<p>Con las manos insensibles entr\u00e9 en la tienda despu\u00e9s de sufrir el montaje de la valla. Fue el d\u00eda m\u00e1s dif\u00edcil y doloroso para montarla (manos desnudas a -24\u00baC). Me llev\u00f3 bastante tiempo recuperar las manos meti\u00e9ndolas en el grueso abrigo, adem\u00e1s de quedarme encogido y de cuclillas apretando los dientes, para aguantar el dolor que provocaba la recuperaci\u00f3n del calor en las manos.<\/p>\n<p>Ya llegado a casa, y debido a aquellos montajes de la valla sin poder usar guantes, cambi\u00e9 sobre todo de la piel de la mano derecha.<\/p>\n<div id=\"attachment_3122\" style=\"width: 660px\" class=\"wp-caption alignnone\"><a href=\"https:\/\/static-blogs.hoy.es\/wp-content\/uploads\/sites\/119\/2022\/06\/DSC01470.jpg\"><img aria-describedby=\"caption-attachment-3122\" loading=\"lazy\" class=\" wp-image-3122\" src=\"https:\/\/static-blogs.hoy.es\/wp-content\/uploads\/sites\/119\/2022\/06\/DSC01470-300x214.jpg\" alt=\"\" width=\"650\" height=\"464\" srcset=\"https:\/\/static-blogs.hoy.es\/wp-content\/uploads\/sites\/119\/2022\/06\/DSC01470-300x214.jpg 300w, https:\/\/static-blogs.hoy.es\/wp-content\/uploads\/sites\/119\/2022\/06\/DSC01470-768x548.jpg 768w, https:\/\/static-blogs.hoy.es\/wp-content\/uploads\/sites\/119\/2022\/06\/DSC01470.jpg 1000w\" sizes=\"(max-width: 650px) 100vw, 650px\" \/><\/a><p id=\"caption-attachment-3122\" class=\"wp-caption-text\"><em>Cansados, luchamos en la nieve blanda para montar la tienda. Estamos en una desenfilada y nos vemos obligados a hacer un muro de nieve como cortavientos. La sensaci\u00f3n t\u00e9rmica es brutal, muy por debajo de los -40\u00baC.<\/em><\/p><\/div>\n<hr \/>\n<p><strong>PARA VER M\u00c1S DE MIS AVENTURAS HAZ CLIC EN ESTOS ENLACES<\/strong><\/p>\n<p><strong><a href=\"https:\/\/www.facebook.com\/JoseTrejo404\/\" rel=\"external nofollow\">Facebook<\/a><\/strong><\/p>\n<p><strong><i>Para ver m\u00e1s fotos de mis viajes, puedes seguirme en este link<\/i><\/strong><\/p>\n<p><strong><a href=\"https:\/\/www.instagram.com\/josetrejo404\/?hl=es\" rel=\"external nofollow\">Instagram<\/a>\u00a0<\/strong><\/p>\n<p><a href=\"https:\/\/www.google.es\/search?q=%23UnExtreme%C3%B1oEnEl%C3%81rtico&amp;tbm=isch&amp;tbo=u&amp;source=univ&amp;sa=X&amp;ved=0ahUKEwjk4__i8fzYAhUBWxQKHd2fCmUQsAQILQ&amp;biw=1366&amp;bih=637\" rel=\"external nofollow\">#UnExtreme\u00f1oEnEl\u00c1rtico<\/a>\u00a0<a href=\"https:\/\/www.instagram.com\/explore\/tags\/proyectobaikal2019\/?hl=es\" rel=\"external nofollow\">#SPITZBERG8022<\/a>\u00a0<a href=\"https:\/\/www.instagram.com\/explore\/tags\/aventurascentrowagen\/?hl=es\" rel=\"external nofollow\">#aventurascentrowagen<\/a><\/p>\n","protected":false},"excerpt":{"rendered":"<p>D\u00eda muy nuboso, la temperatura m\u00ednima fue de -24\u00baC.\u00a0Brisa fresca\u00a0de 40 \u2013 50 km\/h de Noroeste con\u00a0sensaci\u00f3n t\u00e9rmica\u00a0de -53\u00ba C. Si quer\u00e9is situaros durante nuestro recorrido en un mapa interactivo de Svalbard hacer clic\u00a0aqu\u00ed Para llegar a Sabine Land, el campo de hielo m\u00e1s grande de Spitzbergen, hay que subir por cualquiera de los glaciares [&hellip;]<\/p>\n","protected":false},"author":142,"featured_media":3116,"comment_status":"open","ping_status":"closed","sticky":false,"template":"","format":"standard","meta":[],"categories":[1],"tags":[998,1017,83,1015,508,1016,969,886],"_links":{"self":[{"href":"https:\/\/blogs.hoy.es\/un-extremeno-en-el-artico\/wp-json\/wp\/v2\/posts\/3111"}],"collection":[{"href":"https:\/\/blogs.hoy.es\/un-extremeno-en-el-artico\/wp-json\/wp\/v2\/posts"}],"about":[{"href":"https:\/\/blogs.hoy.es\/un-extremeno-en-el-artico\/wp-json\/wp\/v2\/types\/post"}],"author":[{"embeddable":true,"href":"https:\/\/blogs.hoy.es\/un-extremeno-en-el-artico\/wp-json\/wp\/v2\/users\/142"}],"replies":[{"embeddable":true,"href":"https:\/\/blogs.hoy.es\/un-extremeno-en-el-artico\/wp-json\/wp\/v2\/comments?post=3111"}],"version-history":[{"count":17,"href":"https:\/\/blogs.hoy.es\/un-extremeno-en-el-artico\/wp-json\/wp\/v2\/posts\/3111\/revisions"}],"predecessor-version":[{"id":3133,"href":"https:\/\/blogs.hoy.es\/un-extremeno-en-el-artico\/wp-json\/wp\/v2\/posts\/3111\/revisions\/3133"}],"wp:featuredmedia":[{"embeddable":true,"href":"https:\/\/blogs.hoy.es\/un-extremeno-en-el-artico\/wp-json\/wp\/v2\/media\/3116"}],"wp:attachment":[{"href":"https:\/\/blogs.hoy.es\/un-extremeno-en-el-artico\/wp-json\/wp\/v2\/media?parent=3111"}],"wp:term":[{"taxonomy":"category","embeddable":true,"href":"https:\/\/blogs.hoy.es\/un-extremeno-en-el-artico\/wp-json\/wp\/v2\/categories?post=3111"},{"taxonomy":"post_tag","embeddable":true,"href":"https:\/\/blogs.hoy.es\/un-extremeno-en-el-artico\/wp-json\/wp\/v2\/tags?post=3111"}],"curies":[{"name":"wp","href":"https:\/\/api.w.org\/{rel}","templated":true}]}}