{"id":3135,"date":"2022-06-26T10:51:55","date_gmt":"2022-06-26T08:51:55","guid":{"rendered":"https:\/\/blogs.hoy.es\/un-extremeno-en-el-artico\/?p=3135"},"modified":"2022-06-26T21:40:55","modified_gmt":"2022-06-26T19:40:55","slug":"dia-12-campamento-sol-de-media-noche-travesia-polar-spitzberg8022","status":"publish","type":"post","link":"https:\/\/blogs.hoy.es\/un-extremeno-en-el-artico\/2022\/06\/26\/dia-12-campamento-sol-de-media-noche-travesia-polar-spitzberg8022\/","title":{"rendered":"D\u00eda 12, Campamento Sol de media noche. Traves\u00eda polar #SPITZBERG8022"},"content":{"rendered":"<p>D\u00eda soleado, la temperatura m\u00ednima fue de <strong><span style=\"color: #000080;\">-28\u00baC<\/span><\/strong>.\u00a0<a href=\"https:\/\/nauticaformacion.es\/escalas-de-beaufort-douglas-la-fuerza-del-viento-el-oleaje\/\" rel=\"external nofollow\">Brisa moderada<\/a>\u00a0de 20 \u2013 29 km\/h de Noroeste con\u00a0<a href=\"https:\/\/www.weather.gov\/safety\/winter-spanish-windchill\" rel=\"external nofollow\">sensaci\u00f3n t\u00e9rmica<\/a>\u00a0de\u00a0<span style=\"color: #000080;\"><strong>-47\u00baC<\/strong><\/span>.<\/p>\n<p><strong>Si quer\u00e9is situaros durante nuestro recorrido en un mapa interactivo de Svalbard hacer clic\u00a0<a href=\"https:\/\/toposvalbard.npolar.no\/\" rel=\"external nofollow\">aqu\u00ed<\/a><\/strong><\/p>\n<p>\u00a1Qu\u00e9 paliz\u00f3n nos pegamos subiendo al dichoso collado para luego acabar acampados en un lugar\u00a0tan expuesto en medio de un vendaval!<\/p>\n<p>De todas formas no hubi\u00e9ramos conseguido mejor protecci\u00f3n contra el viento. A la ma\u00f1ana siguiente, nos dimos cuenta. La ventisca mezclada con la niebla hab\u00eda desaparecido y nos mostraba la gigantesca plataforma del campo de hielo de Sabine Land.<\/p>\n<p>&nbsp;<\/p>\n<p>Despertar dentro del saco de dormir se percib\u00eda a trav\u00e9s de la nariz el helador panorama dentro de la tienda. El tenue aire condensado de nuestra respiraci\u00f3n permanec\u00eda helado en la capa interior del habit\u00e1culo. Al movernos ca\u00edan escamas heladas de esa condensaci\u00f3n derriti\u00e9ndose encima de nosotros.<\/p>\n<p>Para no empapar los sacos de dormir, hubo que levantarse con sumo cuidado e ir retirando con la bayeta el hielo generado la &#8216;noche&#8217; antes. El agua &#8216;l\u00edquida&#8217; que hab\u00eda dejado en una botella estaba hecha un bloque. Todo permanec\u00eda brillante por los cristales de hielo. Al mirar el term\u00f3metro, nos dimos cuenta de porque todo estaba as\u00ed, el term\u00f3metro indicaba -11\u00baC de temperatura dentro de la tienda.<\/p>\n<p>Desde dentro se percib\u00eda una constante brisa y el intenso brillo del sol de fuera. Estas indicaciones hac\u00edan presagiar que tendr\u00edamos un periodo anticicl\u00f3nico, lo cual hac\u00eda que las temperaturas cayeran empicado, y junto a la altura a la que est\u00e1bamos, nos encontr\u00e1bamos inmersos en un congelador.<\/p>\n<p>Al salir para hacer el primer piss, tiramos del grueso abrigo junto a los <a href=\"https:\/\/www.bing.com\/images\/search?view=detailV2&amp;ccid=kr8PsAaR&amp;id=9DBD05D276F0C948A672AEEE76F89F3EAEBB96AD&amp;thid=OIP.kr8PsAaRXLKjMm_FJCg1uwHaHa&amp;mediaurl=https%3a%2f%2fhttp2.mlstatic.com%2fgorro-ruso-ushanka-aviador-esquimal-tactico-polar-D_NQ_NP_590011-MLM20466119229_102015-F.jpg&amp;cdnurl=https%3a%2f%2fth.bing.com%2fth%2fid%2fR.92bf0fb006915cb2a3326fc5242835bb%3frik%3drZa7rj6f%252bHburg%26pid%3dImgRaw%26r%3d0&amp;exph=800&amp;expw=800&amp;q=gorros+de+aviador+ruso&amp;simid=608021246106296820&amp;FORM=IRPRST&amp;ck=AF010A0386306C60A1F837DECE128D0B&amp;selectedIndex=0&amp;idpp=overlayview&amp;ajaxhist=0&amp;ajaxserp=0\" rel=\"external nofollow\">gorros de &#8216;aviador ruso<\/a>&#8216;. Sub\u00eda r\u00e1pidamente la cremallera y echaba un vistazo a los alrededores, acto seguido, nos pon\u00edamos las botas, y con cuidado de no tocar las paredes de la tienda para con impregnarnos de hielo condesado, nos incorpor\u00e1bamos para de nuevo echar otra visual y asegurarse de no tener compa\u00f1\u00eda o rastros de pisadas de alg\u00fan oso.<\/p>\n<div id=\"attachment_3139\" style=\"width: 671px\" class=\"wp-caption alignnone\"><a href=\"https:\/\/static-blogs.hoy.es\/wp-content\/uploads\/sites\/119\/2022\/06\/P1120132.jpg\"><img aria-describedby=\"caption-attachment-3139\" loading=\"lazy\" class=\" wp-image-3139\" src=\"https:\/\/static-blogs.hoy.es\/wp-content\/uploads\/sites\/119\/2022\/06\/P1120132-300x203.jpg\" alt=\"\" width=\"661\" height=\"447\" srcset=\"https:\/\/static-blogs.hoy.es\/wp-content\/uploads\/sites\/119\/2022\/06\/P1120132-300x203.jpg 300w, https:\/\/static-blogs.hoy.es\/wp-content\/uploads\/sites\/119\/2022\/06\/P1120132-768x521.jpg 768w, https:\/\/static-blogs.hoy.es\/wp-content\/uploads\/sites\/119\/2022\/06\/P1120132.jpg 1000w\" sizes=\"(max-width: 661px) 100vw, 661px\" \/><\/a><p id=\"caption-attachment-3139\" class=\"wp-caption-text\"><em>As\u00ed amanecimos, enterrados en nieve. Hubo que excavar\u00a0para recuperar las pulkas porque hab\u00edan desaparecido. Foto Jorge G.<\/em><\/p><\/div>\n<p>Como siempre, deb\u00edamos permanecer dentro del per\u00edmetro de la valla para hacer nuestras necesidades y no tratar de saltarla para no activarla. Pero al revisar la valla, vi que el hilo de sedal permanec\u00eda completamente helado y tocando el suelo, hab\u00eda &#8216;engordado&#8217; por la nieve del d\u00eda anterior. El peso de la nieve sobre el hilo de sedal lo hizo m\u00e1s pesado, y con el fuerte viento, el fino sedal m\u00e1s parecido a una cuerda, ofrec\u00eda m\u00e1s resistencia al viento, lo que solt\u00f3 uno de los activadores de la alarma. Extra\u00f1ado, me acerqu\u00e9 al lanzador de la bengala que se solt\u00f3, y observ\u00e9 que la bengala no se hab\u00eda disparado.<\/p>\n<p>No sab\u00eda por qu\u00e9 raz\u00f3n la bengala no hab\u00eda saltado, la desmont\u00e9 y comprob\u00e9 que el disparador hab\u00eda percutido, pero no lo suficiente. Tuve una sensaci\u00f3n de alivio al ver que seguramente la noche del vendaval no habr\u00eda asegurado bien la carga explosiva. Un tiempo despu\u00e9s descubr\u00ed que la rosca de los dispositivos se helaba por la humedad y aparentaban que quedaban bien roscados los lanzadores.<\/p>\n<p><strong>El fr\u00edo extremo causa estragos en los equipos.<\/strong><\/p>\n<p>Aquella ma\u00f1ana nos dimos cuenta de que el efecto de las baj\u00edsimas temperaturas provocar\u00eda en los materiales reacciones diferentes a lo que no est\u00e1bamos acostumbrados. Lo primero que se rompi\u00f3 fue el peque\u00f1o <a href=\"https:\/\/www.bing.com\/images\/search?q=tr%c3%adpode+gorila&amp;form=HDRSC2&amp;first=1&amp;tsc=ImageHoverTitle\" rel=\"external nofollow\">tr\u00edpode gorila<\/a> que us\u00e9 para grabar. Luego, varias bridas de nylon tambi\u00e9n se hab\u00edan roto en una de las pulkas. El material pl\u00e1stico expuesto a estas bajas temperaturas lo hac\u00eda muy quebradizo y sin apenas forzarlo, se romp\u00eda, incluso la ropa y el material de la mochila podr\u00eda romperse si pasaba de h\u00famedo a helado.<\/p>\n<p>Nos dimos cuenta tambi\u00e9n, que al tratar de usar los mecheros de gas que iban encima de nosotros, no encend\u00edan \u00a1ninguno! Menos mal que d\u00edas antes una pareja de noruegos nos dio una caja de f\u00f3sforos al comprobar que ninguno de los mecheros encend\u00eda bien.<\/p>\n<p>Acampados aquel d\u00eda tan g\u00e9lido, Gontzal preparaba <a href=\"https:\/\/www.bing.com\/images\/search?view=detailV2&amp;ccid=XtxTvzlt&amp;id=D077CC026D036343DA450CB140FC5C873691376A&amp;thid=OIP.XtxTvzlt7zAzYrBHZE4yxQHaHa&amp;mediaurl=https%3a%2f%2ftatoo.ws%2fcache%2fz%2farticle%2f930%2f60325.jpg&amp;cdnurl=https%3a%2f%2fth.bing.com%2fth%2fid%2fR.5edc53bf396def303362b047644e32c5%3frik%3dajeRNodc%252fECxDA%26pid%3dImgRaw%26r%3d0&amp;exph=2200&amp;expw=2200&amp;q=Los+infernillos+de+combustible+l%c3%adquido+msr&amp;simid=608000660324775352&amp;FORM=IRPRST&amp;ck=1AD6A4C9F2D6BAA13D8B0B011D9B3BE6&amp;selectedIndex=6&amp;ajaxhist=0&amp;ajaxserp=0\" rel=\"external nofollow\">el infernillo<\/a> como casi todas las tardes, despu\u00e9s de gastar varias cerillas, el infernillo no combustionaba bien y generaba gases t\u00f3xicos del combustible. Tuvimos que abrir de par en par la tienda a pesar del terror\u00edfico fr\u00edo de fuera para ventilar el peque\u00f1o refugio. Nos lloraban los ojos y fue angustioso respirar entre la tos y la falta de aire limpio.<\/p>\n<p>Al ver que no hab\u00eda manera que quemara bien, usamos otro infernillo de los tres que llev\u00e1bamos. Este otro calentador daba el mismo problema. La combusti\u00f3n deficiente nos volvi\u00f3 a intoxicar.<\/p>\n<p>Arropados entre los gruesos abrigos y con los gorros puestos, seguimos tratando de limpiar y encender cualquiera de los dichosos hornillos que al fin, despu\u00e9s de mucho enredar, conseguimos que funcionara uno. Todo se deb\u00eda otra vez al intenso fr\u00edo.<\/p>\n<p>Este tipo de hornillo lleva un serpent\u00edn para precalentar y transformar el combustible de l\u00edquido a gaseoso. Como el combustible estaba tan sumamente fr\u00edo no consegu\u00eda el efecto gaseoso y ard\u00eda muy mal.<\/p>\n<p>&nbsp;<\/p>\n<p style=\"text-align: center;\"><strong>NOTA T\u00c9CNICA<\/strong><\/p>\n<p><span style=\"font-size: 10pt;\"><a href=\"https:\/\/www.bing.com\/images\/search?view=detailV2&amp;ccid=XtxTvzlt&amp;id=D077CC026D036343DA450CB140FC5C873691376A&amp;thid=OIP.XtxTvzlt7zAzYrBHZE4yxQHaHa&amp;mediaurl=https%3a%2f%2ftatoo.ws%2fcache%2fz%2farticle%2f930%2f60325.jpg&amp;cdnurl=https%3a%2f%2fth.bing.com%2fth%2fid%2fR.5edc53bf396def303362b047644e32c5%3frik%3dajeRNodc%252fECxDA%26pid%3dImgRaw%26r%3d0&amp;exph=2200&amp;expw=2200&amp;q=Los+infernillos+de+combustible+l%c3%adquido+msr&amp;simid=608000660324775352&amp;FORM=IRPRST&amp;ck=1AD6A4C9F2D6BAA13D8B0B011D9B3BE6&amp;selectedIndex=6&amp;ajaxhist=0&amp;ajaxserp=0\" rel=\"external nofollow\">Los infernillos de combustible l\u00edquido<\/a> con el paso de tiempo, se van ensuciando por el holl\u00edn, y hay que hacerles una peque\u00f1a limpieza. Corres el peligro que algo no se pueda desmontar al quedar pegado o se quede mal montado. Por mi experiencia, en este tipo de calentadores de combustible l\u00edquido, aunque dan mucho m\u00e1s poder energ\u00e9tico que cualquier infernillo de bombona de gas\/propano, son muy sensibles a las aver\u00edas y obstrucciones. Ocupan menor espacio y solamente lleva una botella que se va rellenado de gasolina blanca, en cambio, los de bombona, sigues llevando los recipientes vac\u00edos hasta el final del viaje.<\/span><\/p>\n<div id=\"attachment_3143\" style=\"width: 669px\" class=\"wp-caption alignnone\"><a href=\"https:\/\/static-blogs.hoy.es\/wp-content\/uploads\/sites\/119\/2022\/06\/P1120177.jpg\"><img aria-describedby=\"caption-attachment-3143\" loading=\"lazy\" class=\" wp-image-3143\" src=\"https:\/\/static-blogs.hoy.es\/wp-content\/uploads\/sites\/119\/2022\/06\/P1120177-300x200.jpg\" alt=\"\" width=\"659\" height=\"439\" srcset=\"https:\/\/static-blogs.hoy.es\/wp-content\/uploads\/sites\/119\/2022\/06\/P1120177-300x200.jpg 300w, https:\/\/static-blogs.hoy.es\/wp-content\/uploads\/sites\/119\/2022\/06\/P1120177-768x512.jpg 768w, https:\/\/static-blogs.hoy.es\/wp-content\/uploads\/sites\/119\/2022\/06\/P1120177.jpg 1000w\" sizes=\"(max-width: 659px) 100vw, 659px\" \/><\/a><p id=\"caption-attachment-3143\" class=\"wp-caption-text\"><em>Debemos hacer un gran giro en forma de &#8216;C&#8217; para salir de las rampas que bajan de los glaciares. En el gran altiplano apenas hay referencias, tenemos muy en cuenta el mapa, o sin darnos cuenta volver\u00edamos a bajar por otro glaciar. Una vez localizado el punto &#8216;7&#8217;\u00a0 marcado, calamos la br\u00fajula a 160\u00ba, rumbo directo al centro de Sabine Land. El d\u00eda despejado ayuda, pero como hay anticicl\u00f3n, junto a la brisa procedente del Polo Norte, las temperaturas son baj\u00edsimas. Foto Jorge G.<\/em><\/p><\/div>\n<p>En aquellos d\u00edas de temperaturas extremas, experimentamos muchos efectos del fr\u00edo. En varios alimentos tambi\u00e9n tuvimos problemas; las rebanadas de pan negro y el queso en tranchetes se tuvieron que despegar con cuidado cerca del calor del infernillo. La mantequilla hubo que partirla a golpe de navaja, y la mermelada qued\u00f3 inservible d\u00edas hasta que subi\u00f3 el term\u00f3metro.<\/p>\n<p>El rendimiento de los aparatos electr\u00f3nicos era muy bajo, las bater\u00edas dejaban de funcionar a los pocos segundos de sacarlos al exterior. Llegu\u00e9 a llevar encima protegidas del ambiente &#8216;fresco&#8217;; tres bater\u00edas del tel\u00e9fono sat\u00e9lite, tres de la c\u00e1mara de acci\u00f3n, cuatro de la c\u00e1mara de fotos y una <a href=\"https:\/\/www.bing.com\/images\/search?q=powerbank+20000mah&amp;form=HDRSC2&amp;first=1&amp;tsc=ImageHoverTitle\" rel=\"external nofollow\">powerbank<\/a>. Todos los d\u00edas acababan in\u00fatiles y hab\u00eda que volver a cargarlas.<\/p>\n<p>Otra consecuencia del fr\u00edo extremo era la fat\u00eddica condensaci\u00f3n sobre los equipos. Las c\u00e1maras y dem\u00e1s aparatos electr\u00f3nicos se ten\u00edan que guardar en bolsas estancas y dejarlos en ellas a que se &#8216;atemperaran&#8217; en la c\u00e1lida tienda. Si por el contrario, los entrabamos del exterior, r\u00e1pidamente les crec\u00eda una fina capa de hielo en todo el cuerpo y en las\u00a0 conexiones comprometiendo su funcionamiento.<\/p>\n<div id=\"attachment_3150\" style=\"width: 669px\" class=\"wp-caption alignnone\"><a href=\"https:\/\/static-blogs.hoy.es\/wp-content\/uploads\/sites\/119\/2022\/06\/DSC01491.jpg\"><img aria-describedby=\"caption-attachment-3150\" loading=\"lazy\" class=\" wp-image-3150\" src=\"https:\/\/static-blogs.hoy.es\/wp-content\/uploads\/sites\/119\/2022\/06\/DSC01491-300x214.jpg\" alt=\"\" width=\"659\" height=\"470\" srcset=\"https:\/\/static-blogs.hoy.es\/wp-content\/uploads\/sites\/119\/2022\/06\/DSC01491-300x214.jpg 300w, https:\/\/static-blogs.hoy.es\/wp-content\/uploads\/sites\/119\/2022\/06\/DSC01491-768x548.jpg 768w, https:\/\/static-blogs.hoy.es\/wp-content\/uploads\/sites\/119\/2022\/06\/DSC01491.jpg 1000w\" sizes=\"(max-width: 659px) 100vw, 659px\" \/><\/a><p id=\"caption-attachment-3150\" class=\"wp-caption-text\"><em>Sol de media noche a -30\u00baC. Pisar la nieve seca y helada es como andar sobre corcho blanco que rechina.<\/em><\/p><\/div>\n<hr \/>\n<p><strong>PARA VER M\u00c1S DE MIS AVENTURAS HAZ CLIC EN ESTOS ENLACES<\/strong><\/p>\n<p><strong><a href=\"https:\/\/www.facebook.com\/JoseTrejo404\/\" rel=\"external nofollow\">Facebook<\/a><\/strong><\/p>\n<p><strong><i>Para ver m\u00e1s fotos de mis viajes, puedes seguirme en este link<\/i><\/strong><\/p>\n<p><strong><a href=\"https:\/\/www.instagram.com\/josetrejo404\/?hl=es\" rel=\"external nofollow\">Instagram<\/a>\u00a0<\/strong><\/p>\n<p><a href=\"https:\/\/www.google.es\/search?q=%23UnExtreme%C3%B1oEnEl%C3%81rtico&amp;tbm=isch&amp;tbo=u&amp;source=univ&amp;sa=X&amp;ved=0ahUKEwjk4__i8fzYAhUBWxQKHd2fCmUQsAQILQ&amp;biw=1366&amp;bih=637\" rel=\"external nofollow\">#UnExtreme\u00f1oEnEl\u00c1rtico<\/a>\u00a0<a href=\"https:\/\/www.instagram.com\/explore\/tags\/proyectobaikal2019\/?hl=es\" rel=\"external nofollow\">#SPITZBERG8022<\/a>\u00a0<a href=\"https:\/\/www.instagram.com\/explore\/tags\/aventurascentrowagen\/?hl=es\" rel=\"external nofollow\">#aventurascentrowagen<\/a><\/p>\n","protected":false},"excerpt":{"rendered":"<p>D\u00eda soleado, la temperatura m\u00ednima fue de -28\u00baC.\u00a0Brisa moderada\u00a0de 20 \u2013 29 km\/h de Noroeste con\u00a0sensaci\u00f3n t\u00e9rmica\u00a0de\u00a0-47\u00baC. Si quer\u00e9is situaros durante nuestro recorrido en un mapa interactivo de Svalbard hacer clic\u00a0aqu\u00ed \u00a1Qu\u00e9 paliz\u00f3n nos pegamos subiendo al dichoso collado para luego acabar acampados en un lugar\u00a0tan expuesto en medio de un vendaval! De todas formas [&hellip;]<\/p>\n","protected":false},"author":142,"featured_media":3138,"comment_status":"open","ping_status":"closed","sticky":false,"template":"","format":"standard","meta":[],"categories":[1],"tags":[1017,1018,94,1022,1021,508,1016,1019,1020,231],"_links":{"self":[{"href":"https:\/\/blogs.hoy.es\/un-extremeno-en-el-artico\/wp-json\/wp\/v2\/posts\/3135"}],"collection":[{"href":"https:\/\/blogs.hoy.es\/un-extremeno-en-el-artico\/wp-json\/wp\/v2\/posts"}],"about":[{"href":"https:\/\/blogs.hoy.es\/un-extremeno-en-el-artico\/wp-json\/wp\/v2\/types\/post"}],"author":[{"embeddable":true,"href":"https:\/\/blogs.hoy.es\/un-extremeno-en-el-artico\/wp-json\/wp\/v2\/users\/142"}],"replies":[{"embeddable":true,"href":"https:\/\/blogs.hoy.es\/un-extremeno-en-el-artico\/wp-json\/wp\/v2\/comments?post=3135"}],"version-history":[{"count":34,"href":"https:\/\/blogs.hoy.es\/un-extremeno-en-el-artico\/wp-json\/wp\/v2\/posts\/3135\/revisions"}],"predecessor-version":[{"id":3173,"href":"https:\/\/blogs.hoy.es\/un-extremeno-en-el-artico\/wp-json\/wp\/v2\/posts\/3135\/revisions\/3173"}],"wp:featuredmedia":[{"embeddable":true,"href":"https:\/\/blogs.hoy.es\/un-extremeno-en-el-artico\/wp-json\/wp\/v2\/media\/3138"}],"wp:attachment":[{"href":"https:\/\/blogs.hoy.es\/un-extremeno-en-el-artico\/wp-json\/wp\/v2\/media?parent=3135"}],"wp:term":[{"taxonomy":"category","embeddable":true,"href":"https:\/\/blogs.hoy.es\/un-extremeno-en-el-artico\/wp-json\/wp\/v2\/categories?post=3135"},{"taxonomy":"post_tag","embeddable":true,"href":"https:\/\/blogs.hoy.es\/un-extremeno-en-el-artico\/wp-json\/wp\/v2\/tags?post=3135"}],"curies":[{"name":"wp","href":"https:\/\/api.w.org\/{rel}","templated":true}]}}