{"id":873,"date":"2018-02-10T00:59:04","date_gmt":"2018-02-09T23:59:04","guid":{"rendered":"http:\/\/blogs.hoy.es\/un-extremeno-en-el-artico\/?p=873"},"modified":"2020-06-18T11:57:01","modified_gmt":"2020-06-18T09:57:01","slug":"como-soportar-el-frio-o-al-menos-aguantarlo-con-una-sonrisa","status":"publish","type":"post","link":"https:\/\/blogs.hoy.es\/un-extremeno-en-el-artico\/2018\/02\/10\/como-soportar-el-frio-o-al-menos-aguantarlo-con-una-sonrisa\/","title":{"rendered":"C\u00f3mo soportar el fr\u00edo o al menos aguantarlo con una sonrisa"},"content":{"rendered":"<hr \/>\n<p>Haci\u00e9ndome eco de esta noticia <a href=\"http:\/\/www.hoy.es\/prov-caceres\/termometros-caen-seis-20180208103827-nt.html\" rel=\"external nofollow\">&#8220;Los term\u00f3metros marcaron seis grados bajo cero en Villafranca y Piornal&#8221;<\/a> os contar\u00e9, seg\u00fan mis experiencias, qu\u00e9 podemos hacer para defendernos de las g\u00e9lidas temperaturas invernales.<\/p>\n<div id=\"attachment_881\" style=\"width: 730px\" class=\"wp-caption alignnone\"><a href=\"https:\/\/static-blogs.hoy.es\/wp-content\/uploads\/sites\/119\/2018\/02\/FB_IMG_1518093384433.jpg\"><img aria-describedby=\"caption-attachment-881\" loading=\"lazy\" class=\"size-full wp-image-881\" src=\"https:\/\/static-blogs.hoy.es\/wp-content\/uploads\/sites\/119\/2018\/02\/FB_IMG_1518093384433.jpg\" alt=\"\u00a1huui qu\u00e9 fr\u00edo!\" width=\"720\" height=\"722\" srcset=\"https:\/\/static-blogs.hoy.es\/wp-content\/uploads\/sites\/119\/2018\/02\/FB_IMG_1518093384433.jpg 720w, https:\/\/static-blogs.hoy.es\/wp-content\/uploads\/sites\/119\/2018\/02\/FB_IMG_1518093384433-150x150.jpg 150w, https:\/\/static-blogs.hoy.es\/wp-content\/uploads\/sites\/119\/2018\/02\/FB_IMG_1518093384433-300x300.jpg 300w\" sizes=\"(max-width: 720px) 100vw, 720px\" \/><\/a><p id=\"caption-attachment-881\" class=\"wp-caption-text\"><em><strong>\u00a1uy qu\u00e9 fr\u00edo!<\/strong><\/em><\/p><\/div>\n<p>Cuando paseo por las\u00a0calles de\u00a0mi cuidad\u00a0sintiendo\u00a0en la\u00a0cara el frescor del invierno,\u00a0algunos que me conocen me preguntan: \u00bfC\u00f3mo llevas tanta ropa encima?\u00bfPues\u00a0no te gustaba el fr\u00edo?\u00a0A ver&#8230;una cosa es que me guste el fr\u00edo y otra muy distinta es ir\u00a0desnudo para disfrutar m\u00e1s de \u00e9l&#8230;\u00bfno?<\/p>\n<div id=\"attachment_221\" style=\"width: 778px\" class=\"wp-caption alignnone\"><a href=\"https:\/\/static-blogs.hoy.es\/wp-content\/uploads\/sites\/119\/2017\/02\/IMG-20170117-WA00242.jpg\"><img aria-describedby=\"caption-attachment-221\" loading=\"lazy\" class=\"size-full wp-image-221\" src=\"https:\/\/static-blogs.hoy.es\/wp-content\/uploads\/sites\/119\/2017\/02\/IMG-20170117-WA00242.jpg\" alt=\"Selfie de los cuatro elementos durante una de las copiosas nevadas que pasam\" width=\"768\" height=\"576\" srcset=\"https:\/\/static-blogs.hoy.es\/wp-content\/uploads\/sites\/119\/2017\/02\/IMG-20170117-WA00242.jpg 768w, https:\/\/static-blogs.hoy.es\/wp-content\/uploads\/sites\/119\/2017\/02\/IMG-20170117-WA00242-300x225.jpg 300w\" sizes=\"(max-width: 768px) 100vw, 768px\" \/><\/a><p id=\"caption-attachment-221\" class=\"wp-caption-text\"><em><strong>Durante una de las copiosas nevadas en el invierno noruego 20 17. Localidad de\u00a0<a href=\"https:\/\/www.yr.no\/place\/Norway\/Troms\/Storfjord\/Skibotn\/\" rel=\"external nofollow\">Eskibotn<\/a>.<\/strong><\/em><\/p><\/div>\n<p><strong>Cuando la mente controla al cuerpo &#8216;somatizaci\u00f3n&#8217;<\/strong><\/p>\n<p>En ocasiones el tiempo se pone un poquito severo, es entonces cuando observo un bombardeo excesivo y repetitivo en los medios de comunicaci\u00f3n\u00a0poniendo imagenes y videos a todas horas de los temporales. Posiblemente para salvaguardar la seguridad de todos y otras creando cierta alarma social. Ah\u00ed es donde muchas personas &#8216;somatizan&#8217; lo que est\u00e1n viendo desde sus c\u00e1lidos hogares. O ser\u00e1 que cada vez estamos menos habituados a las temperaturas extremas tanto en verano como en invierno y s\u00ed m\u00e1s al confort.<\/p>\n<p>Pienso\u00a0entonces,\u00a0c\u00f3mo lo hicieron nuestros abuelos, con much\u00edsimos menos medios para afrontar los rigores que en algunos casos eran mucho peores que en la actualidad, si habl\u00e1ramos de\u00a0aquellos fr\u00edos inviernos&#8230;<\/p>\n<p>Al leer \u00e9picas haza\u00f1as de exploraci\u00f3n en las regiones m\u00e1s extremas del planeta,\u00a0observaba\u00a0los equipos\u00a0que vest\u00edan, sin apenas experiencia en materiales adecuados como los de hoy en d\u00eda. Solamente sent\u00eda una tremenda admiraci\u00f3n. Me pregunto ahora \u00bfNuestros antepasados\u00a0estaban hechos de otra pasta?<\/p>\n<div id=\"attachment_898\" style=\"width: 1001px\" class=\"wp-caption alignnone\"><a href=\"https:\/\/static-blogs.hoy.es\/wp-content\/uploads\/sites\/119\/2018\/02\/img_tamiguet_20180114-171202_imagenes_lv_otras_fuentes_no_archivables_captura-kXvE-U433905594123NaD-992x558@LaVanguardia-Web.jpg\"><img aria-describedby=\"caption-attachment-898\" loading=\"lazy\" class=\"size-full wp-image-898\" src=\"https:\/\/static-blogs.hoy.es\/wp-content\/uploads\/sites\/119\/2018\/02\/img_tamiguet_20180114-171202_imagenes_lv_otras_fuentes_no_archivables_captura-kXvE-U433905594123NaD-992x558@LaVanguardia-Web.jpg\" alt=\"Robert Falcon y sus hombres llegan al Polo Sur. Pero se derrumban al ver la bandera noruega \" width=\"991\" height=\"558\" srcset=\"https:\/\/static-blogs.hoy.es\/wp-content\/uploads\/sites\/119\/2018\/02\/img_tamiguet_20180114-171202_imagenes_lv_otras_fuentes_no_archivables_captura-kXvE-U433905594123NaD-992x558@LaVanguardia-Web.jpg 991w, https:\/\/static-blogs.hoy.es\/wp-content\/uploads\/sites\/119\/2018\/02\/img_tamiguet_20180114-171202_imagenes_lv_otras_fuentes_no_archivables_captura-kXvE-U433905594123NaD-992x558@LaVanguardia-Web-300x169.jpg 300w, https:\/\/static-blogs.hoy.es\/wp-content\/uploads\/sites\/119\/2018\/02\/img_tamiguet_20180114-171202_imagenes_lv_otras_fuentes_no_archivables_captura-kXvE-U433905594123NaD-992x558@LaVanguardia-Web-768x432.jpg 768w\" sizes=\"(max-width: 991px) 100vw, 991px\" \/><\/a><p id=\"caption-attachment-898\" class=\"wp-caption-text\"><em><strong>Robert Falcon Scott y sus hombres llegan al Polo Sur. Pero se derrumban al ver la bandera noruega, sus caras de decepci\u00f3n lo dicen todo. Ninguno de ellos sobrevivir\u00e1 al viaje de regreso.<\/strong><\/em><\/p><\/div>\n<p>Est\u00e1 claro, a nadie le gusta soportar extremos ni de fr\u00edo ni de calor, igual que a m\u00ed.<\/p>\n<div id=\"attachment_885\" style=\"width: 730px\" class=\"wp-caption alignnone\"><a href=\"https:\/\/static-blogs.hoy.es\/wp-content\/uploads\/sites\/119\/2018\/02\/FB_IMG_1513197247330.jpg\"><img aria-describedby=\"caption-attachment-885\" loading=\"lazy\" class=\"size-full wp-image-885\" src=\"https:\/\/static-blogs.hoy.es\/wp-content\/uploads\/sites\/119\/2018\/02\/FB_IMG_1513197247330.jpg\" alt=\"El igloo o refugio de fortuna, usado desde hace m\u00e1s de 4500 a\u00f1os por los primeros pobladores de las regiones \u00e1rticas llamados inuit. En la actualidad se ense\u00f1an a construirlos en cursos de supervivencia en monta\u00f1a y expediciones a los casquetes polares. Foto de internet.\" width=\"720\" height=\"480\" srcset=\"https:\/\/static-blogs.hoy.es\/wp-content\/uploads\/sites\/119\/2018\/02\/FB_IMG_1513197247330.jpg 720w, https:\/\/static-blogs.hoy.es\/wp-content\/uploads\/sites\/119\/2018\/02\/FB_IMG_1513197247330-300x200.jpg 300w\" sizes=\"(max-width: 720px) 100vw, 720px\" \/><\/a><p id=\"caption-attachment-885\" class=\"wp-caption-text\"><em><strong>El <a href=\"https:\/\/es.wikipedia.org\/wiki\/Igl%C3%BA\" rel=\"external nofollow\">igl\u00fa <\/a>o refugio de fortuna, usado desde hace m\u00e1s de 4500 a\u00f1os por los primeros pobladores de las regiones \u00e1rticas llamados inuit. En la actualidad se ense\u00f1a a construirlos en cursos de supervivencia en monta\u00f1a y expediciones a los casquetes polares. Foto de internet.<\/strong><\/em><\/p><\/div>\n<p>Entonces&#8230; \u00bfC\u00f3mo nos agriamos tanto, sobre todo con el fr\u00edo que nos hace aletargarnos dando pereza salir a la calle en esos d\u00edas grises?<\/p>\n<p><strong>&#8220;Antes muerto\/a que sencillo\/a&#8221;<\/strong><\/p>\n<p>\u00bfEs cuesti\u00f3n de ropa? \u00bfo cuesti\u00f3n de voluntad?<\/p>\n<div id=\"attachment_901\" style=\"width: 730px\" class=\"wp-caption alignnone\"><a href=\"https:\/\/static-blogs.hoy.es\/wp-content\/uploads\/sites\/119\/2018\/02\/FB_IMG_1495091026209.jpg\"><img aria-describedby=\"caption-attachment-901\" loading=\"lazy\" class=\"size-full wp-image-901\" src=\"https:\/\/static-blogs.hoy.es\/wp-content\/uploads\/sites\/119\/2018\/02\/FB_IMG_1495091026209.jpg\" alt=\"Localidad portuguesa de Escusa, asando unas casta\u00f1as para entra en calor.\" width=\"720\" height=\"960\" srcset=\"https:\/\/static-blogs.hoy.es\/wp-content\/uploads\/sites\/119\/2018\/02\/FB_IMG_1495091026209.jpg 720w, https:\/\/static-blogs.hoy.es\/wp-content\/uploads\/sites\/119\/2018\/02\/FB_IMG_1495091026209-225x300.jpg 225w\" sizes=\"(max-width: 720px) 100vw, 720px\" \/><\/a><p id=\"caption-attachment-901\" class=\"wp-caption-text\"><em><strong>Localidad portuguesa de <a href=\"https:\/\/www.google.es\/search?source=hp&amp;ei=XIZ9WsiyFIHQkwWL_6-oDw&amp;q=escusa+portugal&amp;oq=escusa+portugal&amp;gs_l=psy-ab.3..0j0i22i30k1.1128.6417.0.6770.15.15.0.0.0.0.154.2097.0j15.15.0....0...1c.1.64.psy-ab..0.15.2094...0i131k1j0i10k1j0i22i10i30k1.0.qEVBZ269LGI\" rel=\"external nofollow\">Escusa<\/a>, asando unas casta\u00f1as para entrar en calor.<\/strong><\/em><\/p><\/div>\n<p><strong>Pues hablemos de ropa primero<\/strong>&#8230;es m\u00e1s f\u00e1cil defenderse del fr\u00edo que del calor \u00a1solo es cuesti\u00f3n de ponerse capas!<\/p>\n<p>Pero, no valen cualquier capa o tejido, un conjunto ajustado de lana o fibra t\u00e9rmica nos favorecer\u00e1\u00a0la transpiraci\u00f3n y nos mantendr\u00e1 calientes, luego un jersey y una chaqueta que nos a\u00edsle del viento.\u00a0Si elegimos mal, la humedad nos robar\u00e1\u00a0temperatura muy r\u00e1pidamente \u00a1ojo!<\/p>\n<p>Otra cosa habitual que solemos hacer\u00a0es seguir vistiendo ropas que mejor nos sientan\u00a0o con las que estamos m\u00e1s &#8220;monos&#8221; a pesar de las bajas temperaturas \u00a1pues entonces a pasar fr\u00edo!<\/p>\n<p>Existen fabricantes de ropa t\u00e9cnica que se han apuntado al carro de la moda llamada ropa sport o casual, una muy buena opci\u00f3n para aquellos que quieran seguir con un estilo &#8220;cool&#8221; sin sacrificar una fr\u00eda tarde\u00a0de paseo.<\/p>\n<p><em><strong>\u00bfO cuesti\u00f3n de voluntad?<\/strong><\/em><\/p>\n<p>La pereza que nos entra en estos d\u00edas, nos hace que nos aletargue salir a la calle, aunque sea muy abrigados. Siempre es un esfuerzo, pero hay m\u00e9todos para superar esta apat\u00eda&#8230;os cito algunas:<\/p>\n<p>Ojo con la calefecci\u00f3n, es m\u00e1s f\u00e1cil irse a lo c\u00f3modo y darle al bot\u00f3n del regulador y sentir ese calorcito vistiendo en casa como si fuera verano \u00a1error! o estar en la c\u00e1lida oficina con el abrigo puesto&#8230;cuando salgamos a la calle no tendremos ninguna defensa para protegernos.<\/p>\n<p>Cuesti\u00f3n de actitud, deja de darle al bot\u00f3n de la calefacci\u00f3n o sal de debajo del brasero, hay que acostumbrase a que es invierno y no emular el verano dentro de nuestros hogares, oficinas o incluso en el coche. La aclimataci\u00f3n al principio es dura, lo s\u00e9, pero ser\u00e1 positiva cuando empiece a refrescar de verdad.<\/p>\n<p>Quiz\u00e1 la prueba m\u00e1s dura ser\u00e1 la de ducharse con agua fr\u00eda&#8230;os aseguro que es medicinal, adem\u00e1s de un ahorro&#8230;ah\u00ed lo dejo.<\/p>\n<p><span style=\"text-decoration: underline;\"><strong>RECOMENDACIONES<\/strong><\/span><\/p>\n<p><em><strong>Prohibido <\/strong><\/em><\/p>\n<p>\u00a1Jop\u00e9, no me sale el fr\u00edo del cuerpo! \u00a1esta ropa no me calienta! expresiones como estas\u00a0estamos acostumbrados a escucharlas en estas fechas.<\/p>\n<p><strong>-Vamos a ver&#8230;con esa trenca no puedes salir a la calle hombre \u00bfo piensas que por el debido hecho de que pese un quintal te va a proteger del frio? \u00a1pues no!<\/strong><\/p>\n<p>Los pantalones de algod\u00f3n tipo vaqueros, son fr\u00edos incluso peligrosos si se mojan, nos robar\u00e1 r\u00e1pidamente el calor del cuerpo, y tardar\u00e1n mucho en secarse.<\/p>\n<p>El calzado con suela\u00a0de cuero transmiten f\u00e1cilmente la baja temperatura del suelo. Calzado de goma, tipo botas, no transpiran enfriando nuestro sudor en el interior.<\/p>\n<p>Su\u00e9ter o ropa de lana solamente, dejar\u00e1 traspasar\u00a0las brisa &#8216;fresca&#8217; a trav\u00e9s del tejido.<\/p>\n<p>Vestir ropa ajustada, nos transmitir\u00e1 el fr\u00edo por contacto.<\/p>\n<p>Ropa de hilo como camisas o s\u00e1banas son fr\u00edas.<\/p>\n<p>Guantes de cuero si no tienen relleno t\u00e9rmico, prohibidos.<\/p>\n<p><em><strong>Consejos<\/strong><\/em><\/p>\n<p>La ropa no calienta, si no al rev\u00e9s, el calor que desprende nuestro cuerpo ser\u00e1 el que nos caliente la ropa y haga que nos reconforte. Al contrario de lo que piensan, las medias o calcetines de seda como primera capa pueden ser un plus.<\/p>\n<p>-Su\u00e9ter de lana si, pero encima una chaqueta.<\/p>\n<p>-Guantes de material con relleno t\u00e9rmico tipo\u00a0<a href=\"http:\/\/www.soloski.net\/index.php\/articulos\/236-que-es-el-polartec\" rel=\"external nofollow\">polartec<\/a>, <a href=\"http:\/\/www.barrabes.com\/the-north-face-power-stretch-glove\/p-36670\" rel=\"external nofollow\">powerstrech<\/a>, <a href=\"http:\/\/www.primaloft.com\/es\/insulation\" rel=\"external nofollow\">primalof<\/a>, mejor que los de lana de toda la vida por lo comentado anteriormente.<\/p>\n<p>-El pantal\u00f3n de pana, bien, nos ayudar\u00e1 a pasar el d\u00eda con m\u00e1s confort.<\/p>\n<p>-Ahora est\u00e1n de moda las chaquetas hiperligeras tipo casual, con relleno de plum\u00f3n o fibra hueca sint\u00e9tica. Muy buena opci\u00f3n para condiciones g\u00e9lidas.<\/p>\n<p>-Calcetines de lana merino son fant\u00e1sticos, al igual que las mallas del mismo tejido.<\/p>\n<p>-Gorro y bufanda, en la actualidad hay una gran variedad de complementos hechos con estos materiales\u00a0\u00a0<a href=\"https:\/\/www.google.es\/search?q=gorro+polartec&amp;tbm=isch&amp;tbo=u&amp;source=univ&amp;sa=X&amp;ved=0ahUKEwix9J3wqZnZAhVGuRQKHXdWAkEQsAQIuQE&amp;biw=1366&amp;bih=637\" rel=\"external nofollow\">polartec,<\/a>\u00a0powerstrech,<a href=\"https:\/\/cervunaltm.com\/gorros-y-bufandas\/860-tapacuellos-hg-edelweis-8435469863487.html\" rel=\"external nofollow\">climatherm<\/a>.<\/p>\n<p>&#8211;<a href=\"https:\/\/www.shopalike.es\/zapatos\/hombre\/invierno\/\" rel=\"external nofollow\">Calzado<\/a> con suela de goma, y relleno de <a href=\"https:\/\/www.google.es\/search?q=calzado+borreguito+hombre&amp;tbm=isch&amp;source=iu&amp;ictx=1&amp;fir=DqCE5-il-kmZqM%253A%252CFst4IQzVKVxKYM%252C_&amp;usg=__KvSCkAlNeS_h757CfM-o4GDssxU%3D&amp;sa=X&amp;ved=0ahUKEwj3yq_n35nZAhWFPxQKHX03BlQQ9QEIKjAA#imgrc=DqCE5-il-kmZqM:\" rel=\"external nofollow\">borreguito<\/a>\u00a0o\u00a0<a href=\"https:\/\/www.google.es\/search?q=guata&amp;oq=guata&amp;aqs=chrome..69i57j0l5.3347j0j7&amp;sourceid=chrome&amp;ie=UTF-8\" rel=\"external nofollow\">guata<\/a>, adem\u00e1s de\u00a0protegernos de las bajas temperaturas evitaremos los resbalones sobre superficies h\u00famedas.<\/p>\n<div id=\"attachment_917\" style=\"width: 730px\" class=\"wp-caption alignnone\"><a href=\"https:\/\/static-blogs.hoy.es\/wp-content\/uploads\/sites\/119\/2018\/02\/27994511_976092952547751_316716532_n.jpg\"><img aria-describedby=\"caption-attachment-917\" loading=\"lazy\" class=\"size-full wp-image-917\" src=\"https:\/\/static-blogs.hoy.es\/wp-content\/uploads\/sites\/119\/2018\/02\/27994511_976092952547751_316716532_n.jpg\" alt=\"Hablando de fibra hueca...la adaptaci\u00f3n de algunos animales al medio nos ha ense\u00f1ado c\u00f3mo ellos se defienden por ejemplo al fr\u00edo extremo del \u00e1rtico. El color blanco del oso polar es en verdad pelo hueco creando ese color ya que en verdad la piel es de color pardo. Foto de nuestro amigo Ajoo este verano en el fiordo de Tunulliarfik Groenlandia.\" width=\"720\" height=\"404\" srcset=\"https:\/\/static-blogs.hoy.es\/wp-content\/uploads\/sites\/119\/2018\/02\/27994511_976092952547751_316716532_n.jpg 720w, https:\/\/static-blogs.hoy.es\/wp-content\/uploads\/sites\/119\/2018\/02\/27994511_976092952547751_316716532_n-300x168.jpg 300w\" sizes=\"(max-width: 720px) 100vw, 720px\" \/><\/a><p id=\"caption-attachment-917\" class=\"wp-caption-text\"><em><strong>Hablando de fibra hueca&#8230;la adaptaci\u00f3n de algunos animales al medio, nos ha ense\u00f1ado c\u00f3mo ellos se defienden del fr\u00edo extremo del \u00e1rtico. El color blanco del oso polar es en verdad pelo hueco, ya que la piel es de color pardo. Foto de nuestro amigo Ayoo este verano, en el fiordo de Tunulliarfik Groenlandia.<\/strong><\/em><\/p><\/div>\n<p>Por \u00faltimo, os dejo un par de recetas que a mi m\u00e1s me funcionan:<\/p>\n<p><strong>Caldo de la abuela<\/strong><\/p>\n<p><span style=\"text-decoration: underline;\">Verduras;<\/span>\u00a0un par de zanahorias, dos puerros, una cebolla, medio pimiento verde. una patata mediana, un tomate mediano.<\/p>\n<p><span style=\"text-decoration: underline;\">Carnes:<\/span> Un pedazo de carne de ternera, un muslo de gallina, un pedazito de tocino fresco, un pedazo de hueso blanco, un pedazo de costilla a\u00f1eja en salmuera.<\/p>\n<p>Se pone agua en una olla express,\u00a0a\u00f1adimos las verduras en trozos grandes, luego todas las carnes y la costilla a\u00f1eja peviamente desalada. Dejar un nivel de un par de dedos antes de que rebose. Una vez que empieze a salir el vapor, la dejaremos a fuego medio 30 minutos.<\/p>\n<p>Tendremos un rico y caliente caldito para templar el cuerpo.<\/p>\n<p><strong><span style=\"text-decoration: underline;\">T\u00e9 de invierno<\/span><\/strong><\/p>\n<p>Cantidad para un termo de 500 ml.<\/p>\n<p>Calentar agua y apartarla antes de ebullici\u00f3n, a\u00f1adir dos saquitos de t\u00e9 verde y un saquito de poleo menta. Anadir cuatro o cinco bayas de cardamomo, cortar cinco lonchas finas de genjibre fresco y por \u00faltimo la cantidad de una cuchara de postre\u00a0con azucar moreno o miel natural de roble.<\/p>\n<p>Nos dar\u00e1 energia y el picor caracteristico del genjibre\u00a0nos har\u00e1 entrar en calor.<\/p>\n<p><em><strong>Para ver m\u00e1s de mis aventuras, pulsa en los links<\/strong><\/em><\/p>\n<p><strong><a href=\"https:\/\/www.facebook.com\/JoseTrejo404\/\" rel=\"external nofollow\">Facebook<\/a><\/strong><\/p>\n<p><em><strong>Para ver m\u00e1s fotos de mis viajes, puedes seguirme en este link<\/strong><\/em><\/p>\n<p><a href=\"https:\/\/www.instagram.com\/josetrejo404\/?hl=es\" rel=\"external nofollow\"><strong>Instagram<\/strong><\/a><\/p>\n<p><a href=\"https:\/\/www.facebook.com\/Centrowagen\/\" rel=\"external nofollow\">@centrowagen<\/a><\/p>\n<p><a href=\"https:\/\/www.google.es\/search?q=%23UnExtreme%C3%B1oEnEl%C3%81rtico&amp;tbm=isch&amp;tbo=u&amp;source=univ&amp;sa=X&amp;ved=0ahUKEwjk4__i8fzYAhUBWxQKHd2fCmUQsAQILQ&amp;biw=1366&amp;bih=637\" rel=\"external nofollow\">#UnExtreme\u00f1oEnEl\u00c1rtico<\/a><\/p>\n<p><a href=\"https:\/\/www.google.es\/search?biw=1366&amp;bih=637&amp;tbm=isch&amp;sa=1&amp;ei=sO1uWpSHLoiiU-SipOAL&amp;q=%23AventurasCentrowagen&amp;oq=%23AventurasCentrowagen&amp;gs_l=psy-ab.3...235907.235907.0.237790.1.1.0.0.0.0.149.149.0j1.1.0....0...1c.1.64.psy-ab..0.0.0....0.a9c2JHvC7j0\" rel=\"external nofollow\">#AventurasCentrowagen<\/a><\/p>\n<p>&nbsp;<\/p>\n","protected":false},"excerpt":{"rendered":"<p>Haci\u00e9ndome eco de esta noticia &#8220;Los term\u00f3metros marcaron seis grados bajo cero en Villafranca y Piornal&#8221; os contar\u00e9, seg\u00fan mis experiencias, qu\u00e9 podemos hacer para defendernos de las g\u00e9lidas temperaturas invernales. Cuando paseo por las\u00a0calles de\u00a0mi cuidad\u00a0sintiendo\u00a0en la\u00a0cara el frescor del invierno,\u00a0algunos que me conocen me preguntan: \u00bfC\u00f3mo llevas tanta ropa encima?\u00bfPues\u00a0no te gustaba el [&hellip;]<\/p>\n","protected":false},"author":142,"featured_media":881,"comment_status":"open","ping_status":"closed","sticky":false,"template":"","format":"standard","meta":[],"categories":[1],"tags":[482,478,479,483,480,472,484,486,485,481],"_links":{"self":[{"href":"https:\/\/blogs.hoy.es\/un-extremeno-en-el-artico\/wp-json\/wp\/v2\/posts\/873"}],"collection":[{"href":"https:\/\/blogs.hoy.es\/un-extremeno-en-el-artico\/wp-json\/wp\/v2\/posts"}],"about":[{"href":"https:\/\/blogs.hoy.es\/un-extremeno-en-el-artico\/wp-json\/wp\/v2\/types\/post"}],"author":[{"embeddable":true,"href":"https:\/\/blogs.hoy.es\/un-extremeno-en-el-artico\/wp-json\/wp\/v2\/users\/142"}],"replies":[{"embeddable":true,"href":"https:\/\/blogs.hoy.es\/un-extremeno-en-el-artico\/wp-json\/wp\/v2\/comments?post=873"}],"version-history":[{"count":37,"href":"https:\/\/blogs.hoy.es\/un-extremeno-en-el-artico\/wp-json\/wp\/v2\/posts\/873\/revisions"}],"predecessor-version":[{"id":2645,"href":"https:\/\/blogs.hoy.es\/un-extremeno-en-el-artico\/wp-json\/wp\/v2\/posts\/873\/revisions\/2645"}],"wp:featuredmedia":[{"embeddable":true,"href":"https:\/\/blogs.hoy.es\/un-extremeno-en-el-artico\/wp-json\/wp\/v2\/media\/881"}],"wp:attachment":[{"href":"https:\/\/blogs.hoy.es\/un-extremeno-en-el-artico\/wp-json\/wp\/v2\/media?parent=873"}],"wp:term":[{"taxonomy":"category","embeddable":true,"href":"https:\/\/blogs.hoy.es\/un-extremeno-en-el-artico\/wp-json\/wp\/v2\/categories?post=873"},{"taxonomy":"post_tag","embeddable":true,"href":"https:\/\/blogs.hoy.es\/un-extremeno-en-el-artico\/wp-json\/wp\/v2\/tags?post=873"}],"curies":[{"name":"wp","href":"https:\/\/api.w.org\/{rel}","templated":true}]}}