{"id":923,"date":"2018-02-28T22:58:35","date_gmt":"2018-02-28T21:58:35","guid":{"rendered":"http:\/\/blogs.hoy.es\/un-extremeno-en-el-artico\/?p=923"},"modified":"2018-03-02T09:05:35","modified_gmt":"2018-03-02T08:05:35","slug":"lo-que-dio-de-si-un-sueno-la-extrema-rovaniemi-66k-segunda-parte","status":"publish","type":"post","link":"https:\/\/blogs.hoy.es\/un-extremeno-en-el-artico\/2018\/02\/28\/lo-que-dio-de-si-un-sueno-la-extrema-rovaniemi-66k-segunda-parte\/","title":{"rendered":"Lo que di\u00f3 de si un sue\u00f1o. La extrema Rovaniemi 66k. Segunda parte"},"content":{"rendered":"<p style=\"text-align: center;\"><em><strong>Cabeza, cabeza \u00a1no pares!<\/strong><\/em>\u00a0 Ismael Masero<\/p>\n<p style=\"text-align: left;\"><em><strong>Las monta\u00f1as no se suben con piernas sino con cabeza.\u00a0<\/strong><\/em>Dicho monta\u00f1ero<\/p>\n<p>&nbsp;<\/p>\n<p><strong>Mi experiencia en la carrera<\/strong><\/p>\n<div id=\"attachment_943\" style=\"width: 681px\" class=\"wp-caption alignnone\"><a href=\"https:\/\/static-blogs.hoy.es\/wp-content\/uploads\/sites\/119\/2018\/02\/mapa-rov.png\"><img aria-describedby=\"caption-attachment-943\" loading=\"lazy\" class=\"size-full wp-image-943\" src=\"https:\/\/static-blogs.hoy.es\/wp-content\/uploads\/sites\/119\/2018\/02\/mapa-rov.png\" alt=\"Track de la prueba de 66 kil\u00f3metros\" width=\"671\" height=\"671\" srcset=\"https:\/\/static-blogs.hoy.es\/wp-content\/uploads\/sites\/119\/2018\/02\/mapa-rov.png 671w, https:\/\/static-blogs.hoy.es\/wp-content\/uploads\/sites\/119\/2018\/02\/mapa-rov-150x150.png 150w, https:\/\/static-blogs.hoy.es\/wp-content\/uploads\/sites\/119\/2018\/02\/mapa-rov-300x300.png 300w\" sizes=\"(max-width: 671px) 100vw, 671px\" \/><\/a><p id=\"caption-attachment-943\" class=\"wp-caption-text\"><em><strong>Track de la prueba de 66 kil\u00f3metros.<\/strong><\/em><\/p><\/div>\n<p><strong><em>\u00a0<\/em><\/strong><\/p>\n<div id=\"attachment_948\" style=\"width: 778px\" class=\"wp-caption alignnone\"><a href=\"https:\/\/static-blogs.hoy.es\/wp-content\/uploads\/sites\/119\/2018\/02\/28340644_983714905118889_1494407258_o.jpg\"><img aria-describedby=\"caption-attachment-948\" loading=\"lazy\" class=\"size-full wp-image-948\" src=\"https:\/\/static-blogs.hoy.es\/wp-content\/uploads\/sites\/119\/2018\/02\/28340644_983714905118889_1494407258_o.jpg\" alt=\"Logo de la carrera en el Control Room\" width=\"768\" height=\"576\" srcset=\"https:\/\/static-blogs.hoy.es\/wp-content\/uploads\/sites\/119\/2018\/02\/28340644_983714905118889_1494407258_o.jpg 768w, https:\/\/static-blogs.hoy.es\/wp-content\/uploads\/sites\/119\/2018\/02\/28340644_983714905118889_1494407258_o-300x225.jpg 300w\" sizes=\"(max-width: 768px) 100vw, 768px\" \/><\/a><p id=\"caption-attachment-948\" class=\"wp-caption-text\"><em><strong>Control Room. Dos fatbikes y un pulkka esperan.<\/strong><\/em><\/p><\/div>\n<p>&nbsp;<\/p>\n<p><span style=\"text-decoration: underline;\">SALIDA<\/span><\/p>\n<div style=\"position: relative; display: block; max-width: 300px;\">\n<div style=\"padding-top: 56.25%;\"><iframe loading=\"lazy\" style=\"left: 0px; top: 0px; width: 100%; height: 100%; right: 0px; bottom: 0px; position: absolute;\" src=\"\/\/players.brightcove.net\/85688295001\/ByeSmbWDK_default\/index.html?videoId=5740709708001\" width=\"300\" height=\"150\" allowfullscreen=\"allowfullscreen\"><\/iframe><\/div>\n<\/div>\n<p>&nbsp;<\/p>\n<p>Vamos hasta la salida acompa\u00f1ados de mis amigos y mi hermano, est\u00e1n quiz\u00e1s m\u00e1s nerviosos al ver en el l\u00edo que me voy a meter, sienten el fr\u00edo al que nos vamos a exponer durante muchas horas. Nos damos un abrazo de despedida, ellos sonr\u00eden, estar\u00e1n &#8216;cerca&#8217; por si necesitara ayuda.<\/p>\n<p>Salida -8\u00ba C,\u00a0algunos comienzan ya corriendo,\u00a0\u00a0yo lo\u00a0hago\u00a0andando unas decenas de metros, a poco, tambi\u00e9n empiezo a trotar, la nieve est\u00e1 algo dura por los lugares que la noche antes circularon <a href=\"https:\/\/www.google.es\/search?q=moto+nieves&amp;safe=strict&amp;source=lnms&amp;tbm=isch&amp;sa=X&amp;ved=0ahUKEwiarpyt7bnZAhUKPBQKHU_RCHAQ_AUICigB&amp;biw=1440&amp;bih=720#imgrc=MIoQ_MvmMG_a_M:\" rel=\"external nofollow\">moto-nieves<\/a>, el grupo se alarga buscado su ritmo. Las <a href=\"https:\/\/www.trekbikes.com\/us\/en_US\/bikes\/mountain-bikes\/fat-bikes\/c\/B509\/\" rel=\"external nofollow\">fatbikes<\/a>\u00a0adelantan a los esquiadores y a los que corremos.<\/p>\n<div id=\"attachment_995\" style=\"width: 1034px\" class=\"wp-caption alignnone\"><a href=\"https:\/\/static-blogs.hoy.es\/wp-content\/uploads\/sites\/119\/2018\/02\/28417963_984758628347850_885533327_o.jpg\"><img aria-describedby=\"caption-attachment-995\" loading=\"lazy\" class=\"size-large wp-image-995\" src=\"https:\/\/static-blogs.hoy.es\/wp-content\/uploads\/sites\/119\/2018\/02\/28417963_984758628347850_885533327_o-1024x446.jpg\" alt=\"en la salida comienza a alargarse el grupo, los pulkkas \" width=\"1024\" height=\"446\" srcset=\"https:\/\/static-blogs.hoy.es\/wp-content\/uploads\/sites\/119\/2018\/02\/28417963_984758628347850_885533327_o-1024x446.jpg 1024w, https:\/\/static-blogs.hoy.es\/wp-content\/uploads\/sites\/119\/2018\/02\/28417963_984758628347850_885533327_o-300x131.jpg 300w, https:\/\/static-blogs.hoy.es\/wp-content\/uploads\/sites\/119\/2018\/02\/28417963_984758628347850_885533327_o-768x335.jpg 768w, https:\/\/static-blogs.hoy.es\/wp-content\/uploads\/sites\/119\/2018\/02\/28417963_984758628347850_885533327_o.jpg 1280w\" sizes=\"(max-width: 1024px) 100vw, 1024px\" \/><\/a><p id=\"caption-attachment-995\" class=\"wp-caption-text\"><em><strong>En la salida el grupo comienza a alargarse, los pesados pulkkas son los \u00faltimos. <\/strong><\/em><a href=\"https:\/\/www.instagram.com\/picado_phototravel\/?hl=en\" rel=\"external nofollow\">Foto @picado_phototravel<\/a><\/p><\/div>\n<p>Est\u00e1 muy nublado y cuesta\u00a0distinguir\u00a0las partes m\u00e1s compactas sobre la nieve, hay que aprender qu\u00e9 es el contraste de la luz sobre el gran manto blanco.<\/p>\n<p>El trote se hace algo pesado por lo blando del terreno, muy parecido a arena de playa.<\/p>\n<p>Trato de ponerme mis gafas polarizadas para intentar ver mejor y \u00a1sorpresa! al contacto con mi cara, el vaho queda helado, haci\u00e9ndolas inservibles en toooda la carrera, bueno, vale, estamos aqu\u00ed para aprender.<\/p>\n<p>Mantengo el ritmo suave y conservador, soy consciente de los 11 kilos que pesa mi mochila. Se une a m\u00ed otro corredor, nos miramos y sonre\u00edmos. Me pregunta qu\u00e9 tal voy, yo le respondo que bien, le\u00a0 hago la misma pregunta, responde lo mismo, \u00e9l es de Holanda.<\/p>\n<div id=\"attachment_949\" style=\"width: 586px\" class=\"wp-caption alignnone\"><a href=\"https:\/\/static-blogs.hoy.es\/wp-content\/uploads\/sites\/119\/2018\/02\/28343328_983728461784200_1996064011_o.jpg\"><img aria-describedby=\"caption-attachment-949\" loading=\"lazy\" class=\"size-full wp-image-949\" src=\"https:\/\/static-blogs.hoy.es\/wp-content\/uploads\/sites\/119\/2018\/02\/28343328_983728461784200_1996064011_o.jpg\" alt=\"Porohovi, primer punto de control y \u00fanico de la carrera de 66 kil\u00f3metros donde hay agua 'l\u00edquida'\u00a0\" width=\"576\" height=\"768\" srcset=\"https:\/\/static-blogs.hoy.es\/wp-content\/uploads\/sites\/119\/2018\/02\/28343328_983728461784200_1996064011_o.jpg 576w, https:\/\/static-blogs.hoy.es\/wp-content\/uploads\/sites\/119\/2018\/02\/28343328_983728461784200_1996064011_o-225x300.jpg 225w\" sizes=\"(max-width: 576px) 100vw, 576px\" \/><\/a><p id=\"caption-attachment-949\" class=\"wp-caption-text\"><em><strong><a href=\"https:\/\/porofarmi.fi\/index.php\/english\" rel=\"external nofollow\">Porohovi<\/a>. Primer punto de control y \u00fanico de la carrera de 66 kil\u00f3metros donde hay agua &#8216;l\u00edquida&#8217;. Pelo helado.<\/strong><\/em><\/p><\/div>\n<p>Solamente fue quitarme mi gorro y helarse el sudor, una nueva cosa a tener en cuenta en este fr\u00edo tan seco.<\/p>\n<p>Dos corredores finlandeses me llaman la atenci\u00f3n indic\u00e1ndome con la mano que estamos cruzando una m\u00e1gica l\u00ednea geogr\u00e1fica \u00a1Estamos atravesando el paralelo! \u00a166\u00ba30&#8242; Norte!\u00a0 <strong>el Circulo Polar \u00c1rtico,<\/strong>\u00a0nudo en la garganta \u00a1emocionante!<\/p>\n<div id=\"attachment_951\" style=\"width: 1034px\" class=\"wp-caption alignnone\"><a href=\"https:\/\/static-blogs.hoy.es\/wp-content\/uploads\/sites\/119\/2018\/02\/28342198_983734401783606_1903138045_o.jpg\"><img aria-describedby=\"caption-attachment-951\" loading=\"lazy\" class=\"size-large wp-image-951\" src=\"https:\/\/static-blogs.hoy.es\/wp-content\/uploads\/sites\/119\/2018\/02\/28342198_983734401783606_1903138045_o-1024x768.jpg\" alt=\"punto de agua, siempre la hoguera encendida\" width=\"1024\" height=\"768\" srcset=\"https:\/\/static-blogs.hoy.es\/wp-content\/uploads\/sites\/119\/2018\/02\/28342198_983734401783606_1903138045_o-1024x768.jpg 1024w, https:\/\/static-blogs.hoy.es\/wp-content\/uploads\/sites\/119\/2018\/02\/28342198_983734401783606_1903138045_o-300x225.jpg 300w, https:\/\/static-blogs.hoy.es\/wp-content\/uploads\/sites\/119\/2018\/02\/28342198_983734401783606_1903138045_o-768x576.jpg 768w, https:\/\/static-blogs.hoy.es\/wp-content\/uploads\/sites\/119\/2018\/02\/28342198_983734401783606_1903138045_o.jpg 1280w\" sizes=\"(max-width: 1024px) 100vw, 1024px\" \/><\/a><p id=\"caption-attachment-951\" class=\"wp-caption-text\"><em><strong>Punto de agua, siempre la hoguera encendida.<\/strong><\/em><\/p><\/div>\n<div id=\"attachment_952\" style=\"width: 778px\" class=\"wp-caption alignnone\"><a href=\"https:\/\/static-blogs.hoy.es\/wp-content\/uploads\/sites\/119\/2018\/02\/28343232_983735051783541_1361345193_o.jpg\"><img aria-describedby=\"caption-attachment-952\" loading=\"lazy\" class=\"size-large wp-image-952\" src=\"https:\/\/static-blogs.hoy.es\/wp-content\/uploads\/sites\/119\/2018\/02\/28343232_983735051783541_1361345193_o-768x1024.jpg\" alt=\"Sendero duro para las fatbikes, en este tramo feu facil alcanzarlos debido a que iban m\u00e1s tiempo empujando que pedaleando sus bicis.\" width=\"768\" height=\"1024\" srcset=\"https:\/\/static-blogs.hoy.es\/wp-content\/uploads\/sites\/119\/2018\/02\/28343232_983735051783541_1361345193_o-768x1024.jpg 768w, https:\/\/static-blogs.hoy.es\/wp-content\/uploads\/sites\/119\/2018\/02\/28343232_983735051783541_1361345193_o-225x300.jpg 225w, https:\/\/static-blogs.hoy.es\/wp-content\/uploads\/sites\/119\/2018\/02\/28343232_983735051783541_1361345193_o.jpg 960w\" sizes=\"(max-width: 768px) 100vw, 768px\" \/><\/a><p id=\"caption-attachment-952\" class=\"wp-caption-text\"><em><strong>Sendero duro para las fatbikes. En este tramo fue f\u00e1cil alcanzarlos debido a que iban m\u00e1s tiempo empujando sus bicis que pedaleando.<\/strong><\/em><\/p><\/div>\n<div id=\"attachment_953\" style=\"width: 778px\" class=\"wp-caption alignnone\"><a href=\"https:\/\/static-blogs.hoy.es\/wp-content\/uploads\/sites\/119\/2018\/02\/28340797_983735021783544_1068455961_o.jpg\"><img aria-describedby=\"caption-attachment-953\" loading=\"lazy\" class=\"size-large wp-image-953\" src=\"https:\/\/static-blogs.hoy.es\/wp-content\/uploads\/sites\/119\/2018\/02\/28340797_983735021783544_1068455961_o-768x1024.jpg\" alt=\"El ritmo es bueno, ya nos hemos separado todos, ahora toca la soledad en este bosque m\u00e1gico.\" width=\"768\" height=\"1024\" srcset=\"https:\/\/static-blogs.hoy.es\/wp-content\/uploads\/sites\/119\/2018\/02\/28340797_983735021783544_1068455961_o-768x1024.jpg 768w, https:\/\/static-blogs.hoy.es\/wp-content\/uploads\/sites\/119\/2018\/02\/28340797_983735021783544_1068455961_o-225x300.jpg 225w, https:\/\/static-blogs.hoy.es\/wp-content\/uploads\/sites\/119\/2018\/02\/28340797_983735021783544_1068455961_o.jpg 960w\" sizes=\"(max-width: 768px) 100vw, 768px\" \/><\/a><p id=\"caption-attachment-953\" class=\"wp-caption-text\"><em><strong>-11\u00ba C, el ritmo es bueno, ya nos hemos separado todos, ahora toca disfrutar de la soledad en este bosque m\u00e1gico, el sudor se hiela en la cara y en la ropa.<\/strong><\/em><\/p><\/div>\n<p>Esta sensaci\u00f3n de fr\u00edo es conocida, me agrada y disfruto del trote. Las manos y pies van bien, no hay sensaci\u00f3n desagradable, me doy cuenta de que estoy corriendo solo con unos guantes de seda muy finos y no necesito m\u00e1s.<\/p>\n<p>Para generar temperatura hay que echar le\u00f1a a la &#8216;caldera&#8217; \u00a1pues a tomar algo nutritivo! \u00bfqu\u00e9 tal unas barritas de mazap\u00e1n y un trago de agua helada?&#8230;<\/p>\n<div id=\"attachment_956\" style=\"width: 1034px\" class=\"wp-caption alignnone\"><a href=\"https:\/\/static-blogs.hoy.es\/wp-content\/uploads\/sites\/119\/2018\/02\/28417999_983735135116866_439771665_o.jpg\"><img aria-describedby=\"caption-attachment-956\" loading=\"lazy\" class=\"size-large wp-image-956\" src=\"https:\/\/static-blogs.hoy.es\/wp-content\/uploads\/sites\/119\/2018\/02\/28417999_983735135116866_439771665_o-1024x768.jpg\" alt=\"Sinettajarvi, la nieve blanda se ha hecho m\u00e1s pesada de andar, solamente hay un peque\u00f1o carril donde \" width=\"1024\" height=\"768\" srcset=\"https:\/\/static-blogs.hoy.es\/wp-content\/uploads\/sites\/119\/2018\/02\/28417999_983735135116866_439771665_o-1024x768.jpg 1024w, https:\/\/static-blogs.hoy.es\/wp-content\/uploads\/sites\/119\/2018\/02\/28417999_983735135116866_439771665_o-300x225.jpg 300w, https:\/\/static-blogs.hoy.es\/wp-content\/uploads\/sites\/119\/2018\/02\/28417999_983735135116866_439771665_o-768x576.jpg 768w, https:\/\/static-blogs.hoy.es\/wp-content\/uploads\/sites\/119\/2018\/02\/28417999_983735135116866_439771665_o.jpg 1280w\" sizes=\"(max-width: 1024px) 100vw, 1024px\" \/><\/a><p id=\"caption-attachment-956\" class=\"wp-caption-text\"><em><strong>Sinettajarvi. La nieve blanda se ha hecho m\u00e1s pesada\u00a0al\u00a0andar, las torcidas ramas de los abedules nos obligan a agacharnos constantemente, solamente hay un peque\u00f1o carril donde es algo menos duro. Salirse de esa huella y hundirse irremediablemente hasta la ingle con el extenuante trabajo de tratar de salir. <\/strong><\/em><\/p><\/div>\n<p><strong><em>\u00a0<\/em><\/strong><\/p>\n<div id=\"attachment_957\" style=\"width: 778px\" class=\"wp-caption alignnone\"><a href=\"https:\/\/static-blogs.hoy.es\/wp-content\/uploads\/sites\/119\/2018\/02\/28340821_983756535114726_119022031_o.jpg\"><img aria-describedby=\"caption-attachment-957\" loading=\"lazy\" class=\"size-large wp-image-957\" src=\"https:\/\/static-blogs.hoy.es\/wp-content\/uploads\/sites\/119\/2018\/02\/28340821_983756535114726_119022031_o-768x1024.jpg\" alt=\"Entrada en el laber\u00edntico bosque boreal finland\u00e9s \" width=\"768\" height=\"1024\" srcset=\"https:\/\/static-blogs.hoy.es\/wp-content\/uploads\/sites\/119\/2018\/02\/28340821_983756535114726_119022031_o-768x1024.jpg 768w, https:\/\/static-blogs.hoy.es\/wp-content\/uploads\/sites\/119\/2018\/02\/28340821_983756535114726_119022031_o-225x300.jpg 225w, https:\/\/static-blogs.hoy.es\/wp-content\/uploads\/sites\/119\/2018\/02\/28340821_983756535114726_119022031_o.jpg 960w\" sizes=\"(max-width: 768px) 100vw, 768px\" \/><\/a><p id=\"caption-attachment-957\" class=\"wp-caption-text\"><em><strong>Entrada del laber\u00edntico bosque boreal finland\u00e9s, nos encontramos en el tramo m\u00e1s duro llamado\u00a0&#8216;pain in the ass&#8217;. Dos corredores tratan de descongelar el agua de sus botellas. Fijaros en un detalle&#8230;\u00a1hay un corredor en pantal\u00f3n corto! -11\u00baC.<\/strong><\/em><\/p><\/div>\n<p>&nbsp;<\/p>\n<p><span style=\"text-decoration: underline;\">ANDANDO POR EL LAGO SINETTAJARVI<\/span><\/p>\n<div style=\"position: relative; display: block; max-width: 300px;\">\n<div style=\"padding-top: 56.25%;\"><iframe loading=\"lazy\" style=\"left: 0px; top: 0px; width: 100%; height: 100%; right: 0px; bottom: 0px; position: absolute;\" src=\"\/\/players.brightcove.net\/85688295001\/ByeSmbWDK_default\/index.html?videoId=5740715534001\" width=\"300\" height=\"150\" allowfullscreen=\"allowfullscreen\"><\/iframe><\/div>\n<\/div>\n<p>&nbsp;<\/p>\n<p>&nbsp;<\/p>\n<p>Entramos en la cola del lago, la explanada de nieve es gigantesca, a lo\u00a0lejos no se ve el final.<\/p>\n<p>Ando\u00a0con buen ritmo, el trote con nieve blanda y mis 11 kilos de peso me han sobrecargado las piernas, y empiezo a tener calambres \u00a1pues nada a beber y tomar algo de comida! Necesito llevar la &#8216;caldera&#8217; siempre encendida, debo vigilar constantemente cualquier s\u00edntoma alarma de fr\u00edo en mi cuerpo.<\/p>\n<p>Buscar el mejor terreno para no hundirte demasiado se convierte\u00a0en el\u00a0juego entre el rat\u00f3n y el gato \u00a1hay que ahorrar energ\u00eda!<\/p>\n<p>Me emociona al estar aqu\u00ed con mis pensamientos. Mientras camino sondeo con\u00a0los bastones el terreno. Miro\u00a0a los\u00a0alrededores y sonr\u00edo, estoy yendo cerca de una orilla del lago, al lado\u00a0de un denso bosque de pinos que\u00a0de vez en cuando\u00a0descubre una preciosa casa de madera, es como una postal navide\u00f1a \u00a1qu\u00e9 maravilla!<\/p>\n<div id=\"attachment_1008\" style=\"width: 778px\" class=\"wp-caption alignnone\"><a href=\"https:\/\/static-blogs.hoy.es\/wp-content\/uploads\/sites\/119\/2018\/02\/28500484_984927371664309_1701852280_o.jpg\"><img aria-describedby=\"caption-attachment-1008\" loading=\"lazy\" class=\"size-large wp-image-1008\" src=\"https:\/\/static-blogs.hoy.es\/wp-content\/uploads\/sites\/119\/2018\/02\/28500484_984927371664309_1701852280_o-768x1024.jpg\" alt=\"Lago de Sinettajarvi !interminable!\" width=\"768\" height=\"1024\" srcset=\"https:\/\/static-blogs.hoy.es\/wp-content\/uploads\/sites\/119\/2018\/02\/28500484_984927371664309_1701852280_o-768x1024.jpg 768w, https:\/\/static-blogs.hoy.es\/wp-content\/uploads\/sites\/119\/2018\/02\/28500484_984927371664309_1701852280_o-225x300.jpg 225w, https:\/\/static-blogs.hoy.es\/wp-content\/uploads\/sites\/119\/2018\/02\/28500484_984927371664309_1701852280_o.jpg 960w\" sizes=\"(max-width: 768px) 100vw, 768px\" \/><\/a><p id=\"caption-attachment-1008\" class=\"wp-caption-text\"><em><strong>Lago de Sinettajarvi !interminablemente bello!<\/strong><\/em><\/p><\/div>\n<p>Roger, un corredor catal\u00e1n, se une. He bajado el ritmo para relajar un poco las piernas. Hablamos unos minutos y volvemos a centrarnos en nuestro mundo. La apuesta de Roger es muy arriesgada, creo que va muy &#8220;pelao&#8221; de equipo, incluso de comida, pero \u00e9l tiene experiencia, es su tercera vez aqu\u00ed.<\/p>\n<p>Hay islas repletas de arboleda en medio de este imponente lago. En un recodo ya vemos que el paisaje va a cambiar de nuevo, volvemos a adentrarnos en el m\u00e1gico bosque, camino del siguiente control.<\/p>\n<p><strong>Mellavaara<\/strong> est\u00e1 cerca, a cinco kil\u00f3metros, noto un fr\u00edo intenso en el pecho que me obliga a cerrarme el chaleco. Chequeo\u00a0la temperatura\u00a0del\u00a0term\u00f3metro de mi helado y titubeante reloj, que es de\u00a0-11\u00ba\u00a0a -12\u00ba C. Subimos la cota m\u00e1xima entre un sinuoso bosque de pinos cargados de nieve. Miro atr\u00e1s y Roger me sigue a unas decenas de metros, siento hambre y las piernas flaquean, al atravesar un claro en el bosque la brisa se hace sentir mucho m\u00e1s fr\u00eda de lo que marca mi term\u00f3metro (sensaci\u00f3n t\u00e9rmica -20\u00ba aproximadamente)<\/p>\n<p>Espero a Roger, me preocupa por lo expuesto que viene, esto no es una competici\u00f3n, sino una prueba de supervivencia, creo que puede necesitar ayuda.<\/p>\n<div id=\"attachment_977\" style=\"width: 778px\" class=\"wp-caption alignnone\"><img aria-describedby=\"caption-attachment-977\" loading=\"lazy\" class=\"size-large wp-image-977\" src=\"https:\/\/static-blogs.hoy.es\/wp-content\/uploads\/sites\/119\/2018\/02\/IMG_20180217_150433-768x1024.jpg\" alt=\"Mellavaara, kil\u00f3metro 35 y -15\u00ba C.\" width=\"768\" height=\"1024\" srcset=\"https:\/\/static-blogs.hoy.es\/wp-content\/uploads\/sites\/119\/2018\/02\/IMG_20180217_150433-768x1024.jpg 768w, https:\/\/static-blogs.hoy.es\/wp-content\/uploads\/sites\/119\/2018\/02\/IMG_20180217_150433-225x300.jpg 225w, https:\/\/static-blogs.hoy.es\/wp-content\/uploads\/sites\/119\/2018\/02\/IMG_20180217_150433.jpg 1200w\" sizes=\"(max-width: 768px) 100vw, 768px\" \/><p id=\"caption-attachment-977\" class=\"wp-caption-text\"><strong><em>Mellavaara. Kil\u00f3metro 35 y -14\u00ba C. Roger y yo paramos para comer, le ofrezco t\u00e9 de mi plan &#8216;b&#8217;, estamos sedientos ya que se nos han congelado hace horas toda el agua que llev\u00e1bamos,\u00a0venimos paseando el peso de nuestra helada <\/em><\/strong><strong><em>agua.<\/em><\/strong><\/p><\/div>\n<p>A cada paso aprend\u00eda cosas nuevas, una de ellas y m\u00e1s importante era la de\u00a0mantenerse alejado de cualquier foco de calor, como fogatas o cosas calientes. Hab\u00eda\u00a0que seguir inmerso en el fr\u00edo y sentirlo como un aliado, si no te atenazar\u00eda.<\/p>\n<p>Salir de esa dolorosa sensaci\u00f3n requiere paciencia y control mental m\u00e1s que control f\u00edsico, como le ocurri\u00f3 a Roger. Llev\u00e1bamos unos cientos de metros en la estrecha pista del bosque, cuando me dijo\u00a0apurado que no era capaz de sacarse el fr\u00edo de las manos. En este lugar es primordial luchar el tiempo necesario contra esa dolorosa sensaci\u00f3n, o llegar\u00e1 a un punto donde el constante dolor de la extremidad se apague, dejando insensible la parte afectada, es entonces cuando tendremos un grave problema&#8230;la congelaci\u00f3n.<\/p>\n<p>Hab\u00edamos cogido la taza de mi termo a\u00fan caliente para tratar de aliviar nuestra sed, en ese momento, el fr\u00edo\u00a0nos atac\u00f3 sobre las manos\u00a0con toda su fuerza.\u00a0Gracias a mis anteriores experiencias navegando por los fiordos de Groenlandia, supe como actuar a tiempo, tambi\u00e9n hab\u00eda\u00a0sufrido ese dolor en mis manos, me cost\u00f3 varios minutos volver a sentir confort. Roger en cambio aguant\u00f3 m\u00e1s, hasta el punto de pedirme ayuda.<\/p>\n<p><strong><em>-Dame tus bastones \u00a1venga! s\u00e1cate el guante gordo y mete tus manos debajo del pantal\u00f3n\u00a0\u00a1no pares de mover los dedos de forma en\u00e9rgica! <\/em><\/strong>le dije.<\/p>\n<p>Pens\u00e9 en mi plan b: manoplas y calentadores qu\u00edmicos que llevaba.<\/p>\n<p>No paramos en ning\u00fan momento, hab\u00eda que seguir generando temperatura corporal para no enfriarnos m\u00e1s de la cuenta. Estaba anocheciendo y lo\u00a0empazabamos a sentir.<\/p>\n<p>Este tramo de bosque fue m\u00e1s agradable al ser de bajada y por lo asentado que estaba \u00a1uff qu\u00e9 alivio!\u00a0cerca se encontraba el punto de control llamado <strong>Sinettanlaavu.<\/strong><\/p>\n<div id=\"attachment_996\" style=\"width: 1034px\" class=\"wp-caption alignnone\"><a href=\"https:\/\/static-blogs.hoy.es\/wp-content\/uploads\/sites\/119\/2018\/02\/28407871_984786835011696_1382531989_o.jpg\"><img aria-describedby=\"caption-attachment-996\" loading=\"lazy\" class=\"size-large wp-image-996\" src=\"https:\/\/static-blogs.hoy.es\/wp-content\/uploads\/sites\/119\/2018\/02\/28407871_984786835011696_1382531989_o-1024x768.jpg\" alt=\"Mellavaara. Las caba\u00f1as finlandesas son como ve\u00eds m\u00e1s un parapeto y una fogata en frente. Ya estamos en el r\u00edo Kemi de nuevo.\" width=\"1024\" height=\"768\" srcset=\"https:\/\/static-blogs.hoy.es\/wp-content\/uploads\/sites\/119\/2018\/02\/28407871_984786835011696_1382531989_o-1024x768.jpg 1024w, https:\/\/static-blogs.hoy.es\/wp-content\/uploads\/sites\/119\/2018\/02\/28407871_984786835011696_1382531989_o-300x225.jpg 300w, https:\/\/static-blogs.hoy.es\/wp-content\/uploads\/sites\/119\/2018\/02\/28407871_984786835011696_1382531989_o-768x576.jpg 768w, https:\/\/static-blogs.hoy.es\/wp-content\/uploads\/sites\/119\/2018\/02\/28407871_984786835011696_1382531989_o.jpg 1280w\" sizes=\"(max-width: 1024px) 100vw, 1024px\" \/><\/a><p id=\"caption-attachment-996\" class=\"wp-caption-text\"><em><strong>Sinettenlaavu. Las caba\u00f1as finlandesas son como v\u00e9is, un parapeto abierto en forma c\u00f3nica y una fogata en frente. Ya estamos en el r\u00edo\u00a0<a href=\"https:\/\/en.wikipedia.org\/wiki\/Ounasjoki\" rel=\"external nofollow\">Ounasjoki<\/a> de nuevo.<\/strong><\/em><\/p><\/div>\n<p><strong>\u00a0<\/strong><\/p>\n<p><strong>Kil\u00f3metro 45.<\/strong> Dos se\u00f1oras finlandesas me gritan, estoy absorto en el\u00a0camino y en mis pensamientos, hemos alcanzado el siguiente punto de control. Paro lo suficiente\u00a0volvi\u00e9ndome a alcanzar\u00a0Roger y un nuevo corredor, es chino.<\/p>\n<p>Le pregunto c\u00f3mo est\u00e1 y nos responde que bien, pero\u00a0observamos que est\u00e1 cansado y con fr\u00edo, el esfuerzo ha sido intenso al tratar de seguirnos. Les ofrezco t\u00e9 a los dos, y nuestro nuevo acompa\u00f1ante se abraza a la templada taza de humeante t\u00e9, devolvi\u00e9ndome un sonriente &#8216;thank you&#8217;.<\/p>\n<div id=\"attachment_997\" style=\"width: 778px\" class=\"wp-caption alignnone\"><a href=\"https:\/\/static-blogs.hoy.es\/wp-content\/uploads\/sites\/119\/2018\/02\/28408094_984800875010292_1776603654_o.jpg\"><img aria-describedby=\"caption-attachment-997\" loading=\"lazy\" class=\"size-large wp-image-997\" src=\"https:\/\/static-blogs.hoy.es\/wp-content\/uploads\/sites\/119\/2018\/02\/28408094_984800875010292_1776603654_o-768x1024.jpg\" alt=\"\u00a1es in\u00fatil! mis botes\" width=\"768\" height=\"1024\" srcset=\"https:\/\/static-blogs.hoy.es\/wp-content\/uploads\/sites\/119\/2018\/02\/28408094_984800875010292_1776603654_o-768x1024.jpg 768w, https:\/\/static-blogs.hoy.es\/wp-content\/uploads\/sites\/119\/2018\/02\/28408094_984800875010292_1776603654_o-225x300.jpg 225w, https:\/\/static-blogs.hoy.es\/wp-content\/uploads\/sites\/119\/2018\/02\/28408094_984800875010292_1776603654_o.jpg 960w\" sizes=\"(max-width: 768px) 100vw, 768px\" \/><\/a><p id=\"caption-attachment-997\" class=\"wp-caption-text\"><em><strong>\u00a1Es in\u00fatil! no hay tiempo para derretir el hielo de mis botes y hemos acabado con mi termo.<\/strong><\/em><\/p><\/div>\n<div id=\"attachment_998\" style=\"width: 778px\" class=\"wp-caption alignnone\"><a href=\"https:\/\/static-blogs.hoy.es\/wp-content\/uploads\/sites\/119\/2018\/02\/28407789_984801071676939_1086129878_o.jpg\"><img aria-describedby=\"caption-attachment-998\" loading=\"lazy\" class=\"size-large wp-image-998\" src=\"https:\/\/static-blogs.hoy.es\/wp-content\/uploads\/sites\/119\/2018\/02\/28407789_984801071676939_1086129878_o-768x1024.jpg\" alt=\"A pesar del gran esfuerzo en mi cara se ve la felicidad y el hielo que llevo en mi cuerpo\" width=\"768\" height=\"1024\" srcset=\"https:\/\/static-blogs.hoy.es\/wp-content\/uploads\/sites\/119\/2018\/02\/28407789_984801071676939_1086129878_o-768x1024.jpg 768w, https:\/\/static-blogs.hoy.es\/wp-content\/uploads\/sites\/119\/2018\/02\/28407789_984801071676939_1086129878_o-225x300.jpg 225w, https:\/\/static-blogs.hoy.es\/wp-content\/uploads\/sites\/119\/2018\/02\/28407789_984801071676939_1086129878_o.jpg 960w\" sizes=\"(max-width: 768px) 100vw, 768px\" \/><\/a><p id=\"caption-attachment-998\" class=\"wp-caption-text\"><em><strong>A pesar del gran esfuerzo y el hielo que llevo en todo mi cuerpo,en la cara se refleja\u00a0mi felicidad \u00a1m\u00e1s parezco un helado! pero estoy c\u00f3modo con esta sensaci\u00f3n, sigo vistiendo la mismas dos capas y chaleco que desde el principio.<\/strong><\/em><\/p><\/div>\n<p>-15\u00ba C, Roger se pone una nueva y \u00fanica capa que le queda, dos de mis pilas del frontal se han helado, a pesar de llevarlas guardadas en un bolsillo de mi pecho.<\/p>\n<p>Sopla una constante brisa desde el Sur, y nos enfr\u00eda a\u00fan m\u00e1s el comienzo hasta el siguiente punto. Las dos se\u00f1oras del control nos han indicado mal el siguiente tramo y temo entrar en la zona m\u00e1s delicada por el overflow. El terreno es muy blando, hay que clavar la vista en la huella dejada por el paso de alguna moto nieve. En\u00a0lugar de girar 90\u00ba y tratar de salir lo antes posible\u00a0del ancho r\u00edo, una huella nos lleva por el centro todo el camino.<\/p>\n<p>El <a href=\"https:\/\/www.rovaniemi150.com\/gallery\/2013\/\" rel=\"external nofollow\">overflow<\/a> que vamos encontrando es f\u00e1cil esquivarlo ya que su color amarillento me avisa del peligro. Si nos adentramos en un lugar as\u00ed es como meterse en un caldo helado espeso y granizado.<\/p>\n<p>Cae la noche, solo el haz de mi foco me acompa\u00f1a, Roger y el chico chino est\u00e1n a varios cientos de metros atr\u00e1s.<\/p>\n<p>Para descargar los gemelos troto donde siento m\u00e1s compacto el suelo, acabo de encontrar de nuevo las marcas reflectantes de la carrera, soy como un perro olfateando el track mientras miro atr\u00e1s para que los compa\u00f1eros puedan rectificar y seguir la huella.<\/p>\n<p><strong>Pohorovi, kil\u00f3metro 56<\/strong>. Sensaci\u00f3n t\u00e9rmica aproximada -25\u00ba\u00a0 por una brisa frontal de 20 kilometros por hora. El ritmo es bueno, solo tengo una molestia en los hombros por el peso de la mochila.<\/p>\n<p>Debido a las luces de los alrededores es muy f\u00e1cil desorientarse de las marcas que hay en todo el r\u00edo y ando haciendo alg\u00fan zig zag para seguir las huellas asentadas, se ha convertido en mi \u00fanica obsesi\u00f3n, salir del terreno blando se vuelve una necesidad.<\/p>\n<p>&nbsp;<\/p>\n<div id=\"attachment_1001\" style=\"width: 1034px\" class=\"wp-caption alignnone\"><a href=\"https:\/\/static-blogs.hoy.es\/wp-content\/uploads\/sites\/119\/2018\/02\/28459932_984841228339590_1701150279_o.jpg\"><img aria-describedby=\"caption-attachment-1001\" loading=\"lazy\" class=\"size-large wp-image-1001\" src=\"https:\/\/static-blogs.hoy.es\/wp-content\/uploads\/sites\/119\/2018\/02\/28459932_984841228339590_1701150279_o-1024x768.jpg\" alt=\"Porohovi de noche\" width=\"1024\" height=\"768\" srcset=\"https:\/\/static-blogs.hoy.es\/wp-content\/uploads\/sites\/119\/2018\/02\/28459932_984841228339590_1701150279_o-1024x768.jpg 1024w, https:\/\/static-blogs.hoy.es\/wp-content\/uploads\/sites\/119\/2018\/02\/28459932_984841228339590_1701150279_o-300x225.jpg 300w, https:\/\/static-blogs.hoy.es\/wp-content\/uploads\/sites\/119\/2018\/02\/28459932_984841228339590_1701150279_o-768x576.jpg 768w, https:\/\/static-blogs.hoy.es\/wp-content\/uploads\/sites\/119\/2018\/02\/28459932_984841228339590_1701150279_o.jpg 1280w\" sizes=\"(max-width: 1024px) 100vw, 1024px\" \/><\/a><p id=\"caption-attachment-1001\" class=\"wp-caption-text\"><strong>Porohovi de noche, ollas en el fuego con agua caliente.<\/strong><\/p><\/div>\n<p>Nos volvemos a reencontrar Roger y yo. El chico chino ha dejado de seguir nuestro ritmo y ha optado por parar, seg\u00fan me dice mi compa\u00f1ero catal\u00e1n. Me preocupa el estado de ese chico y\u00a0considero un instante en darme la vuelta para ir en su busca, mientras, lleno el termo nuevamente con agua caliente y tomo algo de comida. El vaho del lugar nos indica el fr\u00edo extremo en el que estamos\u00a0inmersos \u00a1la oscuridad es total!<\/p>\n<p>Roger me dice que el chico no est\u00e1 a m\u00e1s de dos kil\u00f3metros y pienso que podr\u00e1 llegar\u00a0por sus medios hasta este punto. Me pongo mi Goretex y reanudamos la marcha como siempre charlando en compa\u00f1\u00eda hasta coger cada uno su ritmo. Este tramo es el m\u00e1s duro, se suele hacer en el doble de tiempo, ya nos avisaron de ello, hay que darlo todo.<\/p>\n<p>Las luces reflejadas en el nuboso cielo nos indican que estamos llegando a la ciudad, mi gps hac\u00eda horas que hab\u00eda muerto por congelaci\u00f3n&#8230;\u00a1suunto vaya reloj de juguete!&#8230;<\/p>\n<p>Ya queda poco, veo el puente y puedo distinguir los coches sobre \u00e9l, tanto zigzag buscando el mejor paso ha hecho que Roger me est\u00e9 pisando los talones, parece que intentar\u00e1 adelantarme en los \u00faltimos kil\u00f3metros. Jejeje el pundonor me puede y aprieto la marcha, una vocecilla en mi mente me dice \u00a1cabeza, cabeza, no pares! es la voz de Isma Masero, el impulso despu\u00e9s de sensenta y pico de kil\u00f3metros es total \u00a1no voy a parar ahora!<\/p>\n<p>Y&#8230;a lo lejos veo la\u00a0ansiada meta, junto a cuatro\u00a0siluetas\u00a0que esperan en la g\u00e9lida noche polar \u00a1son mis amigos! gritan de alegr\u00eda al saber que soy yo, no paro a su altura,tengo que llegar de nuevo al Control Room la verdadera meta. Me siguen d\u00e1ndome \u00e1nimos hasta la puerta \u00a1wow que sprint despu\u00e9s de tantos kil\u00f3metros! \u00a1qu\u00e9 subid\u00f3n de \u00e1nimo!<\/p>\n<p>&nbsp;<\/p>\n<p><span style=\"text-decoration: underline;\">TRAMO FINAL DE META<\/span><\/p>\n<div style=\"position: relative; display: block; max-width: 300px;\">\n<div style=\"padding-top: 56.25%;\"><iframe loading=\"lazy\" style=\"left: 0px; top: 0px; width: 100%; height: 100%; right: 0px; bottom: 0px; position: absolute;\" src=\"\/\/players.brightcove.net\/85688295001\/ByeSmbWDK_default\/index.html?videoId=5740715531001\" width=\"300\" height=\"150\" allowfullscreen=\"allowfullscreen\"><\/iframe><\/div>\n<\/div>\n<p>&nbsp;<\/p>\n<p><span style=\"text-decoration: underline;\">RESUMEN DE LA CARRERA, TENGO LA CARA HELADA Y APENAS PUEDO HABLAR<\/span><\/p>\n<div style=\"position: relative; display: block; max-width: 300px;\">\n<div style=\"padding-top: 56.25%;\"><iframe loading=\"lazy\" style=\"left: 0px; top: 0px; width: 100%; height: 100%; right: 0px; bottom: 0px; position: absolute;\" src=\"\/\/players.brightcove.net\/85688295001\/ByeSmbWDK_default\/index.html?videoId=5740709707001\" width=\"300\" height=\"150\" allowfullscreen=\"allowfullscreen\"><\/iframe><\/div>\n<\/div>\n<p>&nbsp;<\/p>\n<div id=\"attachment_1006\" style=\"width: 1034px\" class=\"wp-caption alignnone\"><a href=\"https:\/\/static-blogs.hoy.es\/wp-content\/uploads\/sites\/119\/2018\/02\/28417608_984928221664224_2014995894_o.jpg\"><img aria-describedby=\"caption-attachment-1006\" loading=\"lazy\" class=\"size-large wp-image-1006\" src=\"https:\/\/static-blogs.hoy.es\/wp-content\/uploads\/sites\/119\/2018\/02\/28417608_984928221664224_2014995894_o-1024x576.jpg\" alt=\"sexto clasificado como an\u00e9cdota \" width=\"1024\" height=\"576\" srcset=\"https:\/\/static-blogs.hoy.es\/wp-content\/uploads\/sites\/119\/2018\/02\/28417608_984928221664224_2014995894_o-1024x576.jpg 1024w, https:\/\/static-blogs.hoy.es\/wp-content\/uploads\/sites\/119\/2018\/02\/28417608_984928221664224_2014995894_o-300x169.jpg 300w, https:\/\/static-blogs.hoy.es\/wp-content\/uploads\/sites\/119\/2018\/02\/28417608_984928221664224_2014995894_o-768x432.jpg 768w, https:\/\/static-blogs.hoy.es\/wp-content\/uploads\/sites\/119\/2018\/02\/28417608_984928221664224_2014995894_o.jpg 1280w\" sizes=\"(max-width: 1024px) 100vw, 1024px\" \/><\/a><p id=\"caption-attachment-1006\" class=\"wp-caption-text\"><em><strong>Sexto clasificado a pie 66k,\u00a0 Rovaniemi 150 Artic Winter Race 2018<\/strong><\/em><\/p><\/div>\n<p>AGRADECIMIENTOS<\/p>\n<p>Mis m\u00e1s sinceros agradecimientos a todos vosotros que hab\u00e9is hecho posible realizar este sue\u00f1o, ha sido un verdadero placer compartirlo.<\/p>\n<p><strong><em>A\u00a0todos los que disteis un poco de vuestro tiempo por vuestra generosidad y creer todav\u00eda en locuras<\/em><\/strong><\/p>\n<p>A mis compa\u00f1eros y Maestro de entrenamientos Isma Masero, a Rafa Monje, Willy Cantillo, Ra\u00fal y otros tantos titanes que han estado ah\u00ed.<\/p>\n<p>A mi familia, mis padres, mi hermano David por esas estupendas zapatillas que me hicier\u00f3n volar hasta la meta, a mi hermano Antonio que sin poder dormir nos condujo hasta la puerta de embarque para cumplir un sue\u00f1o, a mi Hermano Juampe, por conducirnos seguro por carreteras heladas y estar ah\u00ed siempre aunque seamos como el perro y el gato.<\/p>\n<p>A Sara y Pedro de <a href=\"http:\/\/www.centrowagen.com\/\" rel=\"external nofollow\">Centrowagen<\/a>, por creer en locuras, por su generosidad y\u00a0 apoyo\u00a0de esta marca y mi \u00a1primer patrocinador!<\/p>\n<p>A Celia, Jota y Antonio Sanchez, de este peri\u00f3dico en el que tengo el gran honor de poder escribir mi blog, por vuestra inestimable ayuda para difundir mis sue\u00f1os.<\/p>\n<p>A <a href=\"http:\/\/www.canalextremadura.es\/radio\/entretenimiento\/los-sabados-al-sol\" rel=\"external nofollow\">Chus Garc\u00eda<\/a>, <a href=\"http:\/\/www.canalextremadura.es\/tv\/informativos\/fuera-de-tiempo\" rel=\"external nofollow\">David Lopez-Rey<\/a>, Marcial y Vicente de <a href=\"http:\/\/www.canalextremadura.es\/tv\/informativos\/fuera-de-tiempo\" rel=\"external nofollow\">Canal Extremadura<\/a> por disfrutar de mis proyectos y difundirlos.<\/p>\n<p>A mis compa\u00f1eros y jefes de la<a href=\"http:\/\/www.ejercitodelaire.mde.es\/EA\/ejercitodelaire\/es\/organizacion\/unidades\/detalle-unidad\/Ala-23\/\" rel=\"external nofollow\"> base aera Ala 23<\/a>, por vuestra paciencia y por vuestra cobertura cuando me ausento lejos.<\/p>\n<p>A mis amigos Finlandeses Sonia y Simo por su acogida y dedicaci\u00f3n.<\/p>\n<p>A mis amigos y compa\u00f1eros de cordada en monta\u00f1a y escalada y en especial a Jesus Velez, que lo he abandonado temporalmente en busca de este sue\u00f1o. Tambi\u00e9n Julio Cervunalis por aquella caminata y charla en medio de un vendabal.<\/p>\n<p>A mis amigos de viaje Rafa Alvarez-Buiza, Maria Otero, Ismael Naranjo y Jampe, mi hermano, sin vosotros no podr\u00eda haber estado m\u00e1s arropado \u00a1Qu\u00e9 ayuda m\u00e1s valiosa!<\/p>\n<p>A mi mentor <a href=\"https:\/\/ramonlarramendi.com\/home\/\" rel=\"external nofollow\">Ram\u00f3n Larramendi<\/a> y <a href=\"https:\/\/tasermiutgreenland.com\/\" rel=\"external nofollow\">Tasermiut South Greenlad Expeditions<\/a>, que me ense\u00f1aron la pasion por las tierras polares.<\/p>\n<p>A la organizaci\u00f3n de la carrera, a\u00a0<a href=\"https:\/\/www.polarguide-logistics.com\/about-me\/\" rel=\"external nofollow\">\u00c1lex Casanovas<\/a> por el pedazo de esfuerzo que tuvieron que realizar para\u00a0preparar todo,\u00a0a <a href=\"https:\/\/www.youtube.com\/watch?v=g0oOHkuCzjo\" rel=\"external nofollow\">Juli\u00e1n Amorrich<\/a>, por su simpat\u00eda,\u00a0ayuda y \u00e1nimos durante la carrera y que desde aqu\u00ed animo para culminar aquella carrera no terminada.<\/p>\n<p>A todos mis amigos de las redes sociales, por vuestras muestras de cari\u00f1o y \u00e1nimo por vuestro calor en aquel lugar \u00e1rtico.<\/p>\n<p>A Alejandra por creer en las locuras de un loco y aun as\u00ed quererlo.<\/p>\n<p>Algunas muestras de apoyo desde la red, tuve much\u00edsimas m\u00e1s:<\/p>\n<p><em><strong>-El entrenamiento nos lleva a la l\u00ednea de salida y la mente nos lleva a la meta <\/strong><\/em>(frase de \u00e1nimo en mi muro de Facebook por Concha Gonzalez)<\/p>\n<p>&nbsp;<\/p>\n<p><em><strong>-Cuanto m\u00e1s loca es la aventura,mas cuerdo es el aventurero<\/strong><\/em> (frase de enhorabuena en mi muro de Facebook por Victor Cinos)<\/p>\n<p>&nbsp;<\/p>\n<p>&nbsp;<\/p>\n<p>&nbsp;<\/p>\n<p><em><strong>Para ver m\u00e1s de mis aventuras, pulsa en los links<\/strong><\/em><\/p>\n<p><strong><a href=\"https:\/\/www.facebook.com\/JoseTrejo404\/\" rel=\"external nofollow\">Facebook<\/a><\/strong><\/p>\n<p><em><strong>Para ver m\u00e1s fotos de mis viajes, puedes seguirme en este link<\/strong><\/em><\/p>\n<p><a href=\"https:\/\/www.instagram.com\/josetrejo404\/?hl=es\" rel=\"external nofollow\"><strong>Instagram<\/strong><\/a><\/p>\n<p><strong>Mecenas:<\/strong><\/p>\n<p><a href=\"https:\/\/www.facebook.com\/Centrowagen\/\" rel=\"external nofollow\">@centrowagen<\/a><\/p>\n<p><a href=\"https:\/\/www.instagram.com\/marinsatelecomunicaciones\/?hl=en\" rel=\"external nofollow\">@marinsatelecomunicaciones\u00a0<\/a><\/p>\n<p><a href=\"https:\/\/www.google.es\/search?q=%23UnExtreme%C3%B1oEnEl%C3%81rtico&amp;tbm=isch&amp;tbo=u&amp;source=univ&amp;sa=X&amp;ved=0ahUKEwjk4__i8fzYAhUBWxQKHd2fCmUQsAQILQ&amp;biw=1366&amp;bih=637\" rel=\"external nofollow\">#UnExtreme\u00f1oEnEl\u00c1rtico<\/a><\/p>\n<p><a href=\"https:\/\/www.google.es\/search?biw=1366&amp;bih=637&amp;tbm=isch&amp;sa=1&amp;ei=sO1uWpSHLoiiU-SipOAL&amp;q=%23AventurasCentrowagen&amp;oq=%23AventurasCentrowagen&amp;gs_l=psy-ab.3...235907.235907.0.237790.1.1.0.0.0.0.149.149.0j1.1.0....0...1c.1.64.psy-ab..0.0.0....0.a9c2JHvC7j0\" rel=\"external nofollow\">#AventurasCentrowagen<\/a><\/p>\n","protected":false},"excerpt":{"rendered":"<p>Cabeza, cabeza \u00a1no pares!\u00a0 Ismael Masero Las monta\u00f1as no se suben con piernas sino con cabeza.\u00a0Dicho monta\u00f1ero &nbsp; Mi experiencia en la carrera \u00a0 &nbsp; SALIDA &nbsp; Vamos hasta la salida acompa\u00f1ados de mis amigos y mi hermano, est\u00e1n quiz\u00e1s m\u00e1s nerviosos al ver en el l\u00edo que me voy a meter, sienten el fr\u00edo [&hellip;]<\/p>\n","protected":false},"author":142,"featured_media":948,"comment_status":"open","ping_status":"closed","sticky":false,"template":"","format":"standard","meta":[],"categories":[1],"tags":[36,504,488,473,502,499,503,505,506,497,477,487,498,500],"_links":{"self":[{"href":"https:\/\/blogs.hoy.es\/un-extremeno-en-el-artico\/wp-json\/wp\/v2\/posts\/923"}],"collection":[{"href":"https:\/\/blogs.hoy.es\/un-extremeno-en-el-artico\/wp-json\/wp\/v2\/posts"}],"about":[{"href":"https:\/\/blogs.hoy.es\/un-extremeno-en-el-artico\/wp-json\/wp\/v2\/types\/post"}],"author":[{"embeddable":true,"href":"https:\/\/blogs.hoy.es\/un-extremeno-en-el-artico\/wp-json\/wp\/v2\/users\/142"}],"replies":[{"embeddable":true,"href":"https:\/\/blogs.hoy.es\/un-extremeno-en-el-artico\/wp-json\/wp\/v2\/comments?post=923"}],"version-history":[{"count":103,"href":"https:\/\/blogs.hoy.es\/un-extremeno-en-el-artico\/wp-json\/wp\/v2\/posts\/923\/revisions"}],"predecessor-version":[{"id":1078,"href":"https:\/\/blogs.hoy.es\/un-extremeno-en-el-artico\/wp-json\/wp\/v2\/posts\/923\/revisions\/1078"}],"wp:featuredmedia":[{"embeddable":true,"href":"https:\/\/blogs.hoy.es\/un-extremeno-en-el-artico\/wp-json\/wp\/v2\/media\/948"}],"wp:attachment":[{"href":"https:\/\/blogs.hoy.es\/un-extremeno-en-el-artico\/wp-json\/wp\/v2\/media?parent=923"}],"wp:term":[{"taxonomy":"category","embeddable":true,"href":"https:\/\/blogs.hoy.es\/un-extremeno-en-el-artico\/wp-json\/wp\/v2\/categories?post=923"},{"taxonomy":"post_tag","embeddable":true,"href":"https:\/\/blogs.hoy.es\/un-extremeno-en-el-artico\/wp-json\/wp\/v2\/tags?post=923"}],"curies":[{"name":"wp","href":"https:\/\/api.w.org\/{rel}","templated":true}]}}