{"id":960,"date":"2018-02-25T21:09:24","date_gmt":"2018-02-25T20:09:24","guid":{"rendered":"http:\/\/blogs.hoy.es\/un-extremeno-en-el-artico\/?p=960"},"modified":"2020-06-18T11:59:38","modified_gmt":"2020-06-18T09:59:38","slug":"lo-que-dio-de-si-un-sueno-la-extrema-rovaniemi-66k-primera-parte","status":"publish","type":"post","link":"https:\/\/blogs.hoy.es\/un-extremeno-en-el-artico\/2018\/02\/25\/lo-que-dio-de-si-un-sueno-la-extrema-rovaniemi-66k-primera-parte\/","title":{"rendered":"Lo que dio de s\u00ed un sue\u00f1o. La extrema Rovaniemi 66k. Primera parte"},"content":{"rendered":"<p style=\"text-align: center;\"><strong><em>La felicidad depende del grado de tus locuras (Jose Trejo)<\/em><\/strong><\/p>\n<div id=\"attachment_926\" style=\"width: 1034px\" class=\"wp-caption alignnone\"><a href=\"https:\/\/static-blogs.hoy.es\/wp-content\/uploads\/sites\/119\/2018\/02\/28342948_983305031826543_288405018_o.jpg\"><img aria-describedby=\"caption-attachment-926\" loading=\"lazy\" class=\"size-large wp-image-926\" src=\"https:\/\/static-blogs.hoy.es\/wp-content\/uploads\/sites\/119\/2018\/02\/28342948_983305031826543_288405018_o-1024x768.jpg\" alt=\"Mis amigos, todos los componentes de la locura finlandesa\" width=\"1024\" height=\"768\" srcset=\"https:\/\/static-blogs.hoy.es\/wp-content\/uploads\/sites\/119\/2018\/02\/28342948_983305031826543_288405018_o-1024x768.jpg 1024w, https:\/\/static-blogs.hoy.es\/wp-content\/uploads\/sites\/119\/2018\/02\/28342948_983305031826543_288405018_o-300x225.jpg 300w, https:\/\/static-blogs.hoy.es\/wp-content\/uploads\/sites\/119\/2018\/02\/28342948_983305031826543_288405018_o-768x576.jpg 768w, https:\/\/static-blogs.hoy.es\/wp-content\/uploads\/sites\/119\/2018\/02\/28342948_983305031826543_288405018_o.jpg 1280w\" sizes=\"(max-width: 1024px) 100vw, 1024px\" \/><\/a><p id=\"caption-attachment-926\" class=\"wp-caption-text\"><em><b>Dedicado a todos los que hab\u00e9is\u00a0formado parte de la locura finlandesa. Helsinki 2018<\/b><\/em><\/p><\/div>\n<p>El d\u00eda 17 de febrero del 2018 lo recordar\u00e9 durante mucho tiempo.\u00a0Se hizo realidad un nuevo proyecto, o como algunos dicen, una nueva locura&#8230;<\/p>\n<p>Mes tras mes fuimos atando cabos, estudiando detalles y entrenando. Poco a poco se fue\u00a0uniendo a esta locura m\u00e1s y m\u00e1s gente. A todos y cada uno os dedico el premio y este post.<\/p>\n<p>\u00bfPremio? el premio ha sido vivirlo y compartirlo.<\/p>\n<p>Estoy satisfecho, s\u00ed , \u00a1mucho! nunca me hubiera imaginado tal respuesta a mi alrededor, incluso de lugares tan lejanos como mi querida Groenlandia o desde la propia Finlandia, lugar donde\u00a0ha trascurrido esta dura prueba deportiva.<\/p>\n<p><em><strong>Comienzos inciertos<\/strong><\/em><\/p>\n<p>Comprados los billetes y pagada la inscripci\u00f3n a mediados de diciembre, se pon\u00eda en marcha la aventura. A ella se unir\u00eda el grupo que me acompa\u00f1ar\u00eda a\u00a0<em><strong><a href=\"https:\/\/www.rovaniemi150.com\/\" rel=\"external nofollow\">Rovaniemi<\/a>;<\/strong><\/em>\u00a0mis amigos Rafita, Maria, Ismael y mi hermano Juampe.<\/p>\n<p>Isma Masero y yo no par\u00e1bamos de entrenar rutinas de carrera y de so\u00f1ar juntos nuevas\u00a0locuras a cada cual m\u00e1s rocambolescas. Compart\u00edamos el mismo sue\u00f1o y las mismas incertidumbres como dos ne\u00f3fitos en carreras polares extremas. Quer\u00edamos hacerlo bien \u00a1por supuesto! no\u00a0hab\u00eda tiempo que perder, mi puesta a punto era muy justa para acabar sin da\u00f1os f\u00edsicos ni mentales en &#8220;condiciones normales&#8221; como dec\u00eda Isma.<\/p>\n<p>Tras varias semanas de investigaciones acerca de\u00a0qu\u00e9\u00a0ropa y material necesitar\u00eda, tuvimos la oportunidad de asistir a una charla de\u00a0<a href=\"http:\/\/www.rtvc.es\/deportes\/video-susana-gomez-castineira-de-lanzarote-a-alaska-156115.aspx#.Wo6HYeSWwdU\" rel=\"external nofollow\"><em><strong>Susana Gomez Casti\u00f1eira<\/strong><\/em><\/a>, una gran corredora de ultra distancias y experta en carreras \u00e1rticas. Nos ayud\u00f3 arrojando luz en nuestra nebulosa particular, ofreci\u00e9ndonos su apoyo en lo que hiciera falta \u00a1esto era un plus! y as\u00ed se\u00a0ultim\u00f3 la lista de material.<\/p>\n<p>Se acercaban los d\u00edas y llegaba la informaci\u00f3n meteorol\u00f3gica puntualmente de la mano de nuestra amiga Sonia, pacense y recientemente afincada en Helsinki. Tambi\u00e9n coincid\u00eda mi nuevo amigo\u00a0<em><strong><a href=\"http:\/\/www.canalextremadura.es\/tv\/presentadores\/david-lopez-rey\" rel=\"external nofollow\">David Lopez-Rey<\/a><\/strong><\/em>, meteor\u00f3logo de <em><strong><a href=\"http:\/\/www.canalextremadura.es\/tv\/informativos\/fuera-de-tiempo\" rel=\"external nofollow\">Canal Extremadura<\/a><\/strong><\/em>. Todo indicaba que habr\u00eda\u00a0en la zona\u00a0 una inusual gran acumulaci\u00f3n de nieve polvo reci\u00e9n ca\u00edda.<\/p>\n<p><em><strong>Horas\u00a0de dudas<\/strong><\/em><\/p>\n<p>Nadaba en un mar de incertidumbre \u00bfqu\u00e9 llevar para no sufrir el clima \u00e1rtico y volver para contarlo? pensaba&#8230;pulkka o mochila, zapatillas o botas, mallas o mono de esquiar&#8230;\u00a1ufff! Al final tom\u00e9 la decisi\u00f3n, equipo ligero y a la aventura \u00a1qu\u00e9 demonios!<\/p>\n<p>&nbsp;<\/p>\n<div id=\"attachment_933\" style=\"width: 1034px\" class=\"wp-caption alignnone\"><a href=\"https:\/\/static-blogs.hoy.es\/wp-content\/uploads\/sites\/119\/2018\/02\/IMG_20180215_010758.jpg\"><img aria-describedby=\"caption-attachment-933\" loading=\"lazy\" class=\"size-large wp-image-933\" src=\"https:\/\/static-blogs.hoy.es\/wp-content\/uploads\/sites\/119\/2018\/02\/IMG_20180215_010758-1024x768.jpg\" alt=\"Aeropuerto de Lisboa. Mi hermano Antonio nos lleva y nos recoger\u00e1 a la vuelta\" width=\"1024\" height=\"768\" srcset=\"https:\/\/static-blogs.hoy.es\/wp-content\/uploads\/sites\/119\/2018\/02\/IMG_20180215_010758-1024x768.jpg 1024w, https:\/\/static-blogs.hoy.es\/wp-content\/uploads\/sites\/119\/2018\/02\/IMG_20180215_010758-300x225.jpg 300w, https:\/\/static-blogs.hoy.es\/wp-content\/uploads\/sites\/119\/2018\/02\/IMG_20180215_010758-768x576.jpg 768w, https:\/\/static-blogs.hoy.es\/wp-content\/uploads\/sites\/119\/2018\/02\/IMG_20180215_010758.jpg 1652w\" sizes=\"(max-width: 1024px) 100vw, 1024px\" \/><\/a><p id=\"caption-attachment-933\" class=\"wp-caption-text\"><em><strong>Aeropuerto de Lisboa. Mi hermano Antonio uno de mis &#8216;mecenas&#8217; nos lleva y nos recoger\u00e1 a la vuelta, 15\u00ba C de temperatura.<\/strong><\/em><\/p><\/div>\n<div id=\"attachment_934\" style=\"width: 1034px\" class=\"wp-caption alignnone\"><a href=\"https:\/\/static-blogs.hoy.es\/wp-content\/uploads\/sites\/119\/2018\/02\/IMG_20180215_222510.jpg\"><img aria-describedby=\"caption-attachment-934\" loading=\"lazy\" class=\"size-large wp-image-934\" src=\"https:\/\/static-blogs.hoy.es\/wp-content\/uploads\/sites\/119\/2018\/02\/IMG_20180215_222510-1024x768.jpg\" alt=\"Llegada a Rovaniemi despu\u00e9s de tres vuelos y 14 horas de vieje, menos mal que mi hermano Juampe nos est\u00e1 esperando al llegar un d\u00eda antes. Temperatura -3\u00ba\" width=\"1024\" height=\"768\" srcset=\"https:\/\/static-blogs.hoy.es\/wp-content\/uploads\/sites\/119\/2018\/02\/IMG_20180215_222510-1024x768.jpg 1024w, https:\/\/static-blogs.hoy.es\/wp-content\/uploads\/sites\/119\/2018\/02\/IMG_20180215_222510-300x225.jpg 300w, https:\/\/static-blogs.hoy.es\/wp-content\/uploads\/sites\/119\/2018\/02\/IMG_20180215_222510-768x576.jpg 768w, https:\/\/static-blogs.hoy.es\/wp-content\/uploads\/sites\/119\/2018\/02\/IMG_20180215_222510.jpg 1600w\" sizes=\"(max-width: 1024px) 100vw, 1024px\" \/><\/a><p id=\"caption-attachment-934\" class=\"wp-caption-text\"><em><strong>Llegada a Rovaniemi,\u00a0 despu\u00e9s de tres vuelos y 14 horas de viaje. Menos\u00a0mal que mi hermano Juampe nos estaba esperando al adelantarse un d\u00eda antes.\u00a0 -3\u00baC de temperatura.<\/strong><\/em><\/p><\/div>\n<p>Al salir del avi\u00f3n\u00a0vemos a trav\u00e9s de la\u00a0terminal car\u00e1mbanos de hielo por todos lados, era como si nos estuvieran\u00a0avisando de algo. &#8220;<em>No me da miedo el fr\u00edo ni me atenazar\u00e1<\/em>&#8220;, pens\u00e9\u00a0 &#8220;<em>para esto he venido<\/em>&#8220;.<\/p>\n<p>Las condiciones del terreno no eran halag\u00fce\u00f1as, incluso la organizaci\u00f3n de la carrera tuvo serios problemas. Organizar la log\u00edstica no fue tarea f\u00e1cil por la gran cantidad de nieve para poderse mover\u00a0en el bosque, tratando de asentar una harinosa nieve con las moto nieve.<\/p>\n<p><em><strong>Briefing<\/strong><\/em><\/p>\n<p>-4\u00baC grados marca el term\u00f3metro de nuestro coche, la ciudad de Rovaniemi amanece nublada y con grandes montones de nieve por las calles, vestigio de\u00a0 grandes nevadas de hace poco.<\/p>\n<p>El parte meteorol\u00f3gico dec\u00eda que\u00a0habr\u00eda bajada de temperaturas hasta llegar a los -30\u00ba C en los siguientes d\u00edas. Ya aquella tarde, el term\u00f3metro caer\u00eda hasta los -10\u00baC.<\/p>\n<div id=\"attachment_937\" style=\"width: 1034px\" class=\"wp-caption alignnone\"><a href=\"https:\/\/static-blogs.hoy.es\/wp-content\/uploads\/sites\/119\/2018\/02\/0.jpg\"><img aria-describedby=\"caption-attachment-937\" loading=\"lazy\" class=\"size-large wp-image-937\" src=\"https:\/\/static-blogs.hoy.es\/wp-content\/uploads\/sites\/119\/2018\/02\/0-1024x1024.jpg\" alt=\"La reuni\u00f3n y chequeo del material obligatorio fue en el hotel Santa Claus. Alex S.Casanovas director de la carrera nos recibe. \" width=\"1024\" height=\"1024\" srcset=\"https:\/\/static-blogs.hoy.es\/wp-content\/uploads\/sites\/119\/2018\/02\/0-1024x1024.jpg 1024w, https:\/\/static-blogs.hoy.es\/wp-content\/uploads\/sites\/119\/2018\/02\/0-150x150.jpg 150w, https:\/\/static-blogs.hoy.es\/wp-content\/uploads\/sites\/119\/2018\/02\/0-300x300.jpg 300w, https:\/\/static-blogs.hoy.es\/wp-content\/uploads\/sites\/119\/2018\/02\/0-768x768.jpg 768w, https:\/\/static-blogs.hoy.es\/wp-content\/uploads\/sites\/119\/2018\/02\/0.jpg 1239w\" sizes=\"(max-width: 1024px) 100vw, 1024px\" \/><\/a><p id=\"caption-attachment-937\" class=\"wp-caption-text\"><em><strong>La reuni\u00f3n y chequeo del material obligatorio fue en el hotel Santa Claus.\u00a0<a href=\"https:\/\/www.polarguide-logistics.com\/\" rel=\"external nofollow\">Alex S.Casanovas<\/a>\u00a0director de la carrera nos recibe.<\/strong><\/em><\/p><\/div>\n<p>En el briefing Alex nos detalla la ruta, aconsej\u00e1ndonos tener sentido com\u00fan y extremar la seguridad, ya que andar\u00edamos durante horas en solitario y posiblemente en medio de la heladora noche soportando temperaturas muy bajas sobre todo de regreso.<\/p>\n<p><span style=\"text-decoration: underline;\">EXPLICACI\u00d3N DE ALEX ACERCA DE LAS CONGELACIONES<\/span><\/p>\n<div style=\"position: relative; display: block; max-width: 300px;\">\n<div style=\"padding-top: 56.25%;\"><iframe loading=\"lazy\" style=\"left: 0px; top: 0px; width: 100%; height: 100%; right: 0px; bottom: 0px; position: absolute;\" src=\"\/\/players.brightcove.net\/85688295001\/ByeSmbWDK_default\/index.html?videoId=5738725743001\" width=\"300\" height=\"150\" allowfullscreen=\"allowfullscreen\"><\/iframe><\/div>\n<\/div>\n<p>La noche antes, dimos una vuelta para ver los bosques de los alrededores de la casa en la que nos instalamos. La nieve parec\u00eda espuma seca, impracticable y muy pesada de andar, era mucho peor que andar por arena de playa. Nos hund\u00edamos hasta la cintura a escasos medio metro del helado camino.<\/p>\n<p>Pensaba \u00bfme habr\u00e9 equivocado al no buscar unas raquetas de nieve? mi elecci\u00f3n era ir con equipo ligero y sin el estorbo de unas raquetas colgando y dando golpes durante horas \u00bfacertar\u00eda?<\/p>\n<p><span style=\"text-decoration: underline;\">CHEQUEANDO LA NIEVE LA NOCHE ANTES<\/span><\/p>\n<div style=\"position: relative; display: block; max-width: 300px;\">\n<div style=\"padding-top: 56.25%;\"><iframe loading=\"lazy\" style=\"left: 0px; top: 0px; width: 100%; height: 100%; right: 0px; bottom: 0px; position: absolute;\" src=\"\/\/players.brightcove.net\/85688295001\/ByeSmbWDK_default\/index.html?videoId=5738731081001\" width=\"300\" height=\"150\" allowfullscreen=\"allowfullscreen\"><\/iframe><\/div>\n<\/div>\n<p>&nbsp;<\/p>\n<div id=\"attachment_940\" style=\"width: 1034px\" class=\"wp-caption alignnone\"><a href=\"https:\/\/static-blogs.hoy.es\/wp-content\/uploads\/sites\/119\/2018\/02\/IMG-20180218-WA0023.jpg\"><img aria-describedby=\"caption-attachment-940\" loading=\"lazy\" class=\"size-large wp-image-940\" src=\"https:\/\/static-blogs.hoy.es\/wp-content\/uploads\/sites\/119\/2018\/02\/IMG-20180218-WA0023-1024x576.jpg\" alt=\"Llega nuestro momento, va a comenzar la carrera. Han pasado 7 a\u00f1os desde la \u00faltima debido a mi incidente de espalda. No siento nervios no hay nada que demostrar solamente estoy preparador para aprender\" width=\"1024\" height=\"576\" srcset=\"https:\/\/static-blogs.hoy.es\/wp-content\/uploads\/sites\/119\/2018\/02\/IMG-20180218-WA0023-1024x576.jpg 1024w, https:\/\/static-blogs.hoy.es\/wp-content\/uploads\/sites\/119\/2018\/02\/IMG-20180218-WA0023-300x169.jpg 300w, https:\/\/static-blogs.hoy.es\/wp-content\/uploads\/sites\/119\/2018\/02\/IMG-20180218-WA0023-768x432.jpg 768w, https:\/\/static-blogs.hoy.es\/wp-content\/uploads\/sites\/119\/2018\/02\/IMG-20180218-WA0023.jpg 1600w\" sizes=\"(max-width: 1024px) 100vw, 1024px\" \/><\/a><p id=\"caption-attachment-940\" class=\"wp-caption-text\"><em><strong>Llega nuestro momento, va a comenzar la carrera. Han pasado 7 a\u00f1os desde la \u00faltima vez que compet\u00ed. No siento nervios, no hay nada que demostrar solamente\u00a0vengo a aprender. Foto de izquierda a derecha; Isma, Juampe, un servidor, Mar\u00eda y Rafita. Estoy arropado\u00a0con los mejores acompa\u00f1antes<\/strong><\/em>.<\/p><\/div>\n<p><em><strong>Descripci\u00f3n del trayecto de 66 kil\u00f3metros<\/strong><\/em><\/p>\n<p><strong>ROVANIEMI<\/strong>: la salida y llegada es desde la ciudad de Rovaniemi, la primera parte de la carrera trascurre encima de un ancho r\u00edo helado llamado <a href=\"https:\/\/en.wikipedia.org\/wiki\/Ounasjoki\" rel=\"external nofollow\"><strong>Ounasjoki<\/strong><\/a> afluente principal del r\u00edo\u00a0<strong><a href=\"https:\/\/es.wikipedia.org\/wiki\/R%C3%ADo_Kemi\" rel=\"external nofollow\">Kemi<\/a><\/strong>.<\/p>\n<p><strong>POROHOVI<\/strong>: primer punto y \u00fanico lugar donde hay agua l\u00edquida, la carrera\u00a0contin\u00faa hacia el Norte\u00a0sobre el r\u00edo. Unos cientos de metros m\u00e1s adelante cruza la l\u00ednea del Circulo Polar \u00c1rtico, poco tiempo despu\u00e9s hay que pasar a la otra orilla, por un carril habilitado para cruzar los automoviles por el mismo hielo.<\/p>\n<p><strong>SINETTAJARVI<\/strong>: segundo punto de control, el trayecto\u00a0sigue atravesando la localidad de\u00a0<a href=\"https:\/\/www.rovaniemi.fi\/fi\/Palvelut\/Kylat-ja-kaupunginosat\/Kehyskylat\/Nivankyla\" rel=\"external nofollow\">Nivankyl\u00e4<\/a>\u00a0por una ancha pista, hasta alcanzar un gran lago helado llamado\u00a0<a href=\"https:\/\/vimeo.com\/121655430\" rel=\"external nofollow\">Sinett\u00e4j\u00e4rvi<\/a>,\u00a0a trav\u00e9s de un denso bosque boreal de pinos. Pero antes est\u00e1 el famoso tramo de 700 metros que\u00a0 por su dureza es llamado\u00a0<em><strong>&#8220;<a href=\"https:\/\/translate.google.es\/?hl=es&amp;tab=wT#en\/es\/pain%20in%20the%20ass\" rel=\"external nofollow\">Pain in the ass<\/a>&#8220;.<\/strong><\/em><\/p>\n<p><strong>MELLAVAARA<\/strong>: tercer punto de control. Una vez atravesado el lago, el track se adentra en otro denso bosque hasta alcanzar la cota m\u00e1xima de altura de la prueba. Hay que\u00a0extremar la precauci\u00f3n porque son pistas estrechas\u00a0para moto nieve.<\/p>\n<p><strong>SINETTANLAAVU<\/strong>: cuarto punto de control. Cruzado el bosque, volvemos de nuevo al r\u00edo <a href=\"https:\/\/en.wikipedia.org\/wiki\/Ounasjoki\" rel=\"external nofollow\"><strong>Ounasjoki<\/strong><\/a>.\u00a0Debemos estar atentos hay\u00a0<a href=\"https:\/\/www.google.es\/search?source=hp&amp;ei=g76OWprGEIiiU-X7legO&amp;q=overflow&amp;oq=overflow&amp;gs_l=psy-ab.3..0l10.1235.1235.0.1826.1.1.0.0.0.0.99.99.1.1.0....0...1c.1.64.psy-ab..0.1.97....0.wv-2DXMzVcg\" rel=\"external nofollow\">overflow<\/a>\u00a0en la orilla derecha. Ya es el camino de regreso.<\/p>\n<p><strong>POROHOVI<\/strong>: de nuevo en este control volvemos a tener agua. Suele ser un tramo duro por la brisa heladora si se alcanza al anochecer.<\/p>\n<p><strong>ROVANIEMI<\/strong>: llegada hasta el &#8216;Control Room&#8217; en las instalaciones del\u00a0<a href=\"http:\/\/www.arktikum.fi\/en\/\" rel=\"external nofollow\">museo \u00e1rtico<\/a>.<\/p>\n<div id=\"attachment_943\" style=\"width: 681px\" class=\"wp-caption alignnone\"><a href=\"https:\/\/static-blogs.hoy.es\/wp-content\/uploads\/sites\/119\/2018\/02\/mapa-rov.png\"><img aria-describedby=\"caption-attachment-943\" loading=\"lazy\" class=\"size-full wp-image-943\" src=\"https:\/\/static-blogs.hoy.es\/wp-content\/uploads\/sites\/119\/2018\/02\/mapa-rov.png\" alt=\"Track de la prueba de 66 kil\u00f3metros\" width=\"671\" height=\"671\" srcset=\"https:\/\/static-blogs.hoy.es\/wp-content\/uploads\/sites\/119\/2018\/02\/mapa-rov.png 671w, https:\/\/static-blogs.hoy.es\/wp-content\/uploads\/sites\/119\/2018\/02\/mapa-rov-150x150.png 150w, https:\/\/static-blogs.hoy.es\/wp-content\/uploads\/sites\/119\/2018\/02\/mapa-rov-300x300.png 300w\" sizes=\"(max-width: 671px) 100vw, 671px\" \/><\/a><p id=\"caption-attachment-943\" class=\"wp-caption-text\"><em><strong>Track de la prueba de 66 kil\u00f3metros.<\/strong><\/em><\/p><\/div>\n<p>&nbsp;<\/p>\n<p>&#8230;continuar\u00e1&#8230;<\/p>\n<p>&nbsp;<\/p>\n<p><em><strong>Para ver m\u00e1s de mis aventuras, pulsa en los links<\/strong><\/em><\/p>\n<p><strong><a href=\"https:\/\/www.facebook.com\/JoseTrejo404\/\" rel=\"external nofollow\">Facebook<\/a><\/strong><\/p>\n<p><em><strong>Para ver m\u00e1s fotos de mis viajes, puedes seguirme en este link<\/strong><\/em><\/p>\n<p><a href=\"https:\/\/www.instagram.com\/josetrejo404\/?hl=es\" rel=\"external nofollow\"><strong>Instagram<\/strong><\/a><\/p>\n<p><strong>Mecenas:<\/strong><\/p>\n<p><a href=\"https:\/\/www.facebook.com\/Centrowagen\/\" rel=\"external nofollow\">@centrowagen<\/a><\/p>\n<p><a href=\"https:\/\/www.instagram.com\/marinsatelecomunicaciones\/?hl=en\" rel=\"external nofollow\">@marinsatelecomunicaciones\u00a0<\/a><\/p>\n<p><a href=\"https:\/\/www.google.es\/search?q=%23UnExtreme%C3%B1oEnEl%C3%81rtico&amp;tbm=isch&amp;tbo=u&amp;source=univ&amp;sa=X&amp;ved=0ahUKEwjk4__i8fzYAhUBWxQKHd2fCmUQsAQILQ&amp;biw=1366&amp;bih=637\" rel=\"external nofollow\">#UnExtreme\u00f1oEnEl\u00c1rtico<\/a><\/p>\n<p><a href=\"https:\/\/www.google.es\/search?biw=1366&amp;bih=637&amp;tbm=isch&amp;sa=1&amp;ei=sO1uWpSHLoiiU-SipOAL&amp;q=%23AventurasCentrowagen&amp;oq=%23AventurasCentrowagen&amp;gs_l=psy-ab.3...235907.235907.0.237790.1.1.0.0.0.0.149.149.0j1.1.0....0...1c.1.64.psy-ab..0.0.0....0.a9c2JHvC7j0\" rel=\"external nofollow\">#AventurasCentrowagen<\/a><\/p>\n<div class=\"mceTemp\"><\/div>\n","protected":false},"excerpt":{"rendered":"<p>La felicidad depende del grado de tus locuras (Jose Trejo) El d\u00eda 17 de febrero del 2018 lo recordar\u00e9 durante mucho tiempo.\u00a0Se hizo realidad un nuevo proyecto, o como algunos dicen, una nueva locura&#8230; Mes tras mes fuimos atando cabos, estudiando detalles y entrenando. Poco a poco se fue\u00a0uniendo a esta locura m\u00e1s y m\u00e1s [&hellip;]<\/p>\n","protected":false},"author":142,"featured_media":940,"comment_status":"open","ping_status":"closed","sticky":false,"template":"","format":"standard","meta":[],"categories":[1],"tags":[496,493,81,488,491,101,490,489,499,501,507,497,487,457,495,498,500,492,494],"_links":{"self":[{"href":"https:\/\/blogs.hoy.es\/un-extremeno-en-el-artico\/wp-json\/wp\/v2\/posts\/960"}],"collection":[{"href":"https:\/\/blogs.hoy.es\/un-extremeno-en-el-artico\/wp-json\/wp\/v2\/posts"}],"about":[{"href":"https:\/\/blogs.hoy.es\/un-extremeno-en-el-artico\/wp-json\/wp\/v2\/types\/post"}],"author":[{"embeddable":true,"href":"https:\/\/blogs.hoy.es\/un-extremeno-en-el-artico\/wp-json\/wp\/v2\/users\/142"}],"replies":[{"embeddable":true,"href":"https:\/\/blogs.hoy.es\/un-extremeno-en-el-artico\/wp-json\/wp\/v2\/comments?post=960"}],"version-history":[{"count":23,"href":"https:\/\/blogs.hoy.es\/un-extremeno-en-el-artico\/wp-json\/wp\/v2\/posts\/960\/revisions"}],"predecessor-version":[{"id":2646,"href":"https:\/\/blogs.hoy.es\/un-extremeno-en-el-artico\/wp-json\/wp\/v2\/posts\/960\/revisions\/2646"}],"wp:featuredmedia":[{"embeddable":true,"href":"https:\/\/blogs.hoy.es\/un-extremeno-en-el-artico\/wp-json\/wp\/v2\/media\/940"}],"wp:attachment":[{"href":"https:\/\/blogs.hoy.es\/un-extremeno-en-el-artico\/wp-json\/wp\/v2\/media?parent=960"}],"wp:term":[{"taxonomy":"category","embeddable":true,"href":"https:\/\/blogs.hoy.es\/un-extremeno-en-el-artico\/wp-json\/wp\/v2\/categories?post=960"},{"taxonomy":"post_tag","embeddable":true,"href":"https:\/\/blogs.hoy.es\/un-extremeno-en-el-artico\/wp-json\/wp\/v2\/tags?post=960"}],"curies":[{"name":"wp","href":"https:\/\/api.w.org\/{rel}","templated":true}]}}