{"id":147,"date":"2013-09-09T02:09:13","date_gmt":"2013-09-09T00:09:13","guid":{"rendered":"http:\/\/blogs.hoy.es\/unaextremenaenparaguay\/?p=93"},"modified":"2013-09-09T02:09:13","modified_gmt":"2013-09-09T00:09:13","slug":"me-pongo-el-uniforme-monitora-ambiental-en-una-acampada-en-pro-cosara","status":"publish","type":"post","link":"https:\/\/blogs.hoy.es\/unaextremenaenparaguay\/2013\/09\/09\/me-pongo-el-uniforme-monitora-ambiental-en-una-acampada-en-pro-cosara\/","title":{"rendered":"Me pongo el uniforme. Monitora ambiental en una acampada en Pro Cosara."},"content":{"rendered":"<p><em>Esta entrada se la dedico a Estrella Croquetalia, y a m<\/em><em><\/em><em>am\u00e1 y pap\u00e1. Ellos saben por qu\u00e9. <\/em><\/p>\n<p><em><a href=\"https:\/\/blogs.hoy.es\/unaextremenaenparaguay\/2013\/09\/09\/me-pongo-el-uniforme-monitora-ambiental-en-una-acampada-en-pro-cosara\/img_1585-redimensionado\/\" rel=\"attachment wp-att-95\"><img loading=\"lazy\" class=\"aligncenter  wp-image-95\" title=\"bus adventista\" src=\"\/unaextremenaenparaguay\/wp-content\/uploads\/sites\/85\/2013\/09\/IMG_1585.redimensionado.jpg\" alt=\"\" width=\"551\" height=\"367\" \/><\/a><\/em><\/p>\n<p>El viernes por la tarde <strong>lleg\u00f3 un autocar lleno de ni\u00f1os que ven\u00edan a pasar un fin de semana de campamento<\/strong>. Eran los Conquistadores Ori\u00f3n, Adventistas de la Iglesia del S\u00e9ptimo D\u00eda. En diez minutos las instalaciones de Pro Cosara se hab\u00edan llenado de movimiento, gente que llevaba equipajes, ni\u00f1os que montaban sus tiendas, otros constru\u00edan mochileros y soportes para colgar la comida lejos de las hormigas&#8230; <strong>Eran un grupo muy organizado, similar a los <\/strong><em><strong>scouts<\/strong><\/em><strong>:<\/strong> estaban organizados en unidades, cada uno ten\u00eda una funci\u00f3n, y hasta ten\u00edan ceremonia de izado y arriado de la bandera.<!--more--><\/p>\n<p>Construyeron un t\u00f3tem (lo llaman holocausto; cuando me pidieron piedras para un holocausto, lo primero que se me pas\u00f3 por la cabeza fue Hitler y los jud\u00edos, y luego el sacrificio de vacas de los antiguos griegos&#8230;) y un tinglado para colgar las banderas en el prado de Pro Cosara. All\u00ed formaban cada ma\u00f1ana y cada tarde en una ceremonia muy marcial.<\/p>\n<p style=\"text-align: center;\"><a href=\"\/unaextremenaenparaguay\/wp-content\/uploads\/sites\/85\/2013\/09\/IMG_1632.redimensionado.jpg\"><img loading=\"lazy\" class=\"aligncenter  wp-image-98\" title=\"formaci\u00f3n grupo orion\" src=\"\/unaextremenaenparaguay\/wp-content\/uploads\/sites\/85\/2013\/09\/IMG_1632.redimensionado.jpg\" alt=\"\" width=\"561\" height=\"374\" \/><\/a><span style=\"font-size: small;\"><em>Campamento en Pro Cosara. En formaci\u00f3n izando la bandera.\u00a0 <\/em><\/span><\/p>\n<p>\u00a0Esa misma noche <strong>me dieron mi uniforme de Pro Cosara<\/strong> y me encargaron que documentara la actividad. As\u00ed que durante las charla que dieron mis compa\u00f1eros Celia y Gregorio sobre el BAAPA y la importancia de su conservaci\u00f3n, y luego sobre serpientes, saqu\u00e9 mi vena de reportera y mi c\u00e1mara y estuve sacando fotos para la p\u00e1gina web. <strong><\/strong><\/p>\n<p><strong>En un momento una nena se me acerc\u00f3 a darme un beso<\/strong> y me dijo \u201c\u00a1Feliz s\u00e1bado!\u201d. Yo, un poco sorprendida de la alegr\u00eda y la espontaneidad de la ni\u00f1a, s\u00f3lo pude musitar un g<em>racias <\/em>un poco soso.<\/p>\n<p style=\"text-align: center;\">\u00a0<a href=\"\/unaextremenaenparaguay\/wp-content\/uploads\/sites\/85\/2013\/09\/IMG_1616.redimensionado.jpg\"><img loading=\"lazy\" class=\"aligncenter  wp-image-96\" title=\"charla_serpientes\" src=\"\/unaextremenaenparaguay\/wp-content\/uploads\/sites\/85\/2013\/09\/IMG_1616.redimensionado.jpg\" alt=\"\" width=\"606\" height=\"403\" \/><\/a> <span style=\"font-size: small;\"><em>Charla sobre el BAAPA. Centro de interpretaci\u00f3n de Pro Cosara. <\/em><\/span><\/p>\n<p>Acabamos muy tarde y me fui a acostar r\u00e1pidamente, agotada;<strong> ya no hac\u00eda ese fr\u00edo criminal que me lleva acompa\u00f1ando desde que vine a Paraguay,<\/strong> pero soplaba una brisa bastante fresca. Antes de meterme en mi habitaci\u00f3n, Celia se me acerc\u00f3 y me pregunt\u00f3 si ma\u00f1ana podr\u00eda darles yo otra charla, y record\u00e9 que ten\u00eda una que hab\u00eda preparado para el Proyecto Ecocentros, que hab\u00eda dado en algunos institutos de Badajoz y Talavera la Real. As\u00ed que estuve arreglando y adaptando la presentaci\u00f3n al contexto paraguayo.<\/p>\n<p>A la ma\u00f1ana siguiente nadie me despert\u00f3; sin embargo, a las 8 ya estaba con los ojos abiertos. Desayun\u00e9 con Gregorio y le pregunt\u00e9 el plan del d\u00eda. <strong>Hac\u00eda sol, pero hab\u00eda bastante viento. <\/strong>Ten\u00eda la ma\u00f1ana libre as\u00ed que fui a pelearme con la conexi\u00f3n a internet. Pero cuando estaba contestando los primeros correos cuando <strong>hubo un corte de energ\u00eda; el SAI mantuvo encendidos los ordenadores<\/strong> del centro de interpretaci\u00f3n, pero no el m\u00f3dem&#8230;<\/p>\n<p>Para aprovechar la ma\u00f1ana estuve haciendo m\u00e1s fotos del campamento y termin\u00e9 mi presentaci\u00f3n. A las dos y media (el equivalente a las cuatro y media en el horario espa\u00f1ol) empec\u00e9 mi charla. No sab\u00eda si iba a ser capaz de llegar a los chicos y transmitirles las ideas del ecologismo y de la conservaci\u00f3n; <strong>el salto cultural pod\u00eda ser un problema. <\/strong><\/p>\n<p><strong>Y, aunque parezca mentira, el idioma tambi\u00e9n<\/strong> era un obst\u00e1culo. Me concentr\u00e9 en que no deb\u00eda decir la palabra prohibida (<em>coger<\/em>), pero aun as\u00ed, se me escap\u00f3 alguna vez. Yo s\u00f3lo me di cuenta de una, pero Celia me cont\u00f3 tres; as\u00ed que aproximadamente dos tercios de las veces n<strong>o soy capaz de darme cuenta de que he dicho algo malsonante<\/strong>.<\/p>\n<p style=\"text-align: center;\"><a href=\"\/unaextremenaenparaguay\/wp-content\/uploads\/sites\/85\/2013\/09\/IMG_1655.redimensionado.jpg\"><img loading=\"lazy\" class=\"aligncenter  wp-image-99\" title=\"IMG_1655.redimensionado\" src=\"\/unaextremenaenparaguay\/wp-content\/uploads\/sites\/85\/2013\/09\/IMG_1655.redimensionado.jpg\" alt=\"\" width=\"569\" height=\"378\" \/><\/a> <span style=\"font-size: small;\"><em>Charla sobre ecologismo y conservaci\u00f3n. Centro de interpretaci\u00f3n de Pro Cosara. <\/em><\/span><\/p>\n<p>La verdad es que <strong>lo pas\u00e9 un poco mal cuando fui consciente<\/strong> (los ni\u00f1os se re\u00edan y cuchicheaban entre ellos); sin embargo, a la salida se me arremolinaron unos cuantos, casi todas ni\u00f1as, interesadas en algunas cosas que hab\u00eda dicho, pero sobre todo, <strong>porque yo era la extranjera<\/strong> y quer\u00edan saber de d\u00f3nde ven\u00eda, c\u00f3mo era mi tierra, si me gustaba su pa\u00eds, cu\u00e1nto tiempo llevaba aqu\u00ed, si era interesante o dif\u00edcil trabajar de guardabosques&#8230; Yo les dije que <strong>Extremadura era la tierra m\u00e1s bonita del mundo<\/strong>, y que se parec\u00eda un poco a este lugar, con bosques, dehesas, prados y muchas aves, que tambi\u00e9n all\u00ed el suelo es rojo y f\u00e9rtil, y el calor veraniego tambi\u00e9n roza los 45\u00baC, aunque en invierno en algunas partes nieva y hace mucho fr\u00edo. <strong><\/strong><\/p>\n<p><strong>Les encantaron mis prism\u00e1ticos<\/strong> y estuvieron un rato mirando por ellos, admir\u00e1ndose de lo cerca que se ve\u00edan los pajaritos. Yo disfrutaba al verme entre tanta alegr\u00eda y espontaneidad y record\u00e9 mis propios campamentos de peque\u00f1a.<\/p>\n<p>Despu\u00e9s de la charla <strong>nos llevamos a los ni\u00f1os al sendero Uruta\u00fa<\/strong> para que dieran una vuelta por la selva. Las nenas segu\u00edan junto a m\u00ed y <strong>me preguntaban por los \u00e1rboles, si pod\u00edamos ver serpientes<\/strong> (aqu\u00ed el miedo a las serpientes es cultural, y es casi norma matar cualquier cosa que repte) y muchas cosas m\u00e1s. Por supuesto, con el jaleo de cuarenta personas, por muy silenciosamente que hablaran, <strong>no vimos ni un solo ave.<\/strong> Pero me lo pas\u00e9 bien con las nenas.<\/p>\n<p>A la noche <strong>tuve la oportunidad de revivir <\/strong>una de las cosas que m\u00e1s me gustaban de los campamentos: <strong>el juego de la caza del tesoro.<\/strong> Celia, Gregorio y yo preparamos y escondimos las pistas con la emoci\u00f3n de unos ni\u00f1os. Yo misma era una posta, ten\u00edan que venir a darme un beso y entonces yo les entregar\u00eda una pista. Pens\u00e9 en esconderme, pero justo cuando sal\u00eda del hangar con un bocata me encontraron y tuve que darles su pista&#8230; Gregorio y yo paseamos por el prado, ayudando a los chicos y ri\u00e9ndonos con sus ocurrencias; <strong>era como volver al pasado, a mis propios campamentos, <\/strong>pero mejor, porque nunca tuve oportunidad de organizar los juegos. Comprob\u00e9 con alegr\u00eda que<strong> los adolescentes son iguales en todos los pa\u00edses,<\/strong> las mismas bromas, las mismas risas, las mismas inquietudes&#8230;<\/p>\n<p>&nbsp;<\/p>\n<p style=\"text-align: center;\"><span style=\"font-size: small;\"><em>Centro de interpretaci\u00f3n de Pro Cosara, construido con ayuda espa\u00f1ola de la AECID<\/em><\/span><em>. <\/em><br \/>\n<em>Proyecto 09-CAP 1-0222<\/em><\/p>\n<p>Ya muy tarde un grupo consigui\u00f3 terminar el juego (eran s\u00f3lo 4 pistas por grupo) y sorteamos dos mochilas entre los ganadores. Las nenas que hab\u00edan cogido confianza conmigo <strong>me pidieron que bajara<\/strong> con ellas, que el grupo entero iba a hacer<strong> otra actividad en el lago. <\/strong>Pero yo apenas hab\u00eda cenado y estaba muy cansada, as\u00ed que<strong> tuve que declinar la invitaci\u00f3n a pesar de sus caras de pena. <\/strong><\/p>\n<p>&nbsp;<\/p>\n<p>A la ma\u00f1ana siguiente amaneci\u00f3 encapotado; <strong>los truenos y las cuerdas de lluvia en el horizonte presagiaban tormenta. <\/strong>Desmontaron el campamento en un tris y lo cargaron todo en el autob\u00fas, que se par\u00f3 a esperar a los rezagados frente al centro de interpretaci\u00f3n. Al asomarme, de repente <strong>salieron manos de todas las ventanillas con gritos de \u201c\u00a1Chao, Marta!\u201d y \u201c\u00a1Chao, Espa\u00f1ola!\u201d.<\/strong> Yo, contenta, levant\u00e9 la mano y les salud\u00e9 sonriente. Entonces, una de las ni\u00f1as, la que me hab\u00eda pedido que les acompa\u00f1ara al lago la noche anterior, se baj\u00f3 a la puerta del bus y yo me acerqu\u00e9 para que no tuviera que salir y la rega\u00f1aran. Se despidi\u00f3 de m\u00ed muy calurosamente y ya por fin <strong>arranc\u00f3 el autocar, lleno de manos agit\u00e1ndose entre la polvareda del camino. <\/strong><\/p>\n<p>Me gusta hacer esto. Aunque aun me quedara <strong>una sorpresita campamentil<\/strong>: Celia y yo est\u00e1bamos recogiendo la basura de los ni\u00f1os, y me fij\u00e9 que una papelera hab\u00eda volcado frente al centro de interpretaci\u00f3n y los papeles estaban vol\u00e1ndose y esparci\u00e9ndose hasta los l\u00edmites del bosque. Cuando llegu\u00e9 y recog\u00ed el primero, vi que estaba manchado de marr\u00f3n. \u201cTierra\u201d, pens\u00e9. Pero luego ca\u00ed en que la tierra era mucho m\u00e1s roja que aquello&#8230; Al levantar la vista me di cuenta de que, adem\u00e1s de papeles, hab\u00eda cartones de papel higi\u00e9nico y otros regalitos&#8230; <strong>Era papel de ba\u00f1o usado. <\/strong><em><strong>Muy <\/strong><\/em><strong>usado.<\/strong> A pesar de todo, lo recog\u00ed entre las risas y las bromas de mis compa\u00f1eros. Aquello nos sirvi\u00f3 a los cuatro para re\u00edrnos el resto de los d\u00edas cada vez que nos acord\u00e1bamos.<\/p>\n<!-- AddThis Advanced Settings generic via filter on the_content --><!-- AddThis Share Buttons generic via filter on the_content -->","protected":false},"excerpt":{"rendered":"<p>Esta entrada se la dedico a Estrella Croquetalia, y a mam\u00e1 y pap\u00e1. Ellos saben por qu\u00e9. El viernes por la tarde lleg\u00f3 un autocar lleno de ni\u00f1os que ven\u00edan a pasar un fin de semana de campamento. Eran los Conquistadores Ori\u00f3n, Adventistas de la Iglesia del S\u00e9ptimo D\u00eda. En diez minutos las instalaciones de [&hellip;]<!-- AddThis Advanced Settings generic via filter on get_the_excerpt --><!-- AddThis Share Buttons generic via filter on get_the_excerpt --><\/p>\n","protected":false},"author":108,"featured_media":0,"comment_status":"open","ping_status":"open","sticky":false,"template":"","format":"standard","meta":[],"categories":[6],"tags":[62,36,63],"_links":{"self":[{"href":"https:\/\/blogs.hoy.es\/unaextremenaenparaguay\/wp-json\/wp\/v2\/posts\/147"}],"collection":[{"href":"https:\/\/blogs.hoy.es\/unaextremenaenparaguay\/wp-json\/wp\/v2\/posts"}],"about":[{"href":"https:\/\/blogs.hoy.es\/unaextremenaenparaguay\/wp-json\/wp\/v2\/types\/post"}],"author":[{"embeddable":true,"href":"https:\/\/blogs.hoy.es\/unaextremenaenparaguay\/wp-json\/wp\/v2\/users\/108"}],"replies":[{"embeddable":true,"href":"https:\/\/blogs.hoy.es\/unaextremenaenparaguay\/wp-json\/wp\/v2\/comments?post=147"}],"version-history":[{"count":0,"href":"https:\/\/blogs.hoy.es\/unaextremenaenparaguay\/wp-json\/wp\/v2\/posts\/147\/revisions"}],"wp:attachment":[{"href":"https:\/\/blogs.hoy.es\/unaextremenaenparaguay\/wp-json\/wp\/v2\/media?parent=147"}],"wp:term":[{"taxonomy":"category","embeddable":true,"href":"https:\/\/blogs.hoy.es\/unaextremenaenparaguay\/wp-json\/wp\/v2\/categories?post=147"},{"taxonomy":"post_tag","embeddable":true,"href":"https:\/\/blogs.hoy.es\/unaextremenaenparaguay\/wp-json\/wp\/v2\/tags?post=147"}],"curies":[{"name":"wp","href":"https:\/\/api.w.org\/{rel}","templated":true}]}}