{"id":200,"date":"2015-08-17T17:38:40","date_gmt":"2015-08-17T15:38:40","guid":{"rendered":"http:\/\/blogs.hoy.es\/unaextremenaenparaguay\/?p=200"},"modified":"2015-08-17T17:38:40","modified_gmt":"2015-08-17T15:38:40","slug":"excursion-a-tobati","status":"publish","type":"post","link":"https:\/\/blogs.hoy.es\/unaextremenaenparaguay\/2015\/08\/17\/excursion-a-tobati\/","title":{"rendered":"Excursi\u00f3n a Tobati"},"content":{"rendered":"<p>En noviembre de 2013 ven\u00eda mi director de tesina a dar un curso de anillamiento a la FaCEN, y yo fui a Asunci\u00f3n a ayudarle. Cuando libr\u00e9 el fin de semana, mi amigo Jos\u00e9 me llev\u00f3 de excursi\u00f3n a lo que llamaban monta\u00f1as, que era la regi\u00f3n de los cerros de Tobati, donde descubr\u00ed un paisaje diferente y muy bello.<\/p>\n<div id=\"attachment_225\" style=\"width: 624px\" class=\"wp-caption aligncenter\"><a href=\"https:\/\/blogs.hoy.es\/unaextremenaenparaguay\/2015\/08\/17\/excursion-a-tobati\/img_3792\/\" rel=\"attachment wp-att-225\"><img aria-describedby=\"caption-attachment-225\" loading=\"lazy\" class=\" wp-image-225 \" title=\"IMG_3792\" src=\"\/unaextremenaenparaguay\/wp-content\/uploads\/sites\/85\/2015\/08\/IMG_3792.jpg\" alt=\"\" width=\"614\" height=\"410\" srcset=\"https:\/\/static-blogs.hoy.es\/wp-content\/uploads\/sites\/85\/2015\/08\/IMG_3792.jpg 1024w, https:\/\/static-blogs.hoy.es\/wp-content\/uploads\/sites\/85\/2015\/08\/IMG_3792-150x100.jpg 150w, https:\/\/static-blogs.hoy.es\/wp-content\/uploads\/sites\/85\/2015\/08\/IMG_3792-300x200.jpg 300w, https:\/\/static-blogs.hoy.es\/wp-content\/uploads\/sites\/85\/2015\/08\/IMG_3792-768x512.jpg 768w\" sizes=\"(max-width: 614px) 100vw, 614px\" \/><\/a><p id=\"caption-attachment-225\" class=\"wp-caption-text\">Ayudando en el curso de anillamiento<\/p><\/div>\n<p><!--more--><\/p>\n<p>El d\u00eda hab\u00eda sido largo, hab\u00edamos estado anillando hasta las tres del mediod\u00eda (bueno, en Paraguay es ya la tarde), luego tuve una reuni\u00f3n para editar un libro de \u00e1rboles de San Rafael y otra para ver c\u00f3mo \u00edbamos a tratar el tema de mal\u00f3fagos de aves en mi estudio, y despu\u00e9s, por fin, nos pusimos en marcha. Fuimos andando hasta el super de San Lorenzo por la ruta (la carretera) y all\u00ed nos abastecimos para la cena. Preparamos bien las mochilas y nos sentamos a esperar el colectivo que nos llevar\u00eda a Tobati. Para entonces eran las ocho y hab\u00eda anochecido.<\/p>\n<p>Llegamos a Tobati dos horas despu\u00e9s. En la estaci\u00f3n de servicio donde nos bajamos rellenamos las cantimploras, lavamos el termo y nos embadurnamos de repelente. Y por fin, con todo bien preparado y arreglado, comenzamos la marcha nocturna.\u00a0Hab\u00eda luna llena, que nos ilumin\u00f3 el sendero por un pastizal hasta llegar a unas rocas cubiertas de \u00e1rboles, donde Jos\u00e9 me descubri\u00f3 un escondido y resbaladizo paso para trepar a la pared de un farall\u00f3n donde me cont\u00f3 que se sol\u00eda hacer escalada. Un poco m\u00e1s arriba llegamos a la parte superior de los cerros.<\/p>\n<p>La luna alumbraba tanto que no era necesario encender la linterna. Por fin llegamos al palmar que iba a ser nuestra zona de campamento, al filo de la media noche. Montamos nuestra tienda en una zona libre de agujas de pind\u00f3 (muy peligrosas) y fuimos a buscar le\u00f1a. En la oscuridad del palmar encontr\u00e9 varias ramas secas de alg\u00fan otro \u00e1rbol que no pude identificar, y me la llev\u00e9 a la zona de suelo de piedra cercana a nuestra tienda. Comenzamos a partir la le\u00f1a a un tama\u00f1o adecuado para nuestra peque\u00f1a hoguera. Jos\u00e9 se sorprendi\u00f3 de que supiera c\u00f3mo preparar y encender una.<\/p>\n<div style=\"width: 325px\" class=\"wp-caption aligncenter\"><a href=\"https:\/\/blogs.hoy.es\/unaextremenaenparaguay\/2015\/08\/17\/excursion-a-tobati\/dsc02309-redimensionado\/\" rel=\"attachment wp-att-205\"><img loading=\"lazy\" class=\" \" title=\"Hoguera en Tobati\" src=\"\/unaextremenaenparaguay\/wp-content\/uploads\/sites\/85\/2015\/08\/DSC02309.redimensionado.jpg\" alt=\"\" width=\"315\" height=\"420\" \/><\/a><p class=\"wp-caption-text\">Hoguera para cenar en Tobati<\/p><\/div>\n<p>Cuando las brasas empezaron a estar en su punto, llenamos un pote con agua y la pusimos a hervir. Me parec\u00eda poca chicha as\u00ed que decid\u00ed animar un poco el fuego hasta que el agua por fin hirvi\u00f3 y pudimos hacer el arroz con at\u00fan. Como ya sabr\u00e9is, estas cosas en el campo saben mucho mejor. Para nosotros fue un banquete de reyes.<\/p>\n<p>El paisaje nocturno era precioso. No hac\u00eda demasiado fr\u00edo cuando nos fuimos a acostar, casi a rega\u00f1adientes, pero al d\u00eda siguiente quer\u00edamos explorar la zona as\u00ed que nos metimos en nuestros sacos.<\/p>\n<p>Por la ma\u00f1ana desayunamos y Jos\u00e9 me gui\u00f3 entre los farallones y paredes de piedra hasta lo que \u00e9l llamaba &#8220;La Lagunita&#8221;, donde nos ba\u00f1amos ante el apremiante calor. Luego colocamos mi reci\u00e9n comprada hamaca, que hab\u00eda conseguido unos d\u00edas antes en el Mercado 4 a precio de paraguayo gracias a mi amigo.<\/p>\n<div id=\"attachment_226\" style=\"width: 624px\" class=\"wp-caption aligncenter\"><a href=\"https:\/\/blogs.hoy.es\/unaextremenaenparaguay\/2015\/08\/17\/excursion-a-tobati\/img_4027\/\" rel=\"attachment wp-att-226\"><img aria-describedby=\"caption-attachment-226\" loading=\"lazy\" class=\" wp-image-226 \" title=\"IMG_4027\" src=\"\/unaextremenaenparaguay\/wp-content\/uploads\/sites\/85\/2015\/08\/IMG_4027.jpg\" alt=\"\" width=\"614\" height=\"410\" srcset=\"https:\/\/static-blogs.hoy.es\/wp-content\/uploads\/sites\/85\/2015\/08\/IMG_4027.jpg 1024w, https:\/\/static-blogs.hoy.es\/wp-content\/uploads\/sites\/85\/2015\/08\/IMG_4027-150x100.jpg 150w, https:\/\/static-blogs.hoy.es\/wp-content\/uploads\/sites\/85\/2015\/08\/IMG_4027-300x200.jpg 300w, https:\/\/static-blogs.hoy.es\/wp-content\/uploads\/sites\/85\/2015\/08\/IMG_4027-768x512.jpg 768w\" sizes=\"(max-width: 614px) 100vw, 614px\" \/><\/a><p id=\"caption-attachment-226\" class=\"wp-caption-text\">Mi nueva hamaca paraguaya en la Lagunita<\/p><\/div>\n<p>A mediod\u00eda descubrimos un Tropidurus, un peque\u00f1o lagartito, que correteaba por las rocas a nuestro alrededor.<\/p>\n<div id=\"attachment_227\" style=\"width: 378px\" class=\"wp-caption aligncenter\"><a href=\"https:\/\/blogs.hoy.es\/unaextremenaenparaguay\/2015\/08\/17\/excursion-a-tobati\/img_4046\/\" rel=\"attachment wp-att-227\"><img aria-describedby=\"caption-attachment-227\" loading=\"lazy\" class=\" wp-image-227  \" title=\"IMG_4046\" src=\"\/unaextremenaenparaguay\/wp-content\/uploads\/sites\/85\/2015\/08\/IMG_4046.jpg\" alt=\"\" width=\"368\" height=\"246\" srcset=\"https:\/\/static-blogs.hoy.es\/wp-content\/uploads\/sites\/85\/2015\/08\/IMG_4046.jpg 1024w, https:\/\/static-blogs.hoy.es\/wp-content\/uploads\/sites\/85\/2015\/08\/IMG_4046-150x100.jpg 150w, https:\/\/static-blogs.hoy.es\/wp-content\/uploads\/sites\/85\/2015\/08\/IMG_4046-300x200.jpg 300w, https:\/\/static-blogs.hoy.es\/wp-content\/uploads\/sites\/85\/2015\/08\/IMG_4046-768x512.jpg 768w\" sizes=\"(max-width: 368px) 100vw, 368px\" \/><\/a><p id=\"caption-attachment-227\" class=\"wp-caption-text\">Tropidurus sp<\/p><\/div>\n<p>&nbsp;<\/p>\n<p>&nbsp;<\/p>\n<p>&nbsp;<\/p>\n<p>&nbsp;<\/p>\n<p>&nbsp;<\/p>\n<p>&nbsp;<\/p>\n<p>Tambi\u00e9n exploramos las cimas de los cerros y el sistema de cuevas que encerraban. Todo era muy diferente al paisaje selv\u00e1tico de San Rafael al que ya me hab\u00eda acostumbrado.<\/p>\n<div id=\"attachment_207\" style=\"width: 624px\" class=\"wp-caption aligncenter\"><a href=\"https:\/\/blogs.hoy.es\/unaextremenaenparaguay\/2015\/08\/17\/excursion-a-tobati\/img_3489\/\" rel=\"attachment wp-att-207\"><img aria-describedby=\"caption-attachment-207\" loading=\"lazy\" class=\" wp-image-207 \" title=\"IMG_3489\" src=\"\/unaextremenaenparaguay\/wp-content\/uploads\/sites\/85\/2015\/08\/IMG_3489.jpg\" alt=\"\" width=\"614\" height=\"410\" srcset=\"https:\/\/static-blogs.hoy.es\/wp-content\/uploads\/sites\/85\/2015\/08\/IMG_3489.jpg 1024w, https:\/\/static-blogs.hoy.es\/wp-content\/uploads\/sites\/85\/2015\/08\/IMG_3489-150x100.jpg 150w, https:\/\/static-blogs.hoy.es\/wp-content\/uploads\/sites\/85\/2015\/08\/IMG_3489-300x200.jpg 300w, https:\/\/static-blogs.hoy.es\/wp-content\/uploads\/sites\/85\/2015\/08\/IMG_3489-768x512.jpg 768w\" sizes=\"(max-width: 614px) 100vw, 614px\" \/><\/a><p id=\"caption-attachment-207\" class=\"wp-caption-text\">Palmares de pind\u00f3s a mis espaldas en lo alto del cerro<\/p><\/div>\n<p>Palmares de pind\u00f3s rodeados de paredes de piedra pintadas por miles de l\u00edquenes y musgos en un ambiente mucho m\u00e1s seco, arbustos espinosos, suculentas y cactus formaban un cuadro de extra\u00f1a belleza, colmados por una luz blanca y cegadora del atardecer. A veces se hac\u00eda dif\u00edcil guardar el equilibrio entre las rocas porosas y quebradizas, pero las vistas merec\u00edan la pena.<\/p>\n<div id=\"attachment_219\" style=\"width: 624px\" class=\"wp-caption aligncenter\"><a href=\"https:\/\/blogs.hoy.es\/unaextremenaenparaguay\/2015\/08\/17\/excursion-a-tobati\/img_3510-2\/\" rel=\"attachment wp-att-219\"><img aria-describedby=\"caption-attachment-219\" loading=\"lazy\" class=\" wp-image-219 \" title=\"IMG_3510\" src=\"\/unaextremenaenparaguay\/wp-content\/uploads\/sites\/85\/2015\/08\/IMG_35101.jpg\" alt=\"\" width=\"614\" height=\"410\" srcset=\"https:\/\/static-blogs.hoy.es\/wp-content\/uploads\/sites\/85\/2015\/08\/IMG_35101.jpg 1024w, https:\/\/static-blogs.hoy.es\/wp-content\/uploads\/sites\/85\/2015\/08\/IMG_35101-150x100.jpg 150w, https:\/\/static-blogs.hoy.es\/wp-content\/uploads\/sites\/85\/2015\/08\/IMG_35101-300x200.jpg 300w, https:\/\/static-blogs.hoy.es\/wp-content\/uploads\/sites\/85\/2015\/08\/IMG_35101-768x512.jpg 768w\" sizes=\"(max-width: 614px) 100vw, 614px\" \/><\/a><p id=\"caption-attachment-219\" class=\"wp-caption-text\">En lo alto del cerro de Tobati<\/p><\/div>\n<p>Entramos en una de las cuevas que Jos\u00e9 conoc\u00eda a fondo. Hab\u00edamos olvidado las linternas&#8230; pero no fue un problema. Encontramos algunos murci\u00e9lagos que revolotearon asustados antes de vislumbrar la chimenea de salida.<\/p>\n<div id=\"attachment_222\" style=\"width: 624px\" class=\"wp-caption aligncenter\"><a href=\"https:\/\/blogs.hoy.es\/unaextremenaenparaguay\/2015\/08\/17\/excursion-a-tobati\/img_3537-2\/\" rel=\"attachment wp-att-222\"><img aria-describedby=\"caption-attachment-222\" loading=\"lazy\" class=\" wp-image-222 \" title=\"IMG_3537\" src=\"\/unaextremenaenparaguay\/wp-content\/uploads\/sites\/85\/2015\/08\/IMG_35371.jpg\" alt=\"\" width=\"614\" height=\"410\" srcset=\"https:\/\/static-blogs.hoy.es\/wp-content\/uploads\/sites\/85\/2015\/08\/IMG_35371.jpg 1024w, https:\/\/static-blogs.hoy.es\/wp-content\/uploads\/sites\/85\/2015\/08\/IMG_35371-150x100.jpg 150w, https:\/\/static-blogs.hoy.es\/wp-content\/uploads\/sites\/85\/2015\/08\/IMG_35371-300x200.jpg 300w, https:\/\/static-blogs.hoy.es\/wp-content\/uploads\/sites\/85\/2015\/08\/IMG_35371-768x512.jpg 768w\" sizes=\"(max-width: 614px) 100vw, 614px\" \/><\/a><p id=\"caption-attachment-222\" class=\"wp-caption-text\">Entrando en la cueva<\/p><\/div>\n<p>Y al salir encontramos una llanura de pind\u00f3s iluminada por el sol del atardecer, mientras escuch\u00e1bamos las piriritas con su canto destemplado. El calor empezaba a aflojar y soplaba una suave brisa. En verdad era un lugar con una paz incre\u00edble.<\/p>\n<div id=\"attachment_220\" style=\"width: 624px\" class=\"wp-caption aligncenter\"><a href=\"https:\/\/blogs.hoy.es\/unaextremenaenparaguay\/2015\/08\/17\/excursion-a-tobati\/img_3511-2\/\" rel=\"attachment wp-att-220\"><img aria-describedby=\"caption-attachment-220\" loading=\"lazy\" class=\" wp-image-220 \" title=\"IMG_3511\" src=\"\/unaextremenaenparaguay\/wp-content\/uploads\/sites\/85\/2015\/08\/IMG_35111.jpg\" alt=\"\" width=\"614\" height=\"410\" srcset=\"https:\/\/static-blogs.hoy.es\/wp-content\/uploads\/sites\/85\/2015\/08\/IMG_35111.jpg 1024w, https:\/\/static-blogs.hoy.es\/wp-content\/uploads\/sites\/85\/2015\/08\/IMG_35111-150x100.jpg 150w, https:\/\/static-blogs.hoy.es\/wp-content\/uploads\/sites\/85\/2015\/08\/IMG_35111-300x200.jpg 300w, https:\/\/static-blogs.hoy.es\/wp-content\/uploads\/sites\/85\/2015\/08\/IMG_35111-768x512.jpg 768w\" sizes=\"(max-width: 614px) 100vw, 614px\" \/><\/a><p id=\"caption-attachment-220\" class=\"wp-caption-text\">Tobati en todo su esplendor<\/p><\/div>\n<p>Estoy deseando volver.<\/p>\n<!-- AddThis Advanced Settings generic via filter on the_content --><!-- AddThis Share Buttons generic via filter on the_content -->","protected":false},"excerpt":{"rendered":"<p>En noviembre de 2013 ven\u00eda mi director de tesina a dar un curso de anillamiento a la FaCEN, y yo fui a Asunci\u00f3n a ayudarle. Cuando libr\u00e9 el fin de semana, mi amigo Jos\u00e9 me llev\u00f3 de excursi\u00f3n a lo que llamaban monta\u00f1as, que era la regi\u00f3n de los cerros de Tobati, donde descubr\u00ed un [&hellip;]<!-- AddThis Advanced Settings generic via filter on get_the_excerpt --><!-- AddThis Share Buttons generic via filter on get_the_excerpt --><\/p>\n","protected":false},"author":108,"featured_media":216,"comment_status":"open","ping_status":"open","sticky":false,"template":"","format":"standard","meta":[],"categories":[5,13,17],"tags":[25,32,38,39],"_links":{"self":[{"href":"https:\/\/blogs.hoy.es\/unaextremenaenparaguay\/wp-json\/wp\/v2\/posts\/200"}],"collection":[{"href":"https:\/\/blogs.hoy.es\/unaextremenaenparaguay\/wp-json\/wp\/v2\/posts"}],"about":[{"href":"https:\/\/blogs.hoy.es\/unaextremenaenparaguay\/wp-json\/wp\/v2\/types\/post"}],"author":[{"embeddable":true,"href":"https:\/\/blogs.hoy.es\/unaextremenaenparaguay\/wp-json\/wp\/v2\/users\/108"}],"replies":[{"embeddable":true,"href":"https:\/\/blogs.hoy.es\/unaextremenaenparaguay\/wp-json\/wp\/v2\/comments?post=200"}],"version-history":[{"count":0,"href":"https:\/\/blogs.hoy.es\/unaextremenaenparaguay\/wp-json\/wp\/v2\/posts\/200\/revisions"}],"wp:featuredmedia":[{"embeddable":true,"href":"https:\/\/blogs.hoy.es\/unaextremenaenparaguay\/wp-json\/wp\/v2\/media\/216"}],"wp:attachment":[{"href":"https:\/\/blogs.hoy.es\/unaextremenaenparaguay\/wp-json\/wp\/v2\/media?parent=200"}],"wp:term":[{"taxonomy":"category","embeddable":true,"href":"https:\/\/blogs.hoy.es\/unaextremenaenparaguay\/wp-json\/wp\/v2\/categories?post=200"},{"taxonomy":"post_tag","embeddable":true,"href":"https:\/\/blogs.hoy.es\/unaextremenaenparaguay\/wp-json\/wp\/v2\/tags?post=200"}],"curies":[{"name":"wp","href":"https:\/\/api.w.org\/{rel}","templated":true}]}}