{"id":1,"date":"2012-06-20T08:30:00","date_gmt":"2012-06-20T08:30:00","guid":{"rendered":"http:\/\/blogs.hoy.es\/verdeconciencia\/?p=1"},"modified":"2012-06-20T08:30:00","modified_gmt":"2012-06-20T08:30:00","slug":"solsticio-de-verano-aquelarres-castano","status":"publish","type":"post","link":"https:\/\/blogs.hoy.es\/verdeconciencia\/2012\/06\/20\/solsticio-de-verano-aquelarres-castano\/","title":{"rendered":"Solsticio de verano o aquelarres en torno a un casta\u00f1o"},"content":{"rendered":"<div id=\"attachment_6\" style=\"width: 310px\" class=\"wp-caption alignright\"><a href=\"\/verdeconciencia\/wp-content\/uploads\/sites\/50\/2012\/06\/castanosblog.jpg\"><img aria-describedby=\"caption-attachment-6\" loading=\"lazy\" class=\"size-medium wp-image-6\" title=\"Casta\u00f1os de calabaza\" src=\"\/verdeconciencia\/wp-content\/uploads\/sites\/50\/2012\/06\/castanosblog.jpg\" alt=\"Casta\u00f1os de calabaza\" width=\"300\" height=\"225\" srcset=\"https:\/\/static-blogs.hoy.es\/wp-content\/uploads\/sites\/50\/2012\/06\/castanosblog.jpg 1000w, https:\/\/static-blogs.hoy.es\/wp-content\/uploads\/sites\/50\/2012\/06\/castanosblog-300x225.jpg 300w, https:\/\/static-blogs.hoy.es\/wp-content\/uploads\/sites\/50\/2012\/06\/castanosblog-768x576.jpg 768w\" sizes=\"(max-width: 300px) 100vw, 300px\" \/><\/a><p id=\"caption-attachment-6\" class=\"wp-caption-text\">Casta\u00f1os de calabaza<\/p><\/div>\n<p>&nbsp;<\/p>\n<p>Hoy ser\u00e1 el d\u00eda m\u00e1s largo y luminoso del a\u00f1o, coincidir\u00e1n el final de la primavera y el inicio del verano, el sol se encontrar\u00e1 en su posici\u00f3n m\u00e1s alta en el cielo (el Norte en apariencia) y parecer\u00e1 que se detiene en el cenit, \u201cQuedarse quieto\u201d, \u201csolstitium (sol+sistere)\u201d en lat\u00edn, o solsticio como lo conocemos ahora, el d\u00eda en que m\u00e1s se diferencian en duraci\u00f3n la noche y el d\u00eda.<\/p>\n<p>&nbsp;<\/p>\n<p>En el hemisferio norte ser\u00e1 el solsticio de verano y llegar\u00e1 a las 23 horas del d\u00eda 20 de Junio, como si de un tren a una estaci\u00f3n se tratara, en el hemisferio sur por contra ser\u00e1 el d\u00eda mas corto y oscuro del a\u00f1o.<\/p>\n<p>&nbsp;<\/p>\n<p>En esta vieja Europa, culturalmente m\u00e1s rica y estable que sus mercados, el solsticio se celebraba con la realizaci\u00f3n de hogueras y numerosos actos paganos ligados al cambio de los ciclos en la tierra, era la \u00e9poca de la fertilidad, cuando se recog\u00edan buena parte de los frutos, pens\u00e9moslo un poco, y nos daremos cuenta que cerezos, melocotoneros, ciruelos y buena parte de los \u00e1rboles y los cereales nos ofrecen por esta \u00e9poca sus frutos.<\/p>\n<p>&nbsp;<\/p>\n<p>Muchos de estos ritos fueron convertidos en celebraciones religiosas haci\u00e9ndolos coincidir con el nacimiento de San Juan (solsticio de verano) o de Jes\u00fas (solsticio de invierno).<\/p>\n<p>&nbsp;<\/p>\n<p>Pero la fiesta pagana ha permanecido viva en muchos de nuestros pueblos y aldeas. En Extremadura sobre todo en los cercanos a la raya, como Jola en la campi\u00f1a valentina, \u00a0cuentan los ancianos a luz de la lumbre que en la noche de San Juan salen brujas y meigas y se re\u00fanen en el campo, en las cercan\u00edas de alg\u00fan viejo y monumental casta\u00f1o y all\u00ed celebran sus t\u00edpicos aquelarres. Hadas, ninfas, druidas y duendes\u00a0 hacen sus danzas en corros en una noche encantada<\/p>\n<p>&nbsp;<\/p>\n<p>Cada vez son menos los viejos y monumentales casta\u00f1os de nuestra tierra, pero aun conservamos un buen n\u00famero de ellos que esa noche parecer\u00e1n recuperar vida en medio de su lenta existencia, una invitaci\u00f3n para visitarlos; pero salgan con cuidado, porque\u00a0 aunque no crean en brujas y meigas, haberlas, haylas.<\/p>\n<p>&nbsp;<\/p>\n<!-- AddThis Advanced Settings generic via filter on the_content --><!-- AddThis Share Buttons generic via filter on the_content -->","protected":false},"excerpt":{"rendered":"<p>&nbsp; Hoy ser\u00e1 el d\u00eda m\u00e1s largo y luminoso del a\u00f1o, coincidir\u00e1n el final de la primavera y el inicio del verano, el sol se encontrar\u00e1 en su posici\u00f3n m\u00e1s alta en el cielo (el Norte en apariencia) y parecer\u00e1 que se detiene en el cenit, \u201cQuedarse quieto\u201d, \u201csolstitium (sol+sistere)\u201d en lat\u00edn, o solsticio como [&hellip;]<!-- AddThis Advanced Settings generic via filter on get_the_excerpt --><!-- AddThis Share Buttons generic via filter on get_the_excerpt --><\/p>\n","protected":false},"author":52,"featured_media":0,"comment_status":"open","ping_status":"closed","sticky":false,"template":"","format":"standard","meta":[],"categories":[2],"tags":[17,18,46,63,65,79,116,126,131,135,150],"_links":{"self":[{"href":"https:\/\/blogs.hoy.es\/verdeconciencia\/wp-json\/wp\/v2\/posts\/1"}],"collection":[{"href":"https:\/\/blogs.hoy.es\/verdeconciencia\/wp-json\/wp\/v2\/posts"}],"about":[{"href":"https:\/\/blogs.hoy.es\/verdeconciencia\/wp-json\/wp\/v2\/types\/post"}],"author":[{"embeddable":true,"href":"https:\/\/blogs.hoy.es\/verdeconciencia\/wp-json\/wp\/v2\/users\/52"}],"replies":[{"embeddable":true,"href":"https:\/\/blogs.hoy.es\/verdeconciencia\/wp-json\/wp\/v2\/comments?post=1"}],"version-history":[{"count":0,"href":"https:\/\/blogs.hoy.es\/verdeconciencia\/wp-json\/wp\/v2\/posts\/1\/revisions"}],"wp:attachment":[{"href":"https:\/\/blogs.hoy.es\/verdeconciencia\/wp-json\/wp\/v2\/media?parent=1"}],"wp:term":[{"taxonomy":"category","embeddable":true,"href":"https:\/\/blogs.hoy.es\/verdeconciencia\/wp-json\/wp\/v2\/categories?post=1"},{"taxonomy":"post_tag","embeddable":true,"href":"https:\/\/blogs.hoy.es\/verdeconciencia\/wp-json\/wp\/v2\/tags?post=1"}],"curies":[{"name":"wp","href":"https:\/\/api.w.org\/{rel}","templated":true}]}}