{"id":10,"date":"2012-06-29T09:48:38","date_gmt":"2012-06-29T09:48:38","guid":{"rendered":"http:\/\/blogs.hoy.es\/verdeconciencia\/?p=10"},"modified":"2012-06-29T09:48:38","modified_gmt":"2012-06-29T09:48:38","slug":"al-arbol-viejo","status":"publish","type":"post","link":"https:\/\/blogs.hoy.es\/verdeconciencia\/2012\/06\/29\/al-arbol-viejo\/","title":{"rendered":"Al \u00e1rbol viejo"},"content":{"rendered":"<p>Desde hace varios a\u00f1os doy clase en la Universidad de los Mayores de Extremadura,\u00a0 en las sedes de Badajoz, C\u00e1ceres y Plasencia. Los alumnos de esta universidad, que si no existiera habr\u00eda que crearla, son personas que tienen m\u00e1s de 55 a\u00f1os y un deseo inmenso de aprender, gentes que tienen unas alforjas repletas de conocimientos, experiencias, vivencias, y por qu\u00e9 no decirlo, de deseos adolescentes de entender y saber. La mayor parte de ellos no tuvieron la suerte de poder ir a la Universidad de Extremadura, simplemente porque esta no exist\u00eda.<\/p>\n<div id=\"attachment_11\" style=\"width: 310px\" class=\"wp-caption alignright\"><a href=\"\/verdeconciencia\/wp-content\/uploads\/sites\/50\/2012\/06\/arco.jpg\"><img aria-describedby=\"caption-attachment-11\" loading=\"lazy\" class=\"size-medium wp-image-11\" title=\"Olmo del arco\" src=\"\/verdeconciencia\/wp-content\/uploads\/sites\/50\/2012\/06\/arco.jpg\" alt=\"Olmo del arco\" width=\"300\" height=\"199\" srcset=\"https:\/\/static-blogs.hoy.es\/wp-content\/uploads\/sites\/50\/2012\/06\/arco.jpg 1000w, https:\/\/static-blogs.hoy.es\/wp-content\/uploads\/sites\/50\/2012\/06\/arco-300x200.jpg 300w, https:\/\/static-blogs.hoy.es\/wp-content\/uploads\/sites\/50\/2012\/06\/arco-768x511.jpg 768w\" sizes=\"(max-width: 300px) 100vw, 300px\" \/><\/a><p id=\"caption-attachment-11\" class=\"wp-caption-text\">Olmo del arco<\/p><\/div>\n<p>Esta situaci\u00f3n me ha aportado importantes experiencias, algunas de ellas curiosas y creo que\u00a0 simp\u00e1ticas tambi\u00e9n,\u00a0 como la que relato ahora. Hace unos a\u00f1os, en una clase de las que imparto,\u00a0 hablaba del Patrimonio Natural de Extremadura y m\u00e1s concretamente de los \u00e1rboles monumentales e hist\u00f3ricos;\u00a0 uno de los \u00e1rboles monumentales de Extremadura es el Olmo del Arco, una peque\u00f1a pedan\u00eda de Ca\u00f1averal, ahora casi sin vecinos,\u00a0 pero que antiguamente ten\u00eda incluso su maestra y escuela de ni\u00f1os. Hablaba yo de las extraordinarias dimensiones del \u00e1rbol, de su antig\u00fcedad y su simbolog\u00eda y de la terrible enfermedad, la grafiosis, que se ce\u00f1\u00eda sobre \u00e9l, cuando una alumna m\u00eda me pidi\u00f3 poder contar una an\u00e9cdota ocurrida hac\u00eda m\u00e1s de 50 a\u00f1os.<\/p>\n<p>El olmo,\u00a0 con m\u00e1s 500 a\u00f1os ya por entonces,\u00a0 estaba hueco. Los ni\u00f1os y las gallinas corr\u00edan por las calles y se met\u00edan en el interior del \u00e1rbol, una estampa t\u00edpica de muchos pueblos de nuestra tierra.\u00a0 Ella coment\u00f3 que hab\u00eda una tradici\u00f3n, no escrita pero compartida por la gente del Arquillo, que era que cuando una gallina pon\u00eda huevos en el interior de \u201cla olma\u201d,\u00a0 nombre con el que localmente se conoce al viejo \u00e1rbol, \u00e9stos eran para la maestra. Los ni\u00f1os entraban en el hueco del \u00e1rbol y sal\u00edan corriendo a buscarla para entregarle los huevos cuando los hab\u00eda y conseguir favores de ella. Me coment\u00f3 incluso que alg\u00fan zagal cog\u00eda huevos de su casa\u00a0 si los deberes no se le hab\u00edan dado todo lo bien que deber\u00edan y que alguna madre espantaba las gallinas cuando merodeaban la olma para que se fueran a su gallinero a poner los huevos,\u00a0 evitando as\u00ed tener que d\u00e1rselos a la maestra.<\/p>\n<p>Era esa \u00e9poca que cre\u00edamos lejana,\u00a0 cuando se repet\u00eda la frase de \u201cvas a pasar m\u00e1s hambre que un maestro de escuela\u201d. Pues bien,\u00a0 la alumna que contaba a sus compa\u00f1eros de la universidad de los mayores la an\u00e9cdota era la maestra del Arco en los a\u00f1os sesenta.<\/p>\n<p>Los alumnos de la universidad de los mayores son personas apegadas a lo suyo, a su tierra, a sus gentes, enraizados en su ser de extreme\u00f1os. Mucha es su curiosidad cuando tratan de desentra\u00f1ar y entender el saber cient\u00edfico que a veces estuvo lejos de ellos; son alumnos que aprovechan cada d\u00eda el tiempo de clase preguntando y aportando, aprendiendo y ense\u00f1ando. Colectivamente tienen todos la medalla de Extremadura. Individualmente,\u00a0 muchos son tan merecedores de ella como el que m\u00e1s.<\/p>\n<p>&nbsp;<\/p>\n<!-- AddThis Advanced Settings generic via filter on the_content --><!-- AddThis Share Buttons generic via filter on the_content -->","protected":false},"excerpt":{"rendered":"<p>Desde hace varios a\u00f1os doy clase en la Universidad de los Mayores de Extremadura,\u00a0 en las sedes de Badajoz, C\u00e1ceres y Plasencia. Los alumnos de esta universidad, que si no existiera habr\u00eda que crearla, son personas que tienen m\u00e1s de 55 a\u00f1os y un deseo inmenso de aprender, gentes que tienen unas alforjas repletas de [&hellip;]<!-- AddThis Advanced Settings generic via filter on get_the_excerpt --><!-- AddThis Share Buttons generic via filter on get_the_excerpt --><\/p>\n","protected":false},"author":52,"featured_media":0,"comment_status":"open","ping_status":"closed","sticky":false,"template":"","format":"standard","meta":[],"categories":[5],"tags":[12,19,65,104,111,143,152],"_links":{"self":[{"href":"https:\/\/blogs.hoy.es\/verdeconciencia\/wp-json\/wp\/v2\/posts\/10"}],"collection":[{"href":"https:\/\/blogs.hoy.es\/verdeconciencia\/wp-json\/wp\/v2\/posts"}],"about":[{"href":"https:\/\/blogs.hoy.es\/verdeconciencia\/wp-json\/wp\/v2\/types\/post"}],"author":[{"embeddable":true,"href":"https:\/\/blogs.hoy.es\/verdeconciencia\/wp-json\/wp\/v2\/users\/52"}],"replies":[{"embeddable":true,"href":"https:\/\/blogs.hoy.es\/verdeconciencia\/wp-json\/wp\/v2\/comments?post=10"}],"version-history":[{"count":0,"href":"https:\/\/blogs.hoy.es\/verdeconciencia\/wp-json\/wp\/v2\/posts\/10\/revisions"}],"wp:attachment":[{"href":"https:\/\/blogs.hoy.es\/verdeconciencia\/wp-json\/wp\/v2\/media?parent=10"}],"wp:term":[{"taxonomy":"category","embeddable":true,"href":"https:\/\/blogs.hoy.es\/verdeconciencia\/wp-json\/wp\/v2\/categories?post=10"},{"taxonomy":"post_tag","embeddable":true,"href":"https:\/\/blogs.hoy.es\/verdeconciencia\/wp-json\/wp\/v2\/tags?post=10"}],"curies":[{"name":"wp","href":"https:\/\/api.w.org\/{rel}","templated":true}]}}